{"id":34702,"date":"2014-02-17T17:34:14","date_gmt":"2014-02-17T16:34:14","guid":{"rendered":"http:\/\/www.manquepierda.com\/historiarealbetis\/?p=34702"},"modified":"2024-08-12T12:54:09","modified_gmt":"2024-08-12T10:54:09","slug":"1933-enero-08-primera-division-patronato-betis-balompie-1-arenas-club-getxo-1","status":"publish","type":"post","link":"https:\/\/www.manquepierda.com\/historiarealbetis\/1933-enero-08-primera-division-patronato-betis-balompie-1-arenas-club-getxo-1\/","title":{"rendered":"1933-Enero 08-Primera Divisi\u00f3n-Patronato: Betis Balompi\u00e9-1 Arenas Club Getxo-1."},"content":{"rendered":"<p style=\"text-align: center\"><strong>1933-ENERO 08-DOMINGO EN SEVILLA.-CAMPO MUNICIPAL DE DEPORTES \u00abPATRONATO OBRERO\u00bb.<\/strong><\/p>\n<p style=\"text-align: center\"><strong>S\u00c9PTIMA JORNADA CAMPEONATO NACIONAL LIGA PRIMERA DIVISI\u00d3N-TEMPORADA 1932-1933.<\/strong><\/p>\n<figure id=\"attachment_34705\" aria-describedby=\"caption-attachment-34705\" style=\"width: 448px\" class=\"wp-caption aligncenter\"><a href=\"https:\/\/www.manquepierda.com\/historiarealbetis\/34702-1933-enero-08-primera-division-patronato-betis-balompie-1-arenas-club-getxo-1\/19330108patronato-bb-1-acg-1\/\" rel=\"attachment wp-att-34705\"><img data-recalc-dims=\"1\" loading=\"lazy\" decoding=\"async\" class=\"size-medium wp-image-34705\" alt=\"mmmm\" src=\"https:\/\/i0.wp.com\/www.manquepierda.com\/historiarealbetis\/files\/2014\/02\/19330108Patronato-BB-1-ACG-1.jpg?resize=448%2C600&#038;ssl=1\" width=\"448\" height=\"600\" srcset=\"https:\/\/i0.wp.com\/www.manquepierda.com\/historiarealbetis\/files\/2014\/02\/19330108Patronato-BB-1-ACG-1.jpg?resize=448%2C600&amp;ssl=1 448w, https:\/\/i0.wp.com\/www.manquepierda.com\/historiarealbetis\/files\/2014\/02\/19330108Patronato-BB-1-ACG-1.jpg?resize=164%2C220&amp;ssl=1 164w, https:\/\/i0.wp.com\/www.manquepierda.com\/historiarealbetis\/files\/2014\/02\/19330108Patronato-BB-1-ACG-1.jpg?resize=523%2C700&amp;ssl=1 523w, https:\/\/i0.wp.com\/www.manquepierda.com\/historiarealbetis\/files\/2014\/02\/19330108Patronato-BB-1-ACG-1.jpg?w=1022&amp;ssl=1 1022w\" sizes=\"auto, (max-width: 448px) 100vw, 448px\" \/><\/a><figcaption id=\"caption-attachment-34705\" class=\"wp-caption-text\"><strong>\u00abIriondo y ANDR\u00c9S ARANDA disput\u00e1ndose un bal\u00f3n en el Betis Balompi\u00e9-1 vs. Arenas Club Getxo-1\u00bb.-CP-ESTAMPA N\u00ba 262-Fot\u00f3grafo Gonsanhi.<\/strong><\/figcaption><\/figure>\n<figure id=\"attachment_34710\" aria-describedby=\"caption-attachment-34710\" style=\"width: 110px\" class=\"wp-caption aligncenter\"><a href=\"https:\/\/www.manquepierda.com\/historiarealbetis\/34702-1933-enero-08-primera-division-patronato-betis-balompie-1-arenas-club-getxo-1\/lso\/\" rel=\"attachment wp-att-34710\"><img data-recalc-dims=\"1\" loading=\"lazy\" decoding=\"async\" class=\"size-thumbnail wp-image-34710\" alt=\"mmmm\" src=\"https:\/\/i0.wp.com\/www.manquepierda.com\/historiarealbetis\/files\/2014\/02\/LSO.jpeg?resize=110%2C220&#038;ssl=1\" width=\"110\" height=\"220\" srcset=\"https:\/\/i0.wp.com\/www.manquepierda.com\/historiarealbetis\/files\/2014\/02\/LSO.jpeg?resize=110%2C220&amp;ssl=1 110w, https:\/\/i0.wp.com\/www.manquepierda.com\/historiarealbetis\/files\/2014\/02\/LSO.jpeg?w=159&amp;ssl=1 159w\" sizes=\"auto, (max-width: 110px) 100vw, 110px\" \/><\/a><figcaption id=\"caption-attachment-34710\" class=\"wp-caption-text\">Arbitr\u00f3 el colegiano valenciano LU\u00cdS S\u00c1NCH\u00cdS ORDU\u00d1A.<\/figcaption><\/figure>\n<p style=\"text-align: center\">Buena labor.-Aline\u00f3 a ambas escuadras de la forma siguiente:<\/p>\n<figure id=\"attachment_27662\" aria-describedby=\"caption-attachment-27662\" style=\"width: 154px\" class=\"wp-caption aligncenter\"><a href=\"https:\/\/www.manquepierda.com\/historiarealbetis\/27660-1936-marzo-08-primera-division-betis-balompie-3-vs-club-deportivo-espanol-0\/1932-rbb-41\/\" rel=\"attachment wp-att-27662\"><img data-recalc-dims=\"1\" loading=\"lazy\" decoding=\"async\" class=\"size-full wp-image-27662\" alt=\"mmmm\" src=\"https:\/\/i0.wp.com\/www.manquepierda.com\/historiarealbetis\/files\/2013\/03\/1932-RBB1.jpg?resize=154%2C154&#038;ssl=1\" width=\"154\" height=\"154\" srcset=\"https:\/\/i0.wp.com\/www.manquepierda.com\/historiarealbetis\/files\/2013\/03\/1932-RBB1.jpg?w=154&amp;ssl=1 154w, https:\/\/i0.wp.com\/www.manquepierda.com\/historiarealbetis\/files\/2013\/03\/1932-RBB1.jpg?resize=150%2C150&amp;ssl=1 150w, https:\/\/i0.wp.com\/www.manquepierda.com\/historiarealbetis\/files\/2013\/03\/1932-RBB1.jpg?resize=50%2C50&amp;ssl=1 50w\" sizes=\"auto, (max-width: 154px) 100vw, 154px\" \/><\/a><figcaption id=\"caption-attachment-27662\" class=\"wp-caption-text\"><strong>5\u00ba-Clasificado BETIS BALOMPI\u00c9-1 GOL<\/strong><\/figcaption><\/figure>\n<p style=\"text-align: right\"><a href=\"https:\/\/www.manquepierda.com\/historiarealbetis\/34702-1933-enero-08-primera-division-patronato-betis-balompie-1-arenas-club-getxo-1\/jose-ignacio-mantecon-navasal-1-5\/\" rel=\"attachment wp-att-34711\"><img data-recalc-dims=\"1\" loading=\"lazy\" decoding=\"async\" class=\"alignright size-full wp-image-34711\" alt=\"Jos\u00e9 Ignacio Mantec\u00f3n Navasal.1\" src=\"https:\/\/i0.wp.com\/www.manquepierda.com\/historiarealbetis\/files\/2014\/02\/Jos%C3%A9-Ignacio-Mantec%C3%B3n-Navasal.1.jpg?resize=161%2C202&#038;ssl=1\" width=\"161\" height=\"202\" \/><\/a><\/p>\n<p style=\"text-align: right\"><strong>XXV PRESIDENTE REAL-BETIS BALOMPI\u00c9-Temporadas 1931-1932 (Campeonato Nacional Liga Segunda Divisi\u00f3n) y 1932-1933; ambas inclusives.<\/strong><\/p>\n<p style=\"text-align: right\"><strong>30 a\u00f1os y 3 meses.<\/strong><\/p>\n<p style=\"text-align: right\"><strong><\/strong><strong>DON JOS\u00c9 IGNACIO MANTEC\u00d3N\u00a0 NAVASAL.<\/strong><\/p>\n<p style=\"text-align: right\"><strong>NATURAL DE ZARAGOZA, viernes 26 de Septiembre de 1902.<\/strong><\/p>\n<p style=\"text-align: right\"><strong>Falleci\u00f3 en M\u00c9XICO DISTRITO FEDERAL, 79 A\u00f1os y 8 meses.-D. E. P.<\/strong><\/p>\n<p style=\"text-align: left\"><strong>1926-Septiembre es destinado al Archivo General de Indias: Oficial Tercero-Cuerpo Facultativo de Archiveros, Bibliotecarios y Arque\u00f3logos de Espa\u00f1a.<\/strong><\/p>\n<p style=\"text-align: left\"><a href=\"https:\/\/www.manquepierda.com\/historiarealbetis\/34702-1933-enero-08-primera-division-patronato-betis-balompie-1-arenas-club-getxo-1\/poconnell-7\/\" rel=\"attachment wp-att-34712\"><img data-recalc-dims=\"1\" loading=\"lazy\" decoding=\"async\" class=\"alignleft size-full wp-image-34712\" alt=\"POconnell\" src=\"https:\/\/i0.wp.com\/www.manquepierda.com\/historiarealbetis\/files\/2014\/02\/POconnell.jpg?resize=200%2C140&#038;ssl=1\" width=\"200\" height=\"140\" \/><\/a><strong>ENTRENADOR REAL-BETIS BALOMPI\u00c9-Temporadas 1931-1932 Campeonato Nacional Liga Segunda Divisi\u00f3n \u00e1 1934-1935 Campeonato Nacional Liga Primera Divisi\u00f3n; 1940-1941 \u00e1 1941-1942 Campeonato Nacional Liga Segunda Divisi\u00f3n; 1945-1946 (Pedro Sol\u00e9 Junoy-Andr\u00e9s Aranda-O&#8217;Connell) \u00e1 1946-1947 (O&#8217;Connell-Jos\u00e9 Su\u00e1rez Gonz\u00e1lez (a) \u00abPERAL); ambas inclusives.<\/strong><\/p>\n<p style=\"text-align: left\"><strong>45 A\u00f1os y 9 meses.<\/strong><\/p>\n<p style=\"text-align: left\"><strong>Natural de DUBL\u00cdN (Irlanda), martes 08-Marzo-1887.-Falleci\u00f3 en ST PANCRAS-Londres (Inglaterra), viernes 27 de Febrero de 1959.-71 A\u00f1os y 11 meses.-D. E. P. (LV Aniversario: jueves 27 de Febrero de 2014).<\/strong><\/p>\n<figure id=\"attachment_34713\" aria-describedby=\"caption-attachment-34713\" style=\"width: 128px\" class=\"wp-caption aligncenter\"><a href=\"https:\/\/www.manquepierda.com\/historiarealbetis\/34702-1933-enero-08-primera-division-patronato-betis-balompie-1-arenas-club-getxo-1\/joaquinurquiagalegarbur-9\/\" rel=\"attachment wp-att-34713\"><img data-recalc-dims=\"1\" loading=\"lazy\" decoding=\"async\" class=\"size-thumbnail wp-image-34713\" alt=\"mmm\" src=\"https:\/\/i0.wp.com\/www.manquepierda.com\/historiarealbetis\/files\/2014\/02\/Joaqu%C3%ADnURQUIAGALegarbur.jpg?resize=128%2C220&#038;ssl=1\" width=\"128\" height=\"220\" srcset=\"https:\/\/i0.wp.com\/www.manquepierda.com\/historiarealbetis\/files\/2014\/02\/Joaqu%C3%ADnURQUIAGALegarbur.jpg?resize=128%2C220&amp;ssl=1 128w, https:\/\/i0.wp.com\/www.manquepierda.com\/historiarealbetis\/files\/2014\/02\/Joaqu%C3%ADnURQUIAGALegarbur.jpg?resize=350%2C600&amp;ssl=1 350w, https:\/\/i0.wp.com\/www.manquepierda.com\/historiarealbetis\/files\/2014\/02\/Joaqu%C3%ADnURQUIAGALegarbur.jpg?resize=409%2C700&amp;ssl=1 409w, https:\/\/i0.wp.com\/www.manquepierda.com\/historiarealbetis\/files\/2014\/02\/Joaqu%C3%ADnURQUIAGALegarbur.jpg?w=633&amp;ssl=1 633w\" sizes=\"auto, (max-width: 128px) 100vw, 128px\" \/><\/a><figcaption id=\"caption-attachment-34713\" class=\"wp-caption-text\"><strong>1.-GUARDAMETA: Joaqu\u00edn URQUIAGA Legarburu (22 a\u00f1os+9 meses).<\/strong><\/figcaption><\/figure>\n<p style=\"text-align: center\"><strong>1 Gol encajado: <\/strong><\/p>\n<p style=\"text-align: center\"><strong>0-1.-07 minutos: Iriondo efectu\u00f3 un pase retrasado que MENCHACA empalm\u00f3 dur\u00edsimamente en las mallas verdiblancas.<\/strong><\/p>\n<p style=\"text-align: center\"><strong>Zorrotza-BILBAO, martes 29-Marzo-1910.-BILBAO (Vizcaya), domingo 25-Julio-1965.-55 A\u00f1os, 4 meses menos 4 d\u00edas.-D. E. P.<\/strong><\/p>\n<p style=\"text-align: center\"><strong>Temporadas 1932-1933 \u00e1 1934-1935 Campeonato Nacional Liga Primera Divisi\u00f3n; 1935-1936;\u00a0 ambas inclusive.<\/strong><\/p>\n<p style=\"text-align: center\"><strong>2.-ZAGUERO-Lateral Diestro: Pedro Pablo ARESO Aramburu.<\/strong><\/p>\n<p style=\"text-align: center\"><strong>3.-ZAGUERO-Lateral Zurdo: Jes\u00fas Alberto Ruiz Medrano (a) \u00abJESUS\u00cdN\u00bb,<\/strong><\/p>\n<p style=\"text-align: center\"><strong>4.-MEDIO-Diestro: Jos\u00e9 Su\u00e1rez Gonz\u00e1lez (a) \u00abPERAL\u00bb.<\/strong><\/p>\n<p style=\"text-align: center\"><strong>5.-MEDIO-Centro: Enrique SOLADRERO Arbide.<\/strong><\/p>\n<p style=\"text-align: center\"><strong>6.-MEDIO-Zurdo: ROBERTO Mart\u00edn S\u00e1ez.<\/strong><\/p>\n<p style=\"text-align: center\"><strong>7.-DELANTERO-Extremo Diestro: Pedro Gonz\u00e1lez S\u00e1nchez (a) \u00abTIMIMI\u00bb.<\/strong><\/p>\n<p style=\"text-align: center\"><strong>8.-DELANTERO-Interior Diestro: Juan Rocasolano Camacho (a) \u00abROCASOLANO II\u00bb.<\/strong><\/p>\n<p style=\"text-align: center\"><strong>9.-DELANTERO-Centro-ARIETE: Andr\u00e9s ARANDA Guti\u00e9rrez.<\/strong><\/p>\n<p style=\"text-align: center\"><a href=\"https:\/\/www.manquepierda.com\/historiarealbetis\/34702-1933-enero-08-primera-division-patronato-betis-balompie-1-arenas-club-getxo-1\/simonlecueandrade1935-2\/\" rel=\"attachment wp-att-34714\"><img data-recalc-dims=\"1\" loading=\"lazy\" decoding=\"async\" class=\"aligncenter size-thumbnail wp-image-34714\" alt=\"Sim\u00f3nLECUEandrade1935\" src=\"https:\/\/i0.wp.com\/www.manquepierda.com\/historiarealbetis\/files\/2014\/02\/Sim%C3%B3nLECUEandrade1935.jpg?resize=220%2C195&#038;ssl=1\" width=\"220\" height=\"195\" srcset=\"https:\/\/i0.wp.com\/www.manquepierda.com\/historiarealbetis\/files\/2014\/02\/Sim%C3%B3nLECUEandrade1935.jpg?resize=220%2C195&amp;ssl=1 220w, https:\/\/i0.wp.com\/www.manquepierda.com\/historiarealbetis\/files\/2014\/02\/Sim%C3%B3nLECUEandrade1935.jpg?resize=674%2C600&amp;ssl=1 674w, https:\/\/i0.wp.com\/www.manquepierda.com\/historiarealbetis\/files\/2014\/02\/Sim%C3%B3nLECUEandrade1935.jpg?w=734&amp;ssl=1 734w\" sizes=\"auto, (max-width: 220px) 100vw, 220px\" \/><\/a><strong>10.-DELANTERO-Interior Zurdo: Sim\u00f3n LECUE Andrade (20 a\u00f1os y 10 meses).<\/strong><\/p>\n<p style=\"text-align: center\"><strong>1-1.-21 minutos: \u00abJesus\u00edn\u00bb lanza una falta, Aranda desv\u00eda con la cabeza el bal\u00f3n que recepcion\u00f3 el \u00abNi\u00f1o de Oro\u00bb de un ch\u00fa archisuperi\u00f3 fusilando al meta Egusquiza.<\/strong><\/p>\n<p style=\"text-align: center\"><strong>ARRIGORRIAGA (Vizcaya), domingo 11-Febrero-1912.-MADRID, lunes 27-Febrero-1984.-72 A\u00f1os y 16 d\u00edas.-D. E. P. (XXX Aniversario:\u00a0 jueves 27 de Febrero de 2014).<\/strong><\/p>\n<p style=\"text-align: center\"><strong>Temporadas 1932-1933 \u00e1 1934-1935 Campeonato Nacional Liga Primera Divisi\u00f3n; ambas inclusives.<\/strong><\/p>\n<p style=\"text-align: center\"><strong>11.-DELANTERO-Extremo Zurdo: Rafael SANZ.<\/strong><\/p>\n<p style=\"text-align: center\">VS.<\/p>\n<figure id=\"attachment_34717\" aria-describedby=\"caption-attachment-34717\" style=\"width: 220px\" class=\"wp-caption aligncenter\"><a href=\"https:\/\/www.manquepierda.com\/historiarealbetis\/34702-1933-enero-08-primera-division-patronato-betis-balompie-1-arenas-club-getxo-1\/arenasclub2\/\" rel=\"attachment wp-att-34717\"><img data-recalc-dims=\"1\" loading=\"lazy\" decoding=\"async\" class=\"size-thumbnail wp-image-34717\" alt=\"mmmm\" src=\"https:\/\/i0.wp.com\/www.manquepierda.com\/historiarealbetis\/files\/2014\/02\/arenasclub2.png?resize=220%2C220&#038;ssl=1\" width=\"220\" height=\"220\" srcset=\"https:\/\/i0.wp.com\/www.manquepierda.com\/historiarealbetis\/files\/2014\/02\/arenasclub2.png?resize=220%2C220&amp;ssl=1 220w, https:\/\/i0.wp.com\/www.manquepierda.com\/historiarealbetis\/files\/2014\/02\/arenasclub2.png?w=307&amp;ssl=1 307w\" sizes=\"auto, (max-width: 220px) 100vw, 220px\" \/><\/a><figcaption id=\"caption-attachment-34717\" class=\"wp-caption-text\">6\u00ba Clasificado.-ARENAS CLUB GETXO-1 Tanto.<\/figcaption><\/figure>\n<figure id=\"attachment_34719\" aria-describedby=\"caption-attachment-34719\" style=\"width: 147px\" class=\"wp-caption aligncenter\"><a href=\"https:\/\/www.manquepierda.com\/historiarealbetis\/34702-1933-enero-08-primera-division-patronato-betis-balompie-1-arenas-club-getxo-1\/ip\/\" rel=\"attachment wp-att-34719\"><img data-recalc-dims=\"1\" loading=\"lazy\" decoding=\"async\" class=\"size-thumbnail wp-image-34719\" alt=\"mmm\" src=\"https:\/\/i0.wp.com\/www.manquepierda.com\/historiarealbetis\/files\/2014\/02\/IP.jpg?resize=147%2C220&#038;ssl=1\" width=\"147\" height=\"220\" srcset=\"https:\/\/i0.wp.com\/www.manquepierda.com\/historiarealbetis\/files\/2014\/02\/IP.jpg?resize=147%2C220&amp;ssl=1 147w, https:\/\/i0.wp.com\/www.manquepierda.com\/historiarealbetis\/files\/2014\/02\/IP.jpg?w=188&amp;ssl=1 188w\" sizes=\"auto, (max-width: 147px) 100vw, 147px\" \/><\/a><figcaption id=\"caption-attachment-34719\" class=\"wp-caption-text\">Entrenador ISTVAN PLATKO (Hungr\u00eda).<\/figcaption><\/figure>\n<p style=\"text-align: left\">Rafael EGUSQUIZA.-Francisco EGUSQUIGUIRE-Rom\u00e1n ARRIETA.-Guillermo VILLAGR\u00c1-Mart\u00edn CALVO-Juli\u00e1n RAM\u00d3N.-<strong>\u00c1ngel Mart\u00edn Rodr\u00edguez (a) \u00abSARO\u00bb-<\/strong>\u00c1ngel GARC\u00cdA-Francisco IRIONDO-Nicol\u00e1s MENTXACA Beitia <strong>(0-1.-07 minutos)-<\/strong>Juan Echevarr\u00eda.<\/p>\n<p style=\"text-align: center\">RESULTADOS DE LA S\u00c9PTIMA JORNADA Y CLASIFICACI\u00d3N GENERAL CAMPEONATO NACIONAL LIGA PRIMERA DIVISI\u00d3N-TEMPORADA 1932-1933:<\/p>\n<figure id=\"attachment_34722\" aria-describedby=\"caption-attachment-34722\" style=\"width: 507px\" class=\"wp-caption aligncenter\"><a href=\"https:\/\/www.manquepierda.com\/historiarealbetis\/34702-1933-enero-08-primera-division-patronato-betis-balompie-1-arenas-club-getxo-1\/attachment\/19330108\/\" rel=\"attachment wp-att-34722\"><img data-recalc-dims=\"1\" loading=\"lazy\" decoding=\"async\" class=\"size-full wp-image-34722\" alt=\"MMM\" src=\"https:\/\/i0.wp.com\/www.manquepierda.com\/historiarealbetis\/files\/2014\/02\/19330108.jpg?resize=507%2C452&#038;ssl=1\" width=\"507\" height=\"452\" srcset=\"https:\/\/i0.wp.com\/www.manquepierda.com\/historiarealbetis\/files\/2014\/02\/19330108.jpg?w=507&amp;ssl=1 507w, https:\/\/i0.wp.com\/www.manquepierda.com\/historiarealbetis\/files\/2014\/02\/19330108.jpg?resize=220%2C196&amp;ssl=1 220w\" sizes=\"auto, (max-width: 507px) 100vw, 507px\" \/><\/a><figcaption id=\"caption-attachment-34722\" class=\"wp-caption-text\">LVG-B-193301010-Martes.<\/figcaption><\/figure>\n","protected":false},"excerpt":{"rendered":"<p>1933-ENERO 08-DOMINGO EN SEVILLA.-CAMPO MUNICIPAL DE DEPORTES \u00abPATRONATO OBRERO\u00bb. S\u00c9PTIMA JORNADA CAMPEONATO NACIONAL LIGA PRIMERA DIVISI\u00d3N-TEMPORADA 1932-1933. Buena labor.-Aline\u00f3 a ambas escuadras de la forma siguiente: XXV PRESIDENTE REAL-BETIS BALOMPI\u00c9-Temporadas 1931-1932 (Campeonato Nacional Liga Segunda Divisi\u00f3n) y 1932-1933; ambas inclusives. 30 a\u00f1os y 3 meses. DON JOS\u00c9 IGNACIO MANTEC\u00d3N\u00a0 NAVASAL. NATURAL DE ZARAGOZA, viernes 26&#8230;<\/p>\n","protected":false},"author":48,"featured_media":34705,"comment_status":"open","ping_status":"open","sticky":false,"template":"","format":"standard","meta":{"_kad_post_transparent":"","_kad_post_title":"","_kad_post_layout":"","_kad_post_sidebar_id":"","_kad_post_content_style":"","_kad_post_vertical_padding":"","_kad_post_feature":"","_kad_post_feature_position":"","_kad_post_header":false,"_kad_post_footer":false,"_kad_post_classname":"","_jetpack_memberships_contains_paid_content":false,"footnotes":"","jetpack_publicize_message":"","jetpack_publicize_feature_enabled":true,"jetpack_social_post_already_shared":true,"jetpack_social_options":{"image_generator_settings":{"template":"highway","default_image_id":0,"font":"","enabled":false},"version":2}},"categories":[899,1],"tags":[2575,1537,11765,17886],"class_list":["post-34702","post","type-post","status-publish","format-standard","has-post-thumbnail","hentry","category-1930-1939","category-portada","tag-1932-33","tag-1537","tag-arenas-club-de-getxo","tag-liga-primera-1932-33"],"jetpack_publicize_connections":[],"jetpack_featured_media_url":"https:\/\/i0.wp.com\/www.manquepierda.com\/historiarealbetis\/files\/2014\/02\/19330108Patronato-BB-1-ACG-1.jpg?fit=1022%2C1366&ssl=1","jetpack_sharing_enabled":true,"jetpack_shortlink":"https:\/\/wp.me\/p1ij08-91I","jetpack-related-posts":[],"_links":{"self":[{"href":"https:\/\/www.manquepierda.com\/historiarealbetis\/wp-json\/wp\/v2\/posts\/34702","targetHints":{"allow":["GET"]}}],"collection":[{"href":"https:\/\/www.manquepierda.com\/historiarealbetis\/wp-json\/wp\/v2\/posts"}],"about":[{"href":"https:\/\/www.manquepierda.com\/historiarealbetis\/wp-json\/wp\/v2\/types\/post"}],"author":[{"embeddable":true,"href":"https:\/\/www.manquepierda.com\/historiarealbetis\/wp-json\/wp\/v2\/users\/48"}],"replies":[{"embeddable":true,"href":"https:\/\/www.manquepierda.com\/historiarealbetis\/wp-json\/wp\/v2\/comments?post=34702"}],"version-history":[{"count":1,"href":"https:\/\/www.manquepierda.com\/historiarealbetis\/wp-json\/wp\/v2\/posts\/34702\/revisions"}],"predecessor-version":[{"id":96279,"href":"https:\/\/www.manquepierda.com\/historiarealbetis\/wp-json\/wp\/v2\/posts\/34702\/revisions\/96279"}],"wp:featuredmedia":[{"embeddable":true,"href":"https:\/\/www.manquepierda.com\/historiarealbetis\/wp-json\/wp\/v2\/media\/34705"}],"wp:attachment":[{"href":"https:\/\/www.manquepierda.com\/historiarealbetis\/wp-json\/wp\/v2\/media?parent=34702"}],"wp:term":[{"taxonomy":"category","embeddable":true,"href":"https:\/\/www.manquepierda.com\/historiarealbetis\/wp-json\/wp\/v2\/categories?post=34702"},{"taxonomy":"post_tag","embeddable":true,"href":"https:\/\/www.manquepierda.com\/historiarealbetis\/wp-json\/wp\/v2\/tags?post=34702"}],"curies":[{"name":"wp","href":"https:\/\/api.w.org\/{rel}","templated":true}]}}