{"id":34747,"date":"2014-02-18T20:53:11","date_gmt":"2014-02-18T19:53:11","guid":{"rendered":"http:\/\/www.manquepierda.com\/historiarealbetis\/?p=34747"},"modified":"2024-08-23T17:23:00","modified_gmt":"2024-08-23T15:23:00","slug":"1933-noviembre-26-primera-division-patronato-betis-balompie-4-goles-vs-oviedo-fc-2","status":"publish","type":"post","link":"https:\/\/www.manquepierda.com\/historiarealbetis\/1933-noviembre-26-primera-division-patronato-betis-balompie-4-goles-vs-oviedo-fc-2\/","title":{"rendered":"1933-Noviembre 26-Primera Divisi\u00f3n-Patronato: Betis Balompi\u00e9-4 goles vs. Oviedo FC-2."},"content":{"rendered":"<p style=\"text-align: center\"><strong>1933-NOVIEMBRE 28-DOMINGO EN SEVILLA.-CAMPO MUNICIPAL DEPORTES \u00abPATRONATO OBRERO\u00bb.<\/strong><\/p>\n<p style=\"text-align: center\"><strong>CUARTA JORNADA CAMPEONATO NACIONAL LIGA PRIMERA DIVISI\u00d3N-TEMPORADA 1933-1934.<\/strong><\/p>\n<figure id=\"attachment_34748\" aria-describedby=\"caption-attachment-34748\" style=\"width: 106px\" class=\"wp-caption aligncenter\"><a href=\"https:\/\/www.manquepierda.com\/historiarealbetis\/34747-1933-noviembre-26-primera-division-patronato-betis-balompie-4-goles-vs-oviedo-fc-2\/gcg\/\" rel=\"attachment wp-att-34748\"><img data-recalc-dims=\"1\" loading=\"lazy\" decoding=\"async\" class=\"size-full wp-image-34748\" alt=\"mmmm\" src=\"https:\/\/i0.wp.com\/www.manquepierda.com\/historiarealbetis\/files\/2014\/02\/GCG.jpg?resize=106%2C172&#038;ssl=1\" width=\"106\" height=\"172\" \/><\/a><figcaption id=\"caption-attachment-34748\" class=\"wp-caption-text\">Arbitr\u00f3 el colegiado catal\u00e1n GUILLERMO COMORERA GATUELLAS.-Cumpli\u00f3.<\/figcaption><\/figure>\n<p style=\"text-align: center\">ALINE\u00d3 A AMBAS ESCUADRAS DE LA FORMA SIGUIENTE:<\/p>\n<figure id=\"attachment_34749\" aria-describedby=\"caption-attachment-34749\" style=\"width: 397px\" class=\"wp-caption aligncenter\"><a href=\"https:\/\/www.manquepierda.com\/historiarealbetis\/34747-1933-noviembre-26-primera-division-patronato-betis-balompie-4-goles-vs-oviedo-fc-2\/19331126patronato-bb-4-ocf-2\/\" rel=\"attachment wp-att-34749\"><img data-recalc-dims=\"1\" loading=\"lazy\" decoding=\"async\" class=\"size-medium wp-image-34749\" alt=\"MMM\" src=\"https:\/\/i0.wp.com\/www.manquepierda.com\/historiarealbetis\/files\/2014\/02\/19331126Patronato-BB-4-OCF-2.jpg?resize=397%2C600&#038;ssl=1\" width=\"397\" height=\"600\" srcset=\"https:\/\/i0.wp.com\/www.manquepierda.com\/historiarealbetis\/files\/2014\/02\/19331126Patronato-BB-4-OCF-2.jpg?resize=397%2C600&amp;ssl=1 397w, https:\/\/i0.wp.com\/www.manquepierda.com\/historiarealbetis\/files\/2014\/02\/19331126Patronato-BB-4-OCF-2.jpg?resize=145%2C220&amp;ssl=1 145w, https:\/\/i0.wp.com\/www.manquepierda.com\/historiarealbetis\/files\/2014\/02\/19331126Patronato-BB-4-OCF-2.jpg?resize=463%2C700&amp;ssl=1 463w, https:\/\/i0.wp.com\/www.manquepierda.com\/historiarealbetis\/files\/2014\/02\/19331126Patronato-BB-4-OCF-2.jpg?w=997&amp;ssl=1 997w\" sizes=\"auto, (max-width: 397px) 100vw, 397px\" \/><\/a><figcaption id=\"caption-attachment-34749\" class=\"wp-caption-text\"><strong>\u00abEl meta Zarraonand\u00eda despeja con seguridad un\u00a0 centro que quer\u00edan rematar los delanteros b\u00e9ticos\u00bb.-CP-MUNDO GR\u00c1FICO N\u00ba 1.152-Fot\u00f3grafo SERRANO\u00bb.<\/strong><\/figcaption><\/figure>\n<figure id=\"attachment_32042\" aria-describedby=\"caption-attachment-32042\" style=\"width: 154px\" class=\"wp-caption aligncenter\"><a href=\"https:\/\/www.manquepierda.com\/historiarealbetis\/32036-1933-noviembre-05-primera-division-betis-balompie-2-goles-vs-racing-santander-1\/1932-rbb-43\/\" rel=\"attachment wp-att-32042\"><img data-recalc-dims=\"1\" loading=\"lazy\" decoding=\"async\" class=\"size-full wp-image-32042\" alt=\"bbb\" src=\"https:\/\/i0.wp.com\/www.manquepierda.com\/historiarealbetis\/files\/2013\/08\/1932-RBB1.jpg?resize=154%2C154&#038;ssl=1\" width=\"154\" height=\"154\" srcset=\"https:\/\/i0.wp.com\/www.manquepierda.com\/historiarealbetis\/files\/2013\/08\/1932-RBB1.jpg?w=154&amp;ssl=1 154w, https:\/\/i0.wp.com\/www.manquepierda.com\/historiarealbetis\/files\/2013\/08\/1932-RBB1.jpg?resize=500%2C500&amp;ssl=1 500w\" sizes=\"auto, (max-width: 154px) 100vw, 154px\" \/><\/a><figcaption id=\"caption-attachment-32042\" class=\"wp-caption-text\"><strong>BETIS BALOMPI\u00c9-4 GOLES.-5\u00ba Clasificado.<\/strong><\/figcaption><\/figure>\n<figure id=\"attachment_32019\" aria-describedby=\"caption-attachment-32019\" style=\"width: 169px\" class=\"wp-caption alignright\"><a href=\"https:\/\/www.manquepierda.com\/historiarealbetis\/32014-1934-enero-28-primera-division-oviedo-club-futbol-4-vs-betis-balompie-3-goles\/antonio-moreno-sevillano-11\/\" rel=\"attachment wp-att-32019\"><img data-recalc-dims=\"1\" loading=\"lazy\" decoding=\"async\" class=\"size-thumbnail wp-image-32019\" alt=\"Colecci\u00f3n Enrique A\u00f1ino Ca\u00f1al.\" src=\"https:\/\/i0.wp.com\/www.manquepierda.com\/historiarealbetis\/files\/2013\/08\/Antonio-Moreno-Sevillano.jpg?resize=169%2C220&#038;ssl=1\" width=\"169\" height=\"220\" srcset=\"https:\/\/i0.wp.com\/www.manquepierda.com\/historiarealbetis\/files\/2013\/08\/Antonio-Moreno-Sevillano.jpg?resize=169%2C220&amp;ssl=1 169w, https:\/\/i0.wp.com\/www.manquepierda.com\/historiarealbetis\/files\/2013\/08\/Antonio-Moreno-Sevillano.jpg?resize=461%2C600&amp;ssl=1 461w, https:\/\/i0.wp.com\/www.manquepierda.com\/historiarealbetis\/files\/2013\/08\/Antonio-Moreno-Sevillano.jpg?w=480&amp;ssl=1 480w\" sizes=\"auto, (max-width: 169px) 100vw, 169px\" \/><\/a><figcaption id=\"caption-attachment-32019\" class=\"wp-caption-text\"><strong>DON ANTONIO MORENO SEVILLANO.<\/strong><\/figcaption><\/figure>\n<p style=\"text-align: center\"><strong>XXVI PRESIDENTE REAL-BETIS BALOMPI\u00c9-Temporadas 1933-1934 \u00c1 1934-1935 Campeonato Nacional Liga Primera Divisi\u00f3n; 1936-1937 \u00e1 1939-1940; ambas inclusives.<\/strong><\/p>\n<p style=\"text-align: right\"><strong>32 A\u00f1os, 3 meses y 19 d\u00edas.<\/strong><\/p>\n<p style=\"text-align: right\"><strong>Natural de OSUNA (Sevilla), viernes 09 de Agosto de 1901.<\/strong><\/p>\n<p style=\"text-align: right\"><strong>Falleci\u00f3 en SEVILLA, viernes 28 de Abril 1978.<\/strong><\/p>\n<p style=\"text-align: right\"><strong>Ilustre letrado, 76 A\u00f1os y 7 meses.-D. E. P.<\/strong><\/p>\n<p>&nbsp;<\/p>\n<figure id=\"attachment_32020\" aria-describedby=\"caption-attachment-32020\" style=\"width: 132px\" class=\"wp-caption alignleft\"><a href=\"https:\/\/www.manquepierda.com\/historiarealbetis\/32014-1934-enero-28-primera-division-oviedo-club-futbol-4-vs-betis-balompie-3-goles\/patrickjosephoconnell-15\/\" rel=\"attachment wp-att-32020\"><img data-recalc-dims=\"1\" loading=\"lazy\" decoding=\"async\" class=\"size-thumbnail wp-image-32020\" alt=\"colecci\u00f3n personal.\" src=\"https:\/\/i0.wp.com\/www.manquepierda.com\/historiarealbetis\/files\/2013\/08\/PatrickJosephOCONNELL.jpg?resize=132%2C220&#038;ssl=1\" width=\"132\" height=\"220\" srcset=\"https:\/\/i0.wp.com\/www.manquepierda.com\/historiarealbetis\/files\/2013\/08\/PatrickJosephOCONNELL.jpg?resize=132%2C220&amp;ssl=1 132w, https:\/\/i0.wp.com\/www.manquepierda.com\/historiarealbetis\/files\/2013\/08\/PatrickJosephOCONNELL.jpg?w=206&amp;ssl=1 206w\" sizes=\"auto, (max-width: 132px) 100vw, 132px\" \/><\/a><figcaption id=\"caption-attachment-32020\" class=\"wp-caption-text\"><strong>Mr. PATRICK JOSEPH O&#8217;CONNELL.<\/strong><\/figcaption><\/figure>\n<p style=\"text-align: center\"><strong>ENTRENADOR REAL-BETIS BALOMPI\u00c9-Temporadas 1932-1933 \u00e1 1934-1935 Campeonato Nacional Liga Primera Divisi\u00f3n; 1940-1941 \u00e1 1941-1942 Campeonato Nacional Liga Segunda Divisi\u00f3n; 1945-1946 (Pedro Sol\u00e9 Junoy-Andr\u00e9s Aranda Guti\u00e9rrez-O&#8217;CONNELL) \u00e1 1946-1947 (O&#8217;CONNELL-Jos\u00e9 Su\u00e1rez Gonz\u00e1lez (a) \u00abPERAL\u00bb);\u00a0 ambas inclusives.<br \/>\n<\/strong><\/p>\n<p style=\"text-align: left\"><strong>46 A\u00f1os, 8 meses y 20 d\u00edas.<\/strong><\/p>\n<p style=\"text-align: left\"><strong>DUBLIN (Irlanda), martes 08 de Marzo de 1887.<\/strong><\/p>\n<p style=\"text-align: left\"><strong>ST PANCRAS-Londres (Inglaterra), viernes 27 de Febrero de 1959.<\/strong><\/p>\n<p style=\"text-align: left\"><strong>71 A\u00f1os y 10 meses.-D. E. P. (55\u00ba Aniversario-Jueves, 27 de Febrero de 2014).<\/strong><\/p>\n<figure id=\"attachment_32040\" aria-describedby=\"caption-attachment-32040\" style=\"width: 128px\" class=\"wp-caption aligncenter\"><a href=\"https:\/\/www.manquepierda.com\/historiarealbetis\/32036-1933-noviembre-05-primera-division-betis-balompie-2-goles-vs-racing-santander-1\/joaquinurquiagalegarbur-7\/\" rel=\"attachment wp-att-32040\"><img data-recalc-dims=\"1\" loading=\"lazy\" decoding=\"async\" class=\"size-thumbnail wp-image-32040\" alt=\"mmmm\" src=\"https:\/\/i0.wp.com\/www.manquepierda.com\/historiarealbetis\/files\/2013\/08\/Joaqu%C3%ADnURQUIAGALegarbur1.jpg?resize=128%2C220&#038;ssl=1\" width=\"128\" height=\"220\" srcset=\"https:\/\/i0.wp.com\/www.manquepierda.com\/historiarealbetis\/files\/2013\/08\/Joaqu%C3%ADnURQUIAGALegarbur1.jpg?resize=128%2C220&amp;ssl=1 128w, https:\/\/i0.wp.com\/www.manquepierda.com\/historiarealbetis\/files\/2013\/08\/Joaqu%C3%ADnURQUIAGALegarbur1.jpg?resize=350%2C600&amp;ssl=1 350w, https:\/\/i0.wp.com\/www.manquepierda.com\/historiarealbetis\/files\/2013\/08\/Joaqu%C3%ADnURQUIAGALegarbur1.jpg?resize=409%2C700&amp;ssl=1 409w, https:\/\/i0.wp.com\/www.manquepierda.com\/historiarealbetis\/files\/2013\/08\/Joaqu%C3%ADnURQUIAGALegarbur1.jpg?w=633&amp;ssl=1 633w\" sizes=\"auto, (max-width: 128px) 100vw, 128px\" \/><\/a><figcaption id=\"caption-attachment-32040\" class=\"wp-caption-text\"><strong>JOAQU\u00cdN URQUIAGA LEGARBURU.- 23 a\u00f1os, 8 meses menos 1 d\u00eda.<\/strong><\/figcaption><\/figure>\n<p style=\"text-align: center\"><strong>1.-GUARDAMETA.-2 goles encajados.-Destac\u00f3.<\/strong><\/p>\n<p style=\"text-align: center\"><strong>0-1.-25 minutos: Gallart.<\/strong><\/p>\n<p style=\"text-align: center\"><strong>4-2.-77 minutos: Emil\u00edn en claro off-side, que el \u00e1rbitro no se\u00f1al\u00f3; Peral no entr\u00f3 creyendo que pitar\u00eda dicho fuera del juego.<br \/>\n<\/strong><\/p>\n<p style=\"text-align: center\"><strong>Zorrotxa (Bilbao), martes 29-Marzo-1910.-<\/strong><strong>BILBAO (Vizcaya), domingo 25-Julio-1965.-55 A\u00f1os y 4 meses menos 4 d\u00edas.-D. E. P.<\/strong><\/p>\n<p style=\"text-align: center\"><strong>Temporadas 1932-1933 \u00e1 1934-1935 Campeonato Nacional Liga Primera Divisi\u00f3n; 1935-1936; ambas inclusives.<\/strong><\/p>\n<p style=\"text-align: center\"><strong>2.-ZAGUERO-Diestro: Pedro Pablo ARESO Aramburu.<\/strong><\/p>\n<p style=\"text-align: center\"><strong>3.-ZAGUERO-Zurdo: Seraf\u00edn AEDO Renieblas.-Destac\u00f3.<\/strong><\/p>\n<p style=\"text-align: center\"><strong>4.-MEDIO-Diestro: Jos\u00e9 Su\u00e1rez Gonz\u00e1lez (a) \u00abPERAL\u00bb.<\/strong><\/p>\n<p style=\"text-align: center\"><strong>5.-MEDIO-Centro: Enrique SOLADRERO Arbide.-Destac\u00f3.<\/strong><\/p>\n<p style=\"text-align: center\"><strong>6.-MEDIO-Zurdo: ADOLFO Sancho Carrillo De Albornoz (a) \u00abADOLFITO-ADOLFO I\u00bb.-Destac\u00f3.<\/strong><\/p>\n<p style=\"text-align: center\"><strong>7.-DELANTERO-Extremo Diestro: \u00c1ngel Mart\u00edn Rodr\u00edguez (a) \u00abSARO\u00bb.<\/strong><\/p>\n<figure id=\"attachment_32047\" aria-describedby=\"caption-attachment-32047\" style=\"width: 220px\" class=\"wp-caption aligncenter\"><a href=\"https:\/\/www.manquepierda.com\/historiarealbetis\/32036-1933-noviembre-05-primera-division-betis-balompie-2-goles-vs-racing-santander-1\/simonlecueandrade1935\/\" rel=\"attachment wp-att-32047\"><img data-recalc-dims=\"1\" loading=\"lazy\" decoding=\"async\" class=\"size-thumbnail wp-image-32047\" alt=\"colecci\u00f3n e. a. c.\" src=\"https:\/\/i0.wp.com\/www.manquepierda.com\/historiarealbetis\/files\/2013\/08\/Sim%C3%B3nLECUEandrade1935.jpg?resize=220%2C195&#038;ssl=1\" width=\"220\" height=\"195\" srcset=\"https:\/\/i0.wp.com\/www.manquepierda.com\/historiarealbetis\/files\/2013\/08\/Sim%C3%B3nLECUEandrade1935.jpg?resize=220%2C195&amp;ssl=1 220w, https:\/\/i0.wp.com\/www.manquepierda.com\/historiarealbetis\/files\/2013\/08\/Sim%C3%B3nLECUEandrade1935.jpg?resize=674%2C600&amp;ssl=1 674w, https:\/\/i0.wp.com\/www.manquepierda.com\/historiarealbetis\/files\/2013\/08\/Sim%C3%B3nLECUEandrade1935.jpg?w=734&amp;ssl=1 734w\" sizes=\"auto, (max-width: 220px) 100vw, 220px\" \/><\/a><figcaption id=\"caption-attachment-32047\" class=\"wp-caption-text\"><strong>SIM\u00d3N LECUE ANDRADE.-DESTAC\u00d3.-21 A\u00f1os, 9 meses y 17 d\u00edas.<\/strong><\/figcaption><\/figure>\n<p style=\"text-align: center\"><strong>8.-DELANTERO-Interior Diestro.<\/strong><\/p>\n<p style=\"text-align: center\"><strong>2-1.-57 minutos: ch\u00fa dur\u00edsimo que fusil\u00f3 al meta Tom\u00e1s Zarraonand\u00eda.<\/strong><\/p>\n<p style=\"text-align: center\"><strong>3-1.-59 minutos: Logr\u00f3 marcar su segundo tanto, aprovechando que Unamuno le cogieron por los pies para impedirle que marcara.<\/strong><\/p>\n<p style=\"text-align: center\"><strong>ARRIGORRIAGA (Vizcaya), domingo 11-Febrero-1912.-MADRID, lunes 27-Febrero-1984.-72 A\u00f1os y 16 d\u00edas.-D. E. P.<\/strong><\/p>\n<p style=\"text-align: center\"><strong> (30\u00ba Aniversario, jueves 27 de Febrero de 2014).<\/strong><\/p>\n<figure id=\"attachment_32046\" aria-describedby=\"caption-attachment-32046\" style=\"width: 144px\" class=\"wp-caption aligncenter\"><a href=\"https:\/\/www.manquepierda.com\/historiarealbetis\/32036-1933-noviembre-05-primera-division-betis-balompie-2-goles-vs-racing-santander-1\/victorio-unamuno-ibarzabal-3\/\" rel=\"attachment wp-att-32046\"><img data-recalc-dims=\"1\" loading=\"lazy\" decoding=\"async\" class=\"size-thumbnail wp-image-32046\" alt=\"Colecci\u00f3n e. a. c.\" src=\"https:\/\/i0.wp.com\/www.manquepierda.com\/historiarealbetis\/files\/2013\/08\/Victorio-UNAMUNO-Ibarzabal.jpg?resize=144%2C220&#038;ssl=1\" width=\"144\" height=\"220\" srcset=\"https:\/\/i0.wp.com\/www.manquepierda.com\/historiarealbetis\/files\/2013\/08\/Victorio-UNAMUNO-Ibarzabal.jpg?resize=144%2C220&amp;ssl=1 144w, https:\/\/i0.wp.com\/www.manquepierda.com\/historiarealbetis\/files\/2013\/08\/Victorio-UNAMUNO-Ibarzabal.jpg?resize=395%2C600&amp;ssl=1 395w, https:\/\/i0.wp.com\/www.manquepierda.com\/historiarealbetis\/files\/2013\/08\/Victorio-UNAMUNO-Ibarzabal.jpg?resize=461%2C700&amp;ssl=1 461w, https:\/\/i0.wp.com\/www.manquepierda.com\/historiarealbetis\/files\/2013\/08\/Victorio-UNAMUNO-Ibarzabal.jpg?w=627&amp;ssl=1 627w\" sizes=\"auto, (max-width: 144px) 100vw, 144px\" \/><\/a><figcaption id=\"caption-attachment-32046\" class=\"wp-caption-text\"><strong>VICTORIO UNAMUNO IBARZABAL.-DESTAC\u00d3.-24 a\u00f1os, 6 meses y 7 d\u00edas.<\/strong><\/figcaption><\/figure>\n<p style=\"text-align: center\"><strong>9.-DELANTERO-Centro.-ARIETE:<\/strong><\/p>\n<p style=\"text-align: center\"><strong>1-1.-44 minutos: bati\u00f3 al mesta asturiano Zarraonand\u00eda.<\/strong><\/p>\n<p style=\"text-align: center\"><strong>BERGARA (Guip\u00fazcoa), viernes 21-Mayo-1909.-DURANGO (Vizcaya), viernes 20-Mayo-1988.-79 A\u00f1os menos 1 d\u00eda.-D. E. P.<\/strong><\/p>\n<p style=\"text-align: center\"><strong>10.-DELANTERO-Interior Zurdo: Gregorio HERRERA Larrea.-No localizadas imagen, ciudades y fechas nacimiento-fallecimiento.-D. E. P.<\/strong><\/p>\n<p style=\"text-align: center\"><strong>4-1.-60 minutos: Cabezazo al rematar un <em>free-kick <\/em>lanzado por Peral.<\/strong><\/p>\n<p style=\"text-align: center\"><strong>11.-DELANTERO-Extremo Zurdo: ENRIQUE Garrido Reguera.<\/strong><\/p>\n<p style=\"text-align: center\">VS.<\/p>\n<figure id=\"attachment_32016\" aria-describedby=\"caption-attachment-32016\" style=\"width: 175px\" class=\"wp-caption aligncenter\"><a href=\"https:\/\/www.manquepierda.com\/historiarealbetis\/32014-1934-enero-28-primera-division-oviedo-club-futbol-4-vs-betis-balompie-3-goles\/oviedo-fc\/\" rel=\"attachment wp-att-32016\"><img data-recalc-dims=\"1\" loading=\"lazy\" decoding=\"async\" class=\"size-thumbnail wp-image-32016\" alt=\"mmm\" src=\"https:\/\/i0.wp.com\/www.manquepierda.com\/historiarealbetis\/files\/2013\/08\/oviedo-fc.jpeg?resize=175%2C220&#038;ssl=1\" width=\"175\" height=\"220\" srcset=\"https:\/\/i0.wp.com\/www.manquepierda.com\/historiarealbetis\/files\/2013\/08\/oviedo-fc.jpeg?resize=175%2C220&amp;ssl=1 175w, https:\/\/i0.wp.com\/www.manquepierda.com\/historiarealbetis\/files\/2013\/08\/oviedo-fc.jpeg?w=200&amp;ssl=1 200w\" sizes=\"auto, (max-width: 175px) 100vw, 175px\" \/><\/a><figcaption id=\"caption-attachment-32016\" class=\"wp-caption-text\">OVIEDO FC-2 Tantos.-7\u00ba Clasificado.<\/figcaption><\/figure>\n<p style=\"text-align: center\">Presidente don Carlos Tartiere De las Alas Pumari\u00f1o.<\/p>\n<p style=\"text-align: left\">Entrenador <strong>Emilio SAMPERE Oliveras.<\/strong><\/p>\n<p style=\"text-align: left\">Tom\u00e1s ZARRAONAND\u00cdA.-Cipriano Pa\u00f1eda L\u00f3pez (a) \u00abCALICHE\u00bb-Carlos IB\u00c1\u00d1EZ.-Jos\u00e9 Lu\u00eds MUGARRA-SIRIO Blanco-Jes\u00fas Rodr\u00edguez \u00c1lvarez (a) \u00abCHUS\u00bb.-Julio Fern\u00e1ndez Mart\u00ednez (a) \u00abCASUCO\u00bb-Ricardo GALLART Selma <strong>(0-1.-25 minutos)<\/strong>-Isidro L\u00c1NGARA-Eduardo Herrera Bueno (a) \u00abHERRERITA\u00bb-Emilio Garc\u00eda Mart\u00ednez (a) \u00abEMIL\u00cdN\u00bb <strong>(4-2.-77 minutos, fuera del juego no se\u00f1alado por Comorena).<\/strong><\/p>\n<p style=\"text-align: left\">RESULTADOS DE LA CUARTA JORNADA Y CLASIFICACI\u00d3N GENERAL CAMPEONATO NACIONAL LIGA PRIMERA DIVISI\u00d3N-TEMPORADA 1933-1934:<\/p>\n<figure id=\"attachment_34750\" aria-describedby=\"caption-attachment-34750\" style=\"width: 498px\" class=\"wp-caption aligncenter\"><a href=\"https:\/\/www.manquepierda.com\/historiarealbetis\/34747-1933-noviembre-26-primera-division-patronato-betis-balompie-4-goles-vs-oviedo-fc-2\/attachment\/19331126\/\" rel=\"attachment wp-att-34750\"><img data-recalc-dims=\"1\" loading=\"lazy\" decoding=\"async\" class=\"size-full wp-image-34750\" alt=\"MMM\" src=\"https:\/\/i0.wp.com\/www.manquepierda.com\/historiarealbetis\/files\/2014\/02\/19331126.jpg?resize=498%2C422&#038;ssl=1\" width=\"498\" height=\"422\" srcset=\"https:\/\/i0.wp.com\/www.manquepierda.com\/historiarealbetis\/files\/2014\/02\/19331126.jpg?w=498&amp;ssl=1 498w, https:\/\/i0.wp.com\/www.manquepierda.com\/historiarealbetis\/files\/2014\/02\/19331126.jpg?resize=220%2C186&amp;ssl=1 220w\" sizes=\"auto, (max-width: 498px) 100vw, 498px\" \/><\/a><figcaption id=\"caption-attachment-34750\" class=\"wp-caption-text\">LVG-B-19331128-Martes.<\/figcaption><\/figure>\n","protected":false},"excerpt":{"rendered":"<p>1933-NOVIEMBRE 28-DOMINGO EN SEVILLA.-CAMPO MUNICIPAL DEPORTES \u00abPATRONATO OBRERO\u00bb. CUARTA JORNADA CAMPEONATO NACIONAL LIGA PRIMERA DIVISI\u00d3N-TEMPORADA 1933-1934. ALINE\u00d3 A AMBAS ESCUADRAS DE LA FORMA SIGUIENTE: XXVI PRESIDENTE REAL-BETIS BALOMPI\u00c9-Temporadas 1933-1934 \u00c1 1934-1935 Campeonato Nacional Liga Primera Divisi\u00f3n; 1936-1937 \u00e1 1939-1940; ambas inclusives. 32 A\u00f1os, 3 meses y 19 d\u00edas. Natural de OSUNA (Sevilla), viernes 09 de&#8230;<\/p>\n","protected":false},"author":48,"featured_media":34749,"comment_status":"open","ping_status":"open","sticky":false,"template":"","format":"standard","meta":{"_kad_post_transparent":"","_kad_post_title":"","_kad_post_layout":"","_kad_post_sidebar_id":"","_kad_post_content_style":"","_kad_post_vertical_padding":"","_kad_post_feature":"","_kad_post_feature_position":"","_kad_post_header":false,"_kad_post_footer":false,"_kad_post_classname":"","_jetpack_memberships_contains_paid_content":false,"footnotes":"","jetpack_publicize_message":"","jetpack_publicize_feature_enabled":true,"jetpack_social_post_already_shared":true,"jetpack_social_options":{"image_generator_settings":{"template":"highway","default_image_id":0,"font":"","enabled":false},"version":2}},"categories":[899,1],"tags":[1537,2242,17828,14171],"class_list":["post-34747","post","type-post","status-publish","format-standard","has-post-thumbnail","hentry","category-1930-1939","category-portada","tag-1537","tag-1933-34","tag-liga-primera-1933-34","tag-real-oviedo-cf"],"jetpack_publicize_connections":[],"jetpack_featured_media_url":"https:\/\/i0.wp.com\/www.manquepierda.com\/historiarealbetis\/files\/2014\/02\/19331126Patronato-BB-4-OCF-2.jpg?fit=997%2C1506&ssl=1","jetpack_sharing_enabled":true,"jetpack_shortlink":"https:\/\/wp.me\/p1ij08-92r","jetpack-related-posts":[],"_links":{"self":[{"href":"https:\/\/www.manquepierda.com\/historiarealbetis\/wp-json\/wp\/v2\/posts\/34747","targetHints":{"allow":["GET"]}}],"collection":[{"href":"https:\/\/www.manquepierda.com\/historiarealbetis\/wp-json\/wp\/v2\/posts"}],"about":[{"href":"https:\/\/www.manquepierda.com\/historiarealbetis\/wp-json\/wp\/v2\/types\/post"}],"author":[{"embeddable":true,"href":"https:\/\/www.manquepierda.com\/historiarealbetis\/wp-json\/wp\/v2\/users\/48"}],"replies":[{"embeddable":true,"href":"https:\/\/www.manquepierda.com\/historiarealbetis\/wp-json\/wp\/v2\/comments?post=34747"}],"version-history":[{"count":1,"href":"https:\/\/www.manquepierda.com\/historiarealbetis\/wp-json\/wp\/v2\/posts\/34747\/revisions"}],"predecessor-version":[{"id":97681,"href":"https:\/\/www.manquepierda.com\/historiarealbetis\/wp-json\/wp\/v2\/posts\/34747\/revisions\/97681"}],"wp:featuredmedia":[{"embeddable":true,"href":"https:\/\/www.manquepierda.com\/historiarealbetis\/wp-json\/wp\/v2\/media\/34749"}],"wp:attachment":[{"href":"https:\/\/www.manquepierda.com\/historiarealbetis\/wp-json\/wp\/v2\/media?parent=34747"}],"wp:term":[{"taxonomy":"category","embeddable":true,"href":"https:\/\/www.manquepierda.com\/historiarealbetis\/wp-json\/wp\/v2\/categories?post=34747"},{"taxonomy":"post_tag","embeddable":true,"href":"https:\/\/www.manquepierda.com\/historiarealbetis\/wp-json\/wp\/v2\/tags?post=34747"}],"curies":[{"name":"wp","href":"https:\/\/api.w.org\/{rel}","templated":true}]}}