{"id":34788,"date":"2014-02-24T07:30:35","date_gmt":"2014-02-24T06:30:35","guid":{"rendered":"http:\/\/www.manquepierda.com\/historiarealbetis\/?p=34788"},"modified":"2015-12-29T07:42:59","modified_gmt":"2015-12-29T06:42:59","slug":"entrevista-antonio-benitez-1983","status":"publish","type":"post","link":"https:\/\/www.manquepierda.com\/historiarealbetis\/entrevista-antonio-benitez-1983\/","title":{"rendered":"Entrevista Antonio Ben\u00edtez 1983"},"content":{"rendered":"<p><a href=\"https:\/\/www.manquepierda.com\/historiarealbetis\/34788-entrevista-antonio-benitez-1983\/benitez\/\" rel=\"attachment wp-att-34789\"><img data-recalc-dims=\"1\" loading=\"lazy\" decoding=\"async\" class=\"alignleft size-full wp-image-34789\" src=\"https:\/\/i0.wp.com\/www.manquepierda.com\/historiarealbetis\/files\/2014\/02\/Ben%C3%ADtez.jpg?resize=182%2C275&#038;ssl=1\" alt=\"Ben\u00edtez\" width=\"182\" height=\"275\" srcset=\"https:\/\/i0.wp.com\/www.manquepierda.com\/historiarealbetis\/files\/2014\/02\/Ben%C3%ADtez.jpg?w=182&amp;ssl=1 182w, https:\/\/i0.wp.com\/www.manquepierda.com\/historiarealbetis\/files\/2014\/02\/Ben%C3%ADtez.jpg?resize=145%2C220&amp;ssl=1 145w\" sizes=\"auto, (max-width: 182px) 100vw, 182px\" \/><\/a>En junio de 1983, tras catorce temporadas en el Betis desde que en febrero de 1970 llegase procedente del Xerez Deportivo, a Antonio Ben\u00edtez le llega la hora de decir adi\u00f3s. M\u00e1s de 300 partidos de Liga con la camiseta verdiblanca, 60 en Copa, 4 en competiciones europeas, m\u00e1s de 20 en el Campeonato Andaluz de Reservas y m\u00e1s de 100 amistosos lo sit\u00faan entre uno de los 10 jugadores que m\u00e1s partidos han disputado con el Betis.<\/p>\n<p>Pero su \u00faltima temporada, la 82-83, no fue muy activa, debido a las lesiones que tuvo. El 15 de junio de 1983 el club le comunic\u00f3 su baja y al d\u00eda siguiente esta entrevista en ABC nos pone sobre la pista de las sensaciones amargas que a todo futbolista profesional se le producen el d\u00eda de la retirada.<\/p>\n<p>&nbsp;<\/p>\n<p>&nbsp;<\/p>\n<p>&nbsp;<\/p>\n<p><span style=\"color: #339966\"><em>Antonio Ben\u00edtez, catorce temporadas en el Real Betis Balompi\u00e9, internacional en tres ocasiones con la selecci\u00f3n A, recibi\u00f3 ayer la baja en el club. Catorce temporadas en verdiblanco, si bien pueden considerarse trece, ya que la que concluye ahora la pas\u00f3 el jerezano pr\u00e1cticamente en blanco, debido a las lesiones.<\/em><\/span><\/p>\n<p><span style=\"color: #339966\"><em>\u00a0<\/em><\/span><\/p>\n<p><span style=\"color: #339966\"><em>Ben\u00edtez confiesa que en estos momentos siente tristeza, \u201cNo s\u00e9 qu\u00e9 me suceder\u00e1 cuando me levante por la ma\u00f1ana y no venga para ac\u00e1, para el estadio\u201d, pero acepta las servidumbres del paso de los a\u00f1os con resignaci\u00f3n: \u201cDi St\u00e9fano, que ha sido el mejor futbolista del mundo, tambi\u00e9n recibi\u00f3 la baja en el Real Madrid\u2026\u201d<\/em><\/span><\/p>\n<p><span style=\"color: #339966\"><em>\u00a0<\/em><\/span><\/p>\n<p><span style=\"color: #339966\"><em>Con Antonio Ben\u00edtez se marcha del Betis toda una instituci\u00f3n.<\/em><\/span><\/p>\n<p><span style=\"color: #339966\"><em>\u00a0<\/em><\/span><\/p>\n<p><span style=\"color: #339966\"><em>Ayer, 15 de junio, tras una reuni\u00f3n con el vicepresidente verdiblanco Juan Salas Tornero y el secretario t\u00e9cnico, Pedro Buenaventura, Ben\u00edtez cerraba una etapa importante en su vida deportiva. No en balde fueron muchos a\u00f1os en el Betis: \u201c\u00bfSi lo esperaba? Yo apenas he jugado esta a\u00f1o y la baja era algo que se esperaba\u2026A\u00fan tengo que hablar con el presidente y ultimar unos detalles\u201d. \u00a0Tras conocer oficialmente su baja en el Betis, \u201ces mi primera carta de libertad\u201d, el jerezano precisaba que ahora va a dedicar un tiempo a descansar: \u201cA\u00fan no he pensado en el futuro. \u00bfUn partido homenaje? Con el Betis no tengo nada estipulado a este respecto. Si me lo dan, perfecto\u201d. <\/em><\/span><\/p>\n<p><span style=\"color: #339966\"><em>\u00a0<\/em><\/span><\/p>\n<p><span style=\"color: #339966\"><em>Y Ben\u00edtez, en esta hora del adi\u00f3s al club, reconoce que \u201cen la conversaci\u00f3n con el vicepresidente ha habido mucha elegancia a la hora de comunic\u00e1rseme la baja\u201d. Por ese lado, el futbolista marcha satisfecho, aunque la despedida duele: \u201cSoy b\u00e9tico. He pasado aqu\u00ed la mitad de mi vida. Cuando te vas, te sientes mal\u201d.<\/em><\/span><\/p>\n<p><span style=\"color: #339966\"><em>\u00a0<\/em><\/span><\/p>\n<p><span style=\"color: #339966\"><em>&#8211;\u00a0\u00a0\u00a0\u00a0\u00a0 \u00bfTen\u00edas, a pesar de todo, cierta esperanza de continuar?<\/em><\/span><\/p>\n<p><span style=\"color: #339966\"><em>&#8211;\u00a0\u00a0\u00a0\u00a0\u00a0 S\u00ed la ten\u00eda, pero era menor que la de la pasada temporada. En \u00e9sta que termin\u00f3 apenas jugu\u00e9. Me ha llegado el momento, como le lleg\u00f3 a Di St\u00e9fano, que ha sido el mejor futbolista del mundo, en el Madrid\u2026<\/em><\/span><\/p>\n<p><span style=\"color: #339966\"><em>\u00a0<\/em><\/span><\/p>\n<p><span style=\"color: #339966\"><em>\u00a0<\/em><\/span><\/p>\n<p><span style=\"color: #339966\"><em>Queda la inc\u00f3gnita, \u201cNo tengo pensado mi futuro\u201d, de si Ben\u00edtez continuar\u00e1 jugando al f\u00fatbol, \u201c\u00bfSeguir? Me lo tengo que plantear\u2026\u201d<\/em><\/span><\/p>\n<p><span style=\"color: #339966\"><em>\u00a0<\/em><\/span><\/p>\n<p><span style=\"color: #339966\"><em>&#8211;\u00a0\u00a0\u00a0\u00a0\u00a0 \u00bfY seguir ligado al Betis desarrollando otras funciones?<\/em><\/span><\/p>\n<p><span style=\"color: #339966\"><em>&#8211;\u00a0\u00a0\u00a0\u00a0\u00a0 Tendr\u00eda que pensarlo tambi\u00e9n. Al Betis, despu\u00e9s de tantos a\u00f1os, lo conozco bien: al estadio, a la gente\u2026 Hay varios puestos que me van. \u00bfEntrenador? Dif\u00edcil<\/em><\/span><\/p>\n<p><span style=\"color: #339966\"><em>\u00a0<\/em><\/span><\/p>\n<p><span style=\"color: #339966\"><em>Tel\u00f3n a una etapa important\u00edsima en la vida de una persona. \u201cSon muchos a\u00f1os como te he dicho. Y no s\u00e9 a partir de ahora qu\u00e9 sentir\u00e9 cuando me levante por la ma\u00f1ana y no venga para ac\u00e1, para el estadio, a entrenar\u2026\u201d\u00a0 Entonces Ben\u00edtez sentir\u00e1 el pellizco fuerte de la nostalgia en verdiblanco.<\/em><\/span><\/p>\n<p><span style=\"color: #339966\"><em>\u00a0<\/em><\/span><\/p>\n<p><span style=\"color: #339966\"><em>Un jugador discutido muchas veces, ensalzado siempre. Facultades fabulosas y destilando en cada jugada, en cada pase, ese arte innato a una clase de futbolistas del Sur que parece que cada vez quedan menos. Se dec\u00eda de Ben\u00edtez que pod\u00eda y no quer\u00eda\u2026<\/em><\/span><\/p>\n<p><span style=\"color: #339966\"><em>\u00a0<\/em><\/span><\/p>\n<p><span style=\"color: #339966\"><em>&#8211;\u00a0\u00a0\u00a0\u00a0\u00a0 Querer, yo he querido siempre. La afici\u00f3n interpretaba otra cosa. Pero siempre quise. Como pasa a todo el mundo, yo me he equivocado muchas veces y ya no se puede rectificar.<\/em><\/span><\/p>\n<p><span style=\"color: #339966\"><em>\u00a0<\/em><\/span><\/p>\n<p><span style=\"color: #339966\"><em>Querer y poder. Poder y querer. Antonio Ben\u00edtez, una forma de entender el f\u00fatbol. \u201cLo que ten\u00eda lo daba siempre. Sobre ese aspecto me voy muy tranquilo\u201d. Y Ben\u00edtez, en este punto, habla sobre su fr\u00e1gil moral\u2026<\/em><\/span><\/p>\n<p><span style=\"color: #339966\"><em>\u00a0<\/em><\/span><\/p>\n<p><span style=\"color: #339966\"><em>&#8211;\u00a0\u00a0\u00a0\u00a0\u00a0 S\u00ed, soy un futbolista con moral fr\u00e1gil. La moral es una cualidad m\u00e1s. He visto futbolistas malos y han llegado a altos lugares por tener una moral fuerte. Lo m\u00edo es innato. Si no eres fuerte moralmente\u2026<\/em><\/span><\/p>\n<p><span style=\"color: #339966\"><em>\u00a0<\/em><\/span><\/p>\n<p><span style=\"color: #339966\"><em>Con el Betis siempre. Con el Betis, el todo y el nada. El triunfo y el fracaso. Ben\u00edtez\u2026<\/em><\/span><\/p>\n<p><span style=\"color: #339966\"><em>\u00a0<\/em><\/span><\/p>\n<p><span style=\"color: #339966\"><em>&#8211;\u00a0\u00a0\u00a0\u00a0\u00a0 La mejor etapa de la historia del Betis ha coincidido con mi estancia en el club. Copa del Rey, Recopa\u2026Fueron d\u00edas muy felices<\/em><\/span><\/p>\n<p><span style=\"color: #339966\"><em>&#8211;\u00a0\u00a0\u00a0\u00a0\u00a0 Compa\u00f1eros\u2026<\/em><\/span><\/p>\n<p><span style=\"color: #339966\"><em>&#8211;\u00a0\u00a0\u00a0\u00a0\u00a0 Siempre me lleve bien con todos. No tengo por qu\u00e9 destacar a ninguno en especial<\/em><\/span><\/p>\n<p><span style=\"color: #339966\"><em>&#8211;\u00a0\u00a0\u00a0\u00a0\u00a0 Un mal momento\u2026<\/em><\/span><\/p>\n<p><span style=\"color: #339966\"><em>&#8211;\u00a0\u00a0\u00a0\u00a0\u00a0 Este de ahora es malo. Pero hay que resignarse y pensar en que te tienes que ir<\/em><\/span><\/p>\n<p><span style=\"color: #339966\"><em>\u00a0<\/em><\/span><\/p>\n<p>&nbsp;<\/p>\n<p>Fuente: J.Lebron en ABC 16 de junio de 1983<\/p>\n<p>&nbsp;<\/p>\n<p>&nbsp;<\/p>\n","protected":false},"excerpt":{"rendered":"<p>En junio de 1983, tras catorce temporadas en el Betis desde que en febrero de 1970 llegase procedente del Xerez Deportivo, a Antonio Ben\u00edtez le llega la hora de decir adi\u00f3s. M\u00e1s de 300 partidos de Liga con la camiseta verdiblanca, 60 en Copa, 4 en competiciones europeas, m\u00e1s de 20 en el Campeonato Andaluz&#8230;<\/p>\n","protected":false},"author":5,"featured_media":34789,"comment_status":"open","ping_status":"open","sticky":false,"template":"","format":"standard","meta":{"_kad_post_transparent":"","_kad_post_title":"","_kad_post_layout":"","_kad_post_sidebar_id":"","_kad_post_content_style":"","_kad_post_vertical_padding":"","_kad_post_feature":"","_kad_post_feature_position":"","_kad_post_header":false,"_kad_post_footer":false,"_kad_post_classname":"","_jetpack_memberships_contains_paid_content":false,"footnotes":"","jetpack_publicize_message":"","jetpack_publicize_feature_enabled":true,"jetpack_social_post_already_shared":true,"jetpack_social_options":{"image_generator_settings":{"template":"highway","default_image_id":0,"font":"","enabled":false},"version":2}},"categories":[904,893,1],"tags":[2186,4327,1120],"class_list":["post-34788","post","type-post","status-publish","format-standard","has-post-thumbnail","hentry","category-1980-1989","category-jugadores-temas","category-portada","tag-1982-83","tag-4327","tag-antonio-benitez"],"jetpack_publicize_connections":[],"jetpack_featured_media_url":"https:\/\/i0.wp.com\/www.manquepierda.com\/historiarealbetis\/files\/2014\/02\/Ben%C3%ADtez.jpg?fit=182%2C275&ssl=1","jetpack_sharing_enabled":true,"jetpack_shortlink":"https:\/\/wp.me\/p1ij08-936","jetpack-related-posts":[],"_links":{"self":[{"href":"https:\/\/www.manquepierda.com\/historiarealbetis\/wp-json\/wp\/v2\/posts\/34788","targetHints":{"allow":["GET"]}}],"collection":[{"href":"https:\/\/www.manquepierda.com\/historiarealbetis\/wp-json\/wp\/v2\/posts"}],"about":[{"href":"https:\/\/www.manquepierda.com\/historiarealbetis\/wp-json\/wp\/v2\/types\/post"}],"author":[{"embeddable":true,"href":"https:\/\/www.manquepierda.com\/historiarealbetis\/wp-json\/wp\/v2\/users\/5"}],"replies":[{"embeddable":true,"href":"https:\/\/www.manquepierda.com\/historiarealbetis\/wp-json\/wp\/v2\/comments?post=34788"}],"version-history":[{"count":0,"href":"https:\/\/www.manquepierda.com\/historiarealbetis\/wp-json\/wp\/v2\/posts\/34788\/revisions"}],"wp:featuredmedia":[{"embeddable":true,"href":"https:\/\/www.manquepierda.com\/historiarealbetis\/wp-json\/wp\/v2\/media\/34789"}],"wp:attachment":[{"href":"https:\/\/www.manquepierda.com\/historiarealbetis\/wp-json\/wp\/v2\/media?parent=34788"}],"wp:term":[{"taxonomy":"category","embeddable":true,"href":"https:\/\/www.manquepierda.com\/historiarealbetis\/wp-json\/wp\/v2\/categories?post=34788"},{"taxonomy":"post_tag","embeddable":true,"href":"https:\/\/www.manquepierda.com\/historiarealbetis\/wp-json\/wp\/v2\/tags?post=34788"}],"curies":[{"name":"wp","href":"https:\/\/api.w.org\/{rel}","templated":true}]}}