{"id":34810,"date":"2014-03-01T08:53:02","date_gmt":"2014-03-01T07:53:02","guid":{"rendered":"http:\/\/www.manquepierda.com\/historiarealbetis\/?p=34810"},"modified":"2019-05-22T14:56:18","modified_gmt":"2019-05-22T12:56:18","slug":"visitamos-al-villarreal-cf-2","status":"publish","type":"post","link":"https:\/\/www.manquepierda.com\/historiarealbetis\/visitamos-al-villarreal-cf-2\/","title":{"rendered":"Visitamos al Villarreal CF"},"content":{"rendered":"<p>&nbsp;<\/p>\n<p><a href=\"https:\/\/www.manquepierda.com\/historiarealbetis\/34810-visitamos-al-villarreal-cf-2\/villarreal\/\" rel=\"attachment wp-att-34811\"><img data-recalc-dims=\"1\" loading=\"lazy\" decoding=\"async\" class=\"alignleft size-full wp-image-34811\" src=\"https:\/\/i0.wp.com\/www.manquepierda.com\/historiarealbetis\/files\/2014\/02\/Villarreal.jpg?resize=254%2C199&#038;ssl=1\" alt=\"Villarreal\" width=\"254\" height=\"199\" srcset=\"https:\/\/i0.wp.com\/www.manquepierda.com\/historiarealbetis\/files\/2014\/02\/Villarreal.jpg?w=254&amp;ssl=1 254w, https:\/\/i0.wp.com\/www.manquepierda.com\/historiarealbetis\/files\/2014\/02\/Villarreal.jpg?resize=220%2C172&amp;ssl=1 220w\" sizes=\"auto, (max-width: 254px) 100vw, 254px\" \/><\/a>Ma\u00f1ana a las 12 horas \u00a0visitaremos al Villarreal Club de F\u00fatbol, equipo fundado en 1923 y que ha disputado 14 temporadas en Primera Divisi\u00f3n, 10 en Segunda, 4 en Segunda B y 23 en Tercera.<\/p>\n<p>Ser\u00e1 la ocasi\u00f3n n\u00famero 15 en que el Betis dispute un partido oficial en El Madrigal. Las 14 anteriores se han repartido as\u00ed:\u00a0 10 partidos en Primera Divisi\u00f3n (4 victorias locales, 2 empates y 4 victorias b\u00e9ticas),\u00a0 3 partidos en Segunda (1 victoria local y 2 victorias b\u00e9ticas) y 1 partido de Copa, que tambi\u00e9n finaliz\u00f3 con victoria verdiblanca.<\/p>\n<p>Precisamente fue este partido de Copa el primer encuentro que el Betis disput\u00f3 en El Madrigal, un 6 de Diciembre de 1973 en partido de ida de la tercera eliminatoria de Copa, y en el que el equipo b\u00e9tico se impuso 1-2 con dos tantos de Rafael Del Pozo.<\/p>\n<p>&nbsp;<\/p>\n<p>Entre los jugadores que han militado en los dos equipos podemos mencionar a Angel L\u00f3pez, Antonio Puerta \u201cA\u00f1o\u00f1o\u201d, Jos\u00e9 Antonio Dorado, Jefferson Montero, Jos\u00e9 Mari Romero, Javier Matilla, Mart\u00edn Palermo, Jonathan Pereira, Antonio Reyes, Leandro Somoza y Jordi Vinyals.<\/p>\n<p>Juan Carlos Garrido ha sido el \u00fanico entrenador que ha compartido ambos banquillos.<\/p>\n","protected":false},"excerpt":{"rendered":"<p>&nbsp; Ma\u00f1ana a las 12 horas \u00a0visitaremos al Villarreal Club de F\u00fatbol, equipo fundado en 1923 y que ha disputado 14 temporadas en Primera Divisi\u00f3n, 10 en Segunda, 4 en Segunda B y 23 en Tercera. Ser\u00e1 la ocasi\u00f3n n\u00famero 15 en que el Betis dispute un partido oficial en El Madrigal. Las 14 anteriores&#8230;<\/p>\n","protected":false},"author":5,"featured_media":34811,"comment_status":"open","ping_status":"open","sticky":false,"template":"","format":"standard","meta":{"_kad_post_transparent":"","_kad_post_title":"","_kad_post_layout":"","_kad_post_sidebar_id":"","_kad_post_content_style":"","_kad_post_vertical_padding":"","_kad_post_feature":"","_kad_post_feature_position":"","_kad_post_header":false,"_kad_post_footer":false,"_kad_post_classname":"","_jetpack_memberships_contains_paid_content":false,"footnotes":"","jetpack_publicize_message":"","jetpack_publicize_feature_enabled":true,"jetpack_social_post_already_shared":true,"jetpack_social_options":{"image_generator_settings":{"template":"highway","default_image_id":0,"font":"","enabled":false},"version":2}},"categories":[895,1],"tags":[6854,4002,1146,4004,4003,471,4006,2245,1310,9968,4005,4018,4007],"class_list":["post-34810","post","type-post","status-publish","format-standard","has-post-thumbnail","hentry","category-los-rivales","category-portada","tag-angel-lopez","tag-antonio-puerta-anono","tag-antonio-reyes","tag-javier-matilla","tag-jefferson-montero","tag-jonathan-pereira","tag-jordi-vinyals","tag-jose-antonio-dorado","tag-jose-mari-romero","tag-juan-carlos-garrido","tag-leandro-somoza","tag-martin-palermo","tag-villarreal-cf"],"jetpack_publicize_connections":[],"jetpack_featured_media_url":"https:\/\/i0.wp.com\/www.manquepierda.com\/historiarealbetis\/files\/2014\/02\/Villarreal.jpg?fit=254%2C199&ssl=1","jetpack_sharing_enabled":true,"jetpack_shortlink":"https:\/\/wp.me\/p1ij08-93s","jetpack-related-posts":[],"_links":{"self":[{"href":"https:\/\/www.manquepierda.com\/historiarealbetis\/wp-json\/wp\/v2\/posts\/34810","targetHints":{"allow":["GET"]}}],"collection":[{"href":"https:\/\/www.manquepierda.com\/historiarealbetis\/wp-json\/wp\/v2\/posts"}],"about":[{"href":"https:\/\/www.manquepierda.com\/historiarealbetis\/wp-json\/wp\/v2\/types\/post"}],"author":[{"embeddable":true,"href":"https:\/\/www.manquepierda.com\/historiarealbetis\/wp-json\/wp\/v2\/users\/5"}],"replies":[{"embeddable":true,"href":"https:\/\/www.manquepierda.com\/historiarealbetis\/wp-json\/wp\/v2\/comments?post=34810"}],"version-history":[{"count":0,"href":"https:\/\/www.manquepierda.com\/historiarealbetis\/wp-json\/wp\/v2\/posts\/34810\/revisions"}],"wp:featuredmedia":[{"embeddable":true,"href":"https:\/\/www.manquepierda.com\/historiarealbetis\/wp-json\/wp\/v2\/media\/34811"}],"wp:attachment":[{"href":"https:\/\/www.manquepierda.com\/historiarealbetis\/wp-json\/wp\/v2\/media?parent=34810"}],"wp:term":[{"taxonomy":"category","embeddable":true,"href":"https:\/\/www.manquepierda.com\/historiarealbetis\/wp-json\/wp\/v2\/categories?post=34810"},{"taxonomy":"post_tag","embeddable":true,"href":"https:\/\/www.manquepierda.com\/historiarealbetis\/wp-json\/wp\/v2\/tags?post=34810"}],"curies":[{"name":"wp","href":"https:\/\/api.w.org\/{rel}","templated":true}]}}