{"id":35035,"date":"2014-03-13T11:05:38","date_gmt":"2014-03-13T10:05:38","guid":{"rendered":"http:\/\/www.manquepierda.com\/historiarealbetis\/?p=35035"},"modified":"2024-10-04T23:47:51","modified_gmt":"2024-10-04T21:47:51","slug":"1915-febrero-07-campo-mercantil-sevilla-fbc-4-vs-real-betis-balompie-3-goles","status":"publish","type":"post","link":"https:\/\/www.manquepierda.com\/historiarealbetis\/1915-febrero-07-campo-mercantil-sevilla-fbc-4-vs-real-betis-balompie-3-goles\/","title":{"rendered":"1915-Febrero 07-Campo Mercantil: Sevilla FbC-4 vs. Real Betis BALOMPI\u00c9-3 goles."},"content":{"rendered":"<p><strong><em>\u00abENTRE LAS SOCIEDADES SEVILLANAS REAL BETIS BALOMPI\u00c9 Y SEVILLA FOOT-BALL CLUB, SE HA JUGADO EL PASADO DOMINGO 07 DE FEBRERO DE 1915,\u00a0 UN PARTIDO ELIMINATORIO,\u00a0 EL CUAL,\u00a0 PARA LA COPA DE ORO DEL PRIMER DUQUE DE SANTO MAURO-MARIANO FERN\u00c1NDEZ DE HENESTROSA Y ORTIZ DE MIO\u00d1O (1890-1919),\u00a0 NO ES V\u00c1LIDO,\u00a0 PUES ESTE CONCURSO ES POR PUNTO.\u00a0 TOTAL,\u00a0 UN ENCUENTRO M\u00c1S ENTRE AMBOS CLUBES\u00bb.<\/em><\/strong><\/p>\n<p><a href=\"https:\/\/www.manquepierda.com\/historiarealbetis\/35035-1915-febrero-07-campo-mercantil-sevilla-fbc-4-vs-real-betis-balompie-3-goles\/copa-santo-mauro-300x281\/\" rel=\"attachment wp-att-35045\"><img data-recalc-dims=\"1\" loading=\"lazy\" decoding=\"async\" class=\"aligncenter size-full wp-image-35045\" src=\"https:\/\/i0.wp.com\/www.manquepierda.com\/historiarealbetis\/files\/2014\/03\/Copa-Santo-Mauro-300x281.jpg?resize=300%2C281&#038;ssl=1\" alt=\"Copa-Santo-Mauro-300x281\" width=\"300\" height=\"281\" srcset=\"https:\/\/i0.wp.com\/www.manquepierda.com\/historiarealbetis\/files\/2014\/03\/Copa-Santo-Mauro-300x281.jpg?resize=300%2C281&amp;ssl=1 300w, https:\/\/i0.wp.com\/www.manquepierda.com\/historiarealbetis\/files\/2014\/03\/Copa-Santo-Mauro-300x281.jpg?resize=220%2C206&amp;ssl=1 220w\" sizes=\"auto, (max-width: 300px) 100vw, 300px\" \/><\/a><strong>Fuente: \u00abDEPORTES\u00bb-Teatros y Toros\u00bb.-Revista Decenal dedicada \u00e1 los aficionados \u00e1 los Deportes,\u00a0 Teatros,\u00a0 Toros.-N\u00aa 91-4\u00aa p\u00e1gina:\u00a0 \u00abBALOMPI\u00c9\u00bb.-Campeonato \u00abCopa Santo Mauro\u00bb.-C\u00c1DIZ, jueves 18 de Febrero de 1915.<br \/>\n<\/strong><\/p>\n<p style=\"text-align: center\"><strong>1915-FEBRERO 07-DOMINGO EN SEVILLA.-PRADO DE SAN SEBASTI\u00c1N.-TERRENO DE JUEGO \u00abEL MERCANTIL\u00bb (SFbC 1913-1918).<\/strong><\/p>\n<p style=\"text-align: center\"><strong>Referee Mr. ALEXANDER D. MILLER (RBB).<\/strong><\/p>\n<figure id=\"attachment_35036\" aria-describedby=\"caption-attachment-35036\" style=\"width: 680px\" class=\"wp-caption aligncenter\"><a href=\"https:\/\/www.manquepierda.com\/historiarealbetis\/35035-1915-febrero-07-campo-mercantil-sevilla-fbc-4-vs-real-betis-balompie-3-goles\/19150215-1\/\" rel=\"attachment wp-att-35036\"><img data-recalc-dims=\"1\" loading=\"lazy\" decoding=\"async\" class=\"size-medium wp-image-35036\" src=\"https:\/\/i0.wp.com\/www.manquepierda.com\/historiarealbetis\/files\/2014\/03\/19150215.1.jpg?resize=680%2C505&#038;ssl=1\" alt=\"mmm\" width=\"680\" height=\"505\" srcset=\"https:\/\/i0.wp.com\/www.manquepierda.com\/historiarealbetis\/files\/2014\/03\/19150215.1.jpg?resize=680%2C505&amp;ssl=1 680w, https:\/\/i0.wp.com\/www.manquepierda.com\/historiarealbetis\/files\/2014\/03\/19150215.1.jpg?resize=220%2C163&amp;ssl=1 220w, https:\/\/i0.wp.com\/www.manquepierda.com\/historiarealbetis\/files\/2014\/03\/19150215.1.jpg?resize=941%2C700&amp;ssl=1 941w, https:\/\/i0.wp.com\/www.manquepierda.com\/historiarealbetis\/files\/2014\/03\/19150215.1.jpg?w=1581&amp;ssl=1 1581w\" sizes=\"auto, (max-width: 680px) 100vw, 680px\" \/><\/a><figcaption id=\"caption-attachment-35036\" class=\"wp-caption-text\"><strong>Foto efectuada por don CARLOS ALARC\u00d3N DE LA LASTRA gentilmente cedida por su hijo don Jos\u00e9 Antonio Alarc\u00f3n De la Oliva y nieto Carlos Alarc\u00f3n S\u00e1nchez.<\/strong><\/figcaption><\/figure>\n<p style=\"text-align: center\">REAL BETIS BALOMPI\u00c9 (Camisolines VERDES-botella; Calzonas BLANCAS)-3 GOLES:<\/p>\n<p style=\"text-align: center\">0-1.-CARMELO Navarro Hurtado; 0-2.-Jos\u00e9 HERMOSA Guti\u00e9rrez; 1-3.-Alberto HENKE Montero de Espinosa.-Marcador final primer tiempo.<\/p>\n<figure id=\"attachment_35037\" aria-describedby=\"caption-attachment-35037\" style=\"width: 315px\" class=\"wp-caption alignright\"><a href=\"https:\/\/www.manquepierda.com\/historiarealbetis\/35035-1915-febrero-07-campo-mercantil-sevilla-fbc-4-vs-real-betis-balompie-3-goles\/herbert-richard-jones-vengouzel-6\/\" rel=\"attachment wp-att-35037\"><img data-recalc-dims=\"1\" loading=\"lazy\" decoding=\"async\" class=\"size-full wp-image-35037\" src=\"https:\/\/i0.wp.com\/www.manquepierda.com\/historiarealbetis\/files\/2014\/03\/Herbert-Richard-Jones-Vengouzel.jpg?resize=315%2C416&#038;ssl=1\" alt=\"mmm\" width=\"315\" height=\"416\" srcset=\"https:\/\/i0.wp.com\/www.manquepierda.com\/historiarealbetis\/files\/2014\/03\/Herbert-Richard-Jones-Vengouzel.jpg?w=315&amp;ssl=1 315w, https:\/\/i0.wp.com\/www.manquepierda.com\/historiarealbetis\/files\/2014\/03\/Herbert-Richard-Jones-Vengouzel.jpg?resize=166%2C220&amp;ssl=1 166w\" sizes=\"auto, (max-width: 315px) 100vw, 315px\" \/><\/a><figcaption id=\"caption-attachment-35037\" class=\"wp-caption-text\"><strong>MR. HERBERT RICHARD JONES VENGOUZEL (a) \u00abPAP\u00c1 YONES\u00bb.-29 A\u00f1os y 4 meses.-<\/strong><\/figcaption><\/figure>\n<p style=\"text-align: right\"><strong>PRIMER PRESIDENTE REAL BETIS BALOMPIE (Sexto desde Sociedad Sevilla Balompi\u00e9+Real Betis Foot-ball Club).<\/strong><\/p>\n<p style=\"text-align: right\"><strong>Natural de COLOMBO (capital comercial de Sri Lanka), martes 08 de Septoembre de 1885.<\/strong><\/p>\n<p style=\"text-align: right\"><strong>Obituario.-STREATHAM-Condado de Greater London (UK), viernes 29 de Septiembre de 1950.<\/strong><\/p>\n<p style=\"text-align: right\"><strong>65 A\u00f1os y 21 d\u00edas.-D. E. P.<\/strong><\/p>\n<p style=\"text-align: right\">Fuente.-\u00abTodos los presidentes del Real Betis Balompi\u00e9\u00bb e Internet poblaciones.<\/p>\n<figure id=\"attachment_35038\" aria-describedby=\"caption-attachment-35038\" style=\"width: 158px\" class=\"wp-caption alignleft\"><a href=\"https:\/\/www.manquepierda.com\/historiarealbetis\/35035-1915-febrero-07-campo-mercantil-sevilla-fbc-4-vs-real-betis-balompie-3-goles\/manuel-ramos-asensio2\/\" rel=\"attachment wp-att-35038\"><img data-recalc-dims=\"1\" loading=\"lazy\" decoding=\"async\" class=\"size-thumbnail wp-image-35038\" src=\"https:\/\/i0.wp.com\/www.manquepierda.com\/historiarealbetis\/files\/2014\/03\/Manuel-Ramos-Asensio2.jpg?resize=158%2C220&#038;ssl=1\" alt=\"MMM\" width=\"158\" height=\"220\" srcset=\"https:\/\/i0.wp.com\/www.manquepierda.com\/historiarealbetis\/files\/2014\/03\/Manuel-Ramos-Asensio2.jpg?resize=158%2C220&amp;ssl=1 158w, https:\/\/i0.wp.com\/www.manquepierda.com\/historiarealbetis\/files\/2014\/03\/Manuel-Ramos-Asensio2.jpg?w=368&amp;ssl=1 368w\" sizes=\"auto, (max-width: 158px) 100vw, 158px\" \/><\/a><figcaption id=\"caption-attachment-35038\" class=\"wp-caption-text\"><strong>MANUEL RAMOS ASENSIO.-23 A\u00f1os (Imagen: \u00abPrimeros pasos del foot-ball sevillano\u00bb.<\/strong><\/figcaption><\/figure>\n<p style=\"text-align: left\"><strong>CAPIT\u00c1N ENTRENADOR REAL BETIS BALOMPI\u00c9-TEMPORADA 1914-1915.<\/strong><\/p>\n<p style=\"text-align: left\"><strong>Natural de ISLA CRISTINA (Huelva), 00-00-1892.<\/strong><\/p>\n<p style=\"text-align: left\"><strong>Obituario.-CAZALLA DE LA SIERRA (Sevilla), s\u00e1bado 25 de Diciembre de 1954.<\/strong><\/p>\n<p style=\"text-align: left\"><strong>62 A\u00f1os.-D. E. P.<\/strong><\/p>\n<p style=\"text-align: left\"><strong>Jos\u00e9 FERN\u00c1NDEZ-ZU\u00d1IGA Guzm\u00e1n.-HILARIO Navarro Hurtado-Manuel RAMOS Asensio-Antonio PALACIOS Zambrano-Manuel G\u00d3MEZ-Andr\u00e9s HERMOSA Guti\u00e9rrez-Antonio RAMOS Ruiz (a) \u00abEl Cerillero\u00bb, Jos\u00e9 HERMOSA Guti\u00e9rrez-CARMELO Navarro Hurtado-Alberto HENKE Montero de Espinosa (a) \u00abEl Rey del Ch\u00fa\u00bb-NORIEGA.<\/strong><\/p>\n<p style=\"text-align: center\">VS.<\/p>\n<figure id=\"attachment_35039\" aria-describedby=\"caption-attachment-35039\" style=\"width: 680px\" class=\"wp-caption aligncenter\"><a href=\"https:\/\/www.manquepierda.com\/historiarealbetis\/35035-1915-febrero-07-campo-mercantil-sevilla-fbc-4-vs-real-betis-balompie-3-goles\/19150215-2\/\" rel=\"attachment wp-att-35039\"><img data-recalc-dims=\"1\" loading=\"lazy\" decoding=\"async\" class=\"size-medium wp-image-35039\" src=\"https:\/\/i0.wp.com\/www.manquepierda.com\/historiarealbetis\/files\/2014\/03\/19150215.2.jpg?resize=680%2C505&#038;ssl=1\" alt=\"MMMM\" width=\"680\" height=\"505\" srcset=\"https:\/\/i0.wp.com\/www.manquepierda.com\/historiarealbetis\/files\/2014\/03\/19150215.2.jpg?resize=680%2C505&amp;ssl=1 680w, https:\/\/i0.wp.com\/www.manquepierda.com\/historiarealbetis\/files\/2014\/03\/19150215.2.jpg?resize=220%2C163&amp;ssl=1 220w, https:\/\/i0.wp.com\/www.manquepierda.com\/historiarealbetis\/files\/2014\/03\/19150215.2.jpg?resize=941%2C700&amp;ssl=1 941w, https:\/\/i0.wp.com\/www.manquepierda.com\/historiarealbetis\/files\/2014\/03\/19150215.2.jpg?w=1569&amp;ssl=1 1569w\" sizes=\"auto, (max-width: 680px) 100vw, 680px\" \/><\/a><figcaption id=\"caption-attachment-35039\" class=\"wp-caption-text\"><strong>Imagen realizada por don CARLOS ALARC\u00d3N DE LA LASTRA gentilmente cedida por su hijo don Jos\u00e9 Antonio Alarc\u00f3n De la Oliva y nieto Carlos Alarc\u00f3n S\u00e1nchez.<\/strong><\/figcaption><\/figure>\n<p style=\"text-align: center\">SEVILLA FbC-4 Tantos.<\/p>\n<p style=\"text-align: center\"><strong>1-2.-Gregorio Navarro;\u00a0 tras descanso reglamentario: 2-3, 3-3, 4-3 (pena m\u00e1xima por manos Ramos Asensio) Alfonso Mata<\/strong><\/p>\n<p style=\"text-align: center\">Presidente don Francisco Javier Alba y Alarc\u00f3n.<\/p>\n<p style=\"text-align: left\">Entrenador Eugenio Eizaguirre Pozzi.<\/p>\n<p style=\"text-align: left\">Francisco D\u00cdAZ Garc\u00eda.-Manuel P\u00c9REZ Centeno-Manuel TRUJILLO Carnal.-Nicol\u00e1s CARRETERO Luca de Tena-Duncan THOMPSON-Diego Otero S\u00e1nchez (a) \u00abNI\u00d1O VEGA\u00bb.-Enrique G\u00f3mez Mu\u00f1oz (a) \u00abSPENCER\u00bb-Gregorio NAVARRO-Alfonso MATA-Carlos Garc\u00eda LECOMPTE-Jos\u00e9 PEIZOTO Fern\u00e1ndez.<\/p>\n<p>&nbsp;<\/p>\n<p>&nbsp;<\/p>\n<p>&nbsp;<\/p>\n","protected":false},"excerpt":{"rendered":"<p>\u00abENTRE LAS SOCIEDADES SEVILLANAS REAL BETIS BALOMPI\u00c9 Y SEVILLA FOOT-BALL CLUB, SE HA JUGADO EL PASADO DOMINGO 07 DE FEBRERO DE 1915,\u00a0 UN PARTIDO ELIMINATORIO,\u00a0 EL CUAL,\u00a0 PARA LA COPA DE ORO DEL PRIMER DUQUE DE SANTO MAURO-MARIANO FERN\u00c1NDEZ DE HENESTROSA Y ORTIZ DE MIO\u00d1O (1890-1919),\u00a0 NO ES V\u00c1LIDO,\u00a0 PUES ESTE CONCURSO ES POR PUNTO.\u00a0&#8230;<\/p>\n","protected":false},"author":48,"featured_media":35036,"comment_status":"open","ping_status":"open","sticky":false,"template":"","format":"standard","meta":{"_kad_post_transparent":"","_kad_post_title":"","_kad_post_layout":"","_kad_post_sidebar_id":"","_kad_post_content_style":"","_kad_post_vertical_padding":"","_kad_post_feature":"","_kad_post_feature_position":"","_kad_post_header":false,"_kad_post_footer":false,"_kad_post_classname":"","_jetpack_memberships_contains_paid_content":false,"footnotes":"","jetpack_publicize_message":"","jetpack_publicize_feature_enabled":true,"jetpack_social_post_already_shared":true,"jetpack_social_options":{"image_generator_settings":{"template":"highway","default_image_id":0,"font":"","enabled":false},"version":2}},"categories":[896,1],"tags":[12316,17027,3411,5104,916],"class_list":["post-35035","post","type-post","status-publish","format-standard","has-post-thumbnail","hentry","category-1908-1919","category-portada","tag-deportes-revista-cadiz-1915","tag-1914-15","tag-3411","tag-campeonato-copa-de-santo-mauro-1915","tag-sevilla-fc"],"jetpack_publicize_connections":[],"jetpack_featured_media_url":"https:\/\/i0.wp.com\/www.manquepierda.com\/historiarealbetis\/files\/2014\/03\/19150215.1.jpg?fit=1581%2C1175&ssl=1","jetpack_sharing_enabled":true,"jetpack_shortlink":"https:\/\/wp.me\/p1ij08-975","jetpack-related-posts":[],"_links":{"self":[{"href":"https:\/\/www.manquepierda.com\/historiarealbetis\/wp-json\/wp\/v2\/posts\/35035","targetHints":{"allow":["GET"]}}],"collection":[{"href":"https:\/\/www.manquepierda.com\/historiarealbetis\/wp-json\/wp\/v2\/posts"}],"about":[{"href":"https:\/\/www.manquepierda.com\/historiarealbetis\/wp-json\/wp\/v2\/types\/post"}],"author":[{"embeddable":true,"href":"https:\/\/www.manquepierda.com\/historiarealbetis\/wp-json\/wp\/v2\/users\/48"}],"replies":[{"embeddable":true,"href":"https:\/\/www.manquepierda.com\/historiarealbetis\/wp-json\/wp\/v2\/comments?post=35035"}],"version-history":[{"count":1,"href":"https:\/\/www.manquepierda.com\/historiarealbetis\/wp-json\/wp\/v2\/posts\/35035\/revisions"}],"predecessor-version":[{"id":95972,"href":"https:\/\/www.manquepierda.com\/historiarealbetis\/wp-json\/wp\/v2\/posts\/35035\/revisions\/95972"}],"wp:featuredmedia":[{"embeddable":true,"href":"https:\/\/www.manquepierda.com\/historiarealbetis\/wp-json\/wp\/v2\/media\/35036"}],"wp:attachment":[{"href":"https:\/\/www.manquepierda.com\/historiarealbetis\/wp-json\/wp\/v2\/media?parent=35035"}],"wp:term":[{"taxonomy":"category","embeddable":true,"href":"https:\/\/www.manquepierda.com\/historiarealbetis\/wp-json\/wp\/v2\/categories?post=35035"},{"taxonomy":"post_tag","embeddable":true,"href":"https:\/\/www.manquepierda.com\/historiarealbetis\/wp-json\/wp\/v2\/tags?post=35035"}],"curies":[{"name":"wp","href":"https:\/\/api.w.org\/{rel}","templated":true}]}}