{"id":35049,"date":"2014-03-19T07:34:50","date_gmt":"2014-03-19T06:34:50","guid":{"rendered":"http:\/\/www.manquepierda.com\/historiarealbetis\/?p=35049"},"modified":"2014-03-15T18:13:33","modified_gmt":"2014-03-15T17:13:33","slug":"oselito-y-el-betis","status":"publish","type":"post","link":"https:\/\/www.manquepierda.com\/historiarealbetis\/oselito-y-el-betis\/","title":{"rendered":"Oselito y el Betis"},"content":{"rendered":"<p><a href=\"https:\/\/www.manquepierda.com\/historiarealbetis\/35049-oselito-y-el-betis\/oselito-y-el-betis\/\" rel=\"attachment wp-att-35050\"><img data-recalc-dims=\"1\" loading=\"lazy\" decoding=\"async\" class=\"aligncenter size-full wp-image-35050\" alt=\"Oselito y el Betis\" src=\"https:\/\/i0.wp.com\/www.manquepierda.com\/historiarealbetis\/files\/2014\/03\/Oselito-y-el-Betis.jpg?resize=370%2C517&#038;ssl=1\" width=\"370\" height=\"517\" srcset=\"https:\/\/i0.wp.com\/www.manquepierda.com\/historiarealbetis\/files\/2014\/03\/Oselito-y-el-Betis.jpg?w=370&amp;ssl=1 370w, https:\/\/i0.wp.com\/www.manquepierda.com\/historiarealbetis\/files\/2014\/03\/Oselito-y-el-Betis.jpg?resize=157%2C220&amp;ssl=1 157w\" sizes=\"auto, (max-width: 370px) 100vw, 370px\" \/><\/a><\/p>\n<p>&nbsp;<\/p>\n<p>Una nueva obra relacionada con la historia del Real Betis Balompi\u00e9 est\u00e1 ya en las librer\u00edas. De la mano de Reyes Aguilar, y con el apoyo de la \u00a0Fundaci\u00f3n Mart\u00ednez de Le\u00f3n, contin\u00faa esta tarea de recopilaci\u00f3n y rescate de nuestro pasado.<\/p>\n<p>Esta vez bajo el protagonismo de la entra\u00f1able figura de \u00a0Oselito, el personaje \u00a0que acompa\u00f1\u00f3 al Betis Balompi\u00e9 en sus grandes haza\u00f1as futbol\u00edsticas desde los a\u00f1os 20 y 30. Sirva tambi\u00e9n esta obra para reivindicar la figura de su creador, Andr\u00e9s Mart\u00ednez de Le\u00f3n, tan poco valorado en la Sevilla a la que tanto am\u00f3.<\/p>\n<p>El contexto de la obra original que nos rescata Reyes Aguilar est\u00e1 marcado por la llegada de Benito Villamar\u00edn a la presidencia b\u00e9tica en 1955, y lo que supuso de estabilidad social y econ\u00f3mica, pero tambi\u00e9n de recuperaci\u00f3n y reivindicaci\u00f3n del pasado glorioso, y no tan glorioso, del club.<\/p>\n<p>Una tarea que a\u00fan sigue pendiente actualmente por parte del club, que no ha tomado conciencia de su propia historia como un valor \u00fanico e irrepetible.<\/p>\n<p>Damos la enhorabuena a esta muy recomendable obra.<\/p>\n<p>&nbsp;<\/p>\n","protected":false},"excerpt":{"rendered":"<p>&nbsp; Una nueva obra relacionada con la historia del Real Betis Balompi\u00e9 est\u00e1 ya en las librer\u00edas. De la mano de Reyes Aguilar, y con el apoyo de la \u00a0Fundaci\u00f3n Mart\u00ednez de Le\u00f3n, contin\u00faa esta tarea de recopilaci\u00f3n y rescate de nuestro pasado. Esta vez bajo el protagonismo de la entra\u00f1able figura de \u00a0Oselito, el&#8230;<\/p>\n","protected":false},"author":5,"featured_media":35050,"comment_status":"open","ping_status":"open","sticky":false,"template":"","format":"standard","meta":{"_kad_post_transparent":"","_kad_post_title":"","_kad_post_layout":"","_kad_post_sidebar_id":"","_kad_post_content_style":"","_kad_post_vertical_padding":"","_kad_post_feature":"","_kad_post_feature_position":"","_kad_post_header":false,"_kad_post_footer":false,"_kad_post_classname":"","_jetpack_memberships_contains_paid_content":false,"footnotes":"","jetpack_publicize_message":"","jetpack_publicize_feature_enabled":true,"jetpack_social_post_already_shared":true,"jetpack_social_options":{"image_generator_settings":{"template":"highway","default_image_id":0,"font":"","enabled":false},"version":2}},"categories":[3,1],"tags":[3577,3578,6860],"class_list":["post-35049","post","type-post","status-publish","format-standard","has-post-thumbnail","hentry","category-actualidad","category-portada","tag-andres-martinez-de-leon","tag-oselito","tag-reyes-aguilar"],"jetpack_publicize_connections":[],"jetpack_featured_media_url":"https:\/\/i0.wp.com\/www.manquepierda.com\/historiarealbetis\/files\/2014\/03\/Oselito-y-el-Betis.jpg?fit=370%2C517&ssl=1","jetpack_sharing_enabled":true,"jetpack_shortlink":"https:\/\/wp.me\/p1ij08-97j","jetpack-related-posts":[],"_links":{"self":[{"href":"https:\/\/www.manquepierda.com\/historiarealbetis\/wp-json\/wp\/v2\/posts\/35049","targetHints":{"allow":["GET"]}}],"collection":[{"href":"https:\/\/www.manquepierda.com\/historiarealbetis\/wp-json\/wp\/v2\/posts"}],"about":[{"href":"https:\/\/www.manquepierda.com\/historiarealbetis\/wp-json\/wp\/v2\/types\/post"}],"author":[{"embeddable":true,"href":"https:\/\/www.manquepierda.com\/historiarealbetis\/wp-json\/wp\/v2\/users\/5"}],"replies":[{"embeddable":true,"href":"https:\/\/www.manquepierda.com\/historiarealbetis\/wp-json\/wp\/v2\/comments?post=35049"}],"version-history":[{"count":0,"href":"https:\/\/www.manquepierda.com\/historiarealbetis\/wp-json\/wp\/v2\/posts\/35049\/revisions"}],"wp:featuredmedia":[{"embeddable":true,"href":"https:\/\/www.manquepierda.com\/historiarealbetis\/wp-json\/wp\/v2\/media\/35050"}],"wp:attachment":[{"href":"https:\/\/www.manquepierda.com\/historiarealbetis\/wp-json\/wp\/v2\/media?parent=35049"}],"wp:term":[{"taxonomy":"category","embeddable":true,"href":"https:\/\/www.manquepierda.com\/historiarealbetis\/wp-json\/wp\/v2\/categories?post=35049"},{"taxonomy":"post_tag","embeddable":true,"href":"https:\/\/www.manquepierda.com\/historiarealbetis\/wp-json\/wp\/v2\/tags?post=35049"}],"curies":[{"name":"wp","href":"https:\/\/api.w.org\/{rel}","templated":true}]}}