{"id":35197,"date":"2014-03-31T07:32:44","date_gmt":"2014-03-31T05:32:44","guid":{"rendered":"http:\/\/www.manquepierda.com\/historiarealbetis\/?p=35197"},"modified":"2024-08-10T19:21:21","modified_gmt":"2024-08-10T17:21:21","slug":"el-debut-de-quino-1964","status":"publish","type":"post","link":"https:\/\/www.manquepierda.com\/historiarealbetis\/el-debut-de-quino-1964\/","title":{"rendered":"El debut de Quino 1964"},"content":{"rendered":"<figure id=\"attachment_35198\" aria-describedby=\"caption-attachment-35198\" style=\"width: 669px\" class=\"wp-caption aligncenter\"><a href=\"https:\/\/www.manquepierda.com\/historiarealbetis\/35197-el-debut-de-quino-1964\/3-23-betis-pontevedra-imagen-3\/\" rel=\"attachment wp-att-35198\"><img data-recalc-dims=\"1\" loading=\"lazy\" decoding=\"async\" class=\"size-full wp-image-35198\" alt=\"Fuente: Sevilla 23 de marzo de 1964\" src=\"https:\/\/i0.wp.com\/www.manquepierda.com\/historiarealbetis\/files\/2014\/03\/3-23-Betis-Pontevedra-imagen-3.jpg?resize=669%2C576&#038;ssl=1\" width=\"669\" height=\"576\" srcset=\"https:\/\/i0.wp.com\/www.manquepierda.com\/historiarealbetis\/files\/2014\/03\/3-23-Betis-Pontevedra-imagen-3.jpg?w=669&amp;ssl=1 669w, https:\/\/i0.wp.com\/www.manquepierda.com\/historiarealbetis\/files\/2014\/03\/3-23-Betis-Pontevedra-imagen-3.jpg?resize=220%2C189&amp;ssl=1 220w\" sizes=\"auto, (max-width: 669px) 100vw, 669px\" \/><\/a><figcaption id=\"caption-attachment-35198\" class=\"wp-caption-text\">Fuente: Sevilla 23 de marzo de 1964<\/figcaption><\/figure>\n<p><span style=\"line-height: 1.5em\">El pasado 22 de marzo hizo 50 a\u00f1os de la imagen que hoy traemos. Se trata del partido Betis-Pontevedra de la jornada 16 \u00a0del Campeonato de Liga de Primera Divisi\u00f3n. El Betis venci\u00f3 3-0 con 2 goles de Molina y otro de Pallar\u00e9s, pero ese partido tuvo la particularidad de que en \u00e9l debut\u00f3 de forma oficial con el primer equipo b\u00e9tico Joaqu\u00edn Sierra \u00abQuino\u00bb, uno de los grandes de la historia verdiblanca.<\/span><\/p>\n<p>Quino ya hab\u00eda jugado en amistosos con el Betis, aun perteneciendo al Triana Balompi\u00e9. As\u00ed el 30 de enero de 1963 en un partido contra el Eldense sustituy\u00f3 en el minuto 46 a Pallar\u00e9s, y en el minuto 50 marc\u00f3 un gol. Y el 15 de junio de ese mismo a\u00f1o particip\u00f3 en el amistoso contra el equipo brasile\u00f1o de la Portuguesa con el que se cerr\u00f3 la temporada, supliendo a Fernando Ansola. En la temporada 1963-64 jug\u00f3 en diversos amistosos: el 8 de septiembre contra el Algeciras, el 10 de septiembre contra el Kimber de Utrera, 1 de noviembre frente al Granada y el 3 de marzo frente al Rajah de Casablanca.<\/p>\n<p>Fue Ernesto Pons el que le hizo jugar sus primero partidos amistosos con el Betis, \u00a0y Domingo Balmanya con quien debut\u00f3 de forma oficial.<\/p>\n<p>Cuando debuta con el primer equipo b\u00e9tico de forma oficial Quino ten\u00eda 18 a\u00f1os y jugaba en Tercera Divisi\u00f3n con el filial b\u00e9tico, el Triana Balompi\u00e9, adem\u00e1s de ser internacional juvenil y participar de forma habitual en la selecci\u00f3n juvenil andaluza.<\/p>\n<p>Una circunstancia curiosa de este partido con el Pontevedra es que se disput\u00f3 el Domingo de Ramos a las 4 de la tarde, como recordaba hace poco<a href=\"http:\/\/www.diariodesevilla.es\/article\/cofradias\/1738088\/la\/mano\/padre.html\"> Luis Carlos Peris en Diario de Sevilla\u00a0<\/a><span style=\"line-height: 1.5em\"><a href=\"http:\/\/www.diariodesevilla.es\/article\/cofradias\/1738088\/la\/mano\/padre.html\">.<\/a>\u00a0 Una ciudad m\u00e1s peque\u00f1a y sin las masas de hoy en d\u00eda, \u00a0que a\u00fan permit\u00eda compaginar el f\u00fatbol y la Semana Santa en la misma tarde. La \u00fanica modificaci\u00f3n de horario estuvo en que el partido se disput\u00f3 a las 16 horas, media hora antes del horario habitual que desde febrero manten\u00eda el Betis en sus partidos en casa.<\/span><\/p>\n<p style=\"text-align: center\"><span style=\"line-height: 1.5em\"><a href=\"https:\/\/www.manquepierda.com\/historiarealbetis\/35197-el-debut-de-quino-1964\/3-21-anuncio-betis-pontevedra\/\" rel=\"attachment wp-att-35199\"><img data-recalc-dims=\"1\" loading=\"lazy\" decoding=\"async\" class=\"aligncenter  wp-image-35199\" alt=\"3-21 Anuncio Betis-Pontevedra\" src=\"https:\/\/i0.wp.com\/www.manquepierda.com\/historiarealbetis\/files\/2014\/03\/3-21-Anuncio-Betis-Pontevedra.jpg?resize=476%2C338&#038;ssl=1\" width=\"476\" height=\"338\" srcset=\"https:\/\/i0.wp.com\/www.manquepierda.com\/historiarealbetis\/files\/2014\/03\/3-21-Anuncio-Betis-Pontevedra.jpg?resize=680%2C483&amp;ssl=1 680w, https:\/\/i0.wp.com\/www.manquepierda.com\/historiarealbetis\/files\/2014\/03\/3-21-Anuncio-Betis-Pontevedra.jpg?resize=220%2C156&amp;ssl=1 220w, https:\/\/i0.wp.com\/www.manquepierda.com\/historiarealbetis\/files\/2014\/03\/3-21-Anuncio-Betis-Pontevedra.jpg?w=870&amp;ssl=1 870w\" sizes=\"auto, (max-width: 476px) 100vw, 476px\" \/><\/a>\u00a0<\/span><\/p>\n<p><span style=\"line-height: 1.5em\">Quino particip\u00f3 en partidos de la primera plantilla b\u00e9tica a lo largo de la 63-64 y de la 64-65 aun perteneciendo al Triana, y en la 65-66 alcanz\u00f3 ya la titularidad destacada y permanente en el Betis.\u00a0<\/span><\/p>\n","protected":false},"excerpt":{"rendered":"<p>El pasado 22 de marzo hizo 50 a\u00f1os de la imagen que hoy traemos. Se trata del partido Betis-Pontevedra de la jornada 16 \u00a0del Campeonato de Liga de Primera Divisi\u00f3n. El Betis venci\u00f3 3-0 con 2 goles de Molina y otro de Pallar\u00e9s, pero ese partido tuvo la particularidad de que en \u00e9l debut\u00f3 de&#8230;<\/p>\n","protected":false},"author":5,"featured_media":35198,"comment_status":"open","ping_status":"open","sticky":false,"template":"","format":"standard","meta":{"_kad_post_transparent":"","_kad_post_title":"","_kad_post_layout":"","_kad_post_sidebar_id":"","_kad_post_content_style":"","_kad_post_vertical_padding":"","_kad_post_feature":"","_kad_post_feature_position":"","_kad_post_header":false,"_kad_post_footer":false,"_kad_post_classname":"","_jetpack_memberships_contains_paid_content":false,"footnotes":"","jetpack_publicize_message":"","jetpack_publicize_feature_enabled":true,"jetpack_social_post_already_shared":true,"jetpack_social_options":{"image_generator_settings":{"template":"highway","default_image_id":0,"font":"","enabled":false},"version":2}},"categories":[902,1],"tags":[5078,4033,1621,17829,2370],"class_list":["post-35197","post","type-post","status-publish","format-standard","has-post-thumbnail","hentry","category-1960-1969","category-portada","tag-1963-64","tag-4033","tag-joaquin-sierra-quino","tag-liga-primera-1963-64","tag-pontevedra-cf"],"jetpack_publicize_connections":[],"jetpack_featured_media_url":"https:\/\/i0.wp.com\/www.manquepierda.com\/historiarealbetis\/files\/2014\/03\/3-23-Betis-Pontevedra-imagen-3.jpg?fit=669%2C576&ssl=1","jetpack_sharing_enabled":true,"jetpack_shortlink":"https:\/\/wp.me\/p1ij08-99H","jetpack-related-posts":[],"_links":{"self":[{"href":"https:\/\/www.manquepierda.com\/historiarealbetis\/wp-json\/wp\/v2\/posts\/35197","targetHints":{"allow":["GET"]}}],"collection":[{"href":"https:\/\/www.manquepierda.com\/historiarealbetis\/wp-json\/wp\/v2\/posts"}],"about":[{"href":"https:\/\/www.manquepierda.com\/historiarealbetis\/wp-json\/wp\/v2\/types\/post"}],"author":[{"embeddable":true,"href":"https:\/\/www.manquepierda.com\/historiarealbetis\/wp-json\/wp\/v2\/users\/5"}],"replies":[{"embeddable":true,"href":"https:\/\/www.manquepierda.com\/historiarealbetis\/wp-json\/wp\/v2\/comments?post=35197"}],"version-history":[{"count":1,"href":"https:\/\/www.manquepierda.com\/historiarealbetis\/wp-json\/wp\/v2\/posts\/35197\/revisions"}],"predecessor-version":[{"id":95857,"href":"https:\/\/www.manquepierda.com\/historiarealbetis\/wp-json\/wp\/v2\/posts\/35197\/revisions\/95857"}],"wp:featuredmedia":[{"embeddable":true,"href":"https:\/\/www.manquepierda.com\/historiarealbetis\/wp-json\/wp\/v2\/media\/35198"}],"wp:attachment":[{"href":"https:\/\/www.manquepierda.com\/historiarealbetis\/wp-json\/wp\/v2\/media?parent=35197"}],"wp:term":[{"taxonomy":"category","embeddable":true,"href":"https:\/\/www.manquepierda.com\/historiarealbetis\/wp-json\/wp\/v2\/categories?post=35197"},{"taxonomy":"post_tag","embeddable":true,"href":"https:\/\/www.manquepierda.com\/historiarealbetis\/wp-json\/wp\/v2\/tags?post=35197"}],"curies":[{"name":"wp","href":"https:\/\/api.w.org\/{rel}","templated":true}]}}