{"id":35206,"date":"2014-04-03T07:17:12","date_gmt":"2014-04-03T05:17:12","guid":{"rendered":"http:\/\/www.manquepierda.com\/historiarealbetis\/?p=35206"},"modified":"2024-08-11T12:56:37","modified_gmt":"2024-08-11T10:56:37","slug":"betis-xerez-campeonato-andalucia-1939","status":"publish","type":"post","link":"https:\/\/www.manquepierda.com\/historiarealbetis\/betis-xerez-campeonato-andalucia-1939\/","title":{"rendered":"Betis-Xerez Campeonato Andaluc\u00eda 1939"},"content":{"rendered":"<figure id=\"attachment_35207\" aria-describedby=\"caption-attachment-35207\" style=\"width: 409px\" class=\"wp-caption aligncenter\"><a href=\"https:\/\/www.manquepierda.com\/historiarealbetis\/35206-betis-xerez-campeonato-andalucia-1939\/abril-3-betis-xerez-campeonato-andalucia-1939-abc-14-02-1939\/\" rel=\"attachment wp-att-35207\"><img data-recalc-dims=\"1\" loading=\"lazy\" decoding=\"async\" class=\"size-full wp-image-35207\" src=\"https:\/\/i0.wp.com\/www.manquepierda.com\/historiarealbetis\/files\/2014\/03\/Abril-3-Betis-Xerez-Campeonato-Andaluc%C3%ADa-1939-ABC-14-02-1939.jpg?resize=409%2C593&#038;ssl=1\" alt=\"Fuente: ABC 14 de febrero de 1939\" width=\"409\" height=\"593\" srcset=\"https:\/\/i0.wp.com\/www.manquepierda.com\/historiarealbetis\/files\/2014\/03\/Abril-3-Betis-Xerez-Campeonato-Andaluc%C3%ADa-1939-ABC-14-02-1939.jpg?w=409&amp;ssl=1 409w, https:\/\/i0.wp.com\/www.manquepierda.com\/historiarealbetis\/files\/2014\/03\/Abril-3-Betis-Xerez-Campeonato-Andaluc%C3%ADa-1939-ABC-14-02-1939.jpg?resize=151%2C220&amp;ssl=1 151w\" sizes=\"auto, (max-width: 409px) 100vw, 409px\" \/><\/a><figcaption id=\"caption-attachment-35207\" class=\"wp-caption-text\">Fuente: ABC 14 de febrero de 1939<\/figcaption><\/figure>\n<p>&nbsp;<\/p>\n<p>12 de febrero de 1939 en Nervi\u00f3n \u00a0Betis 2 Xerez 1; jornada 6 del Campeonato de Andaluc\u00eda.<\/p>\n<p>En la imagen un bal\u00f3n bombeado sobre el \u00e1rea xerecista que detiene el guardameta Larios.<\/p>\n<p>Con tantos de Saro y Paulino en propia puerta el Betis se impuso al conjunto azulino, que marc\u00f3 por mediaci\u00f3n de M\u00e1laga.<\/p>\n<p>Antonio Alvarez entrenaba al Betis y Emilio Pintado al Xerez FC.<\/p>\n<p>&nbsp;<\/p>\n","protected":false},"excerpt":{"rendered":"<p>&nbsp; 12 de febrero de 1939 en Nervi\u00f3n \u00a0Betis 2 Xerez 1; jornada 6 del Campeonato de Andaluc\u00eda. En la imagen un bal\u00f3n bombeado sobre el \u00e1rea xerecista que detiene el guardameta Larios. Con tantos de Saro y Paulino en propia puerta el Betis se impuso al conjunto azulino, que marc\u00f3 por mediaci\u00f3n de M\u00e1laga&#8230;.<\/p>\n","protected":false},"author":5,"featured_media":35207,"comment_status":"open","ping_status":"open","sticky":false,"template":"","format":"standard","meta":{"_kad_post_transparent":"","_kad_post_title":"","_kad_post_layout":"","_kad_post_sidebar_id":"","_kad_post_content_style":"","_kad_post_vertical_padding":"","_kad_post_feature":"","_kad_post_feature_position":"","_kad_post_header":false,"_kad_post_footer":false,"_kad_post_classname":"","_jetpack_memberships_contains_paid_content":false,"footnotes":"","jetpack_publicize_message":"","jetpack_publicize_feature_enabled":true,"jetpack_social_post_already_shared":true,"jetpack_social_options":{"image_generator_settings":{"template":"highway","default_image_id":0,"font":"","enabled":false},"version":2}},"categories":[899,1],"tags":[14722,47,17925,603,859],"class_list":["post-35206","post","type-post","status-publish","format-standard","has-post-thumbnail","hentry","category-1930-1939","category-portada","tag-1938-39","tag-47","tag-campeonato-de-andalucia-1938-39","tag-nervion","tag-xerez-fc"],"jetpack_publicize_connections":[],"jetpack_featured_media_url":"https:\/\/i0.wp.com\/www.manquepierda.com\/historiarealbetis\/files\/2014\/03\/Abril-3-Betis-Xerez-Campeonato-Andaluc%C3%ADa-1939-ABC-14-02-1939.jpg?fit=409%2C593&ssl=1","jetpack_sharing_enabled":true,"jetpack_shortlink":"https:\/\/wp.me\/p1ij08-99Q","jetpack-related-posts":[],"_links":{"self":[{"href":"https:\/\/www.manquepierda.com\/historiarealbetis\/wp-json\/wp\/v2\/posts\/35206","targetHints":{"allow":["GET"]}}],"collection":[{"href":"https:\/\/www.manquepierda.com\/historiarealbetis\/wp-json\/wp\/v2\/posts"}],"about":[{"href":"https:\/\/www.manquepierda.com\/historiarealbetis\/wp-json\/wp\/v2\/types\/post"}],"author":[{"embeddable":true,"href":"https:\/\/www.manquepierda.com\/historiarealbetis\/wp-json\/wp\/v2\/users\/5"}],"replies":[{"embeddable":true,"href":"https:\/\/www.manquepierda.com\/historiarealbetis\/wp-json\/wp\/v2\/comments?post=35206"}],"version-history":[{"count":1,"href":"https:\/\/www.manquepierda.com\/historiarealbetis\/wp-json\/wp\/v2\/posts\/35206\/revisions"}],"predecessor-version":[{"id":96079,"href":"https:\/\/www.manquepierda.com\/historiarealbetis\/wp-json\/wp\/v2\/posts\/35206\/revisions\/96079"}],"wp:featuredmedia":[{"embeddable":true,"href":"https:\/\/www.manquepierda.com\/historiarealbetis\/wp-json\/wp\/v2\/media\/35207"}],"wp:attachment":[{"href":"https:\/\/www.manquepierda.com\/historiarealbetis\/wp-json\/wp\/v2\/media?parent=35206"}],"wp:term":[{"taxonomy":"category","embeddable":true,"href":"https:\/\/www.manquepierda.com\/historiarealbetis\/wp-json\/wp\/v2\/categories?post=35206"},{"taxonomy":"post_tag","embeddable":true,"href":"https:\/\/www.manquepierda.com\/historiarealbetis\/wp-json\/wp\/v2\/tags?post=35206"}],"curies":[{"name":"wp","href":"https:\/\/api.w.org\/{rel}","templated":true}]}}