{"id":35307,"date":"2014-04-14T08:45:04","date_gmt":"2014-04-14T06:45:04","guid":{"rendered":"http:\/\/www.manquepierda.com\/historiarealbetis\/?p=35307"},"modified":"2016-01-19T21:19:05","modified_gmt":"2016-01-19T20:19:05","slug":"entrevista-francisco-grau-1969","status":"publish","type":"post","link":"https:\/\/www.manquepierda.com\/historiarealbetis\/entrevista-francisco-grau-1969\/","title":{"rendered":"Entrevista Francisco Grau 1969"},"content":{"rendered":"<p><a href=\"https:\/\/www.manquepierda.com\/historiarealbetis\/35307-entrevista-francisco-grau-1969\/grau\/\" rel=\"attachment wp-att-35308\"><img data-recalc-dims=\"1\" loading=\"lazy\" decoding=\"async\" class=\"size-full wp-image-35308 alignleft\" src=\"https:\/\/i0.wp.com\/www.manquepierda.com\/historiarealbetis\/files\/2014\/04\/Grau.jpg?resize=140%2C232&#038;ssl=1\" alt=\"Grau\" width=\"140\" height=\"232\" srcset=\"https:\/\/i0.wp.com\/www.manquepierda.com\/historiarealbetis\/files\/2014\/04\/Grau.jpg?w=140&amp;ssl=1 140w, https:\/\/i0.wp.com\/www.manquepierda.com\/historiarealbetis\/files\/2014\/04\/Grau.jpg?resize=132%2C220&amp;ssl=1 132w\" sizes=\"auto, (max-width: 140px) 100vw, 140px\" \/><\/a><\/p>\n<p>&nbsp;<\/p>\n<p>En 1969, despu\u00e9s de 10 temporadas en el Betis, Francisco Grau pon\u00eda fin a su vida futbol\u00edstica. Granollers, Atl\u00e9tico de Madrid, Espa\u00f1ol y Sabadell fueron los equipos por los que pas\u00f3, antes de recalar en el Betis en la temporada 1959-60. Cl\u00e1sico jugador de club que siempre rindi\u00f3 con todos los entrenadores que pasaron por el banquillo verdiblanco en la d\u00e9cada de los 60, a pesar de la dura competencia que tuvo con otros defensas verdiblancos.<\/p>\n<p>En septiembre de 1969, cerca ya de los 34 a\u00f1os, el Betis le dedic\u00f3 un partido homenaje frente a los brasile\u00f1os de la Portuguesa, y d\u00edas antes fue entrevistado en el diario deportivo AS.<\/p>\n<p>&nbsp;<\/p>\n<p>&nbsp;<\/p>\n<p><span style=\"color: #339966\"><em>A Paco Grau, Quico Grau para los que hasta ahora han sido sus compa\u00f1eros, le ha llegado la hora de su homenaje, que no es m\u00e1s que la hora de la retirada, de decir adi\u00f3s a una profesi\u00f3n\u00a0 que lo ha sido todo para este catal\u00e1n afincado en Sevilla.<\/em><\/span><\/p>\n<p><span style=\"color: #339966\"><em>\u00a0<\/em><\/span><\/p>\n<p><span style=\"color: #339966\"><em>&#8211;\u00a0\u00a0\u00a0\u00a0\u00a0 No sabr\u00eda definirlo; es un momento que uno tiene siempre y en el que no se piensa hasta que llega su hora<\/em><\/span><\/p>\n<p><span style=\"color: #339966\"><em>\u00a0<\/em><\/span><\/p>\n<p><span style=\"color: #339966\"><em>El Betis le ofreci\u00f3 a Grau la fecha que \u00e9l quisiera y la oportunidad que \u00e9l mismo escogiera para el homenaje, y Grau, con una comisi\u00f3n organizadora designada al efecto, puso manos a la obra, concret\u00e1ndose que la mejor fecha era septiembre, frente a un equipo extranjero, en la ocasi\u00f3n de presentar al remozado equipo b\u00e9tico ante la afici\u00f3n.<\/em><\/span><\/p>\n<p><span style=\"color: #339966\"><em>\u00a0<\/em><\/span><\/p>\n<p><span style=\"color: #339966\"><em>De esta forma el partido homenaje a Grau ser\u00e1 el d\u00eda 2 de septiembre por la noche en el Villamar\u00edn, enfrent\u00e1ndose el conjunto sevillano al club Portuguesa, de R\u00edo de Janeiro. Es un homenaje que ha ca\u00eddo bien en todos los ambientes, porque hay algo importante que los p\u00fablicos valoran, y es, adem\u00e1s de la entrega profesional, el recato y el buen comportamiento del jugador fuera del terreno de juego, en todos los ambientes, en sus relaciones con los dem\u00e1s y con el club. Grau ha sido un ejemplo permanente para los numerosos profesionales que han pasado por el Betis en los diez a\u00f1os que ha permanecido en el club.<\/em><\/span><\/p>\n<p><span style=\"color: #339966\"><em>\u00a0<\/em><\/span><\/p>\n<p><span style=\"color: #339966\"><em>&#8211;\u00a0\u00a0\u00a0\u00a0\u00a0 \u00bfMomentos alegres y situaciones tristes\u2026?<\/em><\/span><\/p>\n<p><span style=\"color: #339966\"><em>&#8211;\u00a0\u00a0\u00a0\u00a0\u00a0 Para un jugador de f\u00fatbol esas situaciones son muy frecuentes. Un bal\u00f3n que da en el palo, un partido que se pierde, una actuaci\u00f3n deficiente\u2026 y, por el contrario, el d\u00eda que todo sale bien, los goles decisivos. Tal el momento m\u00e1s alegre deportivamente ha sido cuando conquistamos el Trofeo Carranza. Y el m\u00e1s triste, cuando en el \u00faltimo minuto encajamos un gol en La Rosaleda y nos hundi\u00f3 en la Segunda Divisi\u00f3n.<\/em><\/span><\/p>\n<p><span style=\"color: #339966\"><em>&#8211;\u00a0\u00a0\u00a0\u00a0\u00a0 \u00bfQu\u00e9 ha sido el Betis para Grau?<\/em><\/span><\/p>\n<p><span style=\"color: #339966\"><em>&#8211;\u00a0\u00a0\u00a0\u00a0\u00a0 Todo. Llegu\u00e9 aqu\u00ed con veintitr\u00e9s a\u00f1os y una gran insatisfacci\u00f3n como futbolista, porque pese haber pertenecido al Atl\u00e9tico de Madrid y al Espa\u00f1ol no llegu\u00e9 a consolidarme, y por eso, cuando llegu\u00e9 del Sabadell hace diez a\u00f1os, con Xan\u00edn y con Gargallo, me dije: \u201cQuico, esta es la tuya\u201d. Despu\u00e9s todo fue bien; unas veces jugando y otras mordiendo la impaciencia del suplente, pero siempre bien mirado, considerado en el club.<\/em><\/span><\/p>\n<p><span style=\"color: #339966\"><em>&#8211;\u00a0\u00a0\u00a0\u00a0\u00a0 \u00bfTe afincas en Sevilla?<\/em><\/span><\/p>\n<p><span style=\"color: #339966\"><em>&#8211;\u00a0\u00a0\u00a0\u00a0\u00a0 Pues s\u00ed. Mi mujer es tambi\u00e9n catalana, pero me inici\u00e9 hace unos a\u00f1os en seguros y llevo una delegaci\u00f3n francesa. Aqu\u00ed me quedo. Me gusta la tierra y el car\u00e1cter, y al menos, para m\u00ed, todo han sido facilidades en todos los sectores.<\/em><\/span><\/p>\n<p><span style=\"color: #339966\"><em>&#8211;\u00a0\u00a0\u00a0\u00a0\u00a0 Y el homenaje, \u00bfqu\u00e9 representa para ti?<\/em><\/span><\/p>\n<p><span style=\"color: #339966\"><em>&#8211;\u00a0\u00a0\u00a0\u00a0\u00a0 Uno ha cumplido con su obligaci\u00f3n, y ahora se me ofrece un homenaje. Esto es de agradecer. Siempre es bonito, sobre todo poder comprobar que, aunque se ha cumplido con el deber, se lo agradecen a uno. Me voy del f\u00fatbol con verdadera nostalgia porque lo ha sido todo para m\u00ed, y si volviera a nacer ser\u00eda otra vez futbolista<\/em><\/span><\/p>\n<p><span style=\"color: #339966\"><em>&#8211;\u00a0\u00a0\u00a0\u00a0\u00a0 \u00bfHas hecho fortuna?<\/em><\/span><\/p>\n<p><span style=\"color: #339966\"><em>&#8211;\u00a0\u00a0\u00a0\u00a0\u00a0 No puedo quejarme. Pero\u2026 \u00bfte parece poca fortuna los amigos y los lazos que te proporciona el f\u00fatbol? Eso vale mucho m\u00e1s que la m\u00e1s fabulosa cantidad de dinero<\/em><\/span><\/p>\n<p><span style=\"color: #339966\"><em>\u00a0<\/em><\/span><\/p>\n<p>&nbsp;<\/p>\n<p>Fuente: Justo Andr\u00e9s en AS 24 de agosto de 1969<\/p>\n<p>&nbsp;<\/p>\n<p>&nbsp;<\/p>\n<p>&nbsp;<\/p>\n<p>&nbsp;<\/p>\n","protected":false},"excerpt":{"rendered":"<p>&nbsp; En 1969, despu\u00e9s de 10 temporadas en el Betis, Francisco Grau pon\u00eda fin a su vida futbol\u00edstica. Granollers, Atl\u00e9tico de Madrid, Espa\u00f1ol y Sabadell fueron los equipos por los que pas\u00f3, antes de recalar en el Betis en la temporada 1959-60. Cl\u00e1sico jugador de club que siempre rindi\u00f3 con todos los entrenadores que pasaron&#8230;<\/p>\n","protected":false},"author":5,"featured_media":35308,"comment_status":"open","ping_status":"open","sticky":false,"template":"","format":"standard","meta":{"_kad_post_transparent":"","_kad_post_title":"","_kad_post_layout":"","_kad_post_sidebar_id":"","_kad_post_content_style":"","_kad_post_vertical_padding":"","_kad_post_feature":"","_kad_post_feature_position":"","_kad_post_header":false,"_kad_post_footer":false,"_kad_post_classname":"","_jetpack_memberships_contains_paid_content":false,"footnotes":"","jetpack_publicize_message":"","jetpack_publicize_feature_enabled":true,"jetpack_social_post_already_shared":true,"jetpack_social_options":{"image_generator_settings":{"template":"highway","default_image_id":0,"font":"","enabled":false},"version":2}},"categories":[902,893,1],"tags":[4201,1615],"class_list":["post-35307","post","type-post","status-publish","format-standard","has-post-thumbnail","hentry","category-1960-1969","category-jugadores-temas","category-portada","tag-4201","tag-francisco-grau"],"jetpack_publicize_connections":[],"jetpack_featured_media_url":"https:\/\/i0.wp.com\/www.manquepierda.com\/historiarealbetis\/files\/2014\/04\/Grau.jpg?fit=140%2C232&ssl=1","jetpack_sharing_enabled":true,"jetpack_shortlink":"https:\/\/wp.me\/p1ij08-9bt","jetpack-related-posts":[],"_links":{"self":[{"href":"https:\/\/www.manquepierda.com\/historiarealbetis\/wp-json\/wp\/v2\/posts\/35307","targetHints":{"allow":["GET"]}}],"collection":[{"href":"https:\/\/www.manquepierda.com\/historiarealbetis\/wp-json\/wp\/v2\/posts"}],"about":[{"href":"https:\/\/www.manquepierda.com\/historiarealbetis\/wp-json\/wp\/v2\/types\/post"}],"author":[{"embeddable":true,"href":"https:\/\/www.manquepierda.com\/historiarealbetis\/wp-json\/wp\/v2\/users\/5"}],"replies":[{"embeddable":true,"href":"https:\/\/www.manquepierda.com\/historiarealbetis\/wp-json\/wp\/v2\/comments?post=35307"}],"version-history":[{"count":0,"href":"https:\/\/www.manquepierda.com\/historiarealbetis\/wp-json\/wp\/v2\/posts\/35307\/revisions"}],"wp:featuredmedia":[{"embeddable":true,"href":"https:\/\/www.manquepierda.com\/historiarealbetis\/wp-json\/wp\/v2\/media\/35308"}],"wp:attachment":[{"href":"https:\/\/www.manquepierda.com\/historiarealbetis\/wp-json\/wp\/v2\/media?parent=35307"}],"wp:term":[{"taxonomy":"category","embeddable":true,"href":"https:\/\/www.manquepierda.com\/historiarealbetis\/wp-json\/wp\/v2\/categories?post=35307"},{"taxonomy":"post_tag","embeddable":true,"href":"https:\/\/www.manquepierda.com\/historiarealbetis\/wp-json\/wp\/v2\/tags?post=35307"}],"curies":[{"name":"wp","href":"https:\/\/api.w.org\/{rel}","templated":true}]}}