{"id":35348,"date":"2014-04-16T08:34:50","date_gmt":"2014-04-16T06:34:50","guid":{"rendered":"http:\/\/www.manquepierda.com\/historiarealbetis\/?p=35348"},"modified":"2025-08-29T09:10:19","modified_gmt":"2025-08-29T07:10:19","slug":"manolo-campos","status":"publish","type":"post","link":"https:\/\/www.manquepierda.com\/historiarealbetis\/manolo-campos\/","title":{"rendered":"Manolo Campos"},"content":{"rendered":"<p><a href=\"https:\/\/www.manquepierda.com\/historiarealbetis\/35348-manolo-campos\/campos-72-73\/\" rel=\"attachment wp-att-35349\"><img data-recalc-dims=\"1\" loading=\"lazy\" decoding=\"async\" class=\"aligncenter  wp-image-35349\" src=\"https:\/\/i0.wp.com\/www.manquepierda.com\/historiarealbetis\/files\/2014\/04\/Campos-72-73.jpg?resize=343%2C497&#038;ssl=1\" alt=\"Campos 72-73\" width=\"343\" height=\"497\" srcset=\"https:\/\/i0.wp.com\/www.manquepierda.com\/historiarealbetis\/files\/2014\/04\/Campos-72-73.jpg?w=233&amp;ssl=1 233w, https:\/\/i0.wp.com\/www.manquepierda.com\/historiarealbetis\/files\/2014\/04\/Campos-72-73.jpg?resize=152%2C220&amp;ssl=1 152w\" sizes=\"auto, (max-width: 343px) 100vw, 343px\" \/><\/a><\/p>\n<p><strong>Manuel Campos Espinosa<\/strong>, nacido en Cantillana (Sevilla) el 21 de octubre de 1950.<\/p>\n<p>Portero.<\/p>\n<p>En 1964 ingres\u00f3 en la cantera del Betis, teniendo un destacado papel en el equipo juvenil del Triana Balompi\u00e9, con el que alcanz\u00f3 la final de Copa en 1969, cayendo derrotado en la final ante el Real Madrid. Ya antes, el 17 de agosto de 1968 debut\u00f3 en el primer equipo en el Trofeo Ciudad de Hospitalet frente al equipo local.<\/p>\n<p>Despu\u00e9s de 2 a\u00f1os en el filial b\u00e9tico en la temporada 1969-70 fue cedido al Atl\u00e9tico Sanluque\u00f1o. En la campa\u00f1a 1970-71 con Antonio Barrios, de entrenador, se incorpor\u00f3 a la primera plantilla verdiblanca. \u00a0Su debut oficial fue en la primera jornada en Las Gaunas frente al CD Logro\u00f1\u00e9s. En sus dos primeras temporadas fue pr\u00e1cticamente el portero titular, mientras que en la tercera se altern\u00f3 con Pesudo.<\/p>\n<p>En la temporada 1973-74 y en la 74-75, tras el fichaje de Esnaola, fue cedido al Mallorca, y en la 75-76 emprendi\u00f3 una nueva cesi\u00f3n, esta vez al Valladolid.<\/p>\n<p>En la temporada 76-77, despu\u00e9s de triunfar en el equipo vallisoletano, regres\u00f3 triunfalmente al Betis, disputando muy seriamente la titularidad a Jos\u00e9 Ram\u00f3n Esnaola, pero una seria lesi\u00f3n le alej\u00f3 de la porter\u00eda. Permaneci\u00f3 ya como suplente durante 4 campa\u00f1as m\u00e1s, hasta que a mitad de la 80-81 fue traspasado al Elche, donde una grave lesi\u00f3n le retir\u00f3 del f\u00fatbol profesional en su segundo a\u00f1o.<\/p>\n<p>Posteriormente jug\u00f3 en el Mairena en Tercera Divisi\u00f3n.<\/p>\n<p>En sus 8 temporadas en el Betis Manolo Campos jug\u00f3 98 partidos de Liga, 19 de Copa, 12 del Campeonato Andaluz de Reservas y\u00a0 51 amistosos.<\/p>\n<p>Historial<\/p>\n<table border=\"0\" width=\"255\" cellspacing=\"0\" cellpadding=\"0\">\n<tbody>\n<tr>\n<td width=\"80\" height=\"17\">1967-68<\/td>\n<td width=\"95\">Triana<\/td>\n<td width=\"80\">Tercera<\/td>\n<\/tr>\n<tr>\n<td height=\"17\">1968-69<\/td>\n<td>Triana<\/td>\n<td>Tercera<\/td>\n<\/tr>\n<tr>\n<td height=\"17\">1969-70<\/td>\n<td>Atl.Sanluque\u00f1o<\/td>\n<td>Tercera<\/td>\n<\/tr>\n<tr>\n<td height=\"17\"><\/td>\n<td><\/td>\n<td><\/td>\n<\/tr>\n<tr>\n<td height=\"17\">1970-71<\/td>\n<td>Betis<\/td>\n<td>Segunda<\/td>\n<\/tr>\n<tr>\n<td height=\"17\">1971-72<\/td>\n<td>Betis<\/td>\n<td>Primera<\/td>\n<\/tr>\n<tr>\n<td height=\"17\">1972-73<\/td>\n<td>Betis<\/td>\n<td>Primera<\/td>\n<\/tr>\n<tr>\n<td height=\"17\">1973-74<\/td>\n<td>Mallorca<\/td>\n<td>Segunda<\/td>\n<\/tr>\n<tr>\n<td height=\"17\">1974-75<\/td>\n<td>Mallorca<\/td>\n<td>Segunda<\/td>\n<\/tr>\n<tr>\n<td height=\"17\">1975-76<\/td>\n<td>Valladolid<\/td>\n<td>Segunda<\/td>\n<\/tr>\n<tr>\n<td height=\"17\">1976-77<\/td>\n<td>Betis<\/td>\n<td>Primera<\/td>\n<\/tr>\n<tr>\n<td height=\"17\">1977-78<\/td>\n<td>Betis<\/td>\n<td>Primera<\/td>\n<\/tr>\n<tr>\n<td height=\"17\">1978-79<\/td>\n<td>Betis<\/td>\n<td>Segunda<\/td>\n<\/tr>\n<tr>\n<td height=\"17\">1978-80<\/td>\n<td>Betis<\/td>\n<td>Primera<\/td>\n<\/tr>\n<tr>\n<td height=\"17\">1980-81<\/td>\n<td>Betis<\/td>\n<td>Primera<\/td>\n<\/tr>\n<tr>\n<td height=\"17\">1980-81<\/td>\n<td>Elche<\/td>\n<td>Segunda<\/td>\n<\/tr>\n<tr>\n<td height=\"17\">1981-82<\/td>\n<td>Elche<\/td>\n<td>Segunda<\/td>\n<\/tr>\n<tr>\n<td height=\"17\">1982-83<\/td>\n<td>Mairena<\/td>\n<td>Regional<\/td>\n<\/tr>\n<tr>\n<td height=\"17\">1983-84<\/td>\n<td>Mairena<\/td>\n<td>Tercera<\/td>\n<\/tr>\n<tr>\n<td height=\"17\">1984-85<\/td>\n<td>Mairena<\/td>\n<td>Tercera<\/td>\n<\/tr>\n<\/tbody>\n<\/table>\n","protected":false},"excerpt":{"rendered":"<p>Manuel Campos Espinosa, nacido en Cantillana (Sevilla) el 21 de octubre de 1950. Portero. En 1964 ingres\u00f3 en la cantera del Betis, teniendo un destacado papel en el equipo juvenil del Triana Balompi\u00e9, con el que alcanz\u00f3 la final de Copa en 1969, cayendo derrotado en la final ante el Real Madrid. Ya antes, el&#8230;<\/p>\n","protected":false},"author":5,"featured_media":35349,"comment_status":"open","ping_status":"open","sticky":false,"template":"","format":"standard","meta":{"_kad_post_transparent":"","_kad_post_title":"","_kad_post_layout":"","_kad_post_sidebar_id":"","_kad_post_content_style":"","_kad_post_vertical_padding":"","_kad_post_feature":"","_kad_post_feature_position":"","_kad_post_header":false,"_kad_post_footer":false,"_kad_post_classname":"","_jetpack_memberships_contains_paid_content":false,"footnotes":"","jetpack_publicize_message":"","jetpack_publicize_feature_enabled":true,"jetpack_social_post_already_shared":true,"jetpack_social_options":{"image_generator_settings":{"template":"highway","default_image_id":0,"font":"","enabled":false},"version":2}},"categories":[893,1],"tags":[1303],"class_list":["post-35348","post","type-post","status-publish","format-standard","has-post-thumbnail","hentry","category-jugadores-temas","category-portada","tag-manuel-campos"],"jetpack_publicize_connections":[],"jetpack_featured_media_url":"https:\/\/i0.wp.com\/www.manquepierda.com\/historiarealbetis\/files\/2014\/04\/Campos-72-73.jpg?fit=233%2C337&ssl=1","jetpack_sharing_enabled":true,"jetpack_shortlink":"https:\/\/wp.me\/p1ij08-9c8","jetpack-related-posts":[],"_links":{"self":[{"href":"https:\/\/www.manquepierda.com\/historiarealbetis\/wp-json\/wp\/v2\/posts\/35348","targetHints":{"allow":["GET"]}}],"collection":[{"href":"https:\/\/www.manquepierda.com\/historiarealbetis\/wp-json\/wp\/v2\/posts"}],"about":[{"href":"https:\/\/www.manquepierda.com\/historiarealbetis\/wp-json\/wp\/v2\/types\/post"}],"author":[{"embeddable":true,"href":"https:\/\/www.manquepierda.com\/historiarealbetis\/wp-json\/wp\/v2\/users\/5"}],"replies":[{"embeddable":true,"href":"https:\/\/www.manquepierda.com\/historiarealbetis\/wp-json\/wp\/v2\/comments?post=35348"}],"version-history":[{"count":5,"href":"https:\/\/www.manquepierda.com\/historiarealbetis\/wp-json\/wp\/v2\/posts\/35348\/revisions"}],"predecessor-version":[{"id":104746,"href":"https:\/\/www.manquepierda.com\/historiarealbetis\/wp-json\/wp\/v2\/posts\/35348\/revisions\/104746"}],"wp:featuredmedia":[{"embeddable":true,"href":"https:\/\/www.manquepierda.com\/historiarealbetis\/wp-json\/wp\/v2\/media\/35349"}],"wp:attachment":[{"href":"https:\/\/www.manquepierda.com\/historiarealbetis\/wp-json\/wp\/v2\/media?parent=35348"}],"wp:term":[{"taxonomy":"category","embeddable":true,"href":"https:\/\/www.manquepierda.com\/historiarealbetis\/wp-json\/wp\/v2\/categories?post=35348"},{"taxonomy":"post_tag","embeddable":true,"href":"https:\/\/www.manquepierda.com\/historiarealbetis\/wp-json\/wp\/v2\/tags?post=35348"}],"curies":[{"name":"wp","href":"https:\/\/api.w.org\/{rel}","templated":true}]}}