{"id":35389,"date":"2014-04-14T18:52:28","date_gmt":"2014-04-14T16:52:28","guid":{"rendered":"http:\/\/www.manquepierda.com\/historiarealbetis\/?p=35389"},"modified":"2016-11-27T18:10:34","modified_gmt":"2016-11-27T17:10:34","slug":"1932-noviembre-27-san-mames-liga-1adivision-athletic-club-9-vs-betis-balompie-1-gol","status":"publish","type":"post","link":"https:\/\/www.manquepierda.com\/historiarealbetis\/1932-noviembre-27-san-mames-liga-1adivision-athletic-club-9-vs-betis-balompie-1-gol\/","title":{"rendered":"1932-Noviembre 27-San Mam\u00e9s-Liga 1\u00aaDivisi\u00f3n: Athl\u00e9tic Club-9 vs. Betis Balompi\u00e9-1 gol."},"content":{"rendered":"<p style=\"text-align: justify\"><strong>1932-NOVIEMBRE 27-DOMINGO EN BILBAO.-PRIMERA JORNADA CAMPEONATO NACIONAL LIGA PRIMERA DIVISI\u00d3N-TEMPORADA 1932-1933.<\/strong><\/p>\n<figure id=\"attachment_35390\" aria-describedby=\"caption-attachment-35390\" style=\"width: 220px\" class=\"wp-caption aligncenter\"><a href=\"https:\/\/www.manquepierda.com\/historiarealbetis\/35389-1932-noviembre-27-san-mames-liga-1adivision-athletic-club-9-vs-betis-balompie-1-gol\/338393501_bd52e82ece_b\/\" rel=\"attachment wp-att-35390\"><img data-recalc-dims=\"1\" loading=\"lazy\" decoding=\"async\" class=\"size-thumbnail wp-image-35390\" src=\"https:\/\/i0.wp.com\/www.manquepierda.com\/historiarealbetis\/files\/2014\/04\/338393501_bd52e82ece_b.jpg?resize=220%2C87&#038;ssl=1\" alt=\"mmm\" width=\"220\" height=\"87\" srcset=\"https:\/\/i0.wp.com\/www.manquepierda.com\/historiarealbetis\/files\/2014\/04\/338393501_bd52e82ece_b.jpg?resize=220%2C87&amp;ssl=1 220w, https:\/\/i0.wp.com\/www.manquepierda.com\/historiarealbetis\/files\/2014\/04\/338393501_bd52e82ece_b.jpg?resize=680%2C271&amp;ssl=1 680w, https:\/\/i0.wp.com\/www.manquepierda.com\/historiarealbetis\/files\/2014\/04\/338393501_bd52e82ece_b.jpg?resize=960%2C383&amp;ssl=1 960w, https:\/\/i0.wp.com\/www.manquepierda.com\/historiarealbetis\/files\/2014\/04\/338393501_bd52e82ece_b.jpg?w=1024&amp;ssl=1 1024w\" sizes=\"auto, (max-width: 220px) 100vw, 220px\" \/><\/a><figcaption id=\"caption-attachment-35390\" class=\"wp-caption-text\"><strong>ESTADIO DE \u00abSAN MAM\u00c9S\u00bb (1913-Agosto 21-Jueves \u00e1 2013-Junio 05-Mi\u00e9rcoles) C\u00e9sped 105&#215;68 metros.-Capacidad 39.750 espectadores.<\/strong><\/figcaption><\/figure>\n<figure id=\"attachment_35395\" aria-describedby=\"caption-attachment-35395\" style=\"width: 50px\" class=\"wp-caption alignright\"><a href=\"https:\/\/www.manquepierda.com\/historiarealbetis\/35389-1932-noviembre-27-san-mames-liga-1adivision-athletic-club-9-vs-betis-balompie-1-gol\/castellanos\/\" rel=\"attachment wp-att-35395\"><img data-recalc-dims=\"1\" loading=\"lazy\" decoding=\"async\" class=\"size-full wp-image-35395\" src=\"https:\/\/i0.wp.com\/www.manquepierda.com\/historiarealbetis\/files\/2014\/04\/castellanos.gif?resize=50%2C50&#038;ssl=1\" alt=\"mmm\" width=\"50\" height=\"50\" \/><\/a><figcaption id=\"caption-attachment-35395\" class=\"wp-caption-text\">Don Manuel Castellanos Jacquet.<\/figcaption><\/figure>\n<p style=\"text-align: right\">XII Presidente Athl\u00e9tic Club<\/p>\n<p style=\"text-align: right\">1929-1933.<\/p>\n<p style=\"text-align: left\"><a href=\"https:\/\/www.manquepierda.com\/historiarealbetis\/35389-1932-noviembre-27-san-mames-liga-1adivision-athletic-club-9-vs-betis-balompie-1-gol\/mr-_pentland\/\" rel=\"attachment wp-att-35396\"><img data-recalc-dims=\"1\" loading=\"lazy\" decoding=\"async\" class=\"alignleft size-full wp-image-35396\" src=\"https:\/\/i0.wp.com\/www.manquepierda.com\/historiarealbetis\/files\/2014\/04\/Mr._Pentland.jpg?resize=125%2C216&#038;ssl=1\" alt=\"Mr._Pentland\" width=\"125\" height=\"216\" \/><\/a><\/p>\n<p style=\"text-align: left\">Mr. Fedrerick Beaconsfiel PENTLAND.<\/p>\n<p style=\"text-align: left\">Entrenador 1929-1933.<\/p>\n<p style=\"text-align: left\">(49 a\u00f1os, 4 meses menos 2 d\u00edas)-<\/p>\n<figure id=\"attachment_35397\" aria-describedby=\"caption-attachment-35397\" style=\"width: 595px\" class=\"wp-caption aligncenter\"><a href=\"https:\/\/www.manquepierda.com\/historiarealbetis\/35389-1932-noviembre-27-san-mames-liga-1adivision-athletic-club-9-vs-betis-balompie-1-gol\/19321127-atcb-9-bb-1\/\" rel=\"attachment wp-att-35397\"><img data-recalc-dims=\"1\" loading=\"lazy\" decoding=\"async\" class=\"size-medium wp-image-35397\" src=\"https:\/\/i0.wp.com\/www.manquepierda.com\/historiarealbetis\/files\/2014\/04\/19321127-ATCB-9-BB-1.jpg?resize=595%2C600&#038;ssl=1\" alt=\"mmm\" width=\"595\" height=\"600\" srcset=\"https:\/\/i0.wp.com\/www.manquepierda.com\/historiarealbetis\/files\/2014\/04\/19321127-ATCB-9-BB-1.jpg?resize=595%2C600&amp;ssl=1 595w, https:\/\/i0.wp.com\/www.manquepierda.com\/historiarealbetis\/files\/2014\/04\/19321127-ATCB-9-BB-1.jpg?resize=218%2C220&amp;ssl=1 218w, https:\/\/i0.wp.com\/www.manquepierda.com\/historiarealbetis\/files\/2014\/04\/19321127-ATCB-9-BB-1.jpg?resize=695%2C700&amp;ssl=1 695w, https:\/\/i0.wp.com\/www.manquepierda.com\/historiarealbetis\/files\/2014\/04\/19321127-ATCB-9-BB-1.jpg?resize=150%2C150&amp;ssl=1 150w, https:\/\/i0.wp.com\/www.manquepierda.com\/historiarealbetis\/files\/2014\/04\/19321127-ATCB-9-BB-1.jpg?w=886&amp;ssl=1 886w\" sizes=\"auto, (max-width: 595px) 100vw, 595px\" \/><\/a><figcaption id=\"caption-attachment-35397\" class=\"wp-caption-text\">\u00abEL EQUIPO CAMPE\u00d3N DE ESPA\u00d1A BATI\u00d3 SIN DIFICULTAD AL BETIS BALOMPI\u00c9 EN UN CAMPO ENCHARCADO\u00bb.-<strong>CP-ESTAMPA N\u00ba 256-Fot\u00f3grafo AMADO.<\/strong><\/figcaption><\/figure>\n<figure id=\"attachment_34156\" aria-describedby=\"caption-attachment-34156\" style=\"width: 143px\" class=\"wp-caption aligncenter\"><a href=\"https:\/\/www.manquepierda.com\/historiarealbetis\/34154-1935-junio-02-copa-presidente-republica-ida-betis-balompie-1-vs-cd-sabadell-fc-1\/melcon-2\/\" rel=\"attachment wp-att-34156\"><img data-recalc-dims=\"1\" loading=\"lazy\" decoding=\"async\" class=\"size-full wp-image-34156\" src=\"https:\/\/i0.wp.com\/www.manquepierda.com\/historiarealbetis\/files\/2014\/01\/Melc%C3%B3n.jpg?resize=143%2C210&#038;ssl=1\" alt=\"Ram\u00f3n Melc\u00f3n Bartolom\u00e9\" width=\"143\" height=\"210\" \/><\/a><figcaption id=\"caption-attachment-34156\" class=\"wp-caption-text\">Arbitr\u00f3 el colegiado madrile\u00f1o RAM\u00d3N MELC\u00d3N BARTOLOM\u00c9-32 a\u00f1os menos 3 d\u00edas.-Labor discreta.<\/figcaption><\/figure>\n<p style=\"text-align: center\"><strong>ALINE\u00d3 A AMBAS ESCUADRAS DE LA FORMA SIGUIENTE:<\/strong><\/p>\n<p style=\"text-align: center\">L\u00edder.-ATHL\u00c9TIC CLUB-9 Tantos.<\/p>\n<figure id=\"attachment_35398\" aria-describedby=\"caption-attachment-35398\" style=\"width: 119px\" class=\"wp-caption aligncenter\"><a href=\"https:\/\/www.manquepierda.com\/historiarealbetis\/35389-1932-noviembre-27-san-mames-liga-1adivision-athletic-club-9-vs-betis-balompie-1-gol\/jlig\/\" rel=\"attachment wp-att-35398\"><img data-recalc-dims=\"1\" loading=\"lazy\" decoding=\"async\" class=\"size-full wp-image-35398\" src=\"https:\/\/i0.wp.com\/www.manquepierda.com\/historiarealbetis\/files\/2014\/04\/JLIG.jpg?resize=119%2C178&#038;ssl=1\" alt=\"mmm\" width=\"119\" height=\"178\" \/><\/a><figcaption id=\"caption-attachment-35398\" class=\"wp-caption-text\">Jos\u00e9 Lu\u00eds IZPIZUA Guezuraga..-<strong>4-1.-53 minutos: ADOLFO II.<\/strong><\/figcaption><\/figure>\n<p style=\"text-align: justify\">Jos\u00e9 Mar\u00eda CASTELLANOS Ledo-Juan Jos\u00e9 URQUIZU Sustaeta.-Leonardo CILAURREN Uriarte-Jos\u00e9 MUGUERZA Anit\u00faa-GERARDO Bilbao Bilbao.-Ram\u00f3n De la FUENTE Leal&#8211;Jos\u00e9 IRARAGORRI Lealo <strong>(1-0.-03&#8217;+2-0.-05&#8217;+4-0.-49&#8217;+6-1.-69&#8217;+8-1.-76 minutos)-<\/strong>BATA-Agust\u00edn Sauto Arana <strong>(3-0.-08 minutos)<\/strong>-Lu\u00eds Mar\u00eda De URIBE Echevarr\u00eda <strong>(7-1.-71 minutos)<\/strong>-Guillermo GOROSTIZA Paredes <strong>(5-1.-59&#8217;+9-1.-80 minutos).<\/strong><\/p>\n<p style=\"text-align: center\"><strong>Vs.<\/strong><\/p>\n<figure id=\"attachment_32042\" aria-describedby=\"caption-attachment-32042\" style=\"width: 154px\" class=\"wp-caption aligncenter\"><a href=\"https:\/\/www.manquepierda.com\/historiarealbetis\/32036-1933-noviembre-05-primera-division-betis-balompie-2-goles-vs-racing-santander-1\/1932-rbb-43\/\" rel=\"attachment wp-att-32042\"><img data-recalc-dims=\"1\" loading=\"lazy\" decoding=\"async\" class=\"size-full wp-image-32042\" src=\"https:\/\/i0.wp.com\/www.manquepierda.com\/historiarealbetis\/files\/2013\/08\/1932-RBB1.jpg?resize=154%2C154&#038;ssl=1\" alt=\"bbb\" width=\"154\" height=\"154\" srcset=\"https:\/\/i0.wp.com\/www.manquepierda.com\/historiarealbetis\/files\/2013\/08\/1932-RBB1.jpg?w=154&amp;ssl=1 154w, https:\/\/i0.wp.com\/www.manquepierda.com\/historiarealbetis\/files\/2013\/08\/1932-RBB1.jpg?resize=500%2C500&amp;ssl=1 500w\" sizes=\"auto, (max-width: 154px) 100vw, 154px\" \/><\/a><figcaption id=\"caption-attachment-32042\" class=\"wp-caption-text\"><strong>10\u00ba Clasificado.-BETIS BALOMPI\u00c9-1 GOL.<\/strong><\/figcaption><\/figure>\n<p style=\"text-align: center\"><strong>4-1.-53 Minutos: ADOLFO II.<\/strong><\/p>\n<p style=\"text-align: justify\"><strong>Buen primer tiempo a pesar de estar encharcado el terreno de juego ante los Campeones de Espa\u00f1a-Copa Presidente de la Rep\u00fablica 1931-1932.<\/strong><\/p>\n<figure id=\"attachment_32792\" aria-describedby=\"caption-attachment-32792\" style=\"width: 161px\" class=\"wp-caption alignright\"><a href=\"https:\/\/www.manquepierda.com\/historiarealbetis\/32785-1931-octubre-04-andalucia-primera-categoria-4ajornada-sevilla-cf-4-vs-betis-balompie-2-goals\/jose-ignacio-mantecon-navasal-1-3\/\" rel=\"attachment wp-att-32792\"><img data-recalc-dims=\"1\" loading=\"lazy\" decoding=\"async\" class=\"size-full wp-image-32792\" src=\"https:\/\/i0.wp.com\/www.manquepierda.com\/historiarealbetis\/files\/2013\/10\/Jos%C3%A9-Ignacio-Mantec%C3%B3n-Navasal.1.jpg?resize=161%2C202&#038;ssl=1\" alt=\"MMM\" width=\"161\" height=\"202\" \/><\/a><figcaption id=\"caption-attachment-32792\" class=\"wp-caption-text\"><strong>DON JOS\u00c9 IGNACIO MANTEC\u00d3N NAVASAL: 30 A\u00f1os, 2 meses y 1 d\u00eda.<\/strong><\/figcaption><\/figure>\n<p style=\"text-align: justify\"><strong>XXV PRESIDENTE REAL-BETIS BALOMPI\u00c9-TEMPORADAS 1931-1932 CAMPEONATO NACIONAL LIGA SEGUNDA DIVISI\u00d3N \u00c1 1932-1933, ambas inclusives.<\/strong><\/p>\n<p style=\"text-align: right\"><strong>Natural de ZARAGOZA, viernes 26 de Septiembre de 1902.<\/strong><\/p>\n<p style=\"text-align: justify\"><strong>Oficial Tercero-Cuerpo Facultativo de Archiveros, Bibliotecarios y Arque\u00f3logos de Espa\u00f1a.-Archivo General de Ind\u00edas.-Sevilla, Septiembre-1926.<\/strong><\/p>\n<p style=\"text-align: justify\"><strong>Obituario en M\u00c9XICO-DISTRITO FEDERAL-domingo 20 de Junio de 1982.<\/strong><\/p>\n<p style=\"text-align: right\"><strong>79 A\u00f1os, 9 meses menos 6 d\u00edas.-D. E. P.<\/strong><\/p>\n<p>&nbsp;<\/p>\n<figure id=\"attachment_34460\" aria-describedby=\"caption-attachment-34460\" style=\"width: 160px\" class=\"wp-caption alignleft\"><a href=\"https:\/\/www.manquepierda.com\/historiarealbetis\/34458-el-buzon-de-marca-y-patrick-oconnell-1959\/57f-00922-00026-011-2\/\" rel=\"attachment wp-att-34460\"><img data-recalc-dims=\"1\" loading=\"lazy\" decoding=\"async\" class=\"size-thumbnail wp-image-34460\" src=\"https:\/\/i0.wp.com\/www.manquepierda.com\/historiarealbetis\/files\/2014\/01\/57F-00922-00026-0111.jpg?resize=160%2C220&#038;ssl=1\" alt=\"mmm\" width=\"160\" height=\"220\" srcset=\"https:\/\/i0.wp.com\/www.manquepierda.com\/historiarealbetis\/files\/2014\/01\/57F-00922-00026-0111.jpg?resize=160%2C220&amp;ssl=1 160w, https:\/\/i0.wp.com\/www.manquepierda.com\/historiarealbetis\/files\/2014\/01\/57F-00922-00026-0111.jpg?resize=439%2C600&amp;ssl=1 439w, https:\/\/i0.wp.com\/www.manquepierda.com\/historiarealbetis\/files\/2014\/01\/57F-00922-00026-0111.jpg?resize=512%2C700&amp;ssl=1 512w, https:\/\/i0.wp.com\/www.manquepierda.com\/historiarealbetis\/files\/2014\/01\/57F-00922-00026-0111.jpg?w=985&amp;ssl=1 985w\" sizes=\"auto, (max-width: 160px) 100vw, 160px\" \/><\/a><figcaption id=\"caption-attachment-34460\" class=\"wp-caption-text\"><strong>Mr. PATRICK JOSEPH O&#8217;CONNELL.-45 A\u00f1os, 8 meses y 19 d\u00edas.<\/strong><\/figcaption><\/figure>\n<p style=\"text-align: justify\"><strong>ENTRENADOR REAL-BETIS BALOMPI\u00c9-Temporadas 1932-1933 \u00c1 1934-1935 Campeonato Nacional Liga Primera Divisi\u00f3n; 1940-1941 \u00e1 1941-1942 Campeonato Nacional Segunda Divisi\u00f3n; 1945-1946 (Pedro Sol\u00e9 Junoy-Andr\u00e9s Aranda Guti\u00e9rrez (D. E. P.)-O&#8217;Connell) \u00e1 1946-1947 (O&#8217;Connell-Jos\u00e9 Su\u00e1rez Gonz\u00e1lez (a) \u00abPeral\u00bb); ambas inclusives.<\/strong><\/p>\n<p style=\"text-align: left\"><strong>Natural de DUBLIN (Irlanda), martes 08 de Marzo de 1887.<\/strong><\/p>\n<p style=\"text-align: left\"><strong>Obituario en ST PANCRAS-London (Inglaterra), viernes 27 de Febrero de 1959.<\/strong><\/p>\n<p style=\"text-align: left\"><strong>71 A\u00f1os, 11 meses menos 19 d\u00edas.-D. E. P.<\/strong><\/p>\n<p style=\"text-align: justify\"><img data-recalc-dims=\"1\" loading=\"lazy\" decoding=\"async\" class=\"aligncenter size-thumbnail wp-image-55066\" src=\"https:\/\/i0.wp.com\/www.manquepierda.com\/historiarealbetis\/files\/2014\/04\/JES%C3%9AS-Bern%C3%A1ldez-Moreno-ManosDuras-1.png?resize=188%2C220&#038;ssl=1\" alt=\"jesus-bernaldez-moreno-manosduras-1\" width=\"188\" height=\"220\" \/><strong>JES\u00daS Bern\u00e1ldez Moreno (a) \u00abMano Duras\u00bb (9 tantos encajados<\/strong>: <strong>5-IRARAGORRI; 2-GOROSTIZA; 1-BATA y 1-URIBE).-VILLANUEVA DEL ARISCAL (Sevilla), mi\u00e9rcoles 19-Agosto-1903.-SEVILLA, viernes 06-Junio-1941.-37 A\u00f1os, 10 meses menos 13 d\u00edas.-D. E. P.<\/strong><\/p>\n<p style=\"text-align: justify\"><strong>Temporadas 1923-1924 \u00e1 1931-1932 Campeonato Nacional Liga Segunda Divisi\u00f3n; 1932-1933 \u00e1 1935-1936; ambas inclusives.<\/strong><\/p>\n<p style=\"text-align: center\">2.-ZAGUERO-Lateral Diestro:\u00a0 <strong>Pedro Pablo ARESO Aramburu.<\/strong><\/p>\n<p style=\"text-align: center\">3.-ZAGUERO-Lateral Zurdo:\u00a0 <strong>Jes\u00fas Alberto Ruiz Medrano (a) \u00abJESUS\u00cdN\u00bb.<\/strong><\/p>\n<p style=\"text-align: center\">4.-MEDIO-Diestro:\u00a0 <strong>Juan MART\u00cdN.<\/strong><\/p>\n<p style=\"text-align: center\">5.-MEDIO-Centro:\u00a0 <strong>Enrique SOLADRERO Arbide.<\/strong><\/p>\n<p style=\"text-align: center\">6.-MEDIO-Zurdo:\u00a0 <strong>Adolfo Sancho Carrillo De Albornoz (a) \u00abADOLFITO-ADOLFO I\u00bb.<\/strong><\/p>\n<p style=\"text-align: center\">7.-DELANTERO-Extremo Diestro:\u00a0 <strong>Pedro Gonz\u00e1lez S\u00e1nchez (a) \u00abTIMIMI\u00bb.<\/strong><\/p>\n<figure id=\"attachment_34158\" aria-describedby=\"caption-attachment-34158\" style=\"width: 117px\" class=\"wp-caption aligncenter\"><a href=\"https:\/\/www.manquepierda.com\/historiarealbetis\/34154-1935-junio-02-copa-presidente-republica-ida-betis-balompie-1-vs-cd-sabadell-fc-1\/adolfo-ii-adolfomartingonzalez-9\/\" rel=\"attachment wp-att-34158\"><img data-recalc-dims=\"1\" loading=\"lazy\" decoding=\"async\" class=\"size-thumbnail wp-image-34158\" src=\"https:\/\/i0.wp.com\/www.manquepierda.com\/historiarealbetis\/files\/2014\/01\/ADOLFO-II-AdolfoMart%C3%ADnGonz%C3%A1lez.jpg?resize=117%2C220&#038;ssl=1\" alt=\"mmm\" width=\"117\" height=\"220\" srcset=\"https:\/\/i0.wp.com\/www.manquepierda.com\/historiarealbetis\/files\/2014\/01\/ADOLFO-II-AdolfoMart%C3%ADnGonz%C3%A1lez.jpg?resize=117%2C220&amp;ssl=1 117w, https:\/\/i0.wp.com\/www.manquepierda.com\/historiarealbetis\/files\/2014\/01\/ADOLFO-II-AdolfoMart%C3%ADnGonz%C3%A1lez.jpg?w=186&amp;ssl=1 186w\" sizes=\"auto, (max-width: 117px) 100vw, 117px\" \/><\/a><figcaption id=\"caption-attachment-34158\" class=\"wp-caption-text\">8.-DELANTERO-Interior Diestro <strong>Adolfo MART\u00cdN Gonz\u00e1lez (a) \u00abADOLFO II\u00bb.<\/strong><\/figcaption><\/figure>\n<p style=\"text-align: center\"><strong>LOGR\u00d3 EL 4-1 A LOS 53 MINUTOS.<\/strong><\/p>\n<p style=\"text-align: justify\"><strong>SAN CRIST\u00d3BAL DE LA LAGUNA (Tenerife), 09-Diciembre-\u00bf?.-\u00c9CIJA (Sevilla), s\u00e1bado 30-Octubre-2010.-96 A\u00f1os.-D. E. P.<\/strong><\/p>\n<p style=\"text-align: justify\"><strong>Temporadas 1930-1931 \u00e1 1931-1932 Campeonato Nacional Liga Segunda Divisi\u00f3n; 1932-1933 \u00e1 1934-1935 Campeonato Nacional Liga Primera Divisi\u00f3n; 1935-1936; 1941-1942;\u00a0 ambas inclusives.<\/strong><\/p>\n<p style=\"text-align: center\">9.-CENTRO DELANTERO-ARIETE:\u00a0 <strong>Leopoldo Ruiz-CAPILLAS Del Castillo.<\/strong><\/p>\n<p style=\"text-align: center\">10.-DELANTERO-Interior Zurdo:\u00a0 <strong>Sim\u00f3n LECUE Andrade.<\/strong><\/p>\n<p style=\"text-align: center\">11.-DELANTERO-Extremo Zurdo: <strong>ENRIQUE Garrido Reguera.<\/strong><\/p>\n<p style=\"text-align: justify\"><strong>RESULTADOS DE LA PRIMERA JORNADA CAMPEONATO NACIONAL LIGA PRIMERA DIVISI\u00d3N-TEMPORADA 1932-1933 Y CLASIFICACI\u00d3N GENERAL POR EQUIPOS:<\/strong><\/p>\n<figure id=\"attachment_35399\" aria-describedby=\"caption-attachment-35399\" style=\"width: 452px\" class=\"wp-caption aligncenter\"><a href=\"https:\/\/www.manquepierda.com\/historiarealbetis\/35389-1932-noviembre-27-san-mames-liga-1adivision-athletic-club-9-vs-betis-balompie-1-gol\/19321127-01jda\/\" rel=\"attachment wp-att-35399\"><img data-recalc-dims=\"1\" loading=\"lazy\" decoding=\"async\" class=\"size-full wp-image-35399\" src=\"https:\/\/i0.wp.com\/www.manquepierda.com\/historiarealbetis\/files\/2014\/04\/19321127-01jda.jpg?resize=452%2C157&#038;ssl=1\" alt=\"MMM\" width=\"452\" height=\"157\" srcset=\"https:\/\/i0.wp.com\/www.manquepierda.com\/historiarealbetis\/files\/2014\/04\/19321127-01jda.jpg?w=452&amp;ssl=1 452w, https:\/\/i0.wp.com\/www.manquepierda.com\/historiarealbetis\/files\/2014\/04\/19321127-01jda.jpg?resize=220%2C76&amp;ssl=1 220w\" sizes=\"auto, (max-width: 452px) 100vw, 452px\" \/><\/a><figcaption id=\"caption-attachment-35399\" class=\"wp-caption-text\">LVG-B-19321129-Martes.<\/figcaption><\/figure>\n<p style=\"text-align: center\">1\u00ba.-ATHL\u00c9TIC CLUB BILBAO-2 Puntos.<\/p>\n<p style=\"text-align: center\">2\u00ba.-CLUB DEPORTIVO ALAV\u00c9S-2 Puntos.<\/p>\n<p style=\"text-align: center\">3\u00ba.-VALENCIA CF-2 Puntos.<\/p>\n<p style=\"text-align: center\">4\u00ba.-CLUB DEPORTIVO ESPA\u00d1O-2 Puntos.<\/p>\n<p style=\"text-align: center\">5\u00ba.-DONOSTIA FC-1 Punto.<\/p>\n<p style=\"text-align: center\">6\u00ba.-FC BARCELONA-1 Punto.<\/p>\n<p style=\"text-align: center\">7\u00ba.-ARENAS CLUB DE GETXO-0 Puntos.<\/p>\n<p style=\"text-align: center\">8\u00ba.-MADRID FC-0 Puntos.<\/p>\n<p style=\"text-align: center\">9\u00ba.-RACING CLUB DE SANTANDER-0 Puntos.<\/p>\n<p style=\"text-align: center\"><strong>10\u00ba.-BETIS BALOMPI\u00c9-0 Puntos.-0g-0e-1p.-1 Gol a Favor y 9 Tantos en contra.<\/strong><\/p>\n","protected":false},"excerpt":{"rendered":"<p>1932-NOVIEMBRE 27-DOMINGO EN BILBAO.-PRIMERA JORNADA CAMPEONATO NACIONAL LIGA PRIMERA DIVISI\u00d3N-TEMPORADA 1932-1933. XII Presidente Athl\u00e9tic Club 1929-1933. Mr. Fedrerick Beaconsfiel PENTLAND. Entrenador 1929-1933. (49 a\u00f1os, 4 meses menos 2 d\u00edas)- ALINE\u00d3 A AMBAS ESCUADRAS DE LA FORMA SIGUIENTE: L\u00edder.-ATHL\u00c9TIC CLUB-9 Tantos. Jos\u00e9 Mar\u00eda CASTELLANOS Ledo-Juan Jos\u00e9 URQUIZU Sustaeta.-Leonardo CILAURREN Uriarte-Jos\u00e9 MUGUERZA Anit\u00faa-GERARDO Bilbao Bilbao.-Ram\u00f3n De la&#8230;<\/p>\n","protected":false},"author":48,"featured_media":35397,"comment_status":"open","ping_status":"open","sticky":false,"template":"","format":"standard","meta":{"_kad_post_transparent":"","_kad_post_title":"","_kad_post_layout":"","_kad_post_sidebar_id":"","_kad_post_content_style":"","_kad_post_vertical_padding":"","_kad_post_feature":"","_kad_post_feature_position":"","_kad_post_header":false,"_kad_post_footer":false,"_kad_post_classname":"","_jetpack_memberships_contains_paid_content":false,"footnotes":"","jetpack_publicize_message":"","jetpack_publicize_feature_enabled":true,"jetpack_social_post_already_shared":true,"jetpack_social_options":{"image_generator_settings":{"template":"highway","default_image_id":0,"font":"","enabled":false},"version":2}},"categories":[899,1],"tags":[3593],"class_list":["post-35389","post","type-post","status-publish","format-standard","has-post-thumbnail","hentry","category-1930-1939","category-portada","tag-juan-martin"],"jetpack_publicize_connections":[],"jetpack_featured_media_url":"https:\/\/i0.wp.com\/www.manquepierda.com\/historiarealbetis\/files\/2014\/04\/19321127-ATCB-9-BB-1.jpg?fit=886%2C892&ssl=1","jetpack_sharing_enabled":true,"jetpack_shortlink":"https:\/\/wp.me\/p1ij08-9cN","jetpack-related-posts":[],"_links":{"self":[{"href":"https:\/\/www.manquepierda.com\/historiarealbetis\/wp-json\/wp\/v2\/posts\/35389","targetHints":{"allow":["GET"]}}],"collection":[{"href":"https:\/\/www.manquepierda.com\/historiarealbetis\/wp-json\/wp\/v2\/posts"}],"about":[{"href":"https:\/\/www.manquepierda.com\/historiarealbetis\/wp-json\/wp\/v2\/types\/post"}],"author":[{"embeddable":true,"href":"https:\/\/www.manquepierda.com\/historiarealbetis\/wp-json\/wp\/v2\/users\/48"}],"replies":[{"embeddable":true,"href":"https:\/\/www.manquepierda.com\/historiarealbetis\/wp-json\/wp\/v2\/comments?post=35389"}],"version-history":[{"count":0,"href":"https:\/\/www.manquepierda.com\/historiarealbetis\/wp-json\/wp\/v2\/posts\/35389\/revisions"}],"wp:featuredmedia":[{"embeddable":true,"href":"https:\/\/www.manquepierda.com\/historiarealbetis\/wp-json\/wp\/v2\/media\/35397"}],"wp:attachment":[{"href":"https:\/\/www.manquepierda.com\/historiarealbetis\/wp-json\/wp\/v2\/media?parent=35389"}],"wp:term":[{"taxonomy":"category","embeddable":true,"href":"https:\/\/www.manquepierda.com\/historiarealbetis\/wp-json\/wp\/v2\/categories?post=35389"},{"taxonomy":"post_tag","embeddable":true,"href":"https:\/\/www.manquepierda.com\/historiarealbetis\/wp-json\/wp\/v2\/tags?post=35389"}],"curies":[{"name":"wp","href":"https:\/\/api.w.org\/{rel}","templated":true}]}}