{"id":35517,"date":"2014-05-04T08:35:35","date_gmt":"2014-05-04T06:35:35","guid":{"rendered":"http:\/\/www.manquepierda.com\/historiarealbetis\/?p=35517"},"modified":"2014-05-05T11:49:33","modified_gmt":"2014-05-05T09:49:33","slug":"reivindicacion-del-manquepierda","status":"publish","type":"post","link":"https:\/\/www.manquepierda.com\/historiarealbetis\/reivindicacion-del-manquepierda\/","title":{"rendered":"Reivindicaci\u00f3n del Manquepierda"},"content":{"rendered":"<figure id=\"attachment_35518\" aria-describedby=\"caption-attachment-35518\" style=\"width: 395px\" class=\"wp-caption alignleft\"><a href=\"https:\/\/www.manquepierda.com\/historiarealbetis\/35517-reivindicacion-del-manquepierda\/manquepierda-junio-1954-2-nmp-sevilla-1-6-1954\/\" rel=\"attachment wp-att-35518\"><img data-recalc-dims=\"1\" loading=\"lazy\" decoding=\"async\" class=\"wp-image-35518 \" src=\"https:\/\/i0.wp.com\/www.manquepierda.com\/historiarealbetis\/files\/2014\/04\/Manquepierda-Junio-1954-2-NMP-Sevilla-1-6-1954.jpg?resize=395%2C354&#038;ssl=1\" alt=\"Manquepierda Junio 1954-2 (NMP)  Sevilla 1-6-1954\" width=\"395\" height=\"354\" srcset=\"https:\/\/i0.wp.com\/www.manquepierda.com\/historiarealbetis\/files\/2014\/04\/Manquepierda-Junio-1954-2-NMP-Sevilla-1-6-1954.jpg?w=444&amp;ssl=1 444w, https:\/\/i0.wp.com\/www.manquepierda.com\/historiarealbetis\/files\/2014\/04\/Manquepierda-Junio-1954-2-NMP-Sevilla-1-6-1954.jpg?resize=220%2C197&amp;ssl=1 220w\" sizes=\"auto, (max-width: 395px) 100vw, 395px\" \/><\/a><figcaption id=\"caption-attachment-35518\" class=\"wp-caption-text\">Fuente: Sevilla, 1 de junio de 1954<\/figcaption><\/figure>\n<p>El pasado 25 de abril tuve el placer de participar en la presentaci\u00f3n de \u201cOselito y el Betis\u201d, obra de Reyes Aguilar con la colaboraci\u00f3n de la Fundaci\u00f3n Mart\u00ednez de Le\u00f3n. En ella, aparte de hacer un repaso por la espl\u00e9ndida actividad literaria en torno al Real Betis Balompi\u00e9 en los \u00faltimos a\u00f1os, aprovech\u00e9 para reivindicar el Manquepierda, en unos tiempos en los que desde algunos \u00e1mbitos se pone en duda su validez e, incluso, se le achacan parte de los males actuales del club.<\/p>\n<p>Os dejo la reflexi\u00f3n que hice al respecto.<\/p>\n<p><span style=\"color: #339966;\">Es muy halagador el panorama que presentan las publicaciones relacionadas con el Real Betis Balompi\u00e9. Un despegue que se inici\u00f3 a partir de los a\u00f1os en los que se celebr\u00f3 el Centenario de la entidad, y que ven\u00eda a retomar lo que en 1982 se hizo con motivo de las Bodas de Platino, o con las Bodas de Oro a finales de la d\u00e9cada de los 50. \u00a0 <\/span><\/p>\n<p><span style=\"color: #339966;\">Cabe mencionar en relaci\u00f3n con el Centenario de 2007 la destacable obra literaria Relatos en verdiblanco, a la que siguieron en 2008 Los jugadores de las 13 barras y en 2009 Todos los presidentes del Real Betis Balompi\u00e9. \u00a0 <\/span><\/p>\n<p><span style=\"color: #339966;\">Estas \u00faltimas dos obras son fruto del trabajo de Manuel Carmona Rodr\u00edguez, a quien todos los aficionados a la historia verdiblanca debemos su labor pionera y tit\u00e1nica, cuando pocos, por no decir ninguno, se dedicaban a una labor de investigaci\u00f3n profunda y rigurosa como la que Manuel ha realizado a lo largo de muchos a\u00f1os. \u00a0 <\/span><\/p>\n<p><span style=\"color: #339966;\">Vaya desde aqu\u00ed mi sentido homenaje a la tarea de Manuel Carmona, quien ahora ve refrendado lo que le transmiti\u00f3 un b\u00e9tico ilustre, como Jos\u00e9 Mar\u00eda de la Concha, a la luz de los \u00faltimos hallazgos documentales relacionados con los inicios de los clubs sevillanos. \u00a0 <\/span><\/p>\n<p><span style=\"color: #339966;\">A la pluma de otro investigador, Rafael Medina, debemos una biograf\u00eda en 2011 de un gran b\u00e9tico como Alfonso Jaramillo, as\u00ed como un interesante ensayo sobre el Manquepierda, su historia y su evoluci\u00f3n, obra del a\u00f1o 2012. \u00a0 <\/span><\/p>\n<p><span style=\"color: #339966;\">Tambi\u00e9n del 2012 es la anterior obra de Reyes Aguilar El Manquepierda, una filosof\u00eda de vida, que da voz a b\u00e9ticos de toda condici\u00f3n: jugadores y directivos hist\u00f3ricos, pero tambi\u00e9n gente normal y corriente, b\u00e9ticos an\u00f3nimos que nunca saldr\u00e1n en los medios de comunicaci\u00f3n, y que nos explican de forma sencilla qu\u00e9 es para ellos el Betis, c\u00f3mo lo sienten y lo viven, c\u00f3mo lo sufren y lo quieren\u2026 \u00a0 <\/span><\/p>\n<p><span style=\"color: #339966;\">Tal como me dijo Reyes en su momento, el Manquepierda es fidelidad a ti mismo y a tus principios. Como el propio t\u00edtulo de la obra indica: una filosof\u00eda de vida. \u00a0 Y en este a\u00f1o 2014, en el que celebraremos los 100 a\u00f1os de la constituci\u00f3n del Real Betis como tal, contin\u00faan las novedades editoriales relacionadas con nuestro club. \u00a0 \u00a0<\/span><\/p>\n<p><span style=\"color: #339966;\">De nuevo Manuel Carmona nos ilustra con la edici\u00f3n del primer tomo de su Enciclopedia del Real Betis Balompi\u00e9, que se extiende entre 1907 y 1929. Su labor tit\u00e1nica, como antes coment\u00e9, bien merece el quedar plasmada para conocimiento y disfrute de todo el Beticismo. \u00a0 100 motivos para ser del Betis, obra del periodista Daniel Gil, es la segunda novedad de este a\u00f1o. Sus 100 motivos se resumen en 100 peque\u00f1os relatos, que nos van desgranando an\u00e9cdotas, vivencias, recuerdos personales del autor, y tambi\u00e9n recuerdos comunes a todos los que profesamos la \u00fanica y verdadera fe. \u00a0 <\/span><\/p>\n<p><span style=\"color: #339966;\">Una aut\u00e9ntica delicia, muy recomendable para todos los que sentimos en verdiblanco. Y por fin llegamos a la obra que aqu\u00ed nos congrega. \u00a0Una obra que viene a recopilar una parte importante de nuestra historia, la que se relaciona con Andr\u00e9s Mart\u00ednez de Le\u00f3n y con su entra\u00f1able personaje Oselito, el simp\u00e1tico dibujo con el que se simboliza desde los a\u00f1os 20 al aficionado sevillano, tanto al mundo del toro como del f\u00fatbol, aunque paulatinamente la afici\u00f3n deportiva se fue imponiendo a la taurina, tal como ocurri\u00f3 en el conjunto de la \u00a0sociedad sevillana a lo largo del siglo XX.\u00a0 \u00a0\u00a0\u00a0 \u00a0\u00a0\u00a0<\/span><\/p>\n<blockquote><p><a href=\"https:\/\/www.manquepierda.com\/historiarealbetis\/35517-reivindicacion-del-manquepierda\/oselito-11\/\" rel=\"attachment wp-att-35519\"><img data-recalc-dims=\"1\" loading=\"lazy\" decoding=\"async\" class=\"alignright\" src=\"https:\/\/i0.wp.com\/www.manquepierda.com\/historiarealbetis\/files\/2014\/04\/Oselito.jpg?resize=350%2C399&#038;ssl=1\" alt=\"Oselito\" width=\"350\" height=\"399\" \/><\/a>\u00abMil veces alanceado, pero nunca muerto\u00bb<\/p><\/blockquote>\n<p><span style=\"color: #339966;\">Esta frase de Oselito resume los vaivenes de un Betis derrotado en mil ocasiones, pero nunca vencido. Andr\u00e9s Mart\u00ednez de Le\u00f3n, su creador, tambi\u00e9n sinti\u00f3 a lo largo de su vida la derrota, aunque no fue vencido. Volvi\u00f3 despu\u00e9s de un largo periodo carcelario, y retom\u00f3 de nuevo el contacto con la Sevilla futbol\u00edstica, a trav\u00e9s de Oselito. \u00a0 <\/span><\/p>\n<p><span style=\"color: #339966;\">Fue nombrado socio de honor por la entidad b\u00e9tica en 1957, actualizando un antiguo nombramiento ya de 1935. Para las Bodas de Oro del Club, celebradas en 1958, realiza esta Historia del Real Betis Balompi\u00e9 que ahora se reedita de forma brillante, junto a unas vi\u00f1etas de 1935 en las que Oselito proclama su alegr\u00eda ante la gloriosa victoria en el Campeonato de Liga. \u00a0 <\/span><\/p>\n<p><span style=\"color: #339966;\">De Oselito, y de sus andanzas en verdiblanco, nos viene a contar Reyes Aguilar con la colaboraci\u00f3n de la Fundaci\u00f3n Mart\u00ednez de Le\u00f3n. Una tarea loable y necesaria, la de recuperar esa obra literaria y cultural que ha acompa\u00f1ado al Real Betis Balompi\u00e9 en sus ya m\u00e1s de 100 a\u00f1os de vida. Y una tarea en la que hay que destacar otras iniciativas. Como, por ejemplo, las conferencias que Benito Rivero Villamar\u00edn, nieto del ilustre presidente, desarrolla por las pe\u00f1as b\u00e9ticas con el auspicio de la asociaci\u00f3n cultural M\u00e1s Betis. \u00a0 <\/span><\/p>\n<p><span style=\"color: #339966;\">Como vemos se vive un momento de gran efervescencia en la labor de dinamizaci\u00f3n cultural e hist\u00f3rica relacionada con el Real Betis Balompi\u00e9. L\u00e1stima que en esta tarea el propio club no sea quien tome la iniciativa de forma decidida, pero desgraciadamente ese ha sido el sino a lo largo de nuestra historia, salvo excepciones muy puntuales. Nunca ha velado el club por la conservaci\u00f3n de su patrimonio hist\u00f3rico y documental, ni se ha interesado por su difusi\u00f3n y conocimiento ni por promover su investigaci\u00f3n. \u00a0 <\/span><\/p>\n<p><span style=\"color: #339966;\">Sin embargo, hay otro aspecto que me gustar\u00eda compartir con vosotros este d\u00eda, al hilo del m\u00e1s que probable descenso del Real Betis Balompi\u00e9 a Segunda Divisi\u00f3n. Ser\u00e1 el n\u00famero once de los descensos b\u00e9ticos de Primera a Segunda, y el n\u00famero doce si tambi\u00e9n contabilizamos el que llev\u00f3 al Betis a Tercera Divisi\u00f3n en 1947. \u00a0Nada nuevo, pues, para los que habitualmente nos interesamos por las cuestiones relacionadas con la centenaria historia verdiblanca. \u00a0 <\/span><\/p>\n<p><span style=\"color: #339966;\">Pero s\u00ed quiero reflexionar sobre algo que hoy en d\u00eda se est\u00e1 discutiendo en determinados \u00e1mbitos, y que constituy\u00f3 el eje central de la anterior obra de Reyes Aguilar: el Manquepierda. A este lema, \u00fanico y singular entre los clubs de f\u00fatbol existentes, se achaca hoy una parte importante del fracaso deportivo de esta temporada. Se le acusa de conformismo, de falta de exigencia deportiva y social, de un encogerse de hombros ante una especie de destino fatalista y marcado, que impedir\u00eda al Betis crecer deportivamente de una forma acorde a la masa social que le sigue. \u00a0 <\/span><\/p>\n<p><span style=\"color: #339966;\">Yo, sin embargo, quiero reivindicar el Manquepierda aqu\u00ed y ahora. Un Manquepierda que surgi\u00f3 hist\u00f3ricamente como un grito desesperado ante una situaci\u00f3n deportiva, econ\u00f3mica y social angustiosa. Nunca supuso conformismo ni falta de exigencia o ambici\u00f3n. Si as\u00ed hubiera sido el Betis no habr\u00eda salido de la Tercera Divisi\u00f3n. Porque el Manquepierda fue y es fidelidad ante todo y ante todos. Nunca bajar los brazos, nunca abandonar, siempre pelear y luchar por otra realidad distinta. \u00a0 <\/span><\/p>\n<p><span style=\"color: #339966;\">El m\u00e1s hermoso grito de rebeld\u00eda y fidelidad, eso es el Manquepierda. \u00a0 El Betis hoy en d\u00eda atraviesa una grave crisis institucional, derivada de una intervenci\u00f3n judicial consecuencia de la actuaci\u00f3n presuntamente delictiva de los anteriores mandatarios. Se a\u00f1ade a ello la falta de preparaci\u00f3n, la suficiencia de algunos y el dejar hacer de otros, lo que nos ha llevado a un descenso de categor\u00eda tras una penosa temporada. \u00a0Ante ello me permito lanzar varias preguntas: \u00bfEs que esta situaci\u00f3n\u00a0 de fracaso deportivo y de caos institucional no nos duele, como s\u00ed dol\u00eda hace 60 \u00f3 70 a\u00f1os? \u00bfEs que los b\u00e9ticos hemos de asistir inermes al desmoronamiento de nuestro club? \u00bfEs que no nos hierve la sangre como les hirvi\u00f3 a nuestros abuelos? \u00a0 <\/span><\/p>\n<p><span style=\"color: #339966;\">Un breve ejemplo hist\u00f3rico. En 1951, con el Betis en Tercera Divisi\u00f3n por cuarto a\u00f1o consecutivo, la afici\u00f3n removi\u00f3 de la presidencia a Pascual Aparicio, un hombre que se arruin\u00f3 econ\u00f3micamente por su amor al club. Eran los peores a\u00f1os en la singladura por la Tercera Divisi\u00f3n. Los tiempos en los que, en casa de Alfonso Jaramillo, directivo con Pascual Aparicio, se preparaba la comida de los jugadores para ir a Ubeda, Almendralejo \u00f3 Larache. La afici\u00f3n reaccion\u00f3 ante el fracaso en la Liguilla de Ascenso a Segunda en junio de \u00a01951, y, en septiembre de ese a\u00f1o, una derrota en el primer partido en casa con el Almer\u00eda, provoc\u00f3 una masiva protesta en los grader\u00edos del viejo Heli\u00f3polis y la dimisi\u00f3n de la directiva. Eran a\u00f1os duros, a\u00f1os del Manquepierda a flor de piel, pero que no sirvi\u00f3 para eludir responsabilidades. Fidelidad a unos colores, a una entidad, a un sentimiento, pero rebeld\u00eda ante la mala gesti\u00f3n y la incapacidad. \u00a0 <\/span><\/p>\n<p><span style=\"color: #339966;\">Quiero con ello recalcar la idea de que el Manquepierda no es ni fue conformismo; y que ahora tampoco debe de servir de asidero para los responsables de la situaci\u00f3n actual del Real Betis Balompi\u00e9: los que detentan el poder hoy en d\u00eda, y los que lo detentaron antes, sumiendo al club en una profunda crisis. \u00a0 En los tiempos de presidentes de gloriosa memoria como Benito Villamar\u00edn \u00f3 Pepe N\u00fa\u00f1ez Naranjo, tambi\u00e9n tuvieron \u00e9stos que lidiar con una afici\u00f3n exigente y contestataria. El Manquepierda nunca les sirvi\u00f3 para eludir sus responsabilidades, ni la afici\u00f3n se refugi\u00f3 en ese destino fatalista que algunos pretenden imponernos como condici\u00f3n propia de los b\u00e9ticos. \u00a0 \u00a0 <\/span><\/p>\n<p><span style=\"color: #339966;\">Voy a terminar con un peque\u00f1o recorte de prensa. Est\u00e1 ya muy pr\u00f3ximo a los 60 a\u00f1os. Es del 1 de junio de 1954 y se public\u00f3 en el diario Sevilla, en el reportaje especial que este diario hizo con motivo del ascenso del Betis de Tercera a Segunda, despu\u00e9s de 7 a\u00f1os de calvario, cuando, como dijo Juan Petralanda, \u201ceramos menos que nada\u201d. \u00a0<\/span><\/p>\n<blockquote><p><span style=\"color: #333333;\"> Se titula \u00a1Manque pierda\u00a1 y dice as\u00ed: \u201cSer\u00e1 cosa de pensar si no conviene ya variar el grito de rebeli\u00f3n que s\u00f3lo el ingenio sevillano y la amorosa tozudez con que aqu\u00ed nos aferramos a nuestros gustos pudo inventar para acabar con el derrotismo. <\/span><\/p>\n<p><span style=\"color: #333333;\">Manquepierda puede significar \u201caunque los haya mejores\u201d, \u201cporque me da la real gana\u201d, o \u201ca pesar de todo\u201d, seg\u00fan la circunstancia con que este grito de guerra de los b\u00e9ticos se lance al aire. Tiene tanto de rebeld\u00eda como de exaltaci\u00f3n. \u00a0 Pero lo vamos a tener que dejar para nuevo uso hist\u00f3rico si el Betis sigue la racha ascendente que todos le deseamos. \u00a0 <\/span><\/p>\n<p><span style=\"color: #333333;\">Pero una cosa debe quedar bien clara. El grito no es conformista, no tiene signo negativo, sino que quiere proclamar y proclama la enorme fuerza de adhesi\u00f3n al Club de la masa de seguidores m\u00e1s apasionada de Espa\u00f1a. En el Manquepierda se trata de demostrar que, por encima de todo, hay fe. Y esta fe, estamos seguros, traer\u00e1 de nuevo tardes de gloria a los colores b\u00e9ticos\u201d. \u00a0 <\/span><\/p>\n<p><span style=\"color: #333333;\">As\u00ed pues grito de rebeli\u00f3n, fe, exaltaci\u00f3n, rebeld\u00eda, grito no conformista, enorme fuerza de adhesi\u00f3n de la masa de seguidores m\u00e1s apasionada de Espa\u00f1a\u2026 \u00a0 \u00a0<\/span><\/p><\/blockquote>\n<p><span style=\"color: #339966;\">Aqu\u00ed se dejan bien claros los par\u00e1metros en los que el Manquepierda naci\u00f3 y se desarroll\u00f3. Retom\u00e9moslos una vez m\u00e1s y, al lado de nuestro amor y adhesi\u00f3n a este sentimiento, seamos exigentes con nosotros mismos y con los que dirigen el club. \u00a0 Fidelidad y rebeld\u00eda eso es el Manquepierda. \u00a0 \u00a1\u00a1\u00a1 Viva el Betis Manquepierda \u00a1\u00a1\u00a1<\/span><\/p>\n","protected":false},"excerpt":{"rendered":"<p>El pasado 25 de abril tuve el placer de participar en la presentaci\u00f3n de \u201cOselito y el Betis\u201d, obra de Reyes Aguilar con la colaboraci\u00f3n de la Fundaci\u00f3n Mart\u00ednez de Le\u00f3n. En ella, aparte de hacer un repaso por la espl\u00e9ndida actividad literaria en torno al Real Betis Balompi\u00e9 en los \u00faltimos a\u00f1os, aprovech\u00e9 para&#8230;<\/p>\n","protected":false},"author":5,"featured_media":35518,"comment_status":"open","ping_status":"open","sticky":false,"template":"","format":"standard","meta":{"_kad_post_transparent":"","_kad_post_title":"","_kad_post_layout":"","_kad_post_sidebar_id":"","_kad_post_content_style":"","_kad_post_vertical_padding":"","_kad_post_feature":"","_kad_post_feature_position":"","_kad_post_header":false,"_kad_post_footer":false,"_kad_post_classname":"","_jetpack_memberships_contains_paid_content":false,"footnotes":"","jetpack_publicize_message":"","jetpack_publicize_feature_enabled":true,"jetpack_social_post_already_shared":true,"jetpack_social_options":{"image_generator_settings":{"template":"highway","default_image_id":0,"font":"","enabled":false},"version":2}},"categories":[1,1176],"tags":[10098,552,3578,6860],"class_list":["post-35517","post","type-post","status-publish","format-standard","has-post-thumbnail","hentry","category-portada","category-relatos-de-futbol","tag-fundacion-martinez-de-leon","tag-manquepierda","tag-oselito","tag-reyes-aguilar"],"jetpack_publicize_connections":[],"jetpack_featured_media_url":"https:\/\/i0.wp.com\/www.manquepierda.com\/historiarealbetis\/files\/2014\/04\/Manquepierda-Junio-1954-2-NMP-Sevilla-1-6-1954.jpg?fit=444%2C398&ssl=1","jetpack_sharing_enabled":true,"jetpack_shortlink":"https:\/\/wp.me\/p1ij08-9eR","jetpack-related-posts":[],"_links":{"self":[{"href":"https:\/\/www.manquepierda.com\/historiarealbetis\/wp-json\/wp\/v2\/posts\/35517","targetHints":{"allow":["GET"]}}],"collection":[{"href":"https:\/\/www.manquepierda.com\/historiarealbetis\/wp-json\/wp\/v2\/posts"}],"about":[{"href":"https:\/\/www.manquepierda.com\/historiarealbetis\/wp-json\/wp\/v2\/types\/post"}],"author":[{"embeddable":true,"href":"https:\/\/www.manquepierda.com\/historiarealbetis\/wp-json\/wp\/v2\/users\/5"}],"replies":[{"embeddable":true,"href":"https:\/\/www.manquepierda.com\/historiarealbetis\/wp-json\/wp\/v2\/comments?post=35517"}],"version-history":[{"count":0,"href":"https:\/\/www.manquepierda.com\/historiarealbetis\/wp-json\/wp\/v2\/posts\/35517\/revisions"}],"wp:featuredmedia":[{"embeddable":true,"href":"https:\/\/www.manquepierda.com\/historiarealbetis\/wp-json\/wp\/v2\/media\/35518"}],"wp:attachment":[{"href":"https:\/\/www.manquepierda.com\/historiarealbetis\/wp-json\/wp\/v2\/media?parent=35517"}],"wp:term":[{"taxonomy":"category","embeddable":true,"href":"https:\/\/www.manquepierda.com\/historiarealbetis\/wp-json\/wp\/v2\/categories?post=35517"},{"taxonomy":"post_tag","embeddable":true,"href":"https:\/\/www.manquepierda.com\/historiarealbetis\/wp-json\/wp\/v2\/tags?post=35517"}],"curies":[{"name":"wp","href":"https:\/\/api.w.org\/{rel}","templated":true}]}}