{"id":35571,"date":"2014-05-05T12:20:23","date_gmt":"2014-05-05T10:20:23","guid":{"rendered":"http:\/\/www.manquepierda.com\/historiarealbetis\/?p=35571"},"modified":"2024-08-14T12:18:32","modified_gmt":"2024-08-14T10:18:32","slug":"1932-diciembre-25-primera-division-betis-balompie-2-goles-vs-fc-barcelona-1tanto","status":"publish","type":"post","link":"https:\/\/www.manquepierda.com\/historiarealbetis\/1932-diciembre-25-primera-division-betis-balompie-2-goles-vs-fc-barcelona-1tanto\/","title":{"rendered":"1932-Diciembre 25-Primera.-Betis Balompi\u00e9-2 CFBarcelona-1.-83Aniversario."},"content":{"rendered":"<p style=\"text-align: justify\"><strong>QUINTA EDICI\u00d3N CAMPEONATO NACIONAL LIGA PRIMERA DIVISI\u00d3N-TEMPORADA 1932-1933.-Desde domingo 27 de Septiembre de 1932 hasta martes 28 de Marzo de 1933; ambos inclusive.<\/strong><\/p>\n<p style=\"text-align: justify\"><strong>1932-DICIEMBRE 25-DOMINGO-\u00abNATIVIDAD DEL SE\u00d1OR\u00bb-BARRIO \u00abEL PORVENIR\u00bb-CAMPO MUNICIPAL DE DEPORTES \u00abPATRONATO OBRERO\u00bb.-QUINTA JORNADA.<\/strong><\/p>\n<p style=\"text-align: justify\"><a href=\"https:\/\/www.manquepierda.com\/historiarealbetis\/35571-1932-diciembre-25-primera-division-betis-balompie-2-goles-vs-fc-barcelona-1tanto\/19321225cangas\/\" rel=\"attachment wp-att-45930\"><img data-recalc-dims=\"1\" loading=\"lazy\" decoding=\"async\" class=\"alignleft size-thumbnail wp-image-45930\" src=\"https:\/\/i0.wp.com\/www.manquepierda.com\/historiarealbetis\/files\/2014\/05\/19321225Cangas.jpg?resize=220%2C192&#038;ssl=1\" alt=\"19321225Cangas\" width=\"220\" height=\"192\" srcset=\"https:\/\/i0.wp.com\/www.manquepierda.com\/historiarealbetis\/files\/2014\/05\/19321225Cangas.jpg?resize=220%2C192&amp;ssl=1 220w, https:\/\/i0.wp.com\/www.manquepierda.com\/historiarealbetis\/files\/2014\/05\/19321225Cangas.jpg?resize=680%2C595&amp;ssl=1 680w, https:\/\/i0.wp.com\/www.manquepierda.com\/historiarealbetis\/files\/2014\/05\/19321225Cangas.jpg?resize=768%2C672&amp;ssl=1 768w, https:\/\/i0.wp.com\/www.manquepierda.com\/historiarealbetis\/files\/2014\/05\/19321225Cangas.jpg?resize=800%2C700&amp;ssl=1 800w, https:\/\/i0.wp.com\/www.manquepierda.com\/historiarealbetis\/files\/2014\/05\/19321225Cangas.jpg?w=1363&amp;ssl=1 1363w\" sizes=\"auto, (max-width: 220px) 100vw, 220px\" \/><\/a>Arbitr\u00f3 el colegiado Juan Jos\u00e9 CANGA-ARG\u00dcELLES Ballesteros.<\/p>\n<p style=\"text-align: justify\"><em><strong>\u00abEl se\u00f1or Canga-Arg\u00fcelles realiz\u00f3 un arbitraje \u00abtan excelente\u00bb que hubo de retirarse a la caseta en la forma que indica el gr\u00e1fico\u00bb<\/strong><\/em>.-Fuente ABC-Sevilla 19321227-Martes.<\/p>\n<p style=\"text-align: center\"><em>\u00abDurante el segundo tiempo se protest\u00f3 ruidosamente su labor. <\/em><\/p>\n<p style=\"text-align: justify\"><em>A los 75 minutos, los Guardias de Asalto subieron a las tribunas para acallar las protestas contra Canga-Arg\u00fcelles, origin\u00e1ndose la alarma y los sustos consiguientes.<\/em><\/p>\n<p style=\"text-align: justify\"><em>A los 76 minutos, expuls\u00f3 del terreno de juego a CAPILLA y RAFA, a consecuencia de un incidente que se produjo por una fea entrada de Juan Rafa Mas sobre Blas Rocasolano.<\/em><\/p>\n<p style=\"text-align: justify\"><em><strong>Terminado el encuentro, una comisi\u00f3n de aficionados se traslad\u00f3 al Gobierno Civil, con objeto de protestar por la actuaci\u00f3n de los agentes de Seguridad\u00bb.<\/strong><\/em><\/p>\n<p style=\"text-align: justify\"><a href=\"https:\/\/www.manquepierda.com\/historiarealbetis\/35571-1932-diciembre-25-primera-division-betis-balompie-2-goles-vs-fc-barcelona-1tanto\/19321225estampa\/\" rel=\"attachment wp-att-45933\"><img data-recalc-dims=\"1\" loading=\"lazy\" decoding=\"async\" class=\"aligncenter size-medium wp-image-45933\" src=\"https:\/\/i0.wp.com\/www.manquepierda.com\/historiarealbetis\/files\/2014\/05\/19321225Estampa.jpg?resize=425%2C600&#038;ssl=1\" alt=\"19321225Estampa\" width=\"425\" height=\"600\" srcset=\"https:\/\/i0.wp.com\/www.manquepierda.com\/historiarealbetis\/files\/2014\/05\/19321225Estampa.jpg?resize=425%2C600&amp;ssl=1 425w, https:\/\/i0.wp.com\/www.manquepierda.com\/historiarealbetis\/files\/2014\/05\/19321225Estampa.jpg?resize=156%2C220&amp;ssl=1 156w, https:\/\/i0.wp.com\/www.manquepierda.com\/historiarealbetis\/files\/2014\/05\/19321225Estampa.jpg?resize=496%2C700&amp;ssl=1 496w, https:\/\/i0.wp.com\/www.manquepierda.com\/historiarealbetis\/files\/2014\/05\/19321225Estampa.jpg?w=765&amp;ssl=1 765w\" sizes=\"auto, (max-width: 425px) 100vw, 425px\" \/><\/a><em>\u00abBetis, dos; Barcelona, uno. Un \u00abc\u00f3rner\u00bb contra el Barcelona\u00bb.-<\/em>Foto GONSANHI-\u00abESTAMPA\u00bb-Revista Gr\u00e1fica-Madrid-S\u00e1bado 31 de Diciembre de 1932.<\/p>\n<p style=\"text-align: justify\"><strong>\u00abA pesar de la festividad del d\u00eda, la visita del Barcelona hab\u00eda despertado expectaci\u00f3n y ello se tradujo en un lleno completo en populares. <\/strong><\/p>\n<p style=\"text-align: justify\"><a href=\"https:\/\/www.manquepierda.com\/historiarealbetis\/35571-1932-diciembre-25-primera-division-betis-balompie-2-goles-vs-fc-barcelona-1tanto\/aficion-betica-en-el-patronato-1929-nmp-la-union-25-2-1929-5\/\" rel=\"attachment wp-att-45934\"><img data-recalc-dims=\"1\" loading=\"lazy\" decoding=\"async\" class=\"aligncenter size-full wp-image-45934\" src=\"https:\/\/i0.wp.com\/www.manquepierda.com\/historiarealbetis\/files\/2014\/05\/Afici%C3%B3n-b%C3%A9tica-en-el-Patronato-1929-NMP-La-Uni%C3%B3n-25-2-1929.jpg?resize=604%2C412&#038;ssl=1\" alt=\"Afici\u00f3n-b\u00e9tica-en-el-Patronato-1929-NMP-La-Uni\u00f3n-25-2-1929\" width=\"604\" height=\"412\" srcset=\"https:\/\/i0.wp.com\/www.manquepierda.com\/historiarealbetis\/files\/2014\/05\/Afici%C3%B3n-b%C3%A9tica-en-el-Patronato-1929-NMP-La-Uni%C3%B3n-25-2-1929.jpg?w=604&amp;ssl=1 604w, https:\/\/i0.wp.com\/www.manquepierda.com\/historiarealbetis\/files\/2014\/05\/Afici%C3%B3n-b%C3%A9tica-en-el-Patronato-1929-NMP-La-Uni%C3%B3n-25-2-1929.jpg?resize=220%2C150&amp;ssl=1 220w\" sizes=\"auto, (max-width: 604px) 100vw, 604px\" \/><\/a><strong>En tribuna la entrada fue mediana, pero en su conjunto el \u00abPatronato Obrero\u00bb ofrec\u00eda un bello aspecto, esperando verse un partido muy re\u00f1ido y dividi\u00e9ndose los pron\u00f3sticos, pues si bien se sab\u00eda que el CF Barcelona falto de algunos de sus m\u00e1s destacados valores, al Betis Balompi\u00e9 le suced\u00eda lo mismo presentando cuatro suplentes en sustituci\u00f3n de \u00abAdolfito\u00bb, \u00abAdolfo II\u00bb, Enrique y Jes\u00fas\u00bb.<\/strong><\/p>\n<figure id=\"attachment_32792\" aria-describedby=\"caption-attachment-32792\" style=\"width: 161px\" class=\"wp-caption alignright\"><a href=\"https:\/\/www.manquepierda.com\/historiarealbetis\/32785-1931-octubre-04-andalucia-primera-categoria-4ajornada-sevilla-cf-4-vs-betis-balompie-2-goals\/jose-ignacio-mantecon-navasal-1-3\/\" rel=\"attachment wp-att-32792\"><img data-recalc-dims=\"1\" loading=\"lazy\" decoding=\"async\" class=\"size-full wp-image-32792\" src=\"https:\/\/i0.wp.com\/www.manquepierda.com\/historiarealbetis\/files\/2013\/10\/Jos%C3%A9-Ignacio-Mantec%C3%B3n-Navasal.1.jpg?resize=161%2C202&#038;ssl=1\" alt=\"MMM\" width=\"161\" height=\"202\" \/><\/a><figcaption id=\"caption-attachment-32792\" class=\"wp-caption-text\"><strong>\u00a0<\/strong><\/figcaption><\/figure>\n<p style=\"text-align: justify\"><em><strong>Don Jos\u00e9 Ignacio MANTEC\u00d3N Navasal (30 a\u00f1os+3 meses menos 1 d\u00eda)-Presidente BETIS BALOMPI\u00c9-Temporada 1932-1933.-Natural de Zaragoza, viernes 26 de Septiembre de 1902.<\/strong><\/em><\/p>\n<p style=\"text-align: justify\"><em><strong>Obituario en M\u00e9xico-Distrito Federal-domingo 20 de Junio de 1982 (79 a\u00f1os+9 meses menos 6 d\u00edas)-D. E. P.<\/strong><\/em><\/p>\n<p style=\"text-align: justify\"><strong>1926-Septiembre.-Destinado al Archivo General de Indias en la \u00abCiudad del Betis\u00bb siendo Oficial Tercero del Cuerpo Facultativo de Archiveros, Bibliotecarios y Arque\u00f3logos de Espa\u00f1a.<\/strong><\/p>\n<figure id=\"attachment_34460\" aria-describedby=\"caption-attachment-34460\" style=\"width: 160px\" class=\"wp-caption alignleft\"><a href=\"https:\/\/www.manquepierda.com\/historiarealbetis\/34458-el-buzon-de-marca-y-patrick-oconnell-1959\/57f-00922-00026-011-2\/\" rel=\"attachment wp-att-34460\"><img data-recalc-dims=\"1\" loading=\"lazy\" decoding=\"async\" class=\"size-thumbnail wp-image-34460\" src=\"https:\/\/i0.wp.com\/www.manquepierda.com\/historiarealbetis\/files\/2014\/01\/57F-00922-00026-0111.jpg?resize=160%2C220&#038;ssl=1\" alt=\"mmm\" width=\"160\" height=\"220\" srcset=\"https:\/\/i0.wp.com\/www.manquepierda.com\/historiarealbetis\/files\/2014\/01\/57F-00922-00026-0111.jpg?resize=160%2C220&amp;ssl=1 160w, https:\/\/i0.wp.com\/www.manquepierda.com\/historiarealbetis\/files\/2014\/01\/57F-00922-00026-0111.jpg?resize=439%2C600&amp;ssl=1 439w, https:\/\/i0.wp.com\/www.manquepierda.com\/historiarealbetis\/files\/2014\/01\/57F-00922-00026-0111.jpg?resize=512%2C700&amp;ssl=1 512w, https:\/\/i0.wp.com\/www.manquepierda.com\/historiarealbetis\/files\/2014\/01\/57F-00922-00026-0111.jpg?w=985&amp;ssl=1 985w\" sizes=\"auto, (max-width: 160px) 100vw, 160px\" \/><\/a><figcaption id=\"caption-attachment-34460\" class=\"wp-caption-text\"><strong>\u00a0<\/strong><\/figcaption><\/figure>\n<p style=\"text-align: justify\"><strong>\u00a0<\/strong><em><strong>Mr. Patrick Joseph O&#8217;CONNELL (45 a\u00f1os+9 meses+17 d\u00edas)-Natural de Drucomdra-Dublin (Republic of Ireland), martes 08 de Marzo de 1887.-Obituario en St Pancras-Condado Cavem-Distrito Kilburn (Cementery)-London (England), viernes 27 de Febrero de 1959 (71 A\u00f1os+11 meses menos 19 d\u00edas)-D. E. P.<\/strong><\/em><\/p>\n<p style=\"text-align: justify\"><strong>ENTRENADOR-BETIS BALOMPI\u00c9-Temporada 1932-1933.-QUINTO CLASIFICADO CON SEIS PUNTOS (3-GANADOS+0-EMPATADOS+2 PERDIDOS); 11-GOLES A FAVOR Y 18-TANTOS EN CONTRA.<\/strong><\/p>\n<p style=\"text-align: justify\"><strong><em>&#8211;\u00abNo me gusta dar opiniones. Los dos equipos son buenos\u00bb<\/em><\/strong>.<\/p>\n<p style=\"text-align: justify\">Fuente.-\u00abEl Mundo Deportivo\u00bb-Barcelona, lunes 26 de Diciembre de 1932.<\/p>\n<p style=\"text-align: center\"><a href=\"https:\/\/www.manquepierda.com\/historiarealbetis\/35571-1932-diciembre-25-primera-division-betis-balompie-2-goles-vs-fc-barcelona-1tanto\/09-17-fernandez-del-pando-y-oconnell-637x600-2\/\" rel=\"attachment wp-att-45950\"><img data-recalc-dims=\"1\" loading=\"lazy\" decoding=\"async\" class=\"alignright size-thumbnail wp-image-45950\" src=\"https:\/\/i0.wp.com\/www.manquepierda.com\/historiarealbetis\/files\/2014\/05\/09-17-Fern%C3%A1ndez-del-Pando-y-O%C2%B4Connell-637x600.jpg?resize=220%2C207&#038;ssl=1\" alt=\"09-17-Fern\u00e1ndez-del-Pando-y-O\u00b4Connell-637x600\" width=\"220\" height=\"207\" srcset=\"https:\/\/i0.wp.com\/www.manquepierda.com\/historiarealbetis\/files\/2014\/05\/09-17-Fern%C3%A1ndez-del-Pando-y-O%C2%B4Connell-637x600.jpg?resize=220%2C207&amp;ssl=1 220w, https:\/\/i0.wp.com\/www.manquepierda.com\/historiarealbetis\/files\/2014\/05\/09-17-Fern%C3%A1ndez-del-Pando-y-O%C2%B4Connell-637x600.jpg?resize=637%2C600&amp;ssl=1 637w\" sizes=\"auto, (max-width: 220px) 100vw, 220px\" \/><\/a><em><strong>Carlos Fern\u00e1ndez De Pando-Secretario del Betis Balompi\u00e9:<\/strong><\/em><\/p>\n<p style=\"text-align: justify\"><em><strong>&#8211;\u00abEl tr\u00edo defensivo del Barcelona me ha impresionado. Los defensas juegan fuerte y hasta violentos. La l\u00ednea ha sido regular y la delantera descohesionada, no ha ligado bien ning\u00fan ataque. Nuestro equipo ha jugado m\u00e1s y ha merecido ganar por mejor tanteo. En el primer tiempo, especialmente, pudo marcar dos goles m\u00e1s\u00bb<\/strong><\/em>.<\/p>\n<p style=\"text-align: center\">Fuente.-\u00abEl Mundo Deportivo\u00bb-Barcelona, lunes 26-12-1932.<\/p>\n<p style=\"text-align: justify\"><em>\u00abLe toc\u00f3 escoger campo al Betis que elige a favor de aire y contra sol, empezando el encuentro con gran emoci\u00f3n, siendo el juego rapid\u00edsimo y marcando a los pocos minutos el Betis Balompi\u00e9 por mediaci\u00f3n de \u00abRocasolano I\u00bb, un gol que es justamente anulado por Canga-Arg\u00fcelles por off-side (fuera de la jugada)\u00bb.<\/em><\/p>\n<p style=\"text-align: justify\"><em><strong>\u00abUn detalle simp\u00e1tico del encuentro fue el cambio de banderines, con los colores catalanes y andaluces, al empezar el partido, entre los capitanes Mart\u00ed y \u00abJesus\u00edn\u00bb.<\/strong><\/em><\/p>\n<p style=\"text-align: center\"><a href=\"https:\/\/www.manquepierda.com\/historiarealbetis\/35571-1932-diciembre-25-primera-division-betis-balompie-2-goles-vs-fc-barcelona-1tanto\/1931-32bb-21\/\" rel=\"attachment wp-att-45935\"><img data-recalc-dims=\"1\" loading=\"lazy\" decoding=\"async\" class=\"size-full wp-image-45935 aligncenter\" src=\"https:\/\/i0.wp.com\/www.manquepierda.com\/historiarealbetis\/files\/2014\/05\/1931-32BB.jpg?resize=154%2C154&#038;ssl=1\" alt=\"1931-32BB\" width=\"154\" height=\"154\" \/><\/a><strong>BETIS BALOMPI\u00c9-2 GOLES.<\/strong><\/p>\n<p style=\"text-align: center\">ALINEACI\u00d3N:<\/p>\n<p style=\"text-align: justify\"><a href=\"https:\/\/www.manquepierda.com\/historiarealbetis\/35571-1932-diciembre-25-primera-division-betis-balompie-2-goles-vs-fc-barcelona-1tanto\/joaquinurquiagalegarbur-17\/\" rel=\"attachment wp-att-45936\"><img data-recalc-dims=\"1\" loading=\"lazy\" decoding=\"async\" class=\"aligncenter size-thumbnail wp-image-45936\" src=\"https:\/\/i0.wp.com\/www.manquepierda.com\/historiarealbetis\/files\/2014\/05\/Joaqu%C3%ADnURQUIAGALegarbur-1.jpg?resize=129%2C220&#038;ssl=1\" alt=\"Joaqu\u00ednURQUIAGALegarbur\" width=\"129\" height=\"220\" srcset=\"https:\/\/i0.wp.com\/www.manquepierda.com\/historiarealbetis\/files\/2014\/05\/Joaqu%C3%ADnURQUIAGALegarbur-1.jpg?resize=129%2C220&amp;ssl=1 129w, https:\/\/i0.wp.com\/www.manquepierda.com\/historiarealbetis\/files\/2014\/05\/Joaqu%C3%ADnURQUIAGALegarbur-1.jpg?resize=351%2C600&amp;ssl=1 351w, https:\/\/i0.wp.com\/www.manquepierda.com\/historiarealbetis\/files\/2014\/05\/Joaqu%C3%ADnURQUIAGALegarbur-1.jpg?resize=409%2C700&amp;ssl=1 409w, https:\/\/i0.wp.com\/www.manquepierda.com\/historiarealbetis\/files\/2014\/05\/Joaqu%C3%ADnURQUIAGALegarbur-1.jpg?w=633&amp;ssl=1 633w\" sizes=\"auto, (max-width: 129px) 100vw, 129px\" \/><\/a><strong>1-Guardameta.-Joaqu\u00edn URQUIAGA Legarburu (22 a\u00f1os+9 meses menos 4 d\u00edas)-Natural de BILBAO (Vizcaya).-1 tanto encajado.<\/strong><\/p>\n<p style=\"text-align: justify\"><strong>2-Zaguero-Lateral diestro.-Pedro Pablo ARESO Aramburu (21 a\u00f1os+6 meses menos 4 d\u00edas)-Natural de ORDIZIA (Guip\u00fazcoa).<\/strong><\/p>\n<p style=\"text-align: justify\"><a href=\"https:\/\/www.manquepierda.com\/historiarealbetis\/35571-1932-diciembre-25-primera-division-betis-balompie-2-goles-vs-fc-barcelona-1tanto\/jesusin-1-jesus-alberto-ruiz-medrano-5\/\" rel=\"attachment wp-att-45949\"><img data-recalc-dims=\"1\" loading=\"lazy\" decoding=\"async\" class=\"aligncenter size-full wp-image-45949\" src=\"https:\/\/i0.wp.com\/www.manquepierda.com\/historiarealbetis\/files\/2014\/05\/JESUS%C3%8DN.1-Jes%C3%BAs-Alberto-Ruiz-Medrano.jpg?resize=117%2C184&#038;ssl=1\" alt=\"JESUS\u00cdN.1-Jes\u00fas Alberto Ruiz Medrano\" width=\"117\" height=\"184\" \/><\/a><em><strong>&#8211;\u00abHa ganado el mejor sobre el terreno. Mi equipo se ha portado bien, no obstante, los suplentes. El ala izquierda ha debutado contra un enemigo demasiado peligroso. Del \u00e1rbitro m\u00e1s vale no hablar, Nos ha quitado un penalti m\u00e1s claro que el agua. Estoy realmente satisfecho\u00bb.-<\/strong><\/em>(\u00abEl Mundo Deportivo\u00bb-Barcelona 19321226-Lunes).<\/p>\n<p style=\"text-align: justify\"><strong>3-Zaguero-Lateral zurdo.-Jes\u00fas Alberto Ruiz Medrano (a) \u00abJESUS\u00cdN\u00bb (24 a\u00f1os+4 meses+18 d\u00edas)-Natural de SACED\u00d3N (Guadalajara).-CAPIT\u00c1N.<\/strong><\/p>\n<p style=\"text-align: justify\"><strong>4-Medio-diestro.-Jos\u00e9 Su\u00e1rez Gonz\u00e1lez (a) \u00abPERAL\u00bb (21 a\u00f1os+8 meses+15 d\u00edas)-Natural de SEVILLA.<\/strong><\/p>\n<p style=\"text-align: justify\"><strong>5-Medio Centro.-Enrique SOLADRERO Arbide (19 a\u00f1os+8 meses menos 5 d\u00edas)-Natural de ARRIGORRIAGA (Vizcaya).<\/strong><\/p>\n<p style=\"text-align: justify\"><strong>6-Medio zurdo.-ROBERTO Mart\u00edn S\u00e1ez.-Natural de BARAKALDO (Vizcaya).<\/strong><\/p>\n<p style=\"text-align: justify\"><a href=\"https:\/\/www.manquepierda.com\/historiarealbetis\/35571-1932-diciembre-25-primera-division-betis-balompie-2-goles-vs-fc-barcelona-1tanto\/19321225timimi\/\" rel=\"attachment wp-att-45940\"><img data-recalc-dims=\"1\" loading=\"lazy\" decoding=\"async\" class=\"aligncenter size-medium wp-image-45940\" src=\"https:\/\/i0.wp.com\/www.manquepierda.com\/historiarealbetis\/files\/2014\/05\/19321225Timimi.jpg?resize=680%2C438&#038;ssl=1\" alt=\"19321225Timimi\" width=\"680\" height=\"438\" srcset=\"https:\/\/i0.wp.com\/www.manquepierda.com\/historiarealbetis\/files\/2014\/05\/19321225Timimi.jpg?resize=680%2C438&amp;ssl=1 680w, https:\/\/i0.wp.com\/www.manquepierda.com\/historiarealbetis\/files\/2014\/05\/19321225Timimi.jpg?resize=220%2C142&amp;ssl=1 220w, https:\/\/i0.wp.com\/www.manquepierda.com\/historiarealbetis\/files\/2014\/05\/19321225Timimi.jpg?w=688&amp;ssl=1 688w\" sizes=\"auto, (max-width: 680px) 100vw, 680px\" \/><\/a><em>\u00abTIMIMI reclama \u00abpenalty\u00bb. Ha sido aqu\u00ed, ha sido aqu\u00ed&#8211;dice&#8211;, pero el \u00e1rbitro cree que el canario es un moro sin chilaba, que reza la oraci\u00f3n de la tarde, y concede \u00abfree kick\u00bb.-<\/em>(ABC-SE-19321227-Martes).<\/p>\n<p style=\"text-align: justify\"><strong>7-Delantero-Extremo diestro.-Pedro Gonz\u00e1lez S\u00e1nchez (a) \u00abTIMIMI\u00bb (21 a\u00f1os+11 meses+24 d\u00edas)-Natural del barrio ARENALES-LAS PALMAS DE GRAN CANARIA.<\/strong><\/p>\n<p style=\"text-align: justify\"><strong>8-Delantero-Interior diestro.-Juan Rocasolano Camacho (a) \u00abROCASOLANO II\u00bb (19 a\u00f1os+9 meses menos 2 d\u00edas)-Natural de MADRID.<\/strong><\/p>\n<p style=\"text-align: justify\"><a href=\"https:\/\/www.manquepierda.com\/historiarealbetis\/35571-1932-diciembre-25-primera-division-betis-balompie-2-goles-vs-fc-barcelona-1tanto\/leopoldo-ruiz-capillas-del-castillo-7\/\" rel=\"attachment wp-att-45937\"><img data-recalc-dims=\"1\" loading=\"lazy\" decoding=\"async\" class=\"aligncenter size-thumbnail wp-image-45937\" src=\"https:\/\/i0.wp.com\/www.manquepierda.com\/historiarealbetis\/files\/2014\/05\/Leopoldo-Ruiz-Capillas-Del-Castillo.jpg?resize=124%2C220&#038;ssl=1\" alt=\"Leopoldo Ruiz-Capillas Del Castillo\" width=\"124\" height=\"220\" srcset=\"https:\/\/i0.wp.com\/www.manquepierda.com\/historiarealbetis\/files\/2014\/05\/Leopoldo-Ruiz-Capillas-Del-Castillo.jpg?resize=124%2C220&amp;ssl=1 124w, https:\/\/i0.wp.com\/www.manquepierda.com\/historiarealbetis\/files\/2014\/05\/Leopoldo-Ruiz-Capillas-Del-Castillo.jpg?resize=338%2C600&amp;ssl=1 338w, https:\/\/i0.wp.com\/www.manquepierda.com\/historiarealbetis\/files\/2014\/05\/Leopoldo-Ruiz-Capillas-Del-Castillo.jpg?w=366&amp;ssl=1 366w\" sizes=\"auto, (max-width: 124px) 100vw, 124px\" \/><\/a><em><strong>*2-0.-14 minutos.-\u00abTimimi\u00bb lanza un chut cruzado que Nogu\u00e9s para con apuros, escap\u00e1ndosele el bal\u00f3n de las manos y llegando a tiempo Leopoldo Ruiz para rematar imparablemente. La ovaci\u00f3n ahora es estruendosa*<br \/>\n<\/strong><\/em><\/p>\n<p style=\"text-align: justify\"><a href=\"https:\/\/www.manquepierda.com\/historiarealbetis\/35571-1932-diciembre-25-primera-division-betis-balompie-2-goles-vs-fc-barcelona-1tanto\/19321225capilla\/\" rel=\"attachment wp-att-45941\"><img data-recalc-dims=\"1\" loading=\"lazy\" decoding=\"async\" class=\"aligncenter size-full wp-image-45941\" src=\"https:\/\/i0.wp.com\/www.manquepierda.com\/historiarealbetis\/files\/2014\/05\/19321225Capilla.jpg?resize=671%2C489&#038;ssl=1\" alt=\"19321225Capilla\" width=\"671\" height=\"489\" srcset=\"https:\/\/i0.wp.com\/www.manquepierda.com\/historiarealbetis\/files\/2014\/05\/19321225Capilla.jpg?w=671&amp;ssl=1 671w, https:\/\/i0.wp.com\/www.manquepierda.com\/historiarealbetis\/files\/2014\/05\/19321225Capilla.jpg?resize=220%2C160&amp;ssl=1 220w\" sizes=\"auto, (max-width: 671px) 100vw, 671px\" \/><\/a><em>\u00abCAPILLA ha rematado el segundo \u00abgoal\u00bb, Nogu\u00e9s junta las manos en actitud de s\u00faplica. \u00a1Un milagrito\u00a1&#8211;exclama&#8211;, pero el bal\u00f3n va al fondo de la red\u00bb.-<\/em>(ABC-SE-19321227-Martes).<\/p>\n<p style=\"text-align: justify\"><strong>9-Centro Delantero-Ariete.-Leopoldo Ruiz-CAPILLAS Del Castillo (25 a\u00f1os+9 meses menos 6 d\u00edas)-Natural de SAN VICENTE DE LA SONSIERRA (La Rioja).-Expulsado a los 76 minutos*<\/strong><\/p>\n<p style=\"text-align: justify\"><strong>10-Delantero-Interior zurdo.-Sim\u00f3n LECUE Andrade (20 a\u00f1os+10 meses menos 2 d\u00edas)-Natural de ARRIGORRIAGA (Vizcaya).<\/strong><\/p>\n<p style=\"text-align: justify\"><a href=\"https:\/\/www.manquepierda.com\/historiarealbetis\/35571-1932-diciembre-25-primera-division-betis-balompie-2-goles-vs-fc-barcelona-1tanto\/blas-rocasolano\/\" rel=\"attachment wp-att-45938\"><img data-recalc-dims=\"1\" loading=\"lazy\" decoding=\"async\" class=\"aligncenter size-full wp-image-45938\" src=\"https:\/\/i0.wp.com\/www.manquepierda.com\/historiarealbetis\/files\/2014\/05\/Blas-Rocasolano.jpg?resize=520%2C348&#038;ssl=1\" alt=\"Blas-Rocasolano\" width=\"520\" height=\"348\" srcset=\"https:\/\/i0.wp.com\/www.manquepierda.com\/historiarealbetis\/files\/2014\/05\/Blas-Rocasolano.jpg?w=520&amp;ssl=1 520w, https:\/\/i0.wp.com\/www.manquepierda.com\/historiarealbetis\/files\/2014\/05\/Blas-Rocasolano.jpg?resize=220%2C147&amp;ssl=1 220w\" sizes=\"auto, (max-width: 520px) 100vw, 520px\" \/><\/a><em><strong>*1-0.-05 minutos.-Siguiendo su ofensiva el Betis Balompi\u00e9 y tras un avance bien combinado, Blas remata acrob\u00e1ticamente el primer tanto v\u00e1lido de la tarde en medio de una entusiasta ovaci\u00f3n*<\/strong><\/em><\/p>\n<p style=\"text-align: justify\"><strong>11-Delantero-Extremo zurdo.-Blas Rocasolano Camacho (a) \u00abROCASOLANO I\u00bb (23 a\u00f1os+10 meses+22 d\u00edas)-Natural de Madrid.<\/strong><\/p>\n<p style=\"text-align: center\">VS.<\/p>\n<p style=\"text-align: justify\">CUARTO CLASIFICADO CON 6 PUNTOS (2ganados+2empatados+1-perdido); 12-08 Tantos Favor-Contra.<\/p>\n<p style=\"text-align: center\">Don Joan COMA Sarasols.-Presidente.-Desde domingo 20-Diciembre 1931 hasta lunes 16-Julio 1934.<\/p>\n<p style=\"text-align: center\"><a href=\"https:\/\/www.manquepierda.com\/historiarealbetis\/35571-1932-diciembre-25-primera-division-betis-balompie-2-goles-vs-fc-barcelona-1tanto\/greewell\/\" rel=\"attachment wp-att-35593\"><img data-recalc-dims=\"1\" loading=\"lazy\" decoding=\"async\" class=\"size-thumbnail wp-image-35593 aligncenter\" src=\"https:\/\/i0.wp.com\/www.manquepierda.com\/historiarealbetis\/files\/2014\/05\/Greewell.png?resize=220%2C123&#038;ssl=1\" alt=\"mmm\" width=\"220\" height=\"123\" srcset=\"https:\/\/i0.wp.com\/www.manquepierda.com\/historiarealbetis\/files\/2014\/05\/Greewell.png?resize=220%2C123&amp;ssl=1 220w, https:\/\/i0.wp.com\/www.manquepierda.com\/historiarealbetis\/files\/2014\/05\/Greewell.png?w=640&amp;ssl=1 640w\" sizes=\"auto, (max-width: 220px) 100vw, 220px\" \/><\/a>1932-1933.-Entrenador-Mr. John Richard GREENWELL.<\/p>\n<p style=\"text-align: center\"><a href=\"https:\/\/www.manquepierda.com\/historiarealbetis\/35571-1932-diciembre-25-primera-division-betis-balompie-2-goles-vs-fc-barcelona-1tanto\/escu1936-4\/\" rel=\"attachment wp-att-45942\"><img data-recalc-dims=\"1\" loading=\"lazy\" decoding=\"async\" class=\"aligncenter size-full wp-image-45942\" src=\"https:\/\/i0.wp.com\/www.manquepierda.com\/historiarealbetis\/files\/2014\/05\/escu1936.jpg?resize=210%2C208&#038;ssl=1\" alt=\"escu1936\" width=\"210\" height=\"208\" \/><\/a><\/p>\n<p style=\"text-align: center\">CF BARCELONA-1 TANTO.<\/p>\n<p style=\"text-align: center\"><a href=\"https:\/\/www.manquepierda.com\/historiarealbetis\/35571-1932-diciembre-25-primera-division-betis-balompie-2-goles-vs-fc-barcelona-1tanto\/n_f_c_barcelona_la_historia-1556833\/\" rel=\"attachment wp-att-45943\"><img data-recalc-dims=\"1\" loading=\"lazy\" decoding=\"async\" class=\"aligncenter size-thumbnail wp-image-45943\" src=\"https:\/\/i0.wp.com\/www.manquepierda.com\/historiarealbetis\/files\/2014\/05\/n_f_c_barcelona_la_historia-1556833.jpg?resize=142%2C220&#038;ssl=1\" alt=\"n_f_c_barcelona_la_historia-1556833\" width=\"142\" height=\"220\" srcset=\"https:\/\/i0.wp.com\/www.manquepierda.com\/historiarealbetis\/files\/2014\/05\/n_f_c_barcelona_la_historia-1556833.jpg?resize=142%2C220&amp;ssl=1 142w, https:\/\/i0.wp.com\/www.manquepierda.com\/historiarealbetis\/files\/2014\/05\/n_f_c_barcelona_la_historia-1556833.jpg?resize=388%2C600&amp;ssl=1 388w, https:\/\/i0.wp.com\/www.manquepierda.com\/historiarealbetis\/files\/2014\/05\/n_f_c_barcelona_la_historia-1556833.jpg?w=400&amp;ssl=1 400w\" sizes=\"auto, (max-width: 142px) 100vw, 142px\" \/><\/a>1-Juan Jos\u00e9 NOGU\u00c9S Portalat\u00edn.-<strong>2 goles encajados.<\/strong><\/p>\n<p style=\"text-align: center\">2-Juan RAFA M\u00e1s (expulsado 76 minutos).-3-Francisco ALCORIZA Gimeno.-Defensas.<\/p>\n<p style=\"text-align: center\">4-Crist\u00f3bal MART\u00cd Batalla (Capit\u00e1n).-5-Juan FONT Ma\u00f1\u00e9.-6-Esteban PEDROL Albareda.-Medios.<\/p>\n<p style=\"text-align: center\">Delanteros:<\/p>\n<p style=\"text-align: center\">7-Pedro Antonio HELGUERA Portillo.-8-Carlos BESTIT Mart\u00ednez.-9-Miguel GUAL Agustina.<\/p>\n<p style=\"text-align: justify\"><a href=\"https:\/\/www.manquepierda.com\/historiarealbetis\/35571-1932-diciembre-25-primera-division-betis-balompie-2-goles-vs-fc-barcelona-1tanto\/t_20111107064742_angel_arocha_guillen_arocha\/\" rel=\"attachment wp-att-45944\"><img data-recalc-dims=\"1\" loading=\"lazy\" decoding=\"async\" class=\"aligncenter size-full wp-image-45944\" src=\"https:\/\/i0.wp.com\/www.manquepierda.com\/historiarealbetis\/files\/2014\/05\/t_20111107064742_angel_arocha_guillen_arocha.jpg?resize=150%2C216&#038;ssl=1\" alt=\"t_20111107064742_angel_arocha_guillen_arocha\" width=\"150\" height=\"216\" \/><\/a><strong>*2-1.-73 minutos.-\u00abUno de los avances es terminado por con un chut de Bestit que iba directo al marco con\u00a0 Urquiaga ya batido; para evitar el tanto no le queda a \u00abJesus\u00edn\u00bb m\u00e1s recurso que cortar la trayectoria del bal\u00f3n con la mano, lo que da lugar a que Canga-Arg\u00fcelles la pena m\u00e1xima correspondiente. Lo tira \u00c1ngel y vale el gol del honor que es el marcador final\u00bb.<\/strong><\/p>\n<p style=\"text-align: center\">10-\u00c1ngel AROCHA Guill\u00e9n<strong><br \/>\n<\/strong><\/p>\n<p style=\"text-align: center\">11-Manuel PARERA Penella.<\/p>\n<p style=\"text-align: center\"><em><strong>\u00abOpini\u00f3n del se\u00f1or Cabestany, delegado del Barcelona:<\/strong><\/em><\/p>\n<p style=\"text-align: justify\"><em><strong>&#8211;Me ha gustado mucho el juego del Betis Balompi\u00e9. El nuestro no ha rendido lo acostumbrado, y sobre todo, no han tirado a goal. Creo que el primer tanto del Betis era off-side. Canga-Arg\u00fcelles ha estado desconcertado todo el match, y nos ha perjudicado\u00bb.<\/strong><\/em><\/p>\n<p style=\"text-align: center\">*Fuente-Entrevistas por L\u00f3pez-\u00abEl Mundo Deportivo\u00bb-Barcelona, lunes 26 de Diciembre de 1932*<\/p>\n<p style=\"text-align: justify\">\n","protected":false},"excerpt":{"rendered":"<p>QUINTA EDICI\u00d3N CAMPEONATO NACIONAL LIGA PRIMERA DIVISI\u00d3N-TEMPORADA 1932-1933.-Desde domingo 27 de Septiembre de 1932 hasta martes 28 de Marzo de 1933; ambos inclusive. 1932-DICIEMBRE 25-DOMINGO-\u00abNATIVIDAD DEL SE\u00d1OR\u00bb-BARRIO \u00abEL PORVENIR\u00bb-CAMPO MUNICIPAL DE DEPORTES \u00abPATRONATO OBRERO\u00bb.-QUINTA JORNADA. Arbitr\u00f3 el colegiado Juan Jos\u00e9 CANGA-ARG\u00dcELLES Ballesteros. \u00abEl se\u00f1or Canga-Arg\u00fcelles realiz\u00f3 un arbitraje \u00abtan excelente\u00bb que hubo de retirarse a&#8230;<\/p>\n","protected":false},"author":48,"featured_media":45933,"comment_status":"open","ping_status":"open","sticky":false,"template":"","format":"standard","meta":{"_kad_post_transparent":"","_kad_post_title":"","_kad_post_layout":"","_kad_post_sidebar_id":"","_kad_post_content_style":"","_kad_post_vertical_padding":"","_kad_post_feature":"","_kad_post_feature_position":"","_kad_post_header":false,"_kad_post_footer":false,"_kad_post_classname":"","_jetpack_memberships_contains_paid_content":false,"footnotes":"","jetpack_publicize_message":"","jetpack_publicize_feature_enabled":true,"jetpack_social_post_already_shared":true,"jetpack_social_options":{"image_generator_settings":{"template":"highway","default_image_id":0,"font":"","enabled":false},"version":2}},"categories":[899,906,893,1],"tags":[44,2575,1154,17886],"class_list":["post-35571","post","type-post","status-publish","format-standard","has-post-thumbnail","hentry","category-1930-1939","category-investigacion-temas","category-jugadores-temas","category-portada","tag-44","tag-1932-33","tag-fc-barcelona","tag-liga-primera-1932-33"],"jetpack_publicize_connections":[],"jetpack_featured_media_url":"https:\/\/i0.wp.com\/www.manquepierda.com\/historiarealbetis\/files\/2014\/05\/19321225Estampa.jpg?fit=765%2C1080&ssl=1","jetpack_sharing_enabled":true,"jetpack_shortlink":"https:\/\/wp.me\/p1ij08-9fJ","jetpack-related-posts":[],"_links":{"self":[{"href":"https:\/\/www.manquepierda.com\/historiarealbetis\/wp-json\/wp\/v2\/posts\/35571","targetHints":{"allow":["GET"]}}],"collection":[{"href":"https:\/\/www.manquepierda.com\/historiarealbetis\/wp-json\/wp\/v2\/posts"}],"about":[{"href":"https:\/\/www.manquepierda.com\/historiarealbetis\/wp-json\/wp\/v2\/types\/post"}],"author":[{"embeddable":true,"href":"https:\/\/www.manquepierda.com\/historiarealbetis\/wp-json\/wp\/v2\/users\/48"}],"replies":[{"embeddable":true,"href":"https:\/\/www.manquepierda.com\/historiarealbetis\/wp-json\/wp\/v2\/comments?post=35571"}],"version-history":[{"count":1,"href":"https:\/\/www.manquepierda.com\/historiarealbetis\/wp-json\/wp\/v2\/posts\/35571\/revisions"}],"predecessor-version":[{"id":96654,"href":"https:\/\/www.manquepierda.com\/historiarealbetis\/wp-json\/wp\/v2\/posts\/35571\/revisions\/96654"}],"wp:featuredmedia":[{"embeddable":true,"href":"https:\/\/www.manquepierda.com\/historiarealbetis\/wp-json\/wp\/v2\/media\/45933"}],"wp:attachment":[{"href":"https:\/\/www.manquepierda.com\/historiarealbetis\/wp-json\/wp\/v2\/media?parent=35571"}],"wp:term":[{"taxonomy":"category","embeddable":true,"href":"https:\/\/www.manquepierda.com\/historiarealbetis\/wp-json\/wp\/v2\/categories?post=35571"},{"taxonomy":"post_tag","embeddable":true,"href":"https:\/\/www.manquepierda.com\/historiarealbetis\/wp-json\/wp\/v2\/tags?post=35571"}],"curies":[{"name":"wp","href":"https:\/\/api.w.org\/{rel}","templated":true}]}}