{"id":35589,"date":"2014-05-09T07:41:22","date_gmt":"2014-05-09T05:41:22","guid":{"rendered":"http:\/\/www.manquepierda.com\/historiarealbetis\/?p=35589"},"modified":"2024-08-11T15:24:38","modified_gmt":"2024-08-11T13:24:38","slug":"alineacion-betis-valladolid-liga-1959","status":"publish","type":"post","link":"https:\/\/www.manquepierda.com\/historiarealbetis\/alineacion-betis-valladolid-liga-1959\/","title":{"rendered":"Alineaci\u00f3n Betis-Valladolid Liga 1959"},"content":{"rendered":"<p><a href=\"https:\/\/www.manquepierda.com\/historiarealbetis\/35589-alineacion-betis-valladolid-liga-1959\/alineacion-betis-valladolid-liga-1959\/\" rel=\"attachment wp-att-35590\"><img data-recalc-dims=\"1\" loading=\"lazy\" decoding=\"async\" class=\"aligncenter size-medium wp-image-35590\" src=\"https:\/\/i0.wp.com\/www.manquepierda.com\/historiarealbetis\/files\/2014\/05\/Alineaci%C3%B3n-Betis-Valladolid-Liga-1959.jpg?resize=680%2C429&#038;ssl=1\" alt=\"Alineaci\u00f3n Betis-Valladolid Liga 1959\" width=\"680\" height=\"429\" srcset=\"https:\/\/i0.wp.com\/www.manquepierda.com\/historiarealbetis\/files\/2014\/05\/Alineaci%C3%B3n-Betis-Valladolid-Liga-1959.jpg?resize=680%2C429&amp;ssl=1 680w, https:\/\/i0.wp.com\/www.manquepierda.com\/historiarealbetis\/files\/2014\/05\/Alineaci%C3%B3n-Betis-Valladolid-Liga-1959.jpg?resize=220%2C138&amp;ssl=1 220w, https:\/\/i0.wp.com\/www.manquepierda.com\/historiarealbetis\/files\/2014\/05\/Alineaci%C3%B3n-Betis-Valladolid-Liga-1959.jpg?resize=960%2C606&amp;ssl=1 960w, https:\/\/i0.wp.com\/www.manquepierda.com\/historiarealbetis\/files\/2014\/05\/Alineaci%C3%B3n-Betis-Valladolid-Liga-1959.jpg?w=1192&amp;ssl=1 1192w\" sizes=\"auto, (max-width: 680px) 100vw, 680px\" \/><\/a><\/p>\n<p>&nbsp;<\/p>\n<p>13 de diciembre de 1959 en Heli\u00f3polis \u00a0Betis 0 Valladolid 0; \u00a0jornada 13 del Campeonato de Liga de Primera Divisi\u00f3n.<\/p>\n<p>En la imagen arriba: Dom\u00ednguez, Grau, Santos, Isidro, Valderas y Portu; \u00a0abajo: Casta\u00f1o, Xan\u00edn, Rojas, Areta y Lasa.<\/p>\n<p>Sabino Barinaga entrenaba al Betis y Jos\u00e9 Luis Saso al Valladolid<\/p>\n<p>&nbsp;<\/p>\n","protected":false},"excerpt":{"rendered":"<p>&nbsp; 13 de diciembre de 1959 en Heli\u00f3polis \u00a0Betis 0 Valladolid 0; \u00a0jornada 13 del Campeonato de Liga de Primera Divisi\u00f3n. En la imagen arriba: Dom\u00ednguez, Grau, Santos, Isidro, Valderas y Portu; \u00a0abajo: Casta\u00f1o, Xan\u00edn, Rojas, Areta y Lasa. Sabino Barinaga entrenaba al Betis y Jos\u00e9 Luis Saso al Valladolid &nbsp;<\/p>\n","protected":false},"author":5,"featured_media":35590,"comment_status":"open","ping_status":"open","sticky":false,"template":"","format":"standard","meta":{"_kad_post_transparent":"","_kad_post_title":"","_kad_post_layout":"","_kad_post_sidebar_id":"","_kad_post_content_style":"","_kad_post_vertical_padding":"","_kad_post_feature":"","_kad_post_feature_position":"","_kad_post_header":false,"_kad_post_footer":false,"_kad_post_classname":"","_jetpack_memberships_contains_paid_content":false,"footnotes":"","jetpack_publicize_message":"","jetpack_publicize_feature_enabled":true,"jetpack_social_post_already_shared":true,"jetpack_social_options":{"image_generator_settings":{"template":"highway","default_image_id":0,"font":"","enabled":false},"version":2}},"categories":[901,1],"tags":[1538,2377,6863,1317,1435,1411,1615,1342,1599,2579,1388,1319,17852,1359],"class_list":["post-35589","post","type-post","status-publish","format-standard","has-post-thumbnail","hentry","category-1950-1959","category-portada","tag-1538","tag-1959-60","tag-alfredo-rojas","tag-esteban-areta","tag-fernando-santos","tag-francisco-dominguez","tag-francisco-grau","tag-heliodoro-castano","tag-isidro-sanchez","tag-jose-besteiro-portu","tag-jose-valderas","tag-leon-lasa","tag-liga-primera-1959-60","tag-real-valladolid"],"jetpack_publicize_connections":[],"jetpack_featured_media_url":"https:\/\/i0.wp.com\/www.manquepierda.com\/historiarealbetis\/files\/2014\/05\/Alineaci%C3%B3n-Betis-Valladolid-Liga-1959.jpg?fit=1192%2C753&ssl=1","jetpack_sharing_enabled":true,"jetpack_shortlink":"https:\/\/wp.me\/p1ij08-9g1","jetpack-related-posts":[],"_links":{"self":[{"href":"https:\/\/www.manquepierda.com\/historiarealbetis\/wp-json\/wp\/v2\/posts\/35589","targetHints":{"allow":["GET"]}}],"collection":[{"href":"https:\/\/www.manquepierda.com\/historiarealbetis\/wp-json\/wp\/v2\/posts"}],"about":[{"href":"https:\/\/www.manquepierda.com\/historiarealbetis\/wp-json\/wp\/v2\/types\/post"}],"author":[{"embeddable":true,"href":"https:\/\/www.manquepierda.com\/historiarealbetis\/wp-json\/wp\/v2\/users\/5"}],"replies":[{"embeddable":true,"href":"https:\/\/www.manquepierda.com\/historiarealbetis\/wp-json\/wp\/v2\/comments?post=35589"}],"version-history":[{"count":1,"href":"https:\/\/www.manquepierda.com\/historiarealbetis\/wp-json\/wp\/v2\/posts\/35589\/revisions"}],"predecessor-version":[{"id":96117,"href":"https:\/\/www.manquepierda.com\/historiarealbetis\/wp-json\/wp\/v2\/posts\/35589\/revisions\/96117"}],"wp:featuredmedia":[{"embeddable":true,"href":"https:\/\/www.manquepierda.com\/historiarealbetis\/wp-json\/wp\/v2\/media\/35590"}],"wp:attachment":[{"href":"https:\/\/www.manquepierda.com\/historiarealbetis\/wp-json\/wp\/v2\/media?parent=35589"}],"wp:term":[{"taxonomy":"category","embeddable":true,"href":"https:\/\/www.manquepierda.com\/historiarealbetis\/wp-json\/wp\/v2\/categories?post=35589"},{"taxonomy":"post_tag","embeddable":true,"href":"https:\/\/www.manquepierda.com\/historiarealbetis\/wp-json\/wp\/v2\/tags?post=35589"}],"curies":[{"name":"wp","href":"https:\/\/api.w.org\/{rel}","templated":true}]}}