{"id":35645,"date":"2014-05-14T07:14:41","date_gmt":"2014-05-14T05:14:41","guid":{"rendered":"http:\/\/www.manquepierda.com\/historiarealbetis\/?p=35645"},"modified":"2025-11-25T07:55:37","modified_gmt":"2025-11-25T06:55:37","slug":"manuel-nogueras-manolin","status":"publish","type":"post","link":"https:\/\/www.manquepierda.com\/historiarealbetis\/manuel-nogueras-manolin\/","title":{"rendered":"Manuel Nogueras \u00abManol\u00edn\u00bb"},"content":{"rendered":"<p><a href=\"https:\/\/www.manquepierda.com\/historiarealbetis\/35645-manuel-nogueras-manolin\/manolin-nogueras\/\" rel=\"attachment wp-att-35646\"><img data-recalc-dims=\"1\" loading=\"lazy\" decoding=\"async\" class=\"aligncenter wp-image-35646\" src=\"https:\/\/i0.wp.com\/www.manquepierda.com\/historiarealbetis\/files\/2014\/05\/Manol%C3%ADn-Nogueras.jpg?resize=327%2C417&#038;ssl=1\" alt=\"Manol\u00edn Nogueras\" width=\"327\" height=\"417\" srcset=\"https:\/\/i0.wp.com\/www.manquepierda.com\/historiarealbetis\/files\/2014\/05\/Manol%C3%ADn-Nogueras.jpg?w=199&amp;ssl=1 199w, https:\/\/i0.wp.com\/www.manquepierda.com\/historiarealbetis\/files\/2014\/05\/Manol%C3%ADn-Nogueras.jpg?resize=172%2C220&amp;ssl=1 172w\" sizes=\"auto, (max-width: 327px) 100vw, 327px\" \/><\/a><\/p>\n<p><strong>Manuel Nogueras Carretero \u00abManol\u00edn\u00bb,<\/strong>\u00a0nacido en La Puebla de Cazalla el 11 de mayo de 1903 y fallecido en Jerez el 19 de abril de 1982.<\/p>\n<p>Extremo e interior izquierda<\/p>\n<p>Manol\u00edn lleg\u00f3 al Betis procedente de la Agrupaci\u00f3n Deportiva Museo junto a un gran amigo suyo, Andr\u00e9s Aranda. Los dos debutan de manera oficial en el intervalo de una semana, ya que Aranda lo hace el d\u00eda 13 de noviembre de 1921 contra el Sevilla FC\u00a0 en el Patronato y Manol\u00edn el 20 de noviembre frente al Nacional FC en el mismo escenario.<\/p>\n<p>Manol\u00edn fue uno de los jugadores santo y se\u00f1a del Real Betis Balompi\u00e9 durante la d\u00e9cada de los a\u00f1os 20, junto a Aranda, Jes\u00fas, Enrique, etc<\/p>\n<p>En el Betis de los a\u00f1os 20 particip\u00f3 en hechos destacados como la gira a Alemania de 1925, el homenaje \u00a0a Spencer en 1926, la inauguraci\u00f3n de Nervi\u00f3n en 1928 o el Campeonato de Andaluc\u00eda de 1928. Intervino tambi\u00e9n en las dos primeras \u00a0ediciones del Campeonato de Liga en 1929 y 1930 en Segunda Divisi\u00f3n.<\/p>\n<p>Al final de esa temporada Manol\u00edn deja el Betis \u00a0y tiene la oportunidad de jugar en Primera Divisi\u00f3n, al fichar por el Europa de Barcelona. Con este club se estrena en Primera divisi\u00f3n el 7 de diciembre de 1930 en los campos de Sport de El Sardinero en un Racing 2 Europa 1, correspondiente a la primera jornada de Liga.<\/p>\n<p>Es, por lo tanto, Manol\u00edn el primer jugador b\u00e9tico que jug\u00f3 en Primera divisi\u00f3n, aunque lo hizo con los colores blanquiazules del \u00a0Club Deportivo Europa.<\/p>\n<p>Tras esa temporada Manol\u00edn retorna a Andaluc\u00eda, para jugar en el\u00a0 Xerez FC . En este equipo se retir\u00f3 en 1933 y pasar\u00e1 a convertirse en su entrenador hasta 1936.<\/p>\n<p>Manol\u00edn en sus 9 temporadas en el Betis jug\u00f3 26 partidos de Liga, marcando 6 goles, 22 de Copa, en los que obtuvo 5 goles, 50 del Campeonato de Andaluc\u00eda, en los que marc\u00f3 21 goles, \u00a0y 123 amistosos, en los que consigui\u00f3 30 goles.<\/p>\n<p>Historial<\/p>\n<table style=\"border-collapse: collapse; width: 120pt;\" border=\"0\" width=\"160\" cellspacing=\"0\" cellpadding=\"0\">\n<tbody>\n<tr style=\"height: 12.75pt;\">\n<td class=\"xl71\" style=\"height: 12.75pt; width: 60pt;\" width=\"80\" height=\"17\"><\/td>\n<td class=\"xl72\" style=\"border-left: none; width: 60pt;\" width=\"80\"><\/td>\n<\/tr>\n<tr style=\"height: 12.75pt;\">\n<td class=\"xl78\" style=\"height: 12.75pt; border-top: none;\" height=\"17\">1921-22<\/td>\n<td class=\"xl74\" style=\"border-top: none; border-left: none;\">Betis<\/td>\n<\/tr>\n<tr style=\"height: 12.75pt;\">\n<td class=\"xl78\" style=\"height: 12.75pt; border-top: none;\" height=\"17\">1922-23<\/td>\n<td class=\"xl74\" style=\"border-top: none; border-left: none;\">Betis<\/td>\n<\/tr>\n<tr style=\"height: 12.75pt;\">\n<td class=\"xl78\" style=\"height: 12.75pt; border-top: none;\" height=\"17\">1923-24<\/td>\n<td class=\"xl74\" style=\"border-top: none; border-left: none;\">Betis<\/td>\n<\/tr>\n<tr style=\"height: 12.75pt;\">\n<td class=\"xl78\" style=\"height: 12.75pt; border-top: none;\" height=\"17\">1924-25<\/td>\n<td class=\"xl74\" style=\"border-top: none; border-left: none;\">Betis<\/td>\n<\/tr>\n<tr style=\"height: 12.75pt;\">\n<td class=\"xl78\" style=\"height: 12.75pt; border-top: none;\" height=\"17\">1925-26<\/td>\n<td class=\"xl74\" style=\"border-top: none; border-left: none;\">Betis<\/td>\n<\/tr>\n<tr style=\"height: 12.75pt;\">\n<td class=\"xl78\" style=\"height: 12.75pt; border-top: none;\" height=\"17\">1926-27<\/td>\n<td class=\"xl74\" style=\"border-top: none; border-left: none;\">Betis<\/td>\n<\/tr>\n<tr style=\"height: 12.75pt;\">\n<td class=\"xl78\" style=\"height: 12.75pt; border-top: none;\" height=\"17\">1927-28<\/td>\n<td class=\"xl74\" style=\"border-top: none; border-left: none;\">Betis<\/td>\n<\/tr>\n<tr style=\"height: 12.75pt;\">\n<td class=\"xl73\" style=\"height: 12.75pt; border-top: none;\" height=\"17\">1928-29<\/td>\n<td class=\"xl75\" style=\"border-top: none; border-left: none;\">Betis<\/td>\n<\/tr>\n<tr style=\"height: 12.75pt;\">\n<td class=\"xl73\" style=\"height: 12.75pt; border-top: none;\" height=\"17\">1929-30<\/td>\n<td class=\"xl75\" style=\"border-top: none; border-left: none;\">Betis<\/td>\n<\/tr>\n<tr style=\"height: 12.75pt;\">\n<td class=\"xl82\" style=\"height: 12.75pt; border-top: none;\" height=\"17\">1930-31<\/td>\n<td class=\"xl81\" style=\"border-top: none; border-left: none;\">Europa<\/td>\n<\/tr>\n<tr style=\"height: 13.5pt;\">\n<td class=\"xl76\" style=\"height: 13.5pt; border-top: none;\" height=\"18\">1931-32<\/td>\n<td class=\"xl79\" style=\"border-top: none; border-left: none;\">Xerez FC<\/td>\n<\/tr>\n<tr style=\"height: 13.5pt;\">\n<td class=\"xl77\" style=\"height: 13.5pt; border-top: none;\" height=\"18\">1932-33<\/td>\n<td class=\"xl80\" style=\"border-top: none; border-left: none;\">Xerez FC<\/td>\n<\/tr>\n<\/tbody>\n<\/table>\n","protected":false},"excerpt":{"rendered":"<p>Manuel Nogueras Carretero \u00abManol\u00edn\u00bb,\u00a0nacido en La Puebla de Cazalla el 11 de mayo de 1903 y fallecido en Jerez el 19 de abril de 1982. Extremo e interior izquierda Manol\u00edn lleg\u00f3 al Betis procedente de la Agrupaci\u00f3n Deportiva Museo junto a un gran amigo suyo, Andr\u00e9s Aranda. Los dos debutan de manera oficial en el&#8230;<\/p>\n","protected":false},"author":5,"featured_media":35646,"comment_status":"open","ping_status":"open","sticky":false,"template":"","format":"standard","meta":{"_kad_post_transparent":"","_kad_post_title":"","_kad_post_layout":"","_kad_post_sidebar_id":"","_kad_post_content_style":"","_kad_post_vertical_padding":"","_kad_post_feature":"","_kad_post_feature_position":"","_kad_post_header":false,"_kad_post_footer":false,"_kad_post_classname":"","_jetpack_memberships_contains_paid_content":false,"footnotes":"","jetpack_publicize_message":"","jetpack_publicize_feature_enabled":true,"jetpack_social_post_already_shared":true,"jetpack_social_options":{"image_generator_settings":{"template":"highway","default_image_id":0,"font":"","enabled":false},"version":2}},"categories":[893,1],"tags":[2392],"class_list":["post-35645","post","type-post","status-publish","format-standard","has-post-thumbnail","hentry","category-jugadores-temas","category-portada","tag-manuel-nogueras-manolin"],"jetpack_publicize_connections":[],"jetpack_featured_media_url":"https:\/\/i0.wp.com\/www.manquepierda.com\/historiarealbetis\/files\/2014\/05\/Manol%C3%ADn-Nogueras.jpg?fit=199%2C254&ssl=1","jetpack_sharing_enabled":true,"jetpack_shortlink":"https:\/\/wp.me\/p1ij08-9gV","jetpack-related-posts":[],"_links":{"self":[{"href":"https:\/\/www.manquepierda.com\/historiarealbetis\/wp-json\/wp\/v2\/posts\/35645","targetHints":{"allow":["GET"]}}],"collection":[{"href":"https:\/\/www.manquepierda.com\/historiarealbetis\/wp-json\/wp\/v2\/posts"}],"about":[{"href":"https:\/\/www.manquepierda.com\/historiarealbetis\/wp-json\/wp\/v2\/types\/post"}],"author":[{"embeddable":true,"href":"https:\/\/www.manquepierda.com\/historiarealbetis\/wp-json\/wp\/v2\/users\/5"}],"replies":[{"embeddable":true,"href":"https:\/\/www.manquepierda.com\/historiarealbetis\/wp-json\/wp\/v2\/comments?post=35645"}],"version-history":[{"count":15,"href":"https:\/\/www.manquepierda.com\/historiarealbetis\/wp-json\/wp\/v2\/posts\/35645\/revisions"}],"predecessor-version":[{"id":105889,"href":"https:\/\/www.manquepierda.com\/historiarealbetis\/wp-json\/wp\/v2\/posts\/35645\/revisions\/105889"}],"wp:featuredmedia":[{"embeddable":true,"href":"https:\/\/www.manquepierda.com\/historiarealbetis\/wp-json\/wp\/v2\/media\/35646"}],"wp:attachment":[{"href":"https:\/\/www.manquepierda.com\/historiarealbetis\/wp-json\/wp\/v2\/media?parent=35645"}],"wp:term":[{"taxonomy":"category","embeddable":true,"href":"https:\/\/www.manquepierda.com\/historiarealbetis\/wp-json\/wp\/v2\/categories?post=35645"},{"taxonomy":"post_tag","embeddable":true,"href":"https:\/\/www.manquepierda.com\/historiarealbetis\/wp-json\/wp\/v2\/tags?post=35645"}],"curies":[{"name":"wp","href":"https:\/\/api.w.org\/{rel}","templated":true}]}}