{"id":35715,"date":"2020-08-06T13:30:04","date_gmt":"2020-08-06T11:30:04","guid":{"rendered":"http:\/\/www.manquepierda.com\/historiarealbetis\/?p=35715"},"modified":"2024-08-08T20:23:42","modified_gmt":"2024-08-08T18:23:42","slug":"carta-abierta-a-la-aficion-1948","status":"publish","type":"post","link":"https:\/\/www.manquepierda.com\/historiarealbetis\/carta-abierta-a-la-aficion-1948\/","title":{"rendered":"Carta abierta a la afici\u00f3n 1948"},"content":{"rendered":"<p>Recientemente en una entrada llamada<a href=\"https:\/\/www.manquepierda.com\/historiarealbetis\/reivindicacion-del-manquepierda\/\"> Reivindicaci\u00f3n del Manquepierda<\/a>\u00a0\u00a0 tuve la oportunidad de ilustrar c\u00f3mo en los peores a\u00f1os de la Tercera Divisi\u00f3n, los a\u00f1os en que no olvidemos que surge el Manquepierda, la afici\u00f3n b\u00e9tica fue muy exigente con el rendimiento de los suyos.<\/p>\n<p>Pusimos un ejemplo de 1951 cuando la directiva encabezada por Pascual Aparicio tuvo que dimitir ante las protestas mayoritarias de la afici\u00f3n.<\/p>\n<p>Hoy vamos a aportar otro ejemplo ilustrativo de esta exigencia que la afici\u00f3n manten\u00eda con su club. Es tres a\u00f1os anterior al ejemplo que ya vimos, de 1948. En la campa\u00f1a 1948-49 el Betis est\u00e1 por segundo a\u00f1o consecutivo en la Tercera Divisi\u00f3n y se encuadra en el grupo sexto con los equipos andaluces y norteafricanos.<\/p>\n<p>Para la temporada 1948-49 el Betis mantuvo la responsabilidad del banquillo en Jos\u00e9 Su\u00e1rez \u00abPeral\u00bb, el gran ex jugador verdiblanco que se hab\u00eda retirado al final de la temporada 1943-44. Su primera experiencia como entrenador la hab\u00eda tenido con el filial b\u00e9tico de esos a\u00f1os, el Calavera, aparte de las que luego tuvo con el Betis: en la temporada 1944-45 cuando supli\u00f3 a Andr\u00e9s Aranda en la jornada 13, en la 1946-47 cuando se hizo con las riendas del equipo para el \u00faltimo partido de Liga y en la 1947-48 supli\u00f3 desde la jornada 7 a Jos\u00e9 Quirante.\u00a0 Era un hombre de la casa, que serv\u00eda para esas sustituciones internas, y esta iba a ser la primera temporada en la que se le daba el equipo desde la pretemporada.<\/p>\n<p>Se marcharon jugadores como Cala, Gen\u00e9, Gonzalo, Las Heras, Mar\u00edn, Mart\u00ednez y Yurrita y vinieron otros como Arrazola, Fausto, Lacomba, Luchana, Paquirrini \u00f3 Parrado. Como veremos la afici\u00f3n no estar\u00e1 nada contenta con la calidad de estos fichajes.<\/p>\n<p>La carta se publica en el diario Sevilla el 9 de noviembre de 1948 y, seg\u00fan se cuenta en ella, se redacta despu\u00e9s del partido jugado en Heli\u00f3polis el 17 de octubre cuando el Betis y el C\u00f3rdoba empatan a 1. Es la jornada 6 y el Betis est\u00e1 clasificado en s\u00e9ptima posici\u00f3n a 3 puntos del C\u00e1diz, que es el l\u00edder.<\/p>\n<figure id=\"attachment_35717\" aria-describedby=\"caption-attachment-35717\" style=\"width: 307px\" class=\"wp-caption aligncenter\"><a href=\"https:\/\/www.manquepierda.com\/historiarealbetis\/35715-carta-abierta-a-la-aficion-1948\/clasificacion-jornada-6-1948-49-abc-19-10-1948\/\" rel=\"attachment wp-att-35717\"><img data-recalc-dims=\"1\" loading=\"lazy\" decoding=\"async\" class=\"size-full wp-image-35717\" src=\"https:\/\/i0.wp.com\/www.manquepierda.com\/historiarealbetis\/files\/2014\/05\/Clasificaci%C3%B3n-Jornada-6-1948-49-ABC-19-10-1948.jpg?resize=307%2C228&#038;ssl=1\" alt=\"Fuente: ABC 19 de octubre de 1948\" width=\"307\" height=\"228\" srcset=\"https:\/\/i0.wp.com\/www.manquepierda.com\/historiarealbetis\/files\/2014\/05\/Clasificaci%C3%B3n-Jornada-6-1948-49-ABC-19-10-1948.jpg?w=307&amp;ssl=1 307w, https:\/\/i0.wp.com\/www.manquepierda.com\/historiarealbetis\/files\/2014\/05\/Clasificaci%C3%B3n-Jornada-6-1948-49-ABC-19-10-1948.jpg?resize=220%2C163&amp;ssl=1 220w\" sizes=\"auto, (max-width: 307px) 100vw, 307px\" \/><\/a><figcaption id=\"caption-attachment-35717\" class=\"wp-caption-text\">Fuente: ABC 19 de octubre de 1948<\/figcaption><\/figure>\n<p>&nbsp;<\/p>\n<p>La carta abierta a la afici\u00f3n es muy dura y arremete principalmente contra el entrenador Peral, del que se afirma que \u00ab<em>no es apto para inculcar a los jugadores las t\u00e9cnicas actuales de juego, ni de tenerlos en las condiciones f\u00edsicas debidas<\/em>\u00ab. \u00a0 Tambi\u00e9n se arremete duramente contra algunos jugadores \u00ab<em>que no solo no rinden, sino que son in\u00fatiles\u00bb.<\/em><\/p>\n<p>Y a la directiva, que encabezaba por entonces Filomeno de Aspe, se le pide \u00ab<em>poner fin a esta inestable e incomprensible situaci\u00f3n, o de lo contrario que dejen paso a otros se\u00f1ores que se \u00a0encuentran dispuestos y en condiciones de realizar lo que es incapaz de realizar la actual\u00bb.<\/em><\/p>\n<p>&nbsp;<\/p>\n<p>Se\u00f1alar que Peral continu\u00f3 durante toda la temporada como entrenador. El Betis finaliz\u00f3 en octava posici\u00f3n a 9 puntos del Atl\u00e9tico Tetu\u00e1n que fue el campe\u00f3n del grupo. Esta octava posici\u00f3n fue la peor de las 7 temporadas b\u00e9ticas en Tercera Divisi\u00f3n y, por lo tanto, la peor clasificaci\u00f3n liguera de la historia del Betis. En la presidencia del club s\u00ed hubo un cambio cuando Pascual Aparicio sustituy\u00f3 a Filomeno de Aspe en enero de 1949.<\/p>\n<p>La carta viene firmada por un grupo de 7 socios b\u00e9ticos, destacando entre ellos Joaqu\u00edn Roncero, que aparece como el socio n\u00famero 1 del club en ese momento.<\/p>\n<p>&nbsp;<\/p>\n<p><span style=\"color: #339966\">Carta abierta. Para la afici\u00f3n, Directiva y jugadores del Real Betis Balompi\u00e9<\/span><\/p>\n<p><span style=\"color: #339966\"><em>Despu\u00e9s del partido celebrado el pasado domingo d\u00eda 17 de octubre entre el Real Betis Balompi\u00e9 y el Club Deportivo C\u00f3rdoba, un grupo de socios del Betis, que sienten los colores del Club en lo m\u00e1s hondo de sus almas, acordaron dirigir esta carta abierta a la afici\u00f3n, Directiva y jugadores, con el fin de dar una llamada de alarma para poner remedio a las irregularidades de nuestro equipo, antes de que no tenga soluci\u00f3n y se nos esfumen las justas esperanzas de ascenso a la Segunda Divisi\u00f3n de la Liga. <\/em><\/span><\/p>\n<p><span style=\"color: #339966\"><em>Analicemos, pues, las causas que motivaron que nuestro equipo no obtuviese mejores resultados en los partidos que llevamos en la actual temporada y que d\u00e9 quien corresponda una explicaci\u00f3n clara y terminante a la afici\u00f3n b\u00e9tica que lo exige.<\/em><\/span><\/p>\n<p><span style=\"color: #339966\"><em>\u00a0<\/em><\/span><\/p>\n<p><span style=\"color: #339966\"><em>\u00bfPor qu\u00e9 el Betis no ha logrado reunir un plantel de jugadores que den el rendimiento debido? Lo ignoramos, pero no ignoramos que unos modestos equipos como el C\u00e1diz, la Balona, el Huelva, el Tetu\u00e1n, etc, etc, que no cuentan ni con la mitad de seguidores que tienen el Betis, ni con la cuarta parte de p\u00fablico que llene sus campos, hacen un papel magn\u00edfico en el torneo liguero, gracias a los fichajes realizados de valores positivos, haciendo los nuestros el rid\u00edculo m\u00e1s espantoso, clasificados en el octavo lugar de la tabla de clasificaci\u00f3n.<\/em><\/span><\/p>\n<p><span style=\"color: #339966\"><em>\u00a0<\/em><\/span><\/p>\n<p><span style=\"color: #339966\"><em>\u00bfExisten dificultades econ\u00f3micas? Lo ignoramos, pero estamos seguros que el taquillaje que viene realizando el Betis es para no \u201candar de cabeza\u201d, teniendo en cuenta adem\u00e1s que no se ha hecho ning\u00fan traspaso sensacional; al contrario, se han traspasado jugadores que rend\u00edan y se han adquirido algunos que no solo no rinden, sino que son in\u00fatiles.<\/em><\/span><\/p>\n<p><span style=\"color: #339966\"><em>\u00a0<\/em><\/span><\/p>\n<p><span style=\"color: #339966\"><em>\u00bfExisten dificultades t\u00e9cnicas? Eso no lo ignoramos. S\u00ed existen. Sabemos que el actual entrenador no es suficientemente apto para inculcar a los jugadores de que dispone el Betis las actuales t\u00e9cnicas de juego, ni incluso tenerlos en las condiciones f\u00edsicas debidas. Se da el caso parad\u00f3jico de que equipos que no han salido nunca de la Tercera Divisi\u00f3n, y a\u00fan los procedentes de la categor\u00eda regional, ostentan en el campo de juego una mayor t\u00e9cnica que nuestro Betis, que se desenvuelve a\u00fan con el estilo de \u201cpat\u00e1s palante\u201d.<\/em><\/span><\/p>\n<p><span style=\"color: #339966\"><em>\u00a0<\/em><\/span><\/p>\n<p><span style=\"color: #339966\"><em>Admiramos en su d\u00eda el juego del actual entrenador cuando vest\u00eda la camiseta verdiblanca, pero no lo toleramos en el puesto que hoy ocupa, por carecer de condiciones para ello. Esto es duro, pero por desgracia verdad. Nada m\u00e1s lejos de nuestro \u00e1nimo que perjudicar los intereses del actual preparador; el Betis le debe mucho y le debe corresponder, y puede emplearlo en cualquier otro menester donde la responsabilidad sea m\u00e1s restringida.<\/em><\/span><\/p>\n<p><span style=\"color: #339966\"><em>\u00a0<\/em><\/span><\/p>\n<p><span style=\"color: #339966\"><em>A todos estos defectos achacamos el actual y cr\u00edtico periodo por el que atraviesa nuestro equipo, y es deber de la directiva poner fin a esta inestable e incomprensible situaci\u00f3n, o de lo contrario dejen paso a otros se\u00f1ores que se encuentran dispuestos y en condiciones de realizar lo que es incapaz de realizar la actual.<\/em><\/span><\/p>\n<p><span style=\"color: #339966\"><em>\u00a0<\/em><\/span><\/p>\n<p><span style=\"color: #339966\"><em>Resumen total: hay que hallar el medio de que el Betis se coloque a la cabeza de su grupo, como le corresponde por su historia y su afici\u00f3n, y no quedarse en actitud pasiva, es espera de lo que buenamente salga, sin tener en cuenta convencionalismos y ego\u00edsmos que est\u00e1n perjudicando al Club. <\/em><\/span><\/p>\n<p><span style=\"color: #339966\"><em>\u00a0<\/em><\/span><\/p>\n<p><span style=\"color: #339966\"><em>\u00a1Viva el Betis\u00a1<\/em><\/span><\/p>\n<p><span style=\"color: #339966\"><em>\u00a0<\/em><\/span><\/p>\n<p><span style=\"color: #339966\"><em>J.Garrido, R.Molina, Joaqu\u00edn Roncero (socio n\u00famero 1), Manuel D\u00edaz, Mariano Luque, M. Ant\u00fanez, Jos\u00e9 Barrios Mu\u00f1oz (siguen las firmas) <\/em><\/span><\/p>\n<p>&nbsp;<\/p>\n<p>Al d\u00eda siguiente en el mismo diario Sevilla la directiva b\u00e9tica respondi\u00f3 mediante la siguiente nota:<\/p>\n<p>&nbsp;<\/p>\n<p>\u00bb <em>Esta directiva ruega a los se\u00f1ores firmantes de la carta abierta aparecida en este diario el 9 del corriente, tengan la bondad de acudir a la Secretar\u00eda del Club (Aduana, 20) el pr\u00f3ximo viernes d\u00eda 12, a las ocho de la noche\u00bb.\u00a0<\/em><\/p>\n","protected":false},"excerpt":{"rendered":"<p>Recientemente en una entrada llamada Reivindicaci\u00f3n del Manquepierda\u00a0\u00a0 tuve la oportunidad de ilustrar c\u00f3mo en los peores a\u00f1os de la Tercera Divisi\u00f3n, los a\u00f1os en que no olvidemos que surge el Manquepierda, la afici\u00f3n b\u00e9tica fue muy exigente con el rendimiento de los suyos. Pusimos un ejemplo de 1951 cuando la directiva encabezada por Pascual&#8230;<\/p>\n","protected":false},"author":5,"featured_media":35717,"comment_status":"open","ping_status":"open","sticky":false,"template":"","format":"standard","meta":{"_kad_post_transparent":"","_kad_post_title":"","_kad_post_layout":"","_kad_post_sidebar_id":"","_kad_post_content_style":"","_kad_post_vertical_padding":"","_kad_post_feature":"","_kad_post_feature_position":"","_kad_post_header":false,"_kad_post_footer":false,"_kad_post_classname":"","_jetpack_memberships_contains_paid_content":false,"footnotes":"","jetpack_publicize_message":"","jetpack_publicize_feature_enabled":true,"jetpack_social_post_already_shared":true,"jetpack_social_options":{"image_generator_settings":{"template":"highway","default_image_id":0,"font":"","enabled":false},"version":2}},"categories":[900,894,1],"tags":[995,2535,17782],"class_list":["post-35715","post","type-post","status-publish","format-standard","has-post-thumbnail","hentry","category-1940-1949","category-la-aficion","category-portada","tag-995","tag-1948-49","tag-liga-tercera-1948-49"],"jetpack_publicize_connections":[],"jetpack_featured_media_url":"https:\/\/i0.wp.com\/www.manquepierda.com\/historiarealbetis\/files\/2014\/05\/Clasificaci%C3%B3n-Jornada-6-1948-49-ABC-19-10-1948.jpg?fit=307%2C228&ssl=1","jetpack_sharing_enabled":true,"jetpack_shortlink":"https:\/\/wp.me\/p1ij08-9i3","jetpack-related-posts":[],"_links":{"self":[{"href":"https:\/\/www.manquepierda.com\/historiarealbetis\/wp-json\/wp\/v2\/posts\/35715","targetHints":{"allow":["GET"]}}],"collection":[{"href":"https:\/\/www.manquepierda.com\/historiarealbetis\/wp-json\/wp\/v2\/posts"}],"about":[{"href":"https:\/\/www.manquepierda.com\/historiarealbetis\/wp-json\/wp\/v2\/types\/post"}],"author":[{"embeddable":true,"href":"https:\/\/www.manquepierda.com\/historiarealbetis\/wp-json\/wp\/v2\/users\/5"}],"replies":[{"embeddable":true,"href":"https:\/\/www.manquepierda.com\/historiarealbetis\/wp-json\/wp\/v2\/comments?post=35715"}],"version-history":[{"count":1,"href":"https:\/\/www.manquepierda.com\/historiarealbetis\/wp-json\/wp\/v2\/posts\/35715\/revisions"}],"predecessor-version":[{"id":95604,"href":"https:\/\/www.manquepierda.com\/historiarealbetis\/wp-json\/wp\/v2\/posts\/35715\/revisions\/95604"}],"wp:featuredmedia":[{"embeddable":true,"href":"https:\/\/www.manquepierda.com\/historiarealbetis\/wp-json\/wp\/v2\/media\/35717"}],"wp:attachment":[{"href":"https:\/\/www.manquepierda.com\/historiarealbetis\/wp-json\/wp\/v2\/media?parent=35715"}],"wp:term":[{"taxonomy":"category","embeddable":true,"href":"https:\/\/www.manquepierda.com\/historiarealbetis\/wp-json\/wp\/v2\/categories?post=35715"},{"taxonomy":"post_tag","embeddable":true,"href":"https:\/\/www.manquepierda.com\/historiarealbetis\/wp-json\/wp\/v2\/tags?post=35715"}],"curies":[{"name":"wp","href":"https:\/\/api.w.org\/{rel}","templated":true}]}}