{"id":35729,"date":"2014-05-19T20:05:29","date_gmt":"2014-05-19T18:05:29","guid":{"rendered":"http:\/\/www.manquepierda.com\/historiarealbetis\/?p=35729"},"modified":"2024-07-29T23:35:49","modified_gmt":"2024-07-29T21:35:49","slug":"1933-marzo-12-primera-division-1932-1933-arenas-getxo-3-vs-betis-balompie-3-goles","status":"publish","type":"post","link":"https:\/\/www.manquepierda.com\/historiarealbetis\/1933-marzo-12-primera-division-1932-1933-arenas-getxo-3-vs-betis-balompie-3-goles\/","title":{"rendered":"1933-Marzo 12-Primera.-Arenas Getxo-3 Betis Balompi\u00e9-3.-84Aniversario."},"content":{"rendered":"<p style=\"text-align: justify\">V EDICI\u00d3N-CAMPEONATO NACIONAL LIGA PRIMERA DIVISI\u00d3N-TEMPORADA 1932-1933 DESDE DOMINGO 27 DE NOVIEMBRE DE 1932 HASTA DOMINGO 26 DE MARZO DE 1933 AMBAS FECHAS INCLUSIVE.<\/p>\n<p style=\"text-align: center\"><img data-recalc-dims=\"1\" loading=\"lazy\" decoding=\"async\" class=\"aligncenter size-medium wp-image-48193\" src=\"https:\/\/i0.wp.com\/www.manquepierda.com\/historiarealbetis\/files\/2014\/05\/1961-CAMPO-GOBELA.jpg?resize=680%2C365&#038;ssl=1\" alt=\"1961-CAMPO GOBELA\" width=\"680\" height=\"365\" srcset=\"https:\/\/i0.wp.com\/www.manquepierda.com\/historiarealbetis\/files\/2014\/05\/1961-CAMPO-GOBELA.jpg?resize=680%2C365&amp;ssl=1 680w, https:\/\/i0.wp.com\/www.manquepierda.com\/historiarealbetis\/files\/2014\/05\/1961-CAMPO-GOBELA.jpg?resize=220%2C118&amp;ssl=1 220w, https:\/\/i0.wp.com\/www.manquepierda.com\/historiarealbetis\/files\/2014\/05\/1961-CAMPO-GOBELA.jpg?resize=768%2C412&amp;ssl=1 768w, https:\/\/i0.wp.com\/www.manquepierda.com\/historiarealbetis\/files\/2014\/05\/1961-CAMPO-GOBELA.jpg?resize=960%2C515&amp;ssl=1 960w, https:\/\/i0.wp.com\/www.manquepierda.com\/historiarealbetis\/files\/2014\/05\/1961-CAMPO-GOBELA.jpg?w=1600&amp;ssl=1 1600w\" sizes=\"auto, (max-width: 680px) 100vw, 680px\" \/><\/p>\n<p style=\"text-align: justify\"><strong>1933-MARZO 12-DOMINGO EN GETXO.-CAMPO DE DEPORTES \u00abIBAIONDO\u00bb (15.540 espectadores).-16\u00aa-JORNADA.-<\/strong><em>\u00abCon muy mal tiempo y con escaso n\u00famero de aficionados. <\/em><\/p>\n<p style=\"text-align: justify\"><em>En la primera parte hubo arrancadas por ambos bandos, pero no obstante las b\u00e9ticas, debido al estupendo juego de Lecue y \u00abTimimi\u00bb iban pre\u00f1adas de un mayor peligro\u00bb.<br \/>\n<\/em><\/p>\n<p style=\"text-align: center\">ARBITR\u00d3 EL COLEGIADO GUIPUZCOANO Jos\u00e9 Mar\u00eda STEIMBORN Ludeuvik.-<em><strong>\u00abCon irregular acierto\u00bb.<\/strong><\/em><\/p>\n<p style=\"text-align: center\">Alineando a ambas escuadras de la siguiente forma:<\/p>\n<figure id=\"attachment_35732\" aria-describedby=\"caption-attachment-35732\" style=\"width: 220px\" class=\"wp-caption aligncenter\"><a href=\"https:\/\/www.manquepierda.com\/historiarealbetis\/35729-1933-marzo-12-primera-division-1932-1933-arenas-getxo-3-vs-betis-balompie-3-goles\/arenas-cf\/\" rel=\"attachment wp-att-35732\"><img data-recalc-dims=\"1\" loading=\"lazy\" decoding=\"async\" class=\"size-thumbnail wp-image-35732\" src=\"https:\/\/i0.wp.com\/www.manquepierda.com\/historiarealbetis\/files\/2014\/05\/Arenas-cf.jpeg?resize=220%2C149&#038;ssl=1\" alt=\"mmm\" width=\"220\" height=\"149\" srcset=\"https:\/\/i0.wp.com\/www.manquepierda.com\/historiarealbetis\/files\/2014\/05\/Arenas-cf.jpeg?resize=220%2C149&amp;ssl=1 220w, https:\/\/i0.wp.com\/www.manquepierda.com\/historiarealbetis\/files\/2014\/05\/Arenas-cf.jpeg?w=273&amp;ssl=1 273w\" sizes=\"auto, (max-width: 220px) 100vw, 220px\" \/><\/a><figcaption id=\"caption-attachment-35732\" class=\"wp-caption-text\">ARENAS CLUB DE GEXTO-3 Tantos.<\/figcaption><\/figure>\n<p style=\"text-align: justify\">NOVENO CLASIFICADO CON 12 PUNTOS (4-Ganados+4-Empatados+8-Perdidos).-31-36 Tantos Favor-Contra.<\/p>\n<p style=\"text-align: justify\"><img data-recalc-dims=\"1\" loading=\"lazy\" decoding=\"async\" class=\"aligncenter size-thumbnail wp-image-48195\" src=\"https:\/\/i0.wp.com\/www.manquepierda.com\/historiarealbetis\/files\/2014\/05\/IP.jpg?resize=147%2C220&#038;ssl=1\" alt=\"IP\" width=\"147\" height=\"220\" srcset=\"https:\/\/i0.wp.com\/www.manquepierda.com\/historiarealbetis\/files\/2014\/05\/IP.jpg?resize=147%2C220&amp;ssl=1 147w, https:\/\/i0.wp.com\/www.manquepierda.com\/historiarealbetis\/files\/2014\/05\/IP.jpg?w=188&amp;ssl=1 188w\" sizes=\"auto, (max-width: 147px) 100vw, 147px\" \/><\/p>\n<p style=\"text-align: center\">Entrenador-Temporada 1932-1933.-ISTVAN PLATKO.<\/p>\n<p style=\"text-align: center\"><img data-recalc-dims=\"1\" loading=\"lazy\" decoding=\"async\" class=\"aligncenter size-thumbnail wp-image-48194\" src=\"https:\/\/i0.wp.com\/www.manquepierda.com\/historiarealbetis\/files\/2014\/05\/seleccion-euzkadi-018.jpg?resize=153%2C220&#038;ssl=1\" alt=\"seleccion-euzkadi-018\" width=\"153\" height=\"220\" srcset=\"https:\/\/i0.wp.com\/www.manquepierda.com\/historiarealbetis\/files\/2014\/05\/seleccion-euzkadi-018.jpg?resize=153%2C220&amp;ssl=1 153w, https:\/\/i0.wp.com\/www.manquepierda.com\/historiarealbetis\/files\/2014\/05\/seleccion-euzkadi-018.jpg?resize=418%2C600&amp;ssl=1 418w, https:\/\/i0.wp.com\/www.manquepierda.com\/historiarealbetis\/files\/2014\/05\/seleccion-euzkadi-018.jpg?w=472&amp;ssl=1 472w\" sizes=\"auto, (max-width: 153px) 100vw, 153px\" \/><\/p>\n<p style=\"text-align: center\">1-Rafael EGUSQUIZA Aurrekoetxea <em><strong>(3 goles encajados).-Destacado.<\/strong><\/em><\/p>\n<p>2-Francisco EGUSQUIAGUIRE Ulacia.-3-Rom\u00e1n ARRIETA Llona.<\/p>\n<p style=\"text-align: center\"><img data-recalc-dims=\"1\" loading=\"lazy\" decoding=\"async\" class=\"aligncenter size-thumbnail wp-image-48192\" src=\"https:\/\/i0.wp.com\/www.manquepierda.com\/historiarealbetis\/files\/2014\/05\/CALVO-twiter.jpg?resize=204%2C220&#038;ssl=1\" alt=\"CALVO-twiter\" width=\"204\" height=\"220\" srcset=\"https:\/\/i0.wp.com\/www.manquepierda.com\/historiarealbetis\/files\/2014\/05\/CALVO-twiter.jpg?resize=204%2C220&amp;ssl=1 204w, https:\/\/i0.wp.com\/www.manquepierda.com\/historiarealbetis\/files\/2014\/05\/CALVO-twiter.jpg?resize=557%2C600&amp;ssl=1 557w, https:\/\/i0.wp.com\/www.manquepierda.com\/historiarealbetis\/files\/2014\/05\/CALVO-twiter.jpg?w=600&amp;ssl=1 600w\" sizes=\"auto, (max-width: 204px) 100vw, 204px\" \/><\/p>\n<p style=\"text-align: justify\">4-Mart\u00edn CALVO Labarga <em><strong>(3-3.-87 minutos)<\/strong><\/em>.-<em><strong>\u00abYa el partido finalizaba sin que el Arenas Club de Getxo a pesar de sus intentos consiguieran empatar nuevamente. Sin embargo cuando faltaban 3 minutos un \u00abfreekik\u00bb lanzado por Mart\u00edn al intentar despejarlo los zagueros b\u00e9ticos lo introdujeron en su propia meta\u00bb.-<\/strong><\/em><strong>Imagen cortes\u00eda de Twitter.<\/strong><strong><br \/>\n<\/strong><\/p>\n<p>5-Jos\u00e9 URRESTI Urquiza.-6-Juli\u00e1n RAM\u00d3N Santiago.<\/p>\n<p style=\"text-align: justify\">7-TE\u00d3FILO Julio Fern\u00e1ndez Gracia.-8-Javier RIVERO Ugarte.-9-Francisco IRIONDO Orozco.-10-<strong>Antonio BARRIOS Seoane.<\/strong><\/p>\n<p style=\"text-align: center\"><img data-recalc-dims=\"1\" loading=\"lazy\" decoding=\"async\" class=\"aligncenter size-thumbnail wp-image-48185\" src=\"https:\/\/i0.wp.com\/www.manquepierda.com\/historiarealbetis\/files\/2014\/05\/Emil%C3%ADn.jpg?resize=150%2C220&#038;ssl=1\" alt=\"Emil\u00edn\" width=\"150\" height=\"220\" srcset=\"https:\/\/i0.wp.com\/www.manquepierda.com\/historiarealbetis\/files\/2014\/05\/Emil%C3%ADn.jpg?resize=150%2C220&amp;ssl=1 150w, https:\/\/i0.wp.com\/www.manquepierda.com\/historiarealbetis\/files\/2014\/05\/Emil%C3%ADn.jpg?w=236&amp;ssl=1 236w\" sizes=\"auto, (max-width: 150px) 100vw, 150px\" \/><\/p>\n<p style=\"text-align: justify\"><strong>1-0.-05 minutos.-\u00abRecibi\u00f3 un pase de Urresti que empalm\u00f3 a toda velocidad, batiendo a Urquiaga, que nada pudo hacer para evitar la jugada.<\/strong><\/p>\n<p style=\"text-align: justify\"><strong>2-2.-23 minutos.-\u00abUn centro cerrado de Te\u00f3filo era rematado y el esf\u00e9rico llevado al fondo de las redes defendidas por Joaqu\u00edn Urquiaga\u00bb.-Marcador final primer tiempo.<\/strong><\/p>\n<p style=\"text-align: center\">11-Emilio Alonso Larraz\u00e1bal (a) \u00abEMIL\u00cdN\u00bb.<strong><br \/>\n<\/strong><\/p>\n<p style=\"text-align: justify\"><em><strong>\u00abDel Arenas Club de Getxo sobresalieron Emilio Alonso Larraz\u00e1bal (a) \u00abEMIL\u00cdN\u00bb y Rafael EGUSQUIZA Aurrekoetxea\u00bb.<\/strong><\/em><\/p>\n<p style=\"text-align: center\"><strong>VS.<\/strong><\/p>\n<p style=\"text-align: center\"><strong>BETIS BALOMPI\u00c9-3 GOLES.<\/strong><\/p>\n<p style=\"text-align: center\"><img data-recalc-dims=\"1\" loading=\"lazy\" decoding=\"async\" class=\"aligncenter size-full wp-image-48176\" src=\"https:\/\/i0.wp.com\/www.manquepierda.com\/historiarealbetis\/files\/2016\/03\/1931-32BB.jpg?resize=154%2C154&#038;ssl=1\" alt=\"1931-32BB\" width=\"154\" height=\"154\" \/><\/p>\n<p style=\"text-align: justify\"><strong>QUINTO CLASIFICADO CON 13 PUNTOS (4-GANADOS, 5-EMPATADOS, 7-PERDIDOS).-26 GOLES A FAVOR Y 43 TANTOS EN CONTRA.<\/strong><\/p>\n<p style=\"text-align: justify\"><strong>XXV PRESIDENTE REAL-BETIS BALOMPI\u00c9-Temporada 1932-1933.-Don Jos\u00e9 Ignacio MANTEC\u00d3N <img data-recalc-dims=\"1\" loading=\"lazy\" decoding=\"async\" class=\"alignright size-full wp-image-48177\" src=\"https:\/\/i0.wp.com\/www.manquepierda.com\/historiarealbetis\/files\/2016\/03\/Jos%C3%A9-Ignacio-Mantec%C3%B3n-Navasal.1.jpg?resize=161%2C202&#038;ssl=1\" alt=\"Jos\u00e9 Ignacio Mantec\u00f3n Navasal.1\" width=\"161\" height=\"202\" \/>NAVASAL (30 a\u00f1os+6 meses menos 14 d\u00edas).<br \/>\n<\/strong><\/p>\n<p style=\"text-align: justify\"><strong>1926-Septiembre es destinado al Archivo General de Indias en Sevilla c\u00f3mo Oficial Tercero del Cuerpo Facultativo de Archiveros, Bibliotecarios y Arque\u00f3logos de Espa\u00f1a.<\/strong><\/p>\n<p style=\"text-align: justify\"><strong>NATURAL de Zaragoza, viernes 26 de Septiembre de 1902.-OBITUARIO en M\u00e9xico Distrito Federal, domingo 20 de Junio de 1982 (79 A\u00f1os, 9 meses menos 8 d\u00edas.-D. E. P.<\/strong><\/p>\n<p style=\"text-align: justify\"><strong>\u00a0<img data-recalc-dims=\"1\" loading=\"lazy\" decoding=\"async\" class=\"alignleft size-thumbnail wp-image-48196\" src=\"https:\/\/i0.wp.com\/www.manquepierda.com\/historiarealbetis\/files\/2014\/05\/PatrickJosephOCONNELL.jpg?resize=132%2C220&#038;ssl=1\" alt=\"PatrickJosephO'CONNELL\" width=\"132\" height=\"220\" srcset=\"https:\/\/i0.wp.com\/www.manquepierda.com\/historiarealbetis\/files\/2014\/05\/PatrickJosephOCONNELL.jpg?resize=132%2C220&amp;ssl=1 132w, https:\/\/i0.wp.com\/www.manquepierda.com\/historiarealbetis\/files\/2014\/05\/PatrickJosephOCONNELL.jpg?w=206&amp;ssl=1 206w\" sizes=\"auto, (max-width: 132px) 100vw, 132px\" \/><br \/>\n<\/strong><\/p>\n<p style=\"text-align: justify\"><strong>M\u00edster Patrick Joseph O&#8217;CONNELL (46 a\u00f1os+4 d\u00edas)-Natural de Drucomdra-Dublin (Republic of Ireland), martes 08 de Marzo de 1887.<\/strong><\/p>\n<p style=\"text-align: justify\"><strong>Obituario en St Pancras-Condado Cavem-Distrito Kilburn (Cementery)-London (England), viernes 27 de Febrero de 1959 (71 A\u00f1os+11 meses+19 d\u00edas) D. E. P.<\/strong><\/p>\n<p style=\"text-align: justify\"><strong><em>\u00abEl juego corto y r\u00e1pido de Lecue y \u00abTimimi\u00bb originaba frecuentes ocasiones de peligro, que hac\u00eda a la defensa arenera emplearse a fondo.<\/em><\/strong><\/p>\n<p style=\"text-align: center\"><img data-recalc-dims=\"1\" loading=\"lazy\" decoding=\"async\" class=\"aligncenter size-full wp-image-48190\" src=\"https:\/\/i0.wp.com\/www.manquepierda.com\/historiarealbetis\/files\/2014\/05\/Joaqu%C3%ADn-URQUIAGA-Legarburu.jpeg?resize=135%2C165&#038;ssl=1\" alt=\"Joaqu\u00edn URQUIAGA Legarburu\" width=\"135\" height=\"165\" \/><\/p>\n<p style=\"text-align: center\"><em><strong>*3 tantos encajados*<\/strong><\/em><\/p>\n<p style=\"text-align: justify\"><em><strong>\u00abA los 71 minutos el Arenas Club de Getxo tuvieron ocasi\u00f3n de igualar el encuentro, y lo desperdiciaron lamentablemente. Al lanzar un c\u00f3rner por Te\u00f3filo, en el remate se origin\u00f3 un gran l\u00edo ante la porter\u00eda verdiblanca. Uno de sus defensas toc\u00f3 el bal\u00f3n con la mano y el \u00abpenalty\u00bb lanzado por \u00abEmil\u00edn\u00bb fue detenido por URQUIAGA\u00bb.<\/strong><\/em><\/p>\n<p style=\"text-align: justify\"><strong>1-GUARDAMETA.-Joaqu\u00edn URQUIAGA Legarburu (23 a\u00f1os menos 17 d\u00edas)-Natural de Zorrotza-Bilbao (Vizcaya), martes 29 de Marzo de 1910.-Obituario en Bilbao (Vizcaya), domingo 25 de Julio de 1965 (55 A\u00f1os+4 meses menos 4 d\u00edas) D. E. P.<\/strong><\/p>\n<p style=\"text-align: justify\">2.-ZAGUERO-Lateral Diestro.-<strong>PEDRO PABLO ARESO ARAMBURU.<\/strong><\/p>\n<p style=\"text-align: justify\">3.-ZAGUERO-Lateral Zurdo.-<strong>JES\u00daS JIM\u00c9NEZ SANTOS (a) \u00abEl Zurdo\u00bb.<\/strong><\/p>\n<p style=\"text-align: justify\">4.-MEDIO-Diestro.-<strong>JOS\u00c9 SU\u00c1REZ GONZ\u00c1LEZ (a) \u00abPERAL\u00bb.<\/strong><\/p>\n<p style=\"text-align: justify\">5.-MEDIO-Centro.-<strong>ENRIQUE SOLADRERO ARBIDE.<\/strong><\/p>\n<p style=\"text-align: justify\">6.-MEDIO-Zurdo.-<strong>Adolfo Sancho Carrillo De Albornoz (a) \u00abADOLFITO-ADOLFO I\u00bb.<\/strong><\/p>\n<p style=\"text-align: center\"><img data-recalc-dims=\"1\" loading=\"lazy\" decoding=\"async\" class=\"aligncenter size-thumbnail wp-image-48187\" src=\"https:\/\/i0.wp.com\/www.manquepierda.com\/historiarealbetis\/files\/2014\/05\/Pedro_Gonz_lez_Timimi.jpg?resize=176%2C220&#038;ssl=1\" alt=\"Pedro_Gonz_lez_Timimi\" width=\"176\" height=\"220\" srcset=\"https:\/\/i0.wp.com\/www.manquepierda.com\/historiarealbetis\/files\/2014\/05\/Pedro_Gonz_lez_Timimi.jpg?resize=176%2C220&amp;ssl=1 176w, https:\/\/i0.wp.com\/www.manquepierda.com\/historiarealbetis\/files\/2014\/05\/Pedro_Gonz_lez_Timimi.jpg?w=229&amp;ssl=1 229w\" sizes=\"auto, (max-width: 176px) 100vw, 176px\" \/><\/p>\n<p style=\"text-align: justify\"><em><strong>1-2.-22 minutos.-\u00abGabella pasaba a Capillas, \u00e9ste a Pedro Gonz\u00e1lez quien lanzaba un ca\u00f1onazo fusilando a Rafael EGUSQUIZA.<\/strong><\/em><\/p>\n<p style=\"text-align: justify\"><strong>7-DELANTERO-Extremo Diestro.-Pedro Gonz\u00e1lez S\u00e1nchez (a) \u00abTIMIMI\u00bb (22 a\u00f1os+2 meses+11 d\u00edas)-Natural de Las Palmas de Gran Canaria-barrio Arenales-domingo 1\u00ba de Enero de 1911.-\u00cddem-Hospital San Mart\u00edn-martes 26 de Enero de 1960 (49 A\u00f1os+25 d\u00edas) D. E. P.<\/strong><\/p>\n<p style=\"text-align: justify\">8.-DELANTERO-Interior Diestro.-<strong>ADOLFO MART\u00cdN GONZ\u00c1LEZ (a) \u00abADOLFO II\u00bb.<\/strong><\/p>\n<p style=\"text-align: justify\">9.-CENTRO DELANTERO-ARIETE.-<strong>LEOPOLDO RUIZ-CAPILLAS DEL CASTILLO.<\/strong><\/p>\n<p style=\"text-align: center\"><img data-recalc-dims=\"1\" loading=\"lazy\" decoding=\"async\" class=\"aligncenter size-thumbnail wp-image-48186\" src=\"https:\/\/i0.wp.com\/www.manquepierda.com\/historiarealbetis\/files\/2014\/05\/Sim%C3%B3n-Lecue-Andrade.jpg?resize=150%2C220&#038;ssl=1\" alt=\"Sim\u00f3n-Lecue-Andrade\" width=\"150\" height=\"220\" srcset=\"https:\/\/i0.wp.com\/www.manquepierda.com\/historiarealbetis\/files\/2014\/05\/Sim%C3%B3n-Lecue-Andrade.jpg?resize=150%2C220&amp;ssl=1 150w, https:\/\/i0.wp.com\/www.manquepierda.com\/historiarealbetis\/files\/2014\/05\/Sim%C3%B3n-Lecue-Andrade.jpg?w=309&amp;ssl=1 309w\" sizes=\"auto, (max-width: 150px) 100vw, 150px\" \/><\/p>\n<p style=\"text-align: justify\"><em><strong>1-1.-20 minutos.-\u00abEn pleno dominio de los verdiblancos lleg\u00f3 el empate. Un centro de \u00abTimimi\u00bb sobre el marco de Egusquiza, fue empalmado el bal\u00f3n con un chut raso de Sim\u00f3n\u00bb.<\/strong><\/em><\/p>\n<p><strong>10-DELANTERO-Interior Zurdo.-Sim\u00f3n LECUE Andrade (21 a\u00f1os+1 mes+1 d\u00eda)-Natural de Arrigorriaga (Vizcaya), domingo 11 de Febrero de 1912.-Obituario en Madrid, lunes 27 de Febrero de 1984 (72 A\u00f1os+16 d\u00edas) D. E. P.<\/strong><\/p>\n<p style=\"text-align: center\"><img data-recalc-dims=\"1\" loading=\"lazy\" decoding=\"async\" class=\"aligncenter size-full wp-image-48188\" src=\"https:\/\/i0.wp.com\/www.manquepierda.com\/historiarealbetis\/files\/2014\/05\/Dic-21-1933-03-15-Arenas-Betis-Liga.jpg?resize=516%2C411&#038;ssl=1\" alt=\"1933-03-15-Arenas-Betis-Liga\" width=\"516\" height=\"411\" srcset=\"https:\/\/i0.wp.com\/www.manquepierda.com\/historiarealbetis\/files\/2014\/05\/Dic-21-1933-03-15-Arenas-Betis-Liga.jpg?w=516&amp;ssl=1 516w, https:\/\/i0.wp.com\/www.manquepierda.com\/historiarealbetis\/files\/2014\/05\/Dic-21-1933-03-15-Arenas-Betis-Liga.jpg?resize=220%2C175&amp;ssl=1 220w\" sizes=\"auto, (max-width: 516px) 100vw, 516px\" \/><\/p>\n<p style=\"text-align: justify\"><em><strong>2-3.-66 minutos.-\u00abUna escapada de \u00abTimimi\u00bb fue seguida por un pase a Ruiz-CAPILLAS que cedi\u00f3 el esf\u00e9rico a Manuel el cual a trav\u00e9s de un chut rapid\u00edsimo bati\u00f3 a Egustiza\u00bb.-<\/strong><\/em>Fuente-Foto-\u00abMUNDO GR\u00c1FICO\u00bb-Madrid 19330315-Martes.<\/p>\n<p style=\"text-align: center\"><img data-recalc-dims=\"1\" loading=\"lazy\" decoding=\"async\" class=\"aligncenter size-thumbnail wp-image-48189\" src=\"https:\/\/i0.wp.com\/www.manquepierda.com\/historiarealbetis\/files\/2014\/05\/Manuel-Gabella-Gallego.jpg?resize=131%2C220&#038;ssl=1\" alt=\"Manuel Gabella Gallego\" width=\"131\" height=\"220\" srcset=\"https:\/\/i0.wp.com\/www.manquepierda.com\/historiarealbetis\/files\/2014\/05\/Manuel-Gabella-Gallego.jpg?resize=131%2C220&amp;ssl=1 131w, https:\/\/i0.wp.com\/www.manquepierda.com\/historiarealbetis\/files\/2014\/05\/Manuel-Gabella-Gallego.jpg?resize=357%2C600&amp;ssl=1 357w, https:\/\/i0.wp.com\/www.manquepierda.com\/historiarealbetis\/files\/2014\/05\/Manuel-Gabella-Gallego.jpg?w=383&amp;ssl=1 383w\" sizes=\"auto, (max-width: 131px) 100vw, 131px\" \/><\/p>\n<p style=\"text-align: justify\"><strong>11-DELANTERO-Extremo Zurdo.-Manuel GABELLA Gallego.-Natural de Barcelona-1914.-Obituario en Sevilla-Hospital Universitario \u00abVirgen de los Reyes\u00bb-1958.-Domiciliado en Ja\u00e9n.<br \/>\n<\/strong><\/p>\n<p style=\"text-align: justify\"><em><strong>\u00abEl BETIS BALOMPI\u00c9 caus\u00f3 muy buena impresi\u00f3n. Su juego fino, corto y r\u00e1pido desconcert\u00f3 a los jugadores guechotarras. Se distinguieron especialmente LECUE y \u00abTIMIMI\u00bb, y a ratos \u00abADOLFITO\u00bb. SOLADRERO, despu\u00e9s de jugar un buen primer tiempo decay\u00f3 en la segunda parte\u00bb.<\/strong><\/em><\/p>\n<p style=\"text-align: justify\"><strong>Fuente.-\u00abPENSAMIENTO ALAV\u00c9S\u00bb-Vitoria, martes 13 de Marzo de 1933: <em>\u00abEN SAN MAM\u00c9S EL ARENAS NO CONSIGUE BATIR EN GUECHO AL BETIS\u00bb.<\/em><\/strong><\/p>\n<p style=\"text-align: center\"><img data-recalc-dims=\"1\" loading=\"lazy\" decoding=\"async\" class=\"aligncenter size-medium wp-image-48191\" src=\"https:\/\/i0.wp.com\/www.manquepierda.com\/historiarealbetis\/files\/2014\/05\/19330313AMADO.jpg?resize=636%2C600&#038;ssl=1\" alt=\"19330313AMADO\" width=\"636\" height=\"600\" srcset=\"https:\/\/i0.wp.com\/www.manquepierda.com\/historiarealbetis\/files\/2014\/05\/19330313AMADO.jpg?resize=636%2C600&amp;ssl=1 636w, https:\/\/i0.wp.com\/www.manquepierda.com\/historiarealbetis\/files\/2014\/05\/19330313AMADO.jpg?resize=220%2C207&amp;ssl=1 220w, https:\/\/i0.wp.com\/www.manquepierda.com\/historiarealbetis\/files\/2014\/05\/19330313AMADO.jpg?resize=768%2C724&amp;ssl=1 768w, https:\/\/i0.wp.com\/www.manquepierda.com\/historiarealbetis\/files\/2014\/05\/19330313AMADO.jpg?resize=742%2C700&amp;ssl=1 742w, https:\/\/i0.wp.com\/www.manquepierda.com\/historiarealbetis\/files\/2014\/05\/19330313AMADO.jpg?w=1407&amp;ssl=1 1407w\" sizes=\"auto, (max-width: 636px) 100vw, 636px\" \/><\/p>\n<p style=\"text-align: center\">ABC-MADRID 19330313-Martes.<\/p>\n<p><a href=\"https:\/\/www.manquepierda.com\/historiarealbetis\/35729-1933-marzo-12-primera-division-1932-1933-arenas-getxo-3-vs-betis-balompie-3-goles\/attachment\/19330312\/\" rel=\"attachment wp-att-35731\"><img data-recalc-dims=\"1\" loading=\"lazy\" decoding=\"async\" class=\"size-medium wp-image-35731\" src=\"https:\/\/i0.wp.com\/www.manquepierda.com\/historiarealbetis\/files\/2014\/05\/19330312.jpg?resize=680%2C277&#038;ssl=1\" alt=\"mmm\" width=\"680\" height=\"277\" srcset=\"https:\/\/i0.wp.com\/www.manquepierda.com\/historiarealbetis\/files\/2014\/05\/19330312.jpg?resize=680%2C277&amp;ssl=1 680w, https:\/\/i0.wp.com\/www.manquepierda.com\/historiarealbetis\/files\/2014\/05\/19330312.jpg?resize=220%2C89&amp;ssl=1 220w, https:\/\/i0.wp.com\/www.manquepierda.com\/historiarealbetis\/files\/2014\/05\/19330312.jpg?resize=960%2C391&amp;ssl=1 960w, https:\/\/i0.wp.com\/www.manquepierda.com\/historiarealbetis\/files\/2014\/05\/19330312.jpg?w=1827&amp;ssl=1 1827w\" sizes=\"auto, (max-width: 680px) 100vw, 680px\" \/><\/a><\/p>\n","protected":false},"excerpt":{"rendered":"<p>V EDICI\u00d3N-CAMPEONATO NACIONAL LIGA PRIMERA DIVISI\u00d3N-TEMPORADA 1932-1933 DESDE DOMINGO 27 DE NOVIEMBRE DE 1932 HASTA DOMINGO 26 DE MARZO DE 1933 AMBAS FECHAS INCLUSIVE. 1933-MARZO 12-DOMINGO EN GETXO.-CAMPO DE DEPORTES \u00abIBAIONDO\u00bb (15.540 espectadores).-16\u00aa-JORNADA.-\u00abCon muy mal tiempo y con escaso n\u00famero de aficionados. En la primera parte hubo arrancadas por ambos bandos, pero no obstante las&#8230;<\/p>\n","protected":false},"author":48,"featured_media":35731,"comment_status":"open","ping_status":"open","sticky":false,"template":"","format":"standard","meta":{"_kad_post_transparent":"","_kad_post_title":"","_kad_post_layout":"","_kad_post_sidebar_id":"","_kad_post_content_style":"","_kad_post_vertical_padding":"","_kad_post_feature":"","_kad_post_feature_position":"","_kad_post_header":false,"_kad_post_footer":false,"_kad_post_classname":"","_jetpack_memberships_contains_paid_content":false,"footnotes":"","jetpack_publicize_message":"","jetpack_publicize_feature_enabled":true,"jetpack_social_post_already_shared":true,"jetpack_social_options":{"image_generator_settings":{"template":"highway","default_image_id":0,"font":"","enabled":false},"version":2}},"categories":[899,1],"tags":[2575,1537,11765],"class_list":["post-35729","post","type-post","status-publish","format-standard","has-post-thumbnail","hentry","category-1930-1939","category-portada","tag-1932-33","tag-1537","tag-arenas-club-de-getxo"],"jetpack_publicize_connections":[],"jetpack_featured_media_url":"https:\/\/i0.wp.com\/www.manquepierda.com\/historiarealbetis\/files\/2014\/05\/19330312.jpg?fit=1827%2C745&ssl=1","jetpack_sharing_enabled":true,"jetpack_shortlink":"https:\/\/wp.me\/p1ij08-9ih","jetpack-related-posts":[],"_links":{"self":[{"href":"https:\/\/www.manquepierda.com\/historiarealbetis\/wp-json\/wp\/v2\/posts\/35729","targetHints":{"allow":["GET"]}}],"collection":[{"href":"https:\/\/www.manquepierda.com\/historiarealbetis\/wp-json\/wp\/v2\/posts"}],"about":[{"href":"https:\/\/www.manquepierda.com\/historiarealbetis\/wp-json\/wp\/v2\/types\/post"}],"author":[{"embeddable":true,"href":"https:\/\/www.manquepierda.com\/historiarealbetis\/wp-json\/wp\/v2\/users\/48"}],"replies":[{"embeddable":true,"href":"https:\/\/www.manquepierda.com\/historiarealbetis\/wp-json\/wp\/v2\/comments?post=35729"}],"version-history":[{"count":2,"href":"https:\/\/www.manquepierda.com\/historiarealbetis\/wp-json\/wp\/v2\/posts\/35729\/revisions"}],"predecessor-version":[{"id":95044,"href":"https:\/\/www.manquepierda.com\/historiarealbetis\/wp-json\/wp\/v2\/posts\/35729\/revisions\/95044"}],"wp:featuredmedia":[{"embeddable":true,"href":"https:\/\/www.manquepierda.com\/historiarealbetis\/wp-json\/wp\/v2\/media\/35731"}],"wp:attachment":[{"href":"https:\/\/www.manquepierda.com\/historiarealbetis\/wp-json\/wp\/v2\/media?parent=35729"}],"wp:term":[{"taxonomy":"category","embeddable":true,"href":"https:\/\/www.manquepierda.com\/historiarealbetis\/wp-json\/wp\/v2\/categories?post=35729"},{"taxonomy":"post_tag","embeddable":true,"href":"https:\/\/www.manquepierda.com\/historiarealbetis\/wp-json\/wp\/v2\/tags?post=35729"}],"curies":[{"name":"wp","href":"https:\/\/api.w.org\/{rel}","templated":true}]}}