{"id":35751,"date":"2014-05-25T08:13:25","date_gmt":"2014-05-25T06:13:25","guid":{"rendered":"http:\/\/www.manquepierda.com\/historiarealbetis\/?p=35751"},"modified":"2015-12-27T18:42:49","modified_gmt":"2015-12-27T17:42:49","slug":"luis-suarez-ficha-por-el-inter-de-alfredo-relano","status":"publish","type":"post","link":"https:\/\/www.manquepierda.com\/historiarealbetis\/luis-suarez-ficha-por-el-inter-de-alfredo-relano\/","title":{"rendered":"Luis Su\u00e1rez ficha por el Inter, de Alfredo Rela\u00f1o"},"content":{"rendered":"<p><a href=\"https:\/\/www.manquepierda.com\/historiarealbetis\/35751-luis-suarez-ficha-por-el-inter-de-alfredo-relano\/suarezsq4\/\" rel=\"attachment wp-att-35752\"><img data-recalc-dims=\"1\" loading=\"lazy\" decoding=\"async\" class=\"aligncenter size-full wp-image-35752\" src=\"https:\/\/i0.wp.com\/www.manquepierda.com\/historiarealbetis\/files\/2014\/05\/suarezsq4.jpg?resize=365%2C300&#038;ssl=1\" alt=\"suarezsq4\" width=\"365\" height=\"300\" srcset=\"https:\/\/i0.wp.com\/www.manquepierda.com\/historiarealbetis\/files\/2014\/05\/suarezsq4.jpg?w=365&amp;ssl=1 365w, https:\/\/i0.wp.com\/www.manquepierda.com\/historiarealbetis\/files\/2014\/05\/suarezsq4.jpg?resize=220%2C180&amp;ssl=1 220w\" sizes=\"auto, (max-width: 365px) 100vw, 365px\" \/><\/a><\/p>\n<p>&nbsp;<\/p>\n<p>El \u00fanico futbolista espa\u00f1ol que ha ganado el Bal\u00f3n de Oro es Luis Su\u00e1rez, que lo hizo en 1960, adem\u00e1s de ser Bal\u00f3n de Plata en 1961 y 1964, y Bal\u00f3n de Bronce en 1965. Esto nos da una idea de lo que supuso este futbolista, que milit\u00f3 en Deportivo de La Coru\u00f1a, Barcelona, Inter y Sampdoria.<\/p>\n<p>Fue ganador de la Liga espa\u00f1ola en 1959 y 1960, de la Copa en 1957 y 1959, de la Liga italiana en 1963, 1965 y 1966, de la Copa de Ferias en 1958 y 1960, de la Copa de Europa en 1964 y 1965, de la Copa Intercontinental en 1965 y 1966 y de la \u00a0Eurocopa de selecciones en 1964. Un palmar\u00e9s esplendoroso y al alcance de muy pocos.<\/p>\n<p>El periodista Alfredo Rela\u00f1o le dedic\u00f3 este relato en El Pa\u00eds.<\/p>\n<p>&nbsp;<\/p>\n<p>&nbsp;<\/p>\n<p>&nbsp;<\/p>\n<p><em>Luis Su\u00e1rez es hasta la fecha el \u00fanico jugador espa\u00f1ol que ha conseguido el bal\u00f3n de Oro. Fue en 1960, a\u00f1o en que su equipo, el Bar\u00e7a, gan\u00f3 la Liga y la Copa de Ferias, y alcanz\u00f3 las semifinales de la Copa de Europa, en las que cay\u00f3 ante el Madrid. La eliminatoria Bar\u00e7a-Wolverhampton de aquel campeonato result\u00f3 m\u00edtica. Pero Luis Su\u00e1rez no fue feliz en el Bar\u00e7a. Lleg\u00f3 joven, procedente de La Coru\u00f1a, y parte de la afici\u00f3n se sinti\u00f3 contra \u00e9l porque desplazaba a Kubala de las alineaciones, sobre todo fuera de casa. Kubala hab\u00eda sido un dios para el barcelonismo y muchos consideraron a Su\u00e1rez un intruso. Helenio Herrera, que ve\u00eda al h\u00fangaro mayor, lento y poco dispuesto al trabajo, aliment\u00f3 no poco esa tensi\u00f3n. Su\u00e1rez era un interior cerebral, con una rara precisi\u00f3n para el pase largo, que ejecutaba de forma muy personal, y bastante capacidad de gol. Uno de los fen\u00f3menos de la \u00e9poca.<\/em><\/p>\n<p><em>\u00a0<\/em><\/p>\n<p><em>Herrera se fue al Inter al comienzo de la temporada 1960-61, y desde su llegada su ilusi\u00f3n fue contratar a Luis Su\u00e1rez. Y al fin lo consigui\u00f3. Convenci\u00f3 a Moratti de que hiciera una oferta realmente escandalosa, 25 millones de pesetas de la \u00e9poca, algo sin precedentes. La cantidad result\u00f3 alucinante para esos tiempos y provoc\u00f3 un gran debate nacional. El Bar\u00e7a estaba econ\u00f3micamente arruinado, hab\u00eda dimitido su presidente, Mir\u00f3 Sans, y la junta gestora que se hizo cargo del club obtuvo permiso de los dos candidatos a las elecciones (Enrique Llaudet y Jaime Fuset) para llevar a cabo la venta. Para darle m\u00e1s picante al asunto, el Bar\u00e7a, que en las dem\u00e1s competiciones hab\u00eda estado mal, alcanz\u00f3 ese a\u00f1o la final de la Copa de Europa, que ten\u00eda que diputar en Berna ante el Benfica. El Bar\u00e7a obtuvo del Inter el compromiso de que el jugador podr\u00eda actuar en la final, como as\u00ed fue.<\/em><\/p>\n<p><em>\u00a0<\/em><\/p>\n<p><em>El 1 de junio el Bar\u00e7a y el Benfica se enfrentaron en el Waldorf Stadion de Berna, en una de las tardes m\u00e1s desgraciadas de la historia del Bar\u00e7a, que jug\u00f3 mucho mejor pero perdi\u00f3 por 3-2. Estrell\u00f3 hasta cuatro remates en los palos; un tiro de Kubala fue de un poste a otro, sobre la l\u00ednea de meta, sin traspasarla. Para m\u00e1s desgracia, Gensana se marc\u00f3 un gol en propia meta y Ramallets fall\u00f3 estrepitosamente en otro tanto, deslumbrado por el sol. Fue el \u00faltimo partido de Su\u00e1rez con el Bar\u00e7a, y al tiempo fue el partido que marc\u00f3 el relevo de una gran generaci\u00f3n de jugadores (entre los que hab\u00eda que incluir a Ramallets y Kubala) que dio paso a una generaci\u00f3n m\u00e1s joven.<\/em><\/p>\n<p><em>\u00a0<\/em><\/p>\n<p><em>Su\u00e1rez triunfar\u00eda clamorosamente en el Inter, con el que gan\u00f3 en dos a\u00f1os consecutivos la Copa de Europa y la Intercontinental. Era el referente del equipo, en el que Helenio Herrera puso a su alcance jugadores veloc\u00edsimos para explotar los lanzamientos del gallego: Facchetti, Mazzola, Jair, Peir\u00f3, Domenghini\u2026\u00a0<\/em><\/p>\n<p><em>Su salida marc\u00f3 el fin de una \u00e9poca de oro del f\u00fatbol espa\u00f1ol, que hab\u00eda estirado durante unos a\u00f1os m\u00e1s el brazo que la manga y tuvo que hacer econom\u00edas. Tras Su\u00e1rez se marcharon tambi\u00e9n al calcio Luis Del Sol \/22 millones, a la Juve) y Joaqu\u00edn Peir\u00f3 ( 15 millones al Torino, del que luego saltar\u00eda al Inter). Eran, como Su\u00e1rez, j\u00f3venes y prometedores interiores, uno del Real Madrid, el otro del Atl\u00e9tico de Madrid. La vanguardia de nuestro f\u00fatbol se hab\u00eda arruinado en una alegre y despreocupada edad de oro, y ten\u00eda que recuperarse de aquello.\u00a0 \u00a0\u00a0\u00a0<\/em><\/p>\n","protected":false},"excerpt":{"rendered":"<p>&nbsp; El \u00fanico futbolista espa\u00f1ol que ha ganado el Bal\u00f3n de Oro es Luis Su\u00e1rez, que lo hizo en 1960, adem\u00e1s de ser Bal\u00f3n de Plata en 1961 y 1964, y Bal\u00f3n de Bronce en 1965. Esto nos da una idea de lo que supuso este futbolista, que milit\u00f3 en Deportivo de La Coru\u00f1a, Barcelona,&#8230;<\/p>\n","protected":false},"author":5,"featured_media":35752,"comment_status":"open","ping_status":"open","sticky":false,"template":"","format":"standard","meta":{"_kad_post_transparent":"","_kad_post_title":"","_kad_post_layout":"","_kad_post_sidebar_id":"","_kad_post_content_style":"","_kad_post_vertical_padding":"","_kad_post_feature":"","_kad_post_feature_position":"","_kad_post_header":false,"_kad_post_footer":false,"_kad_post_classname":"","_jetpack_memberships_contains_paid_content":false,"footnotes":"","jetpack_publicize_message":"","jetpack_publicize_feature_enabled":true,"jetpack_social_post_already_shared":true,"jetpack_social_options":{"image_generator_settings":{"template":"highway","default_image_id":0,"font":"","enabled":false},"version":2}},"categories":[1,1176],"tags":[6351,10149],"class_list":["post-35751","post","type-post","status-publish","format-standard","has-post-thumbnail","hentry","category-portada","category-relatos-de-futbol","tag-alfredo-relano","tag-luis-suarez"],"jetpack_publicize_connections":[],"jetpack_featured_media_url":"https:\/\/i0.wp.com\/www.manquepierda.com\/historiarealbetis\/files\/2014\/05\/suarezsq4.jpg?fit=365%2C300&ssl=1","jetpack_sharing_enabled":true,"jetpack_shortlink":"https:\/\/wp.me\/p1ij08-9iD","jetpack-related-posts":[],"_links":{"self":[{"href":"https:\/\/www.manquepierda.com\/historiarealbetis\/wp-json\/wp\/v2\/posts\/35751","targetHints":{"allow":["GET"]}}],"collection":[{"href":"https:\/\/www.manquepierda.com\/historiarealbetis\/wp-json\/wp\/v2\/posts"}],"about":[{"href":"https:\/\/www.manquepierda.com\/historiarealbetis\/wp-json\/wp\/v2\/types\/post"}],"author":[{"embeddable":true,"href":"https:\/\/www.manquepierda.com\/historiarealbetis\/wp-json\/wp\/v2\/users\/5"}],"replies":[{"embeddable":true,"href":"https:\/\/www.manquepierda.com\/historiarealbetis\/wp-json\/wp\/v2\/comments?post=35751"}],"version-history":[{"count":0,"href":"https:\/\/www.manquepierda.com\/historiarealbetis\/wp-json\/wp\/v2\/posts\/35751\/revisions"}],"wp:featuredmedia":[{"embeddable":true,"href":"https:\/\/www.manquepierda.com\/historiarealbetis\/wp-json\/wp\/v2\/media\/35752"}],"wp:attachment":[{"href":"https:\/\/www.manquepierda.com\/historiarealbetis\/wp-json\/wp\/v2\/media?parent=35751"}],"wp:term":[{"taxonomy":"category","embeddable":true,"href":"https:\/\/www.manquepierda.com\/historiarealbetis\/wp-json\/wp\/v2\/categories?post=35751"},{"taxonomy":"post_tag","embeddable":true,"href":"https:\/\/www.manquepierda.com\/historiarealbetis\/wp-json\/wp\/v2\/tags?post=35751"}],"curies":[{"name":"wp","href":"https:\/\/api.w.org\/{rel}","templated":true}]}}