{"id":35801,"date":"2014-06-03T07:48:46","date_gmt":"2014-06-03T05:48:46","guid":{"rendered":"http:\/\/www.manquepierda.com\/historiarealbetis\/?p=35801"},"modified":"2014-06-04T14:48:46","modified_gmt":"2014-06-04T12:48:46","slug":"entrevista-pedro-tomas-piriz-1983","status":"publish","type":"post","link":"https:\/\/www.manquepierda.com\/historiarealbetis\/entrevista-pedro-tomas-piriz-1983\/","title":{"rendered":"Entrevista Pedro Tom\u00e1s Piriz 1983"},"content":{"rendered":"<p><a href=\"https:\/\/www.manquepierda.com\/historiarealbetis\/35801-entrevista-pedro-tomas-piriz-1983\/piriz-1\/\" rel=\"attachment wp-att-35806\"><img data-recalc-dims=\"1\" loading=\"lazy\" decoding=\"async\" class=\"alignleft wp-image-35806\" src=\"https:\/\/i0.wp.com\/www.manquepierda.com\/historiarealbetis\/files\/2014\/06\/Piriz-1.jpg?resize=180%2C284&#038;ssl=1\" alt=\"Piriz-1\" width=\"180\" height=\"284\" srcset=\"https:\/\/i0.wp.com\/www.manquepierda.com\/historiarealbetis\/files\/2014\/06\/Piriz-1.jpg?w=272&amp;ssl=1 272w, https:\/\/i0.wp.com\/www.manquepierda.com\/historiarealbetis\/files\/2014\/06\/Piriz-1.jpg?resize=139%2C220&amp;ssl=1 139w\" sizes=\"auto, (max-width: 180px) 100vw, 180px\" \/><\/a><\/p>\n<p>&nbsp;<\/p>\n<p>Pedro Tom\u00e1s Piriz fue uno de los componentes de una brillant\u00edsima generaci\u00f3n: la que gan\u00f3 la Copa del Rey juvenil en Ciudad Real en junio de 1983 derrotando 3-1 al Real Madrid.<\/p>\n<p>&nbsp;<\/p>\n<p>Ya en la temporada 1981-82, con solo 17 a\u00f1os hab\u00eda disputado diversos encuentros amistosos con el primer equipo del Betis.<\/p>\n<p>&nbsp;<\/p>\n<p>Y el 1 de mayo de 1983 tuvo la oportunidad de debutar en partido oficial, en la \u00faltima jornada de Liga en el S\u00e1nchez Pizju\u00e1n cuando sustituy\u00f3 a Antonio Casado en el minuto 80 de partido.<\/p>\n<p>Cuatro d\u00edas despu\u00e9s de su debut oficial apareci\u00f3 esta entrevista en el diario vespertino Nueva Andaluc\u00eda<\/p>\n<p>&nbsp;<\/p>\n<p><span style=\"color: #339966\"><em>El derbi del pasado domingo \u00a0ten\u00eda pocos alicientes a priori. Tanto el Sevilla como el Betis, aunque el primero deb\u00eda asegurarse la quinta plaza, ya hab\u00edan hecho todo en el campeonato. Por no haber, no hab\u00eda ni debut de ning\u00fan jugador de la cantera, pero mira por donde, Marcel Domingo decid\u00eda la fecha anterior al duelo convocar a un juvenil, dado que no ten\u00eda hombres suficientes. Prob\u00f3 con Reyes, Burgos y Piriz, eligiendo a este \u00faltimo.<\/em><\/span><\/p>\n<p><span style=\"color: #339966\"><em>\u00a0<\/em><\/span><\/p>\n<p><span style=\"color: #339966\"><em>Pues bien, Pedro Tom\u00e1s G\u00f3mez Piriz, de 18 a\u00f1os, interior derecha con misiones ofensivas, y goleador, que ha marcado 18 goles en la presente temporada, aunque no olvida las misiones defensivas cuando estas surgen, debut\u00f3 ante los eternos rivales. Fueron pocos los minutos que estuvo en el terreno de juego, pero bastaron para observar en \u00e9l buenas maneras, pese a los nervios l\u00f3gicos del debut.<\/em><\/span><\/p>\n<p><span style=\"color: #339966\"><em>\u00a0<\/em><\/span><\/p>\n<p><span style=\"color: #339966\"><em>Piriz, con el que charlamos en el entrenamiento de ayer, se nos mostr\u00f3 humilde, sin creerse nada de nada, y lo que es m\u00e1s importante en un joven de su edad: piensa m\u00e1s en sus compa\u00f1eros que en \u00e9l mismo.<\/em><\/span><\/p>\n<p><span style=\"color: #339966\"><em>\u00a0<\/em><\/span><\/p>\n<p><span style=\"color: #339966\"><em>Para empezar, l\u00f3gicamente, hab\u00eda que preguntarle como y cuando se enter\u00f3 de que iba a ser convocado para ir concentrado con los \u201cmayores\u201d<\/em><\/span><\/p>\n<p><span style=\"color: #339966\"><em>\u00a0<\/em><\/span><\/p>\n<p><span style=\"color: #339966\">&#8211;\u00a0\u00a0\u00a0\u00a0\u00a0 <em>Estaba entrenando en la Ciudad Deportiva del Sevilla con los de la selecci\u00f3n juvenil andaluza, siendo Pepe Alfaro quien me comunic\u00f3 que Pedro Buenaventura hab\u00eda llamado para indicarme que al d\u00eda siguiente deb\u00eda estar en el Villamar\u00edn para entrenar con los profesionales. Al final del entrenamiento, Marcel Domingo me felicit\u00f3 y me dijo que iba convocado para el partido del domingo.<\/em><\/span><\/p>\n<p><span style=\"color: #339966\">&#8211;\u00a0\u00a0\u00a0\u00a0\u00a0 <em>\u00bfQu\u00e9 sentiste en esos momentos?<\/em><\/span><\/p>\n<p><span style=\"color: #339966\">&#8211;\u00a0\u00a0\u00a0\u00a0\u00a0 <em>Sin duda una gran alegr\u00eda, aunque quedaba la inc\u00f3gnita de si me iba a vestir, pues est\u00e1bamos convocados 16. Quico y yo, l\u00f3gicamente, deb\u00edamos ser uno de los dos, entre los que se elegir\u00eda. Al final me qued\u00e9 yo.<\/em><\/span><\/p>\n<p><span style=\"color: #339966\">&#8211;\u00a0\u00a0\u00a0\u00a0\u00a0 <em>Elegido, vestido en el banquillo y Marcel te dice, prep\u00e1rate que vas a saltar, \u00bfqu\u00e9 piensas en esos momentos?<\/em><\/span><\/p>\n<p><span style=\"color: #339966\">&#8211;\u00a0\u00a0\u00a0\u00a0\u00a0 <em>La verdad es que no pensaba nada. Entre la actuaci\u00f3n del \u00e1rbitro, y el desarrollo del partido se me hab\u00edan ido 80 minutos de partido. Por eso, cuando salt\u00e9 solo pensaba en hacerlo lo mejor posible e intentar marcar un gol.<\/em><\/span><\/p>\n<p><span style=\"color: #339966\">&#8211;\u00a0\u00a0\u00a0\u00a0\u00a0 <em>Piriz, me imagino que habr\u00e1 sido toda una experiencia haber estado con los profesionales, pero \u00bfqu\u00e9 te dec\u00edan en la concentraci\u00f3n?<\/em><\/span><\/p>\n<p><span style=\"color: #339966\">&#8211;\u00a0\u00a0\u00a0\u00a0\u00a0 <em>Con el que m\u00e1s hable fue con Canito, que era mi compa\u00f1ero de habitaci\u00f3n. El me estuvo aconsejando y, como me hab\u00eda visto jugar, me habl\u00f3 de mis defectos, que no de mis virtudes, l\u00f3gicamente. Adem\u00e1s, me dijo que \u201cver\u00e1s que bonito es jugar con los profesionales, merece la pena sacrificarse\u201d.<\/em><\/span><\/p>\n<p><span style=\"color: #339966\">&#8211;\u00a0\u00a0\u00a0\u00a0\u00a0 <em>\u00bfCrees que te mereces otra oportunidad, o eres consciente de que esta llamada ha sido debida a una coyuntura especial y tardar\u00e1s en volver al primer equipo?<\/em><\/span><\/p>\n<p><span style=\"color: #339966\">&#8211;\u00a0\u00a0\u00a0\u00a0\u00a0 <em>La verdad es que no lo s\u00e9. Seg\u00fan Marcel Domingo, \u00e9l cuenta con los juveniles para la Copa de la Liga. Ahora bien, si me lo merezco o no, creo que no soy yo quien debe de decirlo. En el equipo juvenil se lo merecen todos.<\/em><\/span><\/p>\n<p><span style=\"color: #339966\">&#8211;\u00a0\u00a0\u00a0\u00a0\u00a0 <em>T\u00fa no eres precisamente un hombre alto y fuerte, aparentemente \u00bfCrees que ser\u00e1 un h\u00e1ndicap o, por el contrario, piensas que ya no existe esa animadversi\u00f3n por el jugador bajito?<\/em><\/span><\/p>\n<p><span style=\"color: #339966\">&#8211;\u00a0\u00a0\u00a0\u00a0\u00a0 <em>Eso de altura y constituci\u00f3n f\u00edsica tiene su importancia hasta cierto punto, pues como dijo Rogelio al f\u00fatbol se juega con los pies. Yo pienso que un jugador debe estar compensado en el aspecto f\u00edsico, t\u00e9cnico y conjuntado con el equipo, lo dem\u00e1s no creo que sea fundamental.<\/em><\/span><\/p>\n<p><span style=\"color: #339966\">&#8211;\u00a0\u00a0\u00a0\u00a0\u00a0 <em>Si ma\u00f1ana decidieran que pasaras al primer equipo, \u00bfest\u00e1s preparado para jugar en Primera?<\/em><\/span><\/p>\n<p><span style=\"color: #339966\">&#8211;\u00a0\u00a0\u00a0\u00a0\u00a0 <em>Ahora mismo no lo s\u00e9. Creo que estoy para jugar en Tercera, pero si se cuenta conmigo para el primer equipo, pues mejor. No es que sea una meta, sino un paso importante en mi carrera deportiva.<\/em><\/span><\/p>\n<p><span style=\"color: #339966\">&#8211;\u00a0\u00a0\u00a0\u00a0\u00a0 <em>Deduzco por estas palabras como si no fuera tu meta el llegar a ser un jugador de f\u00fatbol en Primera, \u00bfes as\u00ed?<\/em><\/span><\/p>\n<p><span style=\"color: #339966\">&#8211;\u00a0\u00a0\u00a0\u00a0\u00a0 <em>Actualmente, a la vez que entreno, estudio tercero de BUP. Creo que poco a poco estudiar\u00e9 algo. A m\u00ed me gustar\u00eda hacer Educaci\u00f3n F\u00edsica, siempre que lo pueda hacer en Sevilla, si no estudiar\u00eda otra cosa. Si por los entrenamientos viera que no pod\u00eda seguir los cursos normalmente, los partir\u00eda en dos, pero no tengo pensado dejar de estudiar.<\/em><\/span><\/p>\n<p><span style=\"color: #339966\">&#8211;\u00a0\u00a0\u00a0\u00a0\u00a0 <em>Hemos hablado de varios temas, pero no de la selecci\u00f3n nacional de tu categor\u00eda. \u00bfHas ido alguna vez a la selecci\u00f3n?<\/em><\/span><\/p>\n<p><span style=\"color: #339966\">&#8211;\u00a0\u00a0\u00a0\u00a0\u00a0 <em>He sido internacional sub-17 en tres ocasiones, pero ahora no soy convocado. Yo me explico mi caso y el de Vera, pues estuvimos en la selecci\u00f3n y a lo mejor el seleccionador no cuenta con nosotros, pero lo de Patino es incre\u00edble. Ha jugado en la sub-15, sub-16 y sub-17, y creo que no es l\u00f3gico que no vaya a la sub-18.<\/em><\/span><\/p>\n<p><span style=\"color: #339966\">&#8211;\u00a0\u00a0\u00a0\u00a0\u00a0 <em>Hablas m\u00e1s de tus compa\u00f1eros que de ti, \u00bfpor qu\u00e9?<\/em><\/span><\/p>\n<p><span style=\"color: #339966\">&#8211;\u00a0\u00a0\u00a0\u00a0\u00a0 <em>Si yo veo que un compa\u00f1ero est\u00e1 mejor que yo, prefiero que vaya \u00e9l, pues lo interesante es dejar al Betis en buen lugar<\/em><\/span><\/p>\n<p><span style=\"color: #339966\"><em>\u00a0<\/em><\/span><\/p>\n<p><span style=\"color: #339966\"><em>\u00a0<\/em><\/span><\/p>\n<p><span style=\"color: #339966\"><em>Terminamos con Piriz, que nos dej\u00f3 gratamente impresionados, pero hab\u00eda una \u00faltima pregunta,: la experiencia de haber jugado en la c\u00e1rcel frente a un equipo de reclusos. Piriz nos dijo: \u201cAl principio est\u00e1bamos algo cortados, pero cuando empezaron a animarnos se nos quit\u00f3. La experiencia ha sido muy positiva, pues pudimos convivir casi dos horas con personas que est\u00e1n en una situaci\u00f3n dif\u00edcil, algunos de mi edad. \u00bfSi me gustar\u00eda repetir? Creo que es importante que pasen un rato de asueto, como el que pasaron vi\u00e9ndonos jugar\u201d.<\/em><\/span><\/p>\n<p><span style=\"color: #339966\">\u00a0<\/span><\/p>\n<p>&nbsp;<\/p>\n<p>Fuente: V. Ruig\u00f3mez en Nueva Andaluc\u00eda 5 de mayo de 1983<\/p>\n<p>&nbsp;<\/p>\n<p>&nbsp;<\/p>\n","protected":false},"excerpt":{"rendered":"<p>&nbsp; Pedro Tom\u00e1s Piriz fue uno de los componentes de una brillant\u00edsima generaci\u00f3n: la que gan\u00f3 la Copa del Rey juvenil en Ciudad Real en junio de 1983 derrotando 3-1 al Real Madrid. &nbsp; Ya en la temporada 1981-82, con solo 17 a\u00f1os hab\u00eda disputado diversos encuentros amistosos con el primer equipo del Betis. &nbsp;&#8230;<\/p>\n","protected":false},"author":5,"featured_media":35806,"comment_status":"open","ping_status":"open","sticky":false,"template":"","format":"standard","meta":{"_kad_post_transparent":"","_kad_post_title":"","_kad_post_layout":"","_kad_post_sidebar_id":"","_kad_post_content_style":"","_kad_post_vertical_padding":"","_kad_post_feature":"","_kad_post_feature_position":"","_kad_post_header":false,"_kad_post_footer":false,"_kad_post_classname":"","_jetpack_memberships_contains_paid_content":false,"footnotes":"","jetpack_publicize_message":"","jetpack_publicize_feature_enabled":true,"jetpack_social_post_already_shared":true,"jetpack_social_options":{"image_generator_settings":{"template":"highway","default_image_id":0,"font":"","enabled":false},"version":2}},"categories":[904,893,1],"tags":[2186,4327,2114],"class_list":["post-35801","post","type-post","status-publish","format-standard","has-post-thumbnail","hentry","category-1980-1989","category-jugadores-temas","category-portada","tag-1982-83","tag-4327","tag-pedro-tomas-piriz"],"jetpack_publicize_connections":[],"jetpack_featured_media_url":"https:\/\/i0.wp.com\/www.manquepierda.com\/historiarealbetis\/files\/2014\/06\/Piriz-1.jpg?fit=272%2C429&ssl=1","jetpack_sharing_enabled":true,"jetpack_shortlink":"https:\/\/wp.me\/p1ij08-9jr","jetpack-related-posts":[],"_links":{"self":[{"href":"https:\/\/www.manquepierda.com\/historiarealbetis\/wp-json\/wp\/v2\/posts\/35801","targetHints":{"allow":["GET"]}}],"collection":[{"href":"https:\/\/www.manquepierda.com\/historiarealbetis\/wp-json\/wp\/v2\/posts"}],"about":[{"href":"https:\/\/www.manquepierda.com\/historiarealbetis\/wp-json\/wp\/v2\/types\/post"}],"author":[{"embeddable":true,"href":"https:\/\/www.manquepierda.com\/historiarealbetis\/wp-json\/wp\/v2\/users\/5"}],"replies":[{"embeddable":true,"href":"https:\/\/www.manquepierda.com\/historiarealbetis\/wp-json\/wp\/v2\/comments?post=35801"}],"version-history":[{"count":0,"href":"https:\/\/www.manquepierda.com\/historiarealbetis\/wp-json\/wp\/v2\/posts\/35801\/revisions"}],"wp:featuredmedia":[{"embeddable":true,"href":"https:\/\/www.manquepierda.com\/historiarealbetis\/wp-json\/wp\/v2\/media\/35806"}],"wp:attachment":[{"href":"https:\/\/www.manquepierda.com\/historiarealbetis\/wp-json\/wp\/v2\/media?parent=35801"}],"wp:term":[{"taxonomy":"category","embeddable":true,"href":"https:\/\/www.manquepierda.com\/historiarealbetis\/wp-json\/wp\/v2\/categories?post=35801"},{"taxonomy":"post_tag","embeddable":true,"href":"https:\/\/www.manquepierda.com\/historiarealbetis\/wp-json\/wp\/v2\/tags?post=35801"}],"curies":[{"name":"wp","href":"https:\/\/api.w.org\/{rel}","templated":true}]}}