{"id":35866,"date":"2014-06-05T07:20:18","date_gmt":"2014-06-05T05:20:18","guid":{"rendered":"http:\/\/www.manquepierda.com\/historiarealbetis\/?p=35866"},"modified":"2024-09-18T07:31:05","modified_gmt":"2024-09-18T05:31:05","slug":"banquillo-del-betis-en-el-calderon-1983","status":"publish","type":"post","link":"https:\/\/www.manquepierda.com\/historiarealbetis\/banquillo-del-betis-en-el-calderon-1983\/","title":{"rendered":"Banquillo del Betis en el Calder\u00f3n 1983"},"content":{"rendered":"<figure id=\"attachment_35867\" aria-describedby=\"caption-attachment-35867\" style=\"width: 595px\" class=\"wp-caption aligncenter\"><a href=\"https:\/\/www.manquepierda.com\/historiarealbetis\/35866-banquillo-del-betis-en-el-calderon-1983\/1983-01-11-banquillo-betico-en-el-calderon-nmp\/\" rel=\"attachment wp-att-35867\"><img data-recalc-dims=\"1\" loading=\"lazy\" decoding=\"async\" class=\"size-medium wp-image-35867\" src=\"https:\/\/i0.wp.com\/www.manquepierda.com\/historiarealbetis\/files\/2014\/06\/1983-01-11-Banquillo-b%C3%A9tico-en-el-Calder%C3%B3n-NMP.jpg?resize=595%2C600&#038;ssl=1\" alt=\"Fuente: AS 11 de enero de 1983\" width=\"595\" height=\"600\" srcset=\"https:\/\/i0.wp.com\/www.manquepierda.com\/historiarealbetis\/files\/2014\/06\/1983-01-11-Banquillo-b%C3%A9tico-en-el-Calder%C3%B3n-NMP.jpg?resize=595%2C600&amp;ssl=1 595w, https:\/\/i0.wp.com\/www.manquepierda.com\/historiarealbetis\/files\/2014\/06\/1983-01-11-Banquillo-b%C3%A9tico-en-el-Calder%C3%B3n-NMP.jpg?resize=218%2C220&amp;ssl=1 218w, https:\/\/i0.wp.com\/www.manquepierda.com\/historiarealbetis\/files\/2014\/06\/1983-01-11-Banquillo-b%C3%A9tico-en-el-Calder%C3%B3n-NMP.jpg?resize=695%2C700&amp;ssl=1 695w, https:\/\/i0.wp.com\/www.manquepierda.com\/historiarealbetis\/files\/2014\/06\/1983-01-11-Banquillo-b%C3%A9tico-en-el-Calder%C3%B3n-NMP.jpg?resize=150%2C150&amp;ssl=1 150w, https:\/\/i0.wp.com\/www.manquepierda.com\/historiarealbetis\/files\/2014\/06\/1983-01-11-Banquillo-b%C3%A9tico-en-el-Calder%C3%B3n-NMP.jpg?w=744&amp;ssl=1 744w\" sizes=\"auto, (max-width: 595px) 100vw, 595px\" \/><\/a><figcaption id=\"caption-attachment-35867\" class=\"wp-caption-text\">Fuente: AS 11 de enero de 1983<\/figcaption><\/figure>\n<p>&nbsp;<\/p>\n<p>9 de enero de 1983 en el banquillo del Vicente Calder\u00f3n: \u00a0Francis, Medina, Carmelo, Salva, Pedro Buenaventura y Marcelo Domingo.<\/p>\n<p>Segundo partido de Marcel Domingo al frente del Betis tras sustituir a Antal Dunai, y en el que se consigui\u00f3 un empate a 0 en terreno atl\u00e9tico. Los suplentes, que entonces eran cuatro, en el banquillo junto al secretario t\u00e9cnico Pedro Buenaventura. Carmelo saltar\u00eda al campo en el minuto 88 supliendo a Carlos Diarte.<\/p>\n<p>&nbsp;<\/p>\n","protected":false},"excerpt":{"rendered":"<p>&nbsp; 9 de enero de 1983 en el banquillo del Vicente Calder\u00f3n: \u00a0Francis, Medina, Carmelo, Salva, Pedro Buenaventura y Marcelo Domingo. Segundo partido de Marcel Domingo al frente del Betis tras sustituir a Antal Dunai, y en el que se consigui\u00f3 un empate a 0 en terreno atl\u00e9tico. Los suplentes, que entonces eran cuatro, en&#8230;<\/p>\n","protected":false},"author":5,"featured_media":35867,"comment_status":"open","ping_status":"open","sticky":false,"template":"","format":"standard","meta":{"_kad_post_transparent":"","_kad_post_title":"","_kad_post_layout":"","_kad_post_sidebar_id":"","_kad_post_content_style":"","_kad_post_vertical_padding":"","_kad_post_feature":"","_kad_post_feature_position":"","_kad_post_header":false,"_kad_post_footer":false,"_kad_post_classname":"","_jetpack_memberships_contains_paid_content":false,"footnotes":"","jetpack_publicize_message":"","jetpack_publicize_feature_enabled":true,"jetpack_social_post_already_shared":true,"jetpack_social_options":{"image_generator_settings":{"template":"highway","default_image_id":0,"font":"","enabled":false},"version":2}},"categories":[904,1],"tags":[2186,4327,1013,17095,1461,17848,17754,648,1480,1485],"class_list":["post-35866","post","type-post","status-publish","format-standard","has-post-thumbnail","hentry","category-1980-1989","category-portada","tag-1982-83","tag-4327","tag-carmelo-navarro","tag-estadio-vicente-calderon","tag-francisco-garcia-francis","tag-liga-primera-1982-83","tag-marcel-domingo","tag-pedro-buenaventura","tag-pedro-medina","tag-salvador-navarro-salva"],"jetpack_publicize_connections":[],"jetpack_featured_media_url":"https:\/\/i0.wp.com\/www.manquepierda.com\/historiarealbetis\/files\/2014\/06\/1983-01-11-Banquillo-b%C3%A9tico-en-el-Calder%C3%B3n-NMP.jpg?fit=744%2C749&ssl=1","jetpack_sharing_enabled":true,"jetpack_shortlink":"https:\/\/wp.me\/p1ij08-9ku","jetpack-related-posts":[],"_links":{"self":[{"href":"https:\/\/www.manquepierda.com\/historiarealbetis\/wp-json\/wp\/v2\/posts\/35866","targetHints":{"allow":["GET"]}}],"collection":[{"href":"https:\/\/www.manquepierda.com\/historiarealbetis\/wp-json\/wp\/v2\/posts"}],"about":[{"href":"https:\/\/www.manquepierda.com\/historiarealbetis\/wp-json\/wp\/v2\/types\/post"}],"author":[{"embeddable":true,"href":"https:\/\/www.manquepierda.com\/historiarealbetis\/wp-json\/wp\/v2\/users\/5"}],"replies":[{"embeddable":true,"href":"https:\/\/www.manquepierda.com\/historiarealbetis\/wp-json\/wp\/v2\/comments?post=35866"}],"version-history":[{"count":1,"href":"https:\/\/www.manquepierda.com\/historiarealbetis\/wp-json\/wp\/v2\/posts\/35866\/revisions"}],"predecessor-version":[{"id":97576,"href":"https:\/\/www.manquepierda.com\/historiarealbetis\/wp-json\/wp\/v2\/posts\/35866\/revisions\/97576"}],"wp:featuredmedia":[{"embeddable":true,"href":"https:\/\/www.manquepierda.com\/historiarealbetis\/wp-json\/wp\/v2\/media\/35867"}],"wp:attachment":[{"href":"https:\/\/www.manquepierda.com\/historiarealbetis\/wp-json\/wp\/v2\/media?parent=35866"}],"wp:term":[{"taxonomy":"category","embeddable":true,"href":"https:\/\/www.manquepierda.com\/historiarealbetis\/wp-json\/wp\/v2\/categories?post=35866"},{"taxonomy":"post_tag","embeddable":true,"href":"https:\/\/www.manquepierda.com\/historiarealbetis\/wp-json\/wp\/v2\/tags?post=35866"}],"curies":[{"name":"wp","href":"https:\/\/api.w.org\/{rel}","templated":true}]}}