{"id":35986,"date":"2014-06-17T07:39:22","date_gmt":"2014-06-17T05:39:22","guid":{"rendered":"http:\/\/www.manquepierda.com\/historiarealbetis\/?p=35986"},"modified":"2024-08-23T17:08:30","modified_gmt":"2024-08-23T15:08:30","slug":"betis-granada-amistoso-1958","status":"publish","type":"post","link":"https:\/\/www.manquepierda.com\/historiarealbetis\/betis-granada-amistoso-1958\/","title":{"rendered":"Betis-Granada Amistoso 1958"},"content":{"rendered":"<figure id=\"attachment_35987\" aria-describedby=\"caption-attachment-35987\" style=\"width: 371px\" class=\"wp-caption aligncenter\"><a href=\"https:\/\/www.manquepierda.com\/historiarealbetis\/35986-betis-granada-amistoso-1958\/betis-granada-amistoso-1958-nmp-sevilla-9-6-1958\/\" rel=\"attachment wp-att-35987\"><img data-recalc-dims=\"1\" loading=\"lazy\" decoding=\"async\" class=\"size-full wp-image-35987\" src=\"https:\/\/i0.wp.com\/www.manquepierda.com\/historiarealbetis\/files\/2014\/06\/Betis-Granada-Amistoso-1958-NMP-Sevilla-9-6-1958.jpg?resize=371%2C543&#038;ssl=1\" alt=\"Fuente: Sevilla 9 de junio de 1958\" width=\"371\" height=\"543\" srcset=\"https:\/\/i0.wp.com\/www.manquepierda.com\/historiarealbetis\/files\/2014\/06\/Betis-Granada-Amistoso-1958-NMP-Sevilla-9-6-1958.jpg?w=371&amp;ssl=1 371w, https:\/\/i0.wp.com\/www.manquepierda.com\/historiarealbetis\/files\/2014\/06\/Betis-Granada-Amistoso-1958-NMP-Sevilla-9-6-1958.jpg?resize=150%2C220&amp;ssl=1 150w\" sizes=\"auto, (max-width: 371px) 100vw, 371px\" \/><\/a><figcaption id=\"caption-attachment-35987\" class=\"wp-caption-text\">Fuente: Sevilla 9 de junio de 1958<\/figcaption><\/figure>\n<p>&nbsp;<\/p>\n<p>8 de junio de 1958 en Heli\u00f3polis \u00a0Betis \u00a0 6 \u00a0 Granada 1; partido amistoso.<\/p>\n<p>Una vez finalizada la temporada oficial 1957-58, culminada una semana antes con el retorno a la Primera Divisi\u00f3n, el Betis disputa una serie de partidos amistosos que sirven, entre otras cosas, para ir probando posibles jugadores de cara a la siguiente temporada.<\/p>\n<p>Este es el caso del delantero h\u00fangaro Janos Kuszmann a quien vemos saltando con dos defensores granadinos.<\/p>\n<p>Dos goles de Vila, dos de Casta\u00f1os, y uno de Kuszmann y otro de Lasa derrotaron contundentemente al equipo rojiblanco. Los jugadores b\u00e9ticos portaron en este partido brazalete negro por el fallecimiento del ex presidente Carlos Alarc\u00f3n de la Lastra el d\u00eda 6 de junio<\/p>\n<p>Antonio Barrios entrenaba al Betis y Alejandro Scopelli al Granada<\/p>\n","protected":false},"excerpt":{"rendered":"<p>&nbsp; 8 de junio de 1958 en Heli\u00f3polis \u00a0Betis \u00a0 6 \u00a0 Granada 1; partido amistoso. Una vez finalizada la temporada oficial 1957-58, culminada una semana antes con el retorno a la Primera Divisi\u00f3n, el Betis disputa una serie de partidos amistosos que sirven, entre otras cosas, para ir probando posibles jugadores de cara a&#8230;<\/p>\n","protected":false},"author":5,"featured_media":35987,"comment_status":"open","ping_status":"open","sticky":false,"template":"","format":"standard","meta":{"_kad_post_transparent":"","_kad_post_title":"","_kad_post_layout":"","_kad_post_sidebar_id":"","_kad_post_content_style":"","_kad_post_vertical_padding":"","_kad_post_feature":"","_kad_post_feature_position":"","_kad_post_header":false,"_kad_post_footer":false,"_kad_post_classname":"","_jetpack_memberships_contains_paid_content":false,"footnotes":"","jetpack_publicize_message":"","jetpack_publicize_feature_enabled":true,"jetpack_social_post_already_shared":true,"jetpack_social_options":{"image_generator_settings":{"template":"highway","default_image_id":0,"font":"","enabled":false},"version":2}},"categories":[901,1],"tags":[2223,1237,3134,3508],"class_list":["post-35986","post","type-post","status-publish","format-standard","has-post-thumbnail","hentry","category-1950-1959","category-portada","tag-1957-58","tag-1237","tag-granada-cf","tag-janos-kuszmann"],"jetpack_publicize_connections":[],"jetpack_featured_media_url":"https:\/\/i0.wp.com\/www.manquepierda.com\/historiarealbetis\/files\/2014\/06\/Betis-Granada-Amistoso-1958-NMP-Sevilla-9-6-1958.jpg?fit=371%2C543&ssl=1","jetpack_sharing_enabled":true,"jetpack_shortlink":"https:\/\/wp.me\/p1ij08-9mq","jetpack-related-posts":[],"_links":{"self":[{"href":"https:\/\/www.manquepierda.com\/historiarealbetis\/wp-json\/wp\/v2\/posts\/35986","targetHints":{"allow":["GET"]}}],"collection":[{"href":"https:\/\/www.manquepierda.com\/historiarealbetis\/wp-json\/wp\/v2\/posts"}],"about":[{"href":"https:\/\/www.manquepierda.com\/historiarealbetis\/wp-json\/wp\/v2\/types\/post"}],"author":[{"embeddable":true,"href":"https:\/\/www.manquepierda.com\/historiarealbetis\/wp-json\/wp\/v2\/users\/5"}],"replies":[{"embeddable":true,"href":"https:\/\/www.manquepierda.com\/historiarealbetis\/wp-json\/wp\/v2\/comments?post=35986"}],"version-history":[{"count":1,"href":"https:\/\/www.manquepierda.com\/historiarealbetis\/wp-json\/wp\/v2\/posts\/35986\/revisions"}],"predecessor-version":[{"id":97666,"href":"https:\/\/www.manquepierda.com\/historiarealbetis\/wp-json\/wp\/v2\/posts\/35986\/revisions\/97666"}],"wp:featuredmedia":[{"embeddable":true,"href":"https:\/\/www.manquepierda.com\/historiarealbetis\/wp-json\/wp\/v2\/media\/35987"}],"wp:attachment":[{"href":"https:\/\/www.manquepierda.com\/historiarealbetis\/wp-json\/wp\/v2\/media?parent=35986"}],"wp:term":[{"taxonomy":"category","embeddable":true,"href":"https:\/\/www.manquepierda.com\/historiarealbetis\/wp-json\/wp\/v2\/categories?post=35986"},{"taxonomy":"post_tag","embeddable":true,"href":"https:\/\/www.manquepierda.com\/historiarealbetis\/wp-json\/wp\/v2\/tags?post=35986"}],"curies":[{"name":"wp","href":"https:\/\/api.w.org\/{rel}","templated":true}]}}