{"id":36112,"date":"2019-08-01T19:00:15","date_gmt":"2019-08-01T17:00:15","guid":{"rendered":"http:\/\/www.manquepierda.com\/historiarealbetis\/?p=36112"},"modified":"2019-07-18T07:07:30","modified_gmt":"2019-07-18T05:07:30","slug":"aqui-jugamos-las-llanas-sestao","status":"publish","type":"post","link":"https:\/\/www.manquepierda.com\/historiarealbetis\/aqui-jugamos-las-llanas-sestao\/","title":{"rendered":"Aqu\u00ed jugamos. Las Llanas. Sestao"},"content":{"rendered":"<figure id=\"attachment_36113\" aria-describedby=\"caption-attachment-36113\" style=\"width: 320px\" class=\"wp-caption aligncenter\"><a href=\"https:\/\/www.manquepierda.com\/historiarealbetis\/36112-aqui-jugamos-las-llanas-sestao\/las-llanas-en-los-50\/\" rel=\"attachment wp-att-36113\"><img data-recalc-dims=\"1\" loading=\"lazy\" decoding=\"async\" class=\"size-full wp-image-36113\" src=\"https:\/\/i0.wp.com\/www.manquepierda.com\/historiarealbetis\/files\/2014\/06\/Las-Llanas-en-los-50.jpg?resize=320%2C192&#038;ssl=1\" alt=\"Las Llanas en los a\u00f1os 50\" width=\"320\" height=\"192\" srcset=\"https:\/\/i0.wp.com\/www.manquepierda.com\/historiarealbetis\/files\/2014\/06\/Las-Llanas-en-los-50.jpg?w=320&amp;ssl=1 320w, https:\/\/i0.wp.com\/www.manquepierda.com\/historiarealbetis\/files\/2014\/06\/Las-Llanas-en-los-50.jpg?resize=220%2C132&amp;ssl=1 220w\" sizes=\"auto, (max-width: 320px) 100vw, 320px\" \/><\/a><figcaption id=\"caption-attachment-36113\" class=\"wp-caption-text\">Las Llanas en los a\u00f1os 50<\/figcaption><\/figure>\n<p>Las Llanas fue el terreno del Sestao Sport desde 1923, a\u00f1o de su construcci\u00f3n, hasta que este club desgraciadamente desapareci\u00f3 en 1996. Aunque sigue siendo el terreno en el que juega el club que desde ese a\u00f1o retom\u00f3 el f\u00fatbol en la ciudad sestaotarra: el Sestao River.<\/p>\n<figure id=\"attachment_36114\" aria-describedby=\"caption-attachment-36114\" style=\"width: 680px\" class=\"wp-caption aligncenter\"><a href=\"https:\/\/www.manquepierda.com\/historiarealbetis\/36112-aqui-jugamos-las-llanas-sestao\/las-llanas-tribuna-principal\/\" rel=\"attachment wp-att-36114\"><img data-recalc-dims=\"1\" loading=\"lazy\" decoding=\"async\" class=\"size-medium wp-image-36114\" src=\"https:\/\/i0.wp.com\/www.manquepierda.com\/historiarealbetis\/files\/2014\/06\/Las-Llanas-tribuna-principal.jpg?resize=680%2C425&#038;ssl=1\" alt=\"La tribuna principal de Las Llanas en sus a\u00f1os iniciales\" width=\"680\" height=\"425\" srcset=\"https:\/\/i0.wp.com\/www.manquepierda.com\/historiarealbetis\/files\/2014\/06\/Las-Llanas-tribuna-principal.jpg?resize=680%2C425&amp;ssl=1 680w, https:\/\/i0.wp.com\/www.manquepierda.com\/historiarealbetis\/files\/2014\/06\/Las-Llanas-tribuna-principal.jpg?resize=220%2C137&amp;ssl=1 220w, https:\/\/i0.wp.com\/www.manquepierda.com\/historiarealbetis\/files\/2014\/06\/Las-Llanas-tribuna-principal.jpg?resize=960%2C601&amp;ssl=1 960w, https:\/\/i0.wp.com\/www.manquepierda.com\/historiarealbetis\/files\/2014\/06\/Las-Llanas-tribuna-principal.jpg?w=1600&amp;ssl=1 1600w\" sizes=\"auto, (max-width: 680px) 100vw, 680px\" \/><\/a><figcaption id=\"caption-attachment-36114\" class=\"wp-caption-text\">La tribuna principal de Las Llanas en sus a\u00f1os iniciales<\/figcaption><\/figure>\n<p>&nbsp;<\/p>\n<p>No es hasta el 25 de febrero de 1970 cuando el Betis juega su primer partido en Las Llanas. Se trata del encuentro de vuelta de la 4\u00aa Ronda de la Copa del General\u00edsmo y el Betis empata a 1.Fue Mellado el autor del primer tanto b\u00e9tico en este terreno hist\u00f3rico.<\/p>\n<p>Es de nuevo la Copa, en esta caso ya del Rey, la que trae al Betis de nuevo a Las Llanas 7 a\u00f1os despu\u00e9s. El 3 de febrero de 1977 el Betis vence 1-2 en partido de vuelta de la 2\u00aa Ronda, con goles de Megido y Anzarda.<\/p>\n<p>Sestao y Betis coinciden en la Segunda Divisi\u00f3n en 3 ocasiones, entre lo a\u00f1os 1989 y 1992. En las 3 ocasiones se impone el conjunto b\u00e9tico: 0-2 el 15 de octubre de 1989, goles de Mel, 0-1 el 4 de abril de 1992, \u00a0tanto de Rodolfo II, y 0-2 el 13 de septiembre de 1992, con goles de Gabino y Mel.<\/p>\n<p><a href=\"https:\/\/i0.wp.com\/www.manquepierda.com\/historiarealbetis\/files\/2019\/08\/Aqui%C3%AD-jugamos.Las-Llanas-y-alto-de-Mendieta.jpg?ssl=1\"><img data-recalc-dims=\"1\" loading=\"lazy\" decoding=\"async\" class=\"aligncenter size-medium wp-image-69417\" src=\"https:\/\/i0.wp.com\/www.manquepierda.com\/historiarealbetis\/files\/2019\/08\/Aqui%C3%AD-jugamos.Las-Llanas-y-alto-de-Mendieta-680x524.jpg?resize=680%2C524&#038;ssl=1\" alt=\"\" width=\"680\" height=\"524\" srcset=\"https:\/\/i0.wp.com\/www.manquepierda.com\/historiarealbetis\/files\/2019\/08\/Aqui%C3%AD-jugamos.Las-Llanas-y-alto-de-Mendieta.jpg?resize=680%2C524&amp;ssl=1 680w, https:\/\/i0.wp.com\/www.manquepierda.com\/historiarealbetis\/files\/2019\/08\/Aqui%C3%AD-jugamos.Las-Llanas-y-alto-de-Mendieta.jpg?resize=220%2C170&amp;ssl=1 220w, https:\/\/i0.wp.com\/www.manquepierda.com\/historiarealbetis\/files\/2019\/08\/Aqui%C3%AD-jugamos.Las-Llanas-y-alto-de-Mendieta.jpg?resize=768%2C592&amp;ssl=1 768w, https:\/\/i0.wp.com\/www.manquepierda.com\/historiarealbetis\/files\/2019\/08\/Aqui%C3%AD-jugamos.Las-Llanas-y-alto-de-Mendieta.jpg?resize=909%2C700&amp;ssl=1 909w, https:\/\/i0.wp.com\/www.manquepierda.com\/historiarealbetis\/files\/2019\/08\/Aqui%C3%AD-jugamos.Las-Llanas-y-alto-de-Mendieta.jpg?w=1416&amp;ssl=1 1416w\" sizes=\"auto, (max-width: 680px) 100vw, 680px\" \/><\/a><\/p>\n<p>&nbsp;<\/p>\n<p>&nbsp;<\/p>\n<p>Hoy en d\u00eda, con m\u00e1s de 90 a\u00f1os, Las Llanas es uno de los terrenos hist\u00f3ricos del f\u00fatbol vasco. Tal vez el emplazamiento permanente en que durante m\u00e1s tiempo se viene jugando al f\u00fatbol, despu\u00e9s de la demolici\u00f3n del antiguo San Mam\u00e9s.<\/p>\n<figure id=\"attachment_36117\" aria-describedby=\"caption-attachment-36117\" style=\"width: 320px\" class=\"wp-caption aligncenter\"><a href=\"https:\/\/www.manquepierda.com\/historiarealbetis\/36112-aqui-jugamos-las-llanas-sestao\/las-llanas-vista-aerea-2007\/\" rel=\"attachment wp-att-36117\"><img data-recalc-dims=\"1\" loading=\"lazy\" decoding=\"async\" class=\"size-full wp-image-36117\" src=\"https:\/\/i0.wp.com\/www.manquepierda.com\/historiarealbetis\/files\/2014\/06\/Las-Llanas-vista-a%C3%A9rea-2007.jpg?resize=320%2C244&#038;ssl=1\" alt=\"Vista a\u00e9rea de Las Llanas en 2007\" width=\"320\" height=\"244\" srcset=\"https:\/\/i0.wp.com\/www.manquepierda.com\/historiarealbetis\/files\/2014\/06\/Las-Llanas-vista-a%C3%A9rea-2007.jpg?w=320&amp;ssl=1 320w, https:\/\/i0.wp.com\/www.manquepierda.com\/historiarealbetis\/files\/2014\/06\/Las-Llanas-vista-a%C3%A9rea-2007.jpg?resize=220%2C167&amp;ssl=1 220w\" sizes=\"auto, (max-width: 320px) 100vw, 320px\" \/><\/a><figcaption id=\"caption-attachment-36117\" class=\"wp-caption-text\">Vista a\u00e9rea de Las Llanas en 2007<\/figcaption><\/figure>\n","protected":false},"excerpt":{"rendered":"<p>Las Llanas fue el terreno del Sestao Sport desde 1923, a\u00f1o de su construcci\u00f3n, hasta que este club desgraciadamente desapareci\u00f3 en 1996. Aunque sigue siendo el terreno en el que juega el club que desde ese a\u00f1o retom\u00f3 el f\u00fatbol en la ciudad sestaotarra: el Sestao River. &nbsp; No es hasta el 25 de febrero&#8230;<\/p>\n","protected":false},"author":5,"featured_media":36117,"comment_status":"open","ping_status":"open","sticky":false,"template":"","format":"standard","meta":{"_kad_post_transparent":"","_kad_post_title":"","_kad_post_layout":"","_kad_post_sidebar_id":"","_kad_post_content_style":"","_kad_post_vertical_padding":"","_kad_post_feature":"","_kad_post_feature_position":"","_kad_post_header":false,"_kad_post_footer":false,"_kad_post_classname":"","_jetpack_memberships_contains_paid_content":false,"footnotes":"","jetpack_publicize_message":"","jetpack_publicize_feature_enabled":true,"jetpack_social_post_already_shared":true,"jetpack_social_options":{"image_generator_settings":{"template":"highway","default_image_id":0,"font":"","enabled":false},"version":2}},"categories":[906,1],"tags":[10216,787],"class_list":["post-36112","post","type-post","status-publish","format-standard","has-post-thumbnail","hentry","category-investigacion-temas","category-portada","tag-las-llanas","tag-sestao"],"jetpack_publicize_connections":[],"jetpack_featured_media_url":"https:\/\/i0.wp.com\/www.manquepierda.com\/historiarealbetis\/files\/2014\/06\/Las-Llanas-vista-a%C3%A9rea-2007.jpg?fit=320%2C244&ssl=1","jetpack_sharing_enabled":true,"jetpack_shortlink":"https:\/\/wp.me\/p1ij08-9os","jetpack-related-posts":[],"_links":{"self":[{"href":"https:\/\/www.manquepierda.com\/historiarealbetis\/wp-json\/wp\/v2\/posts\/36112","targetHints":{"allow":["GET"]}}],"collection":[{"href":"https:\/\/www.manquepierda.com\/historiarealbetis\/wp-json\/wp\/v2\/posts"}],"about":[{"href":"https:\/\/www.manquepierda.com\/historiarealbetis\/wp-json\/wp\/v2\/types\/post"}],"author":[{"embeddable":true,"href":"https:\/\/www.manquepierda.com\/historiarealbetis\/wp-json\/wp\/v2\/users\/5"}],"replies":[{"embeddable":true,"href":"https:\/\/www.manquepierda.com\/historiarealbetis\/wp-json\/wp\/v2\/comments?post=36112"}],"version-history":[{"count":0,"href":"https:\/\/www.manquepierda.com\/historiarealbetis\/wp-json\/wp\/v2\/posts\/36112\/revisions"}],"wp:featuredmedia":[{"embeddable":true,"href":"https:\/\/www.manquepierda.com\/historiarealbetis\/wp-json\/wp\/v2\/media\/36117"}],"wp:attachment":[{"href":"https:\/\/www.manquepierda.com\/historiarealbetis\/wp-json\/wp\/v2\/media?parent=36112"}],"wp:term":[{"taxonomy":"category","embeddable":true,"href":"https:\/\/www.manquepierda.com\/historiarealbetis\/wp-json\/wp\/v2\/categories?post=36112"},{"taxonomy":"post_tag","embeddable":true,"href":"https:\/\/www.manquepierda.com\/historiarealbetis\/wp-json\/wp\/v2\/tags?post=36112"}],"curies":[{"name":"wp","href":"https:\/\/api.w.org\/{rel}","templated":true}]}}