{"id":36372,"date":"2014-07-16T07:25:27","date_gmt":"2014-07-16T05:25:27","guid":{"rendered":"http:\/\/www.manquepierda.com\/historiarealbetis\/?p=36372"},"modified":"2024-09-28T23:38:04","modified_gmt":"2024-09-28T21:38:04","slug":"pretemporada-1977-78-en-durango","status":"publish","type":"post","link":"https:\/\/www.manquepierda.com\/historiarealbetis\/pretemporada-1977-78-en-durango\/","title":{"rendered":"Pretemporada 1977-78 en Durango"},"content":{"rendered":"<p><a href=\"https:\/\/www.manquepierda.com\/historiarealbetis\/36372-pretemporada-1977-78-en-durango\/julio-16-pretemporada-1977-78-en-durango\/\" rel=\"attachment wp-att-36373\"><img data-recalc-dims=\"1\" loading=\"lazy\" decoding=\"async\" class=\"aligncenter size-medium wp-image-36373\" src=\"https:\/\/i0.wp.com\/www.manquepierda.com\/historiarealbetis\/files\/2014\/07\/Julio-16-Pretemporada-1977-78-en-Durango.jpg?resize=680%2C311&#038;ssl=1\" alt=\"Julio-16 Pretemporada 1977-78 en Durango\" width=\"680\" height=\"311\" srcset=\"https:\/\/i0.wp.com\/www.manquepierda.com\/historiarealbetis\/files\/2014\/07\/Julio-16-Pretemporada-1977-78-en-Durango.jpg?resize=680%2C311&amp;ssl=1 680w, https:\/\/i0.wp.com\/www.manquepierda.com\/historiarealbetis\/files\/2014\/07\/Julio-16-Pretemporada-1977-78-en-Durango.jpg?resize=220%2C100&amp;ssl=1 220w, https:\/\/i0.wp.com\/www.manquepierda.com\/historiarealbetis\/files\/2014\/07\/Julio-16-Pretemporada-1977-78-en-Durango.jpg?w=960&amp;ssl=1 960w\" sizes=\"auto, (max-width: 680px) 100vw, 680px\" \/><\/a><\/p>\n<p>&nbsp;<\/p>\n<p>La pretemporada 1977-78 la realiz\u00f3 el Betis en la localidad vizca\u00edna de Durango desde el 30 de julio de 1977.<\/p>\n<p>En la imagen arriba: Felipe del Valle (preparador f\u00edsico), Muhren, Garc\u00eda Fern\u00e1ndez, Rogelio, Cobo, Eulate, Campos, Sabat\u00e9, Rafael Iriondo, Esnaola, L\u00f3pez, Bizcocho, Biosca y el doctor Ram\u00f3n Rodr\u00edguez del Valle; abajo: Arana, Oca\u00f1a, Megido, Ladinsky, Del Pozo, Alabanda, Ben\u00edtez, Garc\u00eda Soriano, Carde\u00f1osa, Vicente Montiel (masajista) y Anzarda.<\/p>\n<p>De la plantilla verdiblanca falta Rafael Gordillo, que se encontraba en el servicio militar, mientras que el reci\u00e9n fichado Hugo Cabezas se incorpor\u00f3 el 4 de agosto. As\u00ed pues esta imagen debemos de fecharla en el periodo comprendido entre el 30 de julio y el 3 de agosto, muy posiblemente en la localizad vizca\u00edna de Yurre en su campo del Firestone, que es donde el Betis realizaba sus entrenamientos.<\/p>\n","protected":false},"excerpt":{"rendered":"<p>&nbsp; La pretemporada 1977-78 la realiz\u00f3 el Betis en la localidad vizca\u00edna de Durango desde el 30 de julio de 1977. En la imagen arriba: Felipe del Valle (preparador f\u00edsico), Muhren, Garc\u00eda Fern\u00e1ndez, Rogelio, Cobo, Eulate, Campos, Sabat\u00e9, Rafael Iriondo, Esnaola, L\u00f3pez, Bizcocho, Biosca y el doctor Ram\u00f3n Rodr\u00edguez del Valle; abajo: Arana, Oca\u00f1a, Megido,&#8230;<\/p>\n","protected":false},"author":5,"featured_media":36373,"comment_status":"open","ping_status":"open","sticky":false,"template":"","format":"standard","meta":{"_kad_post_transparent":"","_kad_post_title":"","_kad_post_layout":"","_kad_post_sidebar_id":"","_kad_post_content_style":"","_kad_post_vertical_padding":"","_kad_post_feature":"","_kad_post_feature_position":"","_kad_post_header":false,"_kad_post_footer":false,"_kad_post_classname":"","_jetpack_memberships_contains_paid_content":false,"footnotes":"","jetpack_publicize_message":"","jetpack_publicize_feature_enabled":true,"jetpack_social_post_already_shared":true,"jetpack_social_options":{"image_generator_settings":{"template":"highway","default_image_id":0,"font":"","enabled":false},"version":2}},"categories":[903,1],"tags":[1024,2144,1465,1120,1157,1506,18132,17495,1179,1567,10280,1508,1245,10130,1304,1178,1301,1302,1505,1181,1155,1303,1123,1215,2197,1396,1164,1606],"class_list":["post-36372","post","type-post","status-publish","format-standard","has-post-thumbnail","hentry","category-1970-1979","category-portada","tag-1024","tag-1977-78","tag-alfredo-megido","tag-antonio-benitez","tag-antonio-biosca","tag-antonio-ocana","tag-attila-ladinszky","tag-concentracion-de-pretemporada","tag-eduardo-anzarda","tag-eduardo-garcia-fernandez","tag-felipe-del-valle","tag-francisco-arana","tag-francisco-bizcocho","tag-gerrie-muhren","tag-jaume-sabate","tag-javier-lopez","tag-jose-antonio-eulate","tag-jose-ramon-esnaola","tag-juan-antonio-garcia-soriano","tag-juan-manuel-cobo","tag-julio-cardenosa","tag-manuel-campos","tag-rafael-del-pozo","tag-rafael-iriondo","tag-ramon-rodriguez-del-valle","tag-rogelio-sosa","tag-sebastian-alabanda","tag-vicente-montiel"],"jetpack_publicize_connections":[],"jetpack_featured_media_url":"https:\/\/i0.wp.com\/www.manquepierda.com\/historiarealbetis\/files\/2014\/07\/Julio-16-Pretemporada-1977-78-en-Durango.jpg?fit=960%2C440&ssl=1","jetpack_sharing_enabled":true,"jetpack_shortlink":"https:\/\/wp.me\/p1ij08-9sE","jetpack-related-posts":[],"_links":{"self":[{"href":"https:\/\/www.manquepierda.com\/historiarealbetis\/wp-json\/wp\/v2\/posts\/36372","targetHints":{"allow":["GET"]}}],"collection":[{"href":"https:\/\/www.manquepierda.com\/historiarealbetis\/wp-json\/wp\/v2\/posts"}],"about":[{"href":"https:\/\/www.manquepierda.com\/historiarealbetis\/wp-json\/wp\/v2\/types\/post"}],"author":[{"embeddable":true,"href":"https:\/\/www.manquepierda.com\/historiarealbetis\/wp-json\/wp\/v2\/users\/5"}],"replies":[{"embeddable":true,"href":"https:\/\/www.manquepierda.com\/historiarealbetis\/wp-json\/wp\/v2\/comments?post=36372"}],"version-history":[{"count":2,"href":"https:\/\/www.manquepierda.com\/historiarealbetis\/wp-json\/wp\/v2\/posts\/36372\/revisions"}],"predecessor-version":[{"id":99815,"href":"https:\/\/www.manquepierda.com\/historiarealbetis\/wp-json\/wp\/v2\/posts\/36372\/revisions\/99815"}],"wp:featuredmedia":[{"embeddable":true,"href":"https:\/\/www.manquepierda.com\/historiarealbetis\/wp-json\/wp\/v2\/media\/36373"}],"wp:attachment":[{"href":"https:\/\/www.manquepierda.com\/historiarealbetis\/wp-json\/wp\/v2\/media?parent=36372"}],"wp:term":[{"taxonomy":"category","embeddable":true,"href":"https:\/\/www.manquepierda.com\/historiarealbetis\/wp-json\/wp\/v2\/categories?post=36372"},{"taxonomy":"post_tag","embeddable":true,"href":"https:\/\/www.manquepierda.com\/historiarealbetis\/wp-json\/wp\/v2\/tags?post=36372"}],"curies":[{"name":"wp","href":"https:\/\/api.w.org\/{rel}","templated":true}]}}