{"id":36411,"date":"2014-07-18T07:30:06","date_gmt":"2014-07-18T05:30:06","guid":{"rendered":"http:\/\/www.manquepierda.com\/historiarealbetis\/?p=36411"},"modified":"2024-08-09T17:27:21","modified_gmt":"2024-08-09T15:27:21","slug":"betis-arenas-liga-1935-y-el-carnaval","status":"publish","type":"post","link":"https:\/\/www.manquepierda.com\/historiarealbetis\/betis-arenas-liga-1935-y-el-carnaval\/","title":{"rendered":"Betis-Arenas Liga 1935 y el Carnaval"},"content":{"rendered":"<p><a href=\"https:\/\/www.manquepierda.com\/historiarealbetis\/36411-betis-arenas-liga-1935-y-el-carnaval\/carnaval_betico\/\" rel=\"attachment wp-att-36412\"><img data-recalc-dims=\"1\" loading=\"lazy\" decoding=\"async\" class=\"aligncenter wp-image-36412\" src=\"https:\/\/i0.wp.com\/www.manquepierda.com\/historiarealbetis\/files\/2014\/07\/carnaval_betico.jpg?resize=435%2C269&#038;ssl=1\" alt=\"carnaval_betico\" width=\"435\" height=\"269\" srcset=\"https:\/\/i0.wp.com\/www.manquepierda.com\/historiarealbetis\/files\/2014\/07\/carnaval_betico.jpg?w=412&amp;ssl=1 412w, https:\/\/i0.wp.com\/www.manquepierda.com\/historiarealbetis\/files\/2014\/07\/carnaval_betico.jpg?resize=220%2C136&amp;ssl=1 220w\" sizes=\"auto, (max-width: 435px) 100vw, 435px\" \/><\/a><\/p>\n<p>&nbsp;<\/p>\n<p>El 3 de marzo de 1935 el Betis, l\u00edder destacado de la clasificaci\u00f3n de Primera Divisi\u00f3n, recibi\u00f3 en el Patronato al Arenas Club de Guecho, que estaba clasificado en pen\u00faltima posici\u00f3n. El Betis ten\u00eda 21 puntos, mientras que el Arenas s\u00f3lo ten\u00eda \u00a08. Todo hac\u00eda presagiar una f\u00e1cil victoria b\u00e9tica en casa, que contaba los encuentros en campo propio por victorias: 7 partidos jugados y 7 partidos ganados, con 13 goles a favor y 3 en contra, mientras que el Arenas en 6 partidos jugados lejos de Ibaiondo hab\u00eda cosechado 1 empate y 5 derrotas, con 3 goles a favor y 21 en contra.<\/p>\n<p>&nbsp;<\/p>\n<p>Sin embargo salt\u00f3 la sorpresa y el Betis no pas\u00f3 del empate inicial con el conjunto guechotarra.<\/p>\n<p>&nbsp;<\/p>\n<figure id=\"attachment_36413\" aria-describedby=\"caption-attachment-36413\" style=\"width: 680px\" class=\"wp-caption aligncenter\"><a href=\"https:\/\/www.manquepierda.com\/historiarealbetis\/36411-betis-arenas-liga-1935-y-el-carnaval\/5-betis-arenas-cronica-1\/\" rel=\"attachment wp-att-36413\"><img data-recalc-dims=\"1\" loading=\"lazy\" decoding=\"async\" class=\"size-medium wp-image-36413\" src=\"https:\/\/i0.wp.com\/www.manquepierda.com\/historiarealbetis\/files\/2014\/07\/5-Betis-Arenas-cr%C3%B3nica-1.jpg?resize=680%2C140&#038;ssl=1\" alt=\"Fuente: El Liberal 5 de marzo de 1935\" width=\"680\" height=\"140\" srcset=\"https:\/\/i0.wp.com\/www.manquepierda.com\/historiarealbetis\/files\/2014\/07\/5-Betis-Arenas-cr%C3%B3nica-1.jpg?resize=680%2C140&amp;ssl=1 680w, https:\/\/i0.wp.com\/www.manquepierda.com\/historiarealbetis\/files\/2014\/07\/5-Betis-Arenas-cr%C3%B3nica-1.jpg?resize=220%2C45&amp;ssl=1 220w, https:\/\/i0.wp.com\/www.manquepierda.com\/historiarealbetis\/files\/2014\/07\/5-Betis-Arenas-cr%C3%B3nica-1.jpg?w=817&amp;ssl=1 817w\" sizes=\"auto, (max-width: 680px) 100vw, 680px\" \/><\/a><figcaption id=\"caption-attachment-36413\" class=\"wp-caption-text\">Fuente: El Liberal 5 de marzo de 1935<\/figcaption><\/figure>\n<p>&nbsp;<\/p>\n<p>Fue un mal partido del equipo b\u00e9tico que dej\u00f3 escapar un punto en casa ante un rival de la parte baja de la clasificaci\u00f3n. Mucho se discuti\u00f3 en la prensa de esos d\u00edas sobre el motivo de ese mal resultado, pues el Betis ven\u00eda de haber perdido la semana anterior en el campo del Barcelona y los 5 puntos de ventaja que ten\u00eda sobre el segundo clasificado se hab\u00edan reducido a 3.<\/p>\n<p>&nbsp;<\/p>\n<p>Casualmente ese domingo 3 de marzo fue el domingo de Carnaval, una fiesta que en la Sevilla de los a\u00f1os 30 a\u00fan manten\u00eda cierta popularidad, no comparable a otras festividades como la Semana Santa o la Feria pero superior a los intentos que se hicieron posteriormente por revitalizarla en los a\u00f1os 80 del pasado siglo.<\/p>\n<p>Entre las celebraciones del Carnaval sevillano estaba un desfile de carrozas engalanadas que discurr\u00eda por la Avenida de la Palmera. En ese Carnaval de 1935 desfil\u00f3 una engalanada con los colores verdiblancos, adornada con un enorme bal\u00f3n y con varias se\u00f1oritas ataviadas con prendas de apoyo al conjunto b\u00e9tico.<\/p>\n<p>En el diario La Uni\u00f3n del 6 de marzo apareci\u00f3 esta composici\u00f3n po\u00e9tica en clave de humor que daba con el motivo del fracaso del equipo b\u00e9tico tres d\u00edas antes.<\/p>\n<p><strong><span style=\"color: #339966\"><em>Ya se sabe el porqu\u00e9<\/em><\/span><\/strong><\/p>\n<p><span style=\"color: #339966\"><em>El Betis y el Arenas, con un empate<\/em><\/span><\/p>\n<p><span style=\"color: #339966\"><em>salieron el domingo del Patronato.<\/em><\/span><\/p>\n<p><span style=\"color: #339966\"><em>Iban los \u00abareneros\u00bb con alegr\u00eda;<\/em><\/span><\/p>\n<p><span style=\"color: #339966\"><em>los b\u00e9ticos pasaron muy mal el rato.<\/em><\/span><\/p>\n<p><span style=\"color: #339966\"><em>Todos los partidarios del blanquiverde<\/em><\/span><\/p>\n<p><span style=\"color: #339966\"><em>mil c\u00e1balas hicieron sobre el asunto,<\/em><\/span><\/p>\n<p><span style=\"color: #339966\"><em>y nadie se explicaba por qu\u00e9 el Arenas<\/em><\/span><\/p>\n<p><span style=\"color: #339966\"><em>de Sevilla, y del Betis, se llev\u00f3 un punto.<\/em><\/span><\/p>\n<p><span style=\"color: #339966\"><em>Un equipo que triunfa de las \u00abfiguras\u00bb,<\/em><\/span><\/p>\n<p><span style=\"color: #339966\"><em>que gana a los de mucha categor\u00eda&#8230;<\/em><\/span><\/p>\n<p><span style=\"color: #339966\"><em>\u00bfc\u00f3mo dej\u00f3 escaparse dentro de casa<\/em><\/span><\/p>\n<p><span style=\"color: #339966\"><em>un partido que el Betis ganar cre\u00eda?<\/em><\/span><\/p>\n<p><span style=\"color: #339966\"><em>Hoy miro por las calles una carroza,<\/em><\/span><\/p>\n<p><span style=\"color: #339966\"><em>adornada de verde, con un bal\u00f3n<\/em><\/span><\/p>\n<p><span style=\"color: #339966\"><em>monumental, que dicen que representa<\/em><\/span><\/p>\n<p><span style=\"color: #339966\"><em>al equipo que debe ser campe\u00f3n.<\/em><\/span><\/p>\n<p><span style=\"color: #339966\"><em>Mas, me fijo&#8230; y vestidas con los equipos<\/em><\/span><\/p>\n<p><span style=\"color: #339966\"><em>que el campo lucieron los jugadores.<\/em><\/span><\/p>\n<p><span style=\"color: #339966\"><em>va un grupo de muchachas, \u00a1guapas mujeres\u00a1,<\/em><\/span><\/p>\n<p><span style=\"color: #339966\"><em>que forman un equipo de los mejores.<\/em><\/span><\/p>\n<p><span style=\"color: #339966\"><em>Al once blanquiverde de la carroza,<\/em><\/span><\/p>\n<p><span style=\"color: #339966\"><em>lo diga quien lo diga, no lo venciera<\/em><\/span><\/p>\n<p><span style=\"color: #339966\"><em>ninguno de los \u00abonces\u00bb que haya en el mundo.<\/em><\/span><\/p>\n<p><span style=\"color: #339966\"><em>\u00a1Que es equipo invencible, lo ve cualquiera\u00a1<\/em><\/span><\/p>\n<p><span style=\"color: #339966\"><em>Sin embargo, aseguran que es el culpable<\/em><\/span><\/p>\n<p><span style=\"color: #339966\"><em>de que el Betis-Arenas fuera un empate<\/em><\/span><\/p>\n<p><span style=\"color: #339966\"><em>y quiz\u00e1s de que el Betis, bajo de forma,<\/em><\/span><\/p>\n<p><span style=\"color: #339966\"><em>de esta lucha, vencido llegue al remate.<\/em><\/span><\/p>\n","protected":false},"excerpt":{"rendered":"<p>&nbsp; El 3 de marzo de 1935 el Betis, l\u00edder destacado de la clasificaci\u00f3n de Primera Divisi\u00f3n, recibi\u00f3 en el Patronato al Arenas Club de Guecho, que estaba clasificado en pen\u00faltima posici\u00f3n. El Betis ten\u00eda 21 puntos, mientras que el Arenas s\u00f3lo ten\u00eda \u00a08. Todo hac\u00eda presagiar una f\u00e1cil victoria b\u00e9tica en casa, que contaba&#8230;<\/p>\n","protected":false},"author":5,"featured_media":36412,"comment_status":"open","ping_status":"open","sticky":false,"template":"","format":"standard","meta":{"_kad_post_transparent":"","_kad_post_title":"","_kad_post_layout":"","_kad_post_sidebar_id":"","_kad_post_content_style":"","_kad_post_vertical_padding":"","_kad_post_feature":"","_kad_post_feature_position":"","_kad_post_header":false,"_kad_post_footer":false,"_kad_post_classname":"","_jetpack_memberships_contains_paid_content":false,"footnotes":"","jetpack_publicize_message":"","jetpack_publicize_feature_enabled":true,"jetpack_social_post_already_shared":true,"jetpack_social_options":{"image_generator_settings":{"template":"highway","default_image_id":0,"font":"","enabled":false},"version":2}},"categories":[899,1],"tags":[2267,45,11765,10285],"class_list":["post-36411","post","type-post","status-publish","format-standard","has-post-thumbnail","hentry","category-1930-1939","category-portada","tag-1934-35","tag-45","tag-arenas-club-de-getxo","tag-carnaval"],"jetpack_publicize_connections":[],"jetpack_featured_media_url":"https:\/\/i0.wp.com\/www.manquepierda.com\/historiarealbetis\/files\/2014\/07\/carnaval_betico.jpg?fit=412%2C255&ssl=1","jetpack_sharing_enabled":true,"jetpack_shortlink":"https:\/\/wp.me\/p1ij08-9th","jetpack-related-posts":[],"_links":{"self":[{"href":"https:\/\/www.manquepierda.com\/historiarealbetis\/wp-json\/wp\/v2\/posts\/36411","targetHints":{"allow":["GET"]}}],"collection":[{"href":"https:\/\/www.manquepierda.com\/historiarealbetis\/wp-json\/wp\/v2\/posts"}],"about":[{"href":"https:\/\/www.manquepierda.com\/historiarealbetis\/wp-json\/wp\/v2\/types\/post"}],"author":[{"embeddable":true,"href":"https:\/\/www.manquepierda.com\/historiarealbetis\/wp-json\/wp\/v2\/users\/5"}],"replies":[{"embeddable":true,"href":"https:\/\/www.manquepierda.com\/historiarealbetis\/wp-json\/wp\/v2\/comments?post=36411"}],"version-history":[{"count":1,"href":"https:\/\/www.manquepierda.com\/historiarealbetis\/wp-json\/wp\/v2\/posts\/36411\/revisions"}],"predecessor-version":[{"id":95198,"href":"https:\/\/www.manquepierda.com\/historiarealbetis\/wp-json\/wp\/v2\/posts\/36411\/revisions\/95198"}],"wp:featuredmedia":[{"embeddable":true,"href":"https:\/\/www.manquepierda.com\/historiarealbetis\/wp-json\/wp\/v2\/media\/36412"}],"wp:attachment":[{"href":"https:\/\/www.manquepierda.com\/historiarealbetis\/wp-json\/wp\/v2\/media?parent=36411"}],"wp:term":[{"taxonomy":"category","embeddable":true,"href":"https:\/\/www.manquepierda.com\/historiarealbetis\/wp-json\/wp\/v2\/categories?post=36411"},{"taxonomy":"post_tag","embeddable":true,"href":"https:\/\/www.manquepierda.com\/historiarealbetis\/wp-json\/wp\/v2\/tags?post=36411"}],"curies":[{"name":"wp","href":"https:\/\/api.w.org\/{rel}","templated":true}]}}