{"id":36528,"date":"2014-08-02T16:42:48","date_gmt":"2014-08-02T14:42:48","guid":{"rendered":"http:\/\/www.manquepierda.com\/historiarealbetis\/?p=36528"},"modified":"2024-10-05T00:07:33","modified_gmt":"2024-10-04T22:07:33","slug":"1962-ernesto-pons-forns-entrevistado-revista-aficion-betica-verde-y-blanco","status":"publish","type":"post","link":"https:\/\/www.manquepierda.com\/historiarealbetis\/1962-ernesto-pons-forns-entrevistado-revista-aficion-betica-verde-y-blanco\/","title":{"rendered":"1962.-Ernesto Pons Forns entrevistado revista afici\u00f3n b\u00e9tica \u00abverde y blanco\u00bb"},"content":{"rendered":"<p style=\"text-align: center\"><strong>ENTRENADOR PRIMERA PLANTILLA REAL BETIS BALOMPI\u00c9-TEMPORADAS:<\/strong><\/p>\n<p style=\"text-align: center\"><strong>1962-1963 PRIMERA DIVISI\u00d3N 20 partidos.-Desde la 11\u00aa hasta la 30\u00aa Jornadas, ambas inclusive (Ferdinand\u00a0 DAUCIK Fonfer: 01-10).<\/strong><\/p>\n<p style=\"text-align: center\"><strong>1964-1965 PRIMERA DIVISI\u00d3N 05 encuentros.-Desde\u00a0 la 26\u00aa hasta la 30\u00aa Jornadas, ambas inclusive (Louis HON Antonin: 01-19+Rosendo HERN\u00c1NDEZ Gonz\u00e1lez: 20-24; Andr\u00e9s ARANDA Guti\u00e9rrez 25\u00aa.-Falleci\u00f3 concentraci\u00f3n 1\u00aa plantilla Aracena (Huelva), mi\u00e9rcoles 10 de Marzo de 1965.-D. E. P.).<\/strong><\/p>\n<p style=\"text-align: center\"><strong>1965-1966 PRIMERA DIVISI\u00d3N 18 partidos.-Desde la 13\u00aa hasta la 30\u00aa jornadas, ambas inclusive (MARTIM FRANCISCO Ribeiro De Andrada: 01-12).<\/strong><\/p>\n<figure id=\"attachment_36529\" aria-describedby=\"caption-attachment-36529\" style=\"width: 464px\" class=\"wp-caption aligncenter\"><a href=\"https:\/\/www.manquepierda.com\/historiarealbetis\/36528-1962-ernesto-pons-forns-entrevistado-revista-aficion-betica-verde-y-blanco\/escanear0366\/\" rel=\"attachment wp-att-36529\"><img data-recalc-dims=\"1\" loading=\"lazy\" decoding=\"async\" class=\"size-medium wp-image-36529\" src=\"https:\/\/i0.wp.com\/www.manquepierda.com\/historiarealbetis\/files\/2014\/08\/escanear0366.jpg?resize=464%2C600&#038;ssl=1\" alt=\"mmm\" width=\"464\" height=\"600\" srcset=\"https:\/\/i0.wp.com\/www.manquepierda.com\/historiarealbetis\/files\/2014\/08\/escanear0366.jpg?resize=464%2C600&amp;ssl=1 464w, https:\/\/i0.wp.com\/www.manquepierda.com\/historiarealbetis\/files\/2014\/08\/escanear0366.jpg?resize=170%2C220&amp;ssl=1 170w, https:\/\/i0.wp.com\/www.manquepierda.com\/historiarealbetis\/files\/2014\/08\/escanear0366.jpg?resize=542%2C700&amp;ssl=1 542w, https:\/\/i0.wp.com\/www.manquepierda.com\/historiarealbetis\/files\/2014\/08\/escanear0366.jpg?w=640&amp;ssl=1 640w\" sizes=\"auto, (max-width: 464px) 100vw, 464px\" \/><\/a><figcaption id=\"caption-attachment-36529\" class=\"wp-caption-text\">Revista de la afici\u00f3n b\u00e9tica \u00abverde y blanco\u00bb-A\u00f1o II-N\u00ba 25-7 pesetas (1\/2).<\/figcaption><\/figure>\n<p style=\"text-align: center\">\n<figure id=\"attachment_36530\" aria-describedby=\"caption-attachment-36530\" style=\"width: 475px\" class=\"wp-caption aligncenter\"><a href=\"https:\/\/www.manquepierda.com\/historiarealbetis\/36528-1962-ernesto-pons-forns-entrevistado-revista-aficion-betica-verde-y-blanco\/escanear0367\/\" rel=\"attachment wp-att-36530\"><img data-recalc-dims=\"1\" loading=\"lazy\" decoding=\"async\" class=\"size-medium wp-image-36530\" src=\"https:\/\/i0.wp.com\/www.manquepierda.com\/historiarealbetis\/files\/2014\/08\/escanear0367.jpg?resize=475%2C600&#038;ssl=1\" alt=\"mmmm\" width=\"475\" height=\"600\" srcset=\"https:\/\/i0.wp.com\/www.manquepierda.com\/historiarealbetis\/files\/2014\/08\/escanear0367.jpg?resize=475%2C600&amp;ssl=1 475w, https:\/\/i0.wp.com\/www.manquepierda.com\/historiarealbetis\/files\/2014\/08\/escanear0367.jpg?resize=174%2C220&amp;ssl=1 174w, https:\/\/i0.wp.com\/www.manquepierda.com\/historiarealbetis\/files\/2014\/08\/escanear0367.jpg?resize=555%2C700&amp;ssl=1 555w, https:\/\/i0.wp.com\/www.manquepierda.com\/historiarealbetis\/files\/2014\/08\/escanear0367.jpg?w=640&amp;ssl=1 640w\" sizes=\"auto, (max-width: 475px) 100vw, 475px\" \/><\/a><figcaption id=\"caption-attachment-36530\" class=\"wp-caption-text\">2\/2.-Entrevistado por el director \u00abverde y blanco\u00bb Ignacio L\u00f3pez P\u00e9rez.<\/figcaption><\/figure>\n<p style=\"text-align: center\"><strong>NATURAL DE MATAR\u00d3 (Barcelona), lunes 19 de Enero de 1920.-94 a\u00f1os+7 meses menos 17 d\u00edas.<\/strong><\/p>\n<p style=\"text-align: left\"><strong>Profesor de Educaci\u00f3n F\u00edsica.-\u00cddem de la Universidad de Barcelona.-\u00cddem de la Escuela Nacional de Preparadores de F\u00fatbol.-Profesor de Educaci\u00f3n F\u00edsica en diversos cursos regionales y nacionales organizados por las Federaciones de F\u00fatbol+Balonmano+Baloncesto+Hockey sobre Patines+Atletismo+Boxeo.-Ex asesor t\u00e9cnico de la Asesor\u00eda Nacional del Frente de Juventudes.-Ex director de la Escuela Gallega de Preparadores de F\u00fatbol.-Ex entrenador del Real Club Deportivo Celta de Vigo+Centre d&#8217;Esports Sabadell FbC+Club Deportivo Ourense+Real Club Deportivo Espanyol.<\/strong><\/p>\n<p style=\"text-align: left\">Procurando al aficionado cuantas noticias se relacionan con el <strong>Real Betis Balompi\u00e9 <\/strong>y dado la cantidad de comentarios que han surgido respecto a <strong>Ernesto Pons Forns,\u00a0<\/strong>pluma en ristre-Ignacio L\u00f3pez-y acompa\u00f1ado de nuestro redactor gr\u00e1fico Julio,\u00a0 nos trasladamos al <strong>Estadio \u00abBenito Villamar\u00edn\u00bb,\u00a0 <\/strong>teniendo que esperar el poder hablar con Pons,\u00a0 que se encontraba con un grupo de jugadores en una de sus sesiones de entrenamientos,\u00a0 y,\u00a0 francamente,\u00a0 que me merec\u00eda la pena presenciar los movimientos,\u00a0 carreras,\u00a0 saltos,\u00a0 y otros mucho m\u00e1s variados ejercicios que hemos visto hasta ahora.<\/p>\n<p style=\"text-align: center\"><strong>Pons,\u00a0 <\/strong>hombre cordial,\u00a0 agradable,\u00a0 nos dio toda clases de facilidades para nuestra labor,\u00a0 y nos contest\u00f3 a cuantas preguntas le hicimos.<\/p>\n<p style=\"text-align: left\">&#8211;\u00bfPara qu\u00e9 y porqu\u00e9 ha venido al Real Betis Balompi\u00e9?<\/p>\n<p style=\"text-align: left\"><strong>&#8212;<em>El contrato que me liga al Betis Balompi\u00e9 es de entrenador.\u00a0 Hasta hace poco,\u00a0 y estando el se\u00f1or Daucik presente,\u00a0 mi labor quedaba limitada a la preparaci\u00f3n f\u00edsica.\u00a0 En l\u00edneas generales Fernando Daucik preparaba a los titulares,\u00a0 y yo a los suplentes.\u00a0 \u00c9l determinaba el tiempo de pr\u00e1ctica,\u00a0 y yo ordenaba los ejercicios que me parec\u00edan m\u00e1s apropiados.\u00a0 Desde su ausencia,\u00a0 y mientas no se reincorpore al equipo,\u00a0 corre de mi cargo la preparaci\u00f3n completa del Real Betis Balompi\u00e9.<\/em><\/strong><\/p>\n<p style=\"text-align: left\">&#8211;\u00bfEn qu\u00e9 consiste su labor?<\/p>\n<p style=\"text-align: left\"><em><strong>&#8211;El equipo entrena ma\u00f1ana y tarde.\u00a0 <\/strong><\/em><\/p>\n<p style=\"text-align: left\"><em><strong>Por la ma\u00f1ana,\u00a0 una hora de preparaci\u00f3n f\u00edsica; por la tarde,\u00a0 preparaci\u00f3n t\u00e9cnica,\u00a0 ejercicios de dominio y control del bal\u00f3n,\u00a0 estudio del dispositivo empleado para jugar,\u00a0 con la idea de crear espacios libres en la defensa contraria y cerrarlos en la propia,\u00a0 y ensayos de ardiles estrat\u00e9gicos con el fin de obtener una ventaja inicial.<\/strong><\/em><\/p>\n<p style=\"text-align: left\">&#8211;\u00bfA qu\u00e9 le presta m\u00e1s atenci\u00f3n,\u00a0 a la preparaci\u00f3n f\u00edsica o a la t\u00e9cnica,\u00a0 y en qu\u00e9 se lleva m\u00e1s tiempo?<\/p>\n<p style=\"text-align: left\"><em><strong>&#8211;La preparaci\u00f3n f\u00edsica se hace por grupos; unos entrenan de 10 \u00e1 11 horas de la ma\u00f1ana,\u00a0 otros de 11 \u00e1 12,\u00a0 y el \u00faltimo grupo de 12 \u00e1 13 horas de la tarde.\u00a0 <\/strong><\/em><\/p>\n<p style=\"text-align: left\"><em><strong>La finalidad de estos grupos es el trabajo individual,\u00a0 tendente a mejorar las deficiencias halladas en la confecci\u00f3n de las fichas f\u00edsica.\u00a0 <\/strong><\/em><\/p>\n<p style=\"text-align: center\"><em><strong>La ficha f\u00edsica valora al jugador c\u00f3mo m\u00e1quina.\u00a0 <\/strong><\/em><\/p>\n<p style=\"text-align: left\"><em><strong>A trav\u00e9s de una serie de pruebas,\u00a0 contrastadas por el uso de la propia ficha,\u00a0 se deduce cu\u00e1l debe ser la clase de trabajo preferente&#8211;ya que no exclusivo&#8211;a que debe ser sometido el jugador.\u00a0 <\/strong><\/em><\/p>\n<p style=\"text-align: center\"><em><strong>La teor\u00eda del trabajo es la siguiente:\u00a0 <\/strong><\/em><\/p>\n<p style=\"text-align: left\"><em><strong>Las diversas cualidades de tipo f\u00edsico vienen a representar los eslabones de una cadena.\u00a0 Si a \u00e9sta le colgamos un peso grande,\u00a0 se romper\u00e1 siempre por el anillo m\u00e1s d\u00e9bil,\u00a0 el cual representa el \u00edndice potencial de dicha cadena.<\/strong><\/em><\/p>\n<p style=\"text-align: left\"><em><strong>Basta,\u00a0 en todo caso,\u00a0 fortalecer ese eslab\u00f3n d\u00e9bil para que,\u00a0 autom\u00e1ticamente,\u00a0 aumente la potencia de la cadena.<\/strong><\/em><\/p>\n<p style=\"text-align: left\"><em><strong>El jugador,\u00a0 pr\u00e1cticamente,\u00a0 falla siempre por la peor de sus cualidades de tipo f\u00edsico.\u00a0 Al que le falta resistencia de nada le servir\u00e1 la rapidez,\u00a0 la flexibilidad,\u00a0 la fuerza,\u00a0 la coordinaci\u00f3n,\u00a0 etc.<\/strong><\/em><\/p>\n<p style=\"text-align: left\"><em><strong>En un momento determinado del partido dejar\u00e1 de rendir f\u00edsicamente.\u00a0 Sabidos los factores de que dependen todas y cada una de las condiciones de tipo f\u00edsico,\u00a0 as\u00ed como los factores que la modifican,\u00a0 f\u00e1cil es estructurar un plan racional y progresivo de trabajo.<\/strong><\/em><\/p>\n<p style=\"text-align: left\">&#8211;\u00bfQu\u00e9 les gusta m\u00e1s a los futbolistas,\u00a0 un entrenamiento mon\u00f3tono, o sea siempre lo mismo,\u00a0 o por el contrario variado?<\/p>\n<p style=\"text-align: left\"><em><strong>&#8211;Procuramos que este trabajo sea dentro de las necesarias exigencias de esfuerzo lo m\u00e1s ameno posible.\u00a0 Hay gran diferencia entre aquel jugador,\u00a0 el cual la sesi\u00f3n de entrenamiento resulta una diversi\u00f3n,\u00a0 y,\u00a0 aquel otro,\u00a0 sometido a un trabajo mon\u00f3tono y rutinario,\u00a0 considera ese mismo entrenamiento como una labor ardua y simple obligaci\u00f3n.<\/strong><\/em><\/p>\n<p style=\"text-align: left\">&#8211;\u00bfAsisten todos los jugadores,\u00a0 incluidos los lesionados?<\/p>\n<p style=\"text-align: left\"><em><strong>&#8211;Al campo asisten todos los jugadores de la plantilla incluso los lesionados que no est\u00e1n obligados,\u00a0 por prescripci\u00f3n facultativa,\u00a0 a guardar cama.\u00a0 Todos entrenan,\u00a0 Entre los lesionados diferenciamos la ejercitaci\u00f3n destinada a recuperar la normalidad de la parte lesionada,\u00a0 de aquella dedicada a corregir defectos posturales,\u00a0 o bien a la que puede realizar el jugador para mantener su condici\u00f3n f\u00edsica durante el tiempo en que se encuentra imposibilitado,\u00a0 tendente \u00e9sta \u00faltima a trabajar todas las partes del organismo excepto las lesionadas.\u00a0 Todo ello acorta considerablemente el tiempo de recuperaci\u00f3n.<\/strong><\/em><\/p>\n<p style=\"text-align: left\">&#8211;\u00bfQu\u00e9 labor desempe\u00f1a Andr\u00e9s Aranda Guti\u00e9rrez?<\/p>\n<p style=\"text-align: left\"><em><strong>&#8211;Ausente el se\u00f1or Daucik,\u00a0 Andr\u00e9s Aranda act\u00faa como segundo entrenador.\u00a0 Y creo que su mayor experiencia,\u00a0 el m\u00e1s amplio conocimiento de todos los jugadores de la plantilla,\u00a0 sus conocimientos t\u00e9cnicos,\u00a0 hacen de \u00e9l un elemento valios\u00edsimo.<\/strong><\/em><\/p>\n<p style=\"text-align: left\">&#8211;\u00bfQu\u00e9 espera usted del equipo?<\/p>\n<p style=\"text-align: left\"><em><strong>&#8211;El Real Betis Balompi\u00e9 merece una mejor clasificaci\u00f3n de que la actual ostenta.\u00a0 A lograrla se dirigen\u00a0 todos nuestros afanes.\u00a0 Los de los jugadores,\u00a0 los de los directivos y los que componemos la plantilla t\u00e9cnica.\u00a0 Lo merece esa afici\u00f3n que yo siempre admiro por esa objetividad,\u00a0 certeza de juicio y amor inquebrantable a unos colores.<\/strong><\/em><\/p>\n<p style=\"text-align: left\"><strong>Est\u00e9 usted seguro se\u00f1or Pons,\u00a0 que esa afici\u00f3n que acaba de elogiar de esa grata manera,\u00a0 estar\u00e1 siempre a su lado alent\u00e1ndole para que nuestro Real Betis Balompi\u00e9 alcamce el puesto que merece en la clasificaci\u00f3n liguera\u00bb.<\/strong><\/p>\n<p style=\"text-align: center\"><a href=\"https:\/\/www.manquepierda.com\/historiarealbetis\/36528-1962-ernesto-pons-forns-entrevistado-revista-aficion-betica-verde-y-blanco\/ernestoponsforns-8\/\" rel=\"attachment wp-att-36531\"><img data-recalc-dims=\"1\" loading=\"lazy\" decoding=\"async\" class=\"alignleft size-full wp-image-36531\" src=\"https:\/\/i0.wp.com\/www.manquepierda.com\/historiarealbetis\/files\/2014\/08\/ErnestoPonsForns.jpg?resize=150%2C184&#038;ssl=1\" alt=\"ErnestoPonsForns\" width=\"150\" height=\"184\" \/><\/a><a href=\"https:\/\/www.manquepierda.com\/historiarealbetis\/36528-1962-ernesto-pons-forns-entrevistado-revista-aficion-betica-verde-y-blanco\/ernestoponsforn-6\/\" rel=\"attachment wp-att-36532\"><img data-recalc-dims=\"1\" loading=\"lazy\" decoding=\"async\" class=\"alignright size-full wp-image-36532\" src=\"https:\/\/i0.wp.com\/www.manquepierda.com\/historiarealbetis\/files\/2014\/08\/ErnestoPONSForn.jpg?resize=330%2C553&#038;ssl=1\" alt=\"ErnestoPONSForn\" width=\"330\" height=\"553\" srcset=\"https:\/\/i0.wp.com\/www.manquepierda.com\/historiarealbetis\/files\/2014\/08\/ErnestoPONSForn.jpg?w=330&amp;ssl=1 330w, https:\/\/i0.wp.com\/www.manquepierda.com\/historiarealbetis\/files\/2014\/08\/ErnestoPONSForn.jpg?resize=131%2C220&amp;ssl=1 131w\" sizes=\"auto, (max-width: 330px) 100vw, 330px\" \/><\/a><\/p>\n<p style=\"text-align: left\"><em><strong>\u00a0<\/strong><\/em><\/p>\n<p style=\"text-align: left\">\n<p style=\"text-align: left\">\n","protected":false},"excerpt":{"rendered":"<p>ENTRENADOR PRIMERA PLANTILLA REAL BETIS BALOMPI\u00c9-TEMPORADAS: 1962-1963 PRIMERA DIVISI\u00d3N 20 partidos.-Desde la 11\u00aa hasta la 30\u00aa Jornadas, ambas inclusive (Ferdinand\u00a0 DAUCIK Fonfer: 01-10). 1964-1965 PRIMERA DIVISI\u00d3N 05 encuentros.-Desde\u00a0 la 26\u00aa hasta la 30\u00aa Jornadas, ambas inclusive (Louis HON Antonin: 01-19+Rosendo HERN\u00c1NDEZ Gonz\u00e1lez: 20-24; Andr\u00e9s ARANDA Guti\u00e9rrez 25\u00aa.-Falleci\u00f3 concentraci\u00f3n 1\u00aa plantilla Aracena (Huelva), mi\u00e9rcoles 10 de&#8230;<\/p>\n","protected":false},"author":48,"featured_media":36529,"comment_status":"open","ping_status":"open","sticky":false,"template":"","format":"standard","meta":{"_kad_post_transparent":"","_kad_post_title":"","_kad_post_layout":"","_kad_post_sidebar_id":"","_kad_post_content_style":"","_kad_post_vertical_padding":"","_kad_post_feature":"","_kad_post_feature_position":"","_kad_post_header":false,"_kad_post_footer":false,"_kad_post_classname":"","_jetpack_memberships_contains_paid_content":false,"footnotes":"","jetpack_publicize_message":"","jetpack_publicize_feature_enabled":true,"jetpack_social_post_already_shared":true,"jetpack_social_options":{"image_generator_settings":{"template":"highway","default_image_id":0,"font":"","enabled":false},"version":2}},"categories":[902,892,1],"tags":[5369,8185],"class_list":["post-36528","post","type-post","status-publish","format-standard","has-post-thumbnail","hentry","category-1960-1969","category-entrenadores-temas","category-portada","tag-5369","tag-ernesto-pons"],"jetpack_publicize_connections":[],"jetpack_featured_media_url":"https:\/\/i0.wp.com\/www.manquepierda.com\/historiarealbetis\/files\/2014\/08\/escanear0366.jpg?fit=640%2C826&ssl=1","jetpack_sharing_enabled":true,"jetpack_shortlink":"https:\/\/wp.me\/p1ij08-9va","jetpack-related-posts":[],"_links":{"self":[{"href":"https:\/\/www.manquepierda.com\/historiarealbetis\/wp-json\/wp\/v2\/posts\/36528","targetHints":{"allow":["GET"]}}],"collection":[{"href":"https:\/\/www.manquepierda.com\/historiarealbetis\/wp-json\/wp\/v2\/posts"}],"about":[{"href":"https:\/\/www.manquepierda.com\/historiarealbetis\/wp-json\/wp\/v2\/types\/post"}],"author":[{"embeddable":true,"href":"https:\/\/www.manquepierda.com\/historiarealbetis\/wp-json\/wp\/v2\/users\/48"}],"replies":[{"embeddable":true,"href":"https:\/\/www.manquepierda.com\/historiarealbetis\/wp-json\/wp\/v2\/comments?post=36528"}],"version-history":[{"count":1,"href":"https:\/\/www.manquepierda.com\/historiarealbetis\/wp-json\/wp\/v2\/posts\/36528\/revisions"}],"predecessor-version":[{"id":100057,"href":"https:\/\/www.manquepierda.com\/historiarealbetis\/wp-json\/wp\/v2\/posts\/36528\/revisions\/100057"}],"wp:featuredmedia":[{"embeddable":true,"href":"https:\/\/www.manquepierda.com\/historiarealbetis\/wp-json\/wp\/v2\/media\/36529"}],"wp:attachment":[{"href":"https:\/\/www.manquepierda.com\/historiarealbetis\/wp-json\/wp\/v2\/media?parent=36528"}],"wp:term":[{"taxonomy":"category","embeddable":true,"href":"https:\/\/www.manquepierda.com\/historiarealbetis\/wp-json\/wp\/v2\/categories?post=36528"},{"taxonomy":"post_tag","embeddable":true,"href":"https:\/\/www.manquepierda.com\/historiarealbetis\/wp-json\/wp\/v2\/tags?post=36528"}],"curies":[{"name":"wp","href":"https:\/\/api.w.org\/{rel}","templated":true}]}}