{"id":36602,"date":"2014-08-16T08:53:26","date_gmt":"2014-08-16T06:53:26","guid":{"rendered":"http:\/\/www.manquepierda.com\/historiarealbetis\/?p=36602"},"modified":"2024-08-19T09:04:40","modified_gmt":"2024-08-19T07:04:40","slug":"alineacion-castilla-betis-copa-1983","status":"publish","type":"post","link":"https:\/\/www.manquepierda.com\/historiarealbetis\/alineacion-castilla-betis-copa-1983\/","title":{"rendered":"Alineaci\u00f3n Castilla-Betis Copa 1983"},"content":{"rendered":"<figure id=\"attachment_36603\" aria-describedby=\"caption-attachment-36603\" style=\"width: 680px\" class=\"wp-caption aligncenter\"><a href=\"https:\/\/www.manquepierda.com\/historiarealbetis\/36602-alineacion-castilla-betis-copa-1983\/1983-11-03-imagen-alineacion-castilla-betis\/\" rel=\"attachment wp-att-36603\"><img data-recalc-dims=\"1\" loading=\"lazy\" decoding=\"async\" class=\"size-medium wp-image-36603\" src=\"https:\/\/i0.wp.com\/www.manquepierda.com\/historiarealbetis\/files\/2014\/08\/1983-11-03-Imagen-Alineaci%C3%B3n-Castilla-Betis.jpg?resize=680%2C441&#038;ssl=1\" alt=\"Fuente: AS 3 de noviembre de 1983\" width=\"680\" height=\"441\" srcset=\"https:\/\/i0.wp.com\/www.manquepierda.com\/historiarealbetis\/files\/2014\/08\/1983-11-03-Imagen-Alineaci%C3%B3n-Castilla-Betis.jpg?resize=680%2C441&amp;ssl=1 680w, https:\/\/i0.wp.com\/www.manquepierda.com\/historiarealbetis\/files\/2014\/08\/1983-11-03-Imagen-Alineaci%C3%B3n-Castilla-Betis.jpg?resize=220%2C142&amp;ssl=1 220w, https:\/\/i0.wp.com\/www.manquepierda.com\/historiarealbetis\/files\/2014\/08\/1983-11-03-Imagen-Alineaci%C3%B3n-Castilla-Betis.jpg?w=765&amp;ssl=1 765w\" sizes=\"auto, (max-width: 680px) 100vw, 680px\" \/><\/a><figcaption id=\"caption-attachment-36603\" class=\"wp-caption-text\">Fuente: AS 3 de noviembre de 1983<\/figcaption><\/figure>\n<p>&nbsp;<\/p>\n<p>2 de noviembre de 1983 en el Santiago Bernab\u00e9u \u00a0Castilla 4 \u00a0Betis 1; partido de ida de la tercera ronda de Copa,<\/p>\n<p>En la imagen arriba: Salva, Diego, Mantilla, Alex, Su\u00e1rez y Casado; abajo: Parra, Reyes, Julio, Rinc\u00f3n y Paco.<\/p>\n<p>Pardeza, De las Heras, Butrague\u00f1o y Sanch\u00eds marcaron por el filial madridista, mientras que Rinc\u00f3n hizo el \u00fanico tanto b\u00e9tico.<\/p>\n<p>Amancio Amaro entrenaba al Castilla y Pepe Alzate al Betis<\/p>\n","protected":false},"excerpt":{"rendered":"<p>&nbsp; 2 de noviembre de 1983 en el Santiago Bernab\u00e9u \u00a0Castilla 4 \u00a0Betis 1; partido de ida de la tercera ronda de Copa, En la imagen arriba: Salva, Diego, Mantilla, Alex, Su\u00e1rez y Casado; abajo: Parra, Reyes, Julio, Rinc\u00f3n y Paco. Pardeza, De las Heras, Butrague\u00f1o y Sanch\u00eds marcaron por el filial madridista, mientras que&#8230;<\/p>\n","protected":false},"author":5,"featured_media":36603,"comment_status":"open","ping_status":"open","sticky":false,"template":"","format":"standard","meta":{"_kad_post_transparent":"","_kad_post_title":"","_kad_post_layout":"","_kad_post_sidebar_id":"","_kad_post_content_style":"","_kad_post_vertical_padding":"","_kad_post_feature":"","_kad_post_feature_position":"","_kad_post_header":false,"_kad_post_footer":false,"_kad_post_classname":"","_jetpack_memberships_contains_paid_content":false,"footnotes":"","jetpack_publicize_message":"","jetpack_publicize_feature_enabled":true,"jetpack_social_post_already_shared":true,"jetpack_social_options":{"image_generator_settings":{"template":"highway","default_image_id":0,"font":"","enabled":false},"version":2}},"categories":[904,1],"tags":[4327,4225,13196,1409,1146,10371,17833,1476,1385,1428,3281,1588,1085,1417,1485],"class_list":["post-36602","post","type-post","status-publish","format-standard","has-post-thumbnail","hentry","category-1980-1989","category-portada","tag-4327","tag-1983-84","tag-al-lal-mohand-alex","tag-antonio-casado","tag-antonio-reyes","tag-castilla-cf","tag-copa-1983-84","tag-diego-rodriguez","tag-francisco-machin-paco","tag-hipolito-rincon","tag-javier-mantilla","tag-joaquin-parra","tag-jose-carlos-suarez","tag-julio-garcia","tag-salvador-navarro-salva"],"jetpack_publicize_connections":[],"jetpack_featured_media_url":"https:\/\/i0.wp.com\/www.manquepierda.com\/historiarealbetis\/files\/2014\/08\/1983-11-03-Imagen-Alineaci%C3%B3n-Castilla-Betis.jpg?fit=765%2C497&ssl=1","jetpack_sharing_enabled":true,"jetpack_shortlink":"https:\/\/wp.me\/p1ij08-9wm","jetpack-related-posts":[],"_links":{"self":[{"href":"https:\/\/www.manquepierda.com\/historiarealbetis\/wp-json\/wp\/v2\/posts\/36602","targetHints":{"allow":["GET"]}}],"collection":[{"href":"https:\/\/www.manquepierda.com\/historiarealbetis\/wp-json\/wp\/v2\/posts"}],"about":[{"href":"https:\/\/www.manquepierda.com\/historiarealbetis\/wp-json\/wp\/v2\/types\/post"}],"author":[{"embeddable":true,"href":"https:\/\/www.manquepierda.com\/historiarealbetis\/wp-json\/wp\/v2\/users\/5"}],"replies":[{"embeddable":true,"href":"https:\/\/www.manquepierda.com\/historiarealbetis\/wp-json\/wp\/v2\/comments?post=36602"}],"version-history":[{"count":1,"href":"https:\/\/www.manquepierda.com\/historiarealbetis\/wp-json\/wp\/v2\/posts\/36602\/revisions"}],"predecessor-version":[{"id":97097,"href":"https:\/\/www.manquepierda.com\/historiarealbetis\/wp-json\/wp\/v2\/posts\/36602\/revisions\/97097"}],"wp:featuredmedia":[{"embeddable":true,"href":"https:\/\/www.manquepierda.com\/historiarealbetis\/wp-json\/wp\/v2\/media\/36603"}],"wp:attachment":[{"href":"https:\/\/www.manquepierda.com\/historiarealbetis\/wp-json\/wp\/v2\/media?parent=36602"}],"wp:term":[{"taxonomy":"category","embeddable":true,"href":"https:\/\/www.manquepierda.com\/historiarealbetis\/wp-json\/wp\/v2\/categories?post=36602"},{"taxonomy":"post_tag","embeddable":true,"href":"https:\/\/www.manquepierda.com\/historiarealbetis\/wp-json\/wp\/v2\/tags?post=36602"}],"curies":[{"name":"wp","href":"https:\/\/api.w.org\/{rel}","templated":true}]}}