{"id":36686,"date":"2014-08-10T20:56:14","date_gmt":"2014-08-10T18:56:14","guid":{"rendered":"http:\/\/www.manquepierda.com\/historiarealbetis\/?p=36686"},"modified":"2024-08-19T09:01:33","modified_gmt":"2024-08-19T07:01:33","slug":"1984-agosto-11-xx-colombino-semifinal-tarde-recreativo-2-vs-real-betis-balompie-1","status":"publish","type":"post","link":"https:\/\/www.manquepierda.com\/historiarealbetis\/1984-agosto-11-xx-colombino-semifinal-tarde-recreativo-2-vs-real-betis-balompie-1\/","title":{"rendered":"1984-Agosto 11-XX Colombino-Semifinal-tarde: Recreativo-2 vs. Real Betis Balompi\u00e9-1."},"content":{"rendered":"<p style=\"text-align: center\"><strong>1984-AGOSTO 11-S\u00c1BADO-EN HUELVA.<\/strong><\/p>\n<figure id=\"attachment_36687\" aria-describedby=\"caption-attachment-36687\" style=\"width: 680px\" class=\"wp-caption aligncenter\"><a href=\"https:\/\/www.manquepierda.com\/historiarealbetis\/36686-1984-agosto-11-xx-colombino-semifinal-tarde-recreativo-2-vs-real-betis-balompie-1\/estadio-colombino\/\" rel=\"attachment wp-att-36687\"><img data-recalc-dims=\"1\" loading=\"lazy\" decoding=\"async\" class=\"size-medium wp-image-36687\" src=\"https:\/\/i0.wp.com\/www.manquepierda.com\/historiarealbetis\/files\/2014\/08\/Estadio-Colombino.jpg?resize=680%2C446&#038;ssl=1\" alt=\"mmmm\" width=\"680\" height=\"446\" srcset=\"https:\/\/i0.wp.com\/www.manquepierda.com\/historiarealbetis\/files\/2014\/08\/Estadio-Colombino.jpg?resize=680%2C446&amp;ssl=1 680w, https:\/\/i0.wp.com\/www.manquepierda.com\/historiarealbetis\/files\/2014\/08\/Estadio-Colombino.jpg?resize=220%2C144&amp;ssl=1 220w, https:\/\/i0.wp.com\/www.manquepierda.com\/historiarealbetis\/files\/2014\/08\/Estadio-Colombino.jpg?resize=960%2C630&amp;ssl=1 960w, https:\/\/i0.wp.com\/www.manquepierda.com\/historiarealbetis\/files\/2014\/08\/Estadio-Colombino.jpg?w=1100&amp;ssl=1 1100w\" sizes=\"auto, (max-width: 680px) 100vw, 680px\" \/><\/a><figcaption id=\"caption-attachment-36687\" class=\"wp-caption-text\"><strong>XX TROFEO COLOMBINO-CUADRANGULAR-PRIMERA SEMIFINAL-ESTADIO MUNICIPAL 19&#8217;30 HORAS.<\/strong><\/figcaption><\/figure>\n<p style=\"text-align: center\">Arbitr\u00f3 el colegiado extreme\u00f1o Francisco CEBALLOS Borrego.-Deficiente labor.<\/p>\n<p style=\"text-align: center\"><strong>40 minutos: Expuls\u00f3 a ORTEGA por doble amonestaci\u00f3n.<\/strong><\/p>\n<p style=\"text-align: center\"><strong>Tarjetas Amarillas 86 minutos:\u00a0 RECREATIVO DE HUELVA: <\/strong>CRESPO+CARPI+ONDINA+DE LA RIVA+MARAVER.<\/p>\n<p style=\"text-align: center\"><strong>REAL BETIS BALOMPI\u00c9: \u00a0<\/strong>DIEGO+<strong>ALEX+MANTILLA+GORDILLO.<\/strong><\/p>\n<p style=\"text-align: center\">Aline\u00f3 a ambas escuadras de la forma siguiente:<\/p>\n<p style=\"text-align: left\"><strong>2\u00aa DIVISI\u00d3N 1984-1985.-REAL CLUB RECREATIVO HUELVA-2 Tantos: <\/strong><strong>1-0.-64 minutos:\u00a0 CRESPO.-2-1.-85 minutos: Jes\u00fas CRESPO.<\/strong><\/p>\n<p style=\"text-align: center\">1979-1984 Presidente don Jos\u00e9 Antonio MU\u00d1OZ Lozano.<\/p>\n<p style=\"text-align: left\">1984-1985.-Entrenador Juan Carlos TOURI\u00d1O Cancela.<\/p>\n<p style=\"text-align: left\">Jordi CASTEL Casola.-Emilio DE LA RIVA Solla-Jos\u00e9 Manuel G\u00f3mez ONDINA-Juan MARAVER Gonz\u00e1lez-Antonio Gonz\u00e1lez CEPEDA.-MIGUEL \u00c1NGEL Del Pino G\u00f3mez-Idelfonso Aguilar Ramos (a) \u00abB\u00c9QUER\u00bb (86 minutos: Juan Manuel Moreno Gonz\u00e1lez (a) \u00abJUANMA\u00bb)-Francisco Javier Garc\u00eda Vicente (a) \u00abJAVI\u00bb.-Jos\u00e9 Mar\u00eda Carpintero Pino (a) \u00abCARPI\u00bb (61 minutos: Jos\u00e9 VILLA Mera)-Jes\u00fas CRESPO Bello-Roberto Pedro ORELLANA Romoa.<\/p>\n<p style=\"text-align: center\"><strong>Vs.<\/strong><\/p>\n<p style=\"text-align: center\"><strong>1\u00aa DIVISI\u00d3N 1984-1985.-REAL BETIS BALOMPI\u00c9-1 Gol:<\/strong><\/p>\n<figure id=\"attachment_36688\" aria-describedby=\"caption-attachment-36688\" style=\"width: 188px\" class=\"wp-caption aligncenter\"><a href=\"https:\/\/www.manquepierda.com\/historiarealbetis\/36686-1984-agosto-11-xx-colombino-semifinal-tarde-recreativo-2-vs-real-betis-balompie-1\/hipolito-rincon-povedano\/\" rel=\"attachment wp-att-36688\"><img data-recalc-dims=\"1\" loading=\"lazy\" decoding=\"async\" class=\"size-thumbnail wp-image-36688\" src=\"https:\/\/i0.wp.com\/www.manquepierda.com\/historiarealbetis\/files\/2014\/08\/Hip%C3%B3lito-Rinc%C3%B3n-Povedano.png?resize=188%2C220&#038;ssl=1\" alt=\"mmm\" width=\"188\" height=\"220\" srcset=\"https:\/\/i0.wp.com\/www.manquepierda.com\/historiarealbetis\/files\/2014\/08\/Hip%C3%B3lito-Rinc%C3%B3n-Povedano.png?resize=188%2C220&amp;ssl=1 188w, https:\/\/i0.wp.com\/www.manquepierda.com\/historiarealbetis\/files\/2014\/08\/Hip%C3%B3lito-Rinc%C3%B3n-Povedano.png?w=191&amp;ssl=1 191w\" sizes=\"auto, (max-width: 188px) 100vw, 188px\" \/><\/a><figcaption id=\"caption-attachment-36688\" class=\"wp-caption-text\"><strong>1-1.-84 Minutos.-HOP\u00d3LITO RINC\u00d3N Povedano bati\u00f3 al meta onubense Castel.<\/strong><\/figcaption><\/figure>\n<p style=\"text-align: center\"><strong>48\u00ba Presidente don Gerardo MART\u00cdNEZ Retamero, segunda temporada consecutiva.<\/strong><\/p>\n<p style=\"text-align: left\"><strong>1984-1985.-Entrenador 01\u00aa-27\u00aa Jornadas,\u00a0 ambas inclusive: Jos\u00e9 ALZATE Rivero.<\/strong><\/p>\n<p style=\"text-align: left\"><strong>Jos\u00e9 Ram\u00f3n ESNAOLA Larburu.-<\/strong>DIEGO Rodr\u00edguez Fern\u00e1ndez <strong>(53 minutos:\u00a0 JULIO Garc\u00eda Fern\u00e1ndez)<\/strong>&#8211;<strong>Francisco Javier MANTILLA Mier-Al-Lal Mohamed Amar (a) \u00abALEX\u00bb-Rafael GORDILLO V\u00e1zquez.-Antol\u00edn ORTEGA Garc\u00eda-Francisco Mach\u00edn Fern\u00e1ndez De la Puente (a) \u00abPACO\u00bb-Julio CARDE\u00d1OSA Rodr\u00edguez.-Jos\u00e9 Carlos SU\u00c1REZ Garc\u00eda (67 minutos:\u00a0 Hip\u00f3lito RINC\u00d3N Povedano)-Antonio Joaqu\u00edn PARRA Fern\u00e1ndez-Jos\u00e9 D\u00edez CALLEJA (89 minutos:\u00a0 Antonio CASADO Ruiz).<\/strong><\/p>\n<p style=\"text-align: center\">&#8212;&#8212;&#8212;&#8212;-0000000000000&#8212;&#8212;&#8212;&#8212;-<\/p>\n<p style=\"text-align: center\"><strong>1984-AGOSTO 12-DOMINGO.-<\/strong><strong>XX TROFEO \u00abCOLOMBINO\u00bb-FINAL CONSOLACI\u00d3N.<\/strong><\/p>\n<p style=\"text-align: center\"><strong>Arbitr\u00f3 el colegiado melillense Alfonso P\u00c9REZ Cabeza (discreta labor).-Aline\u00f3 a ambas formaciones de la manera siguiente:<\/strong><\/p>\n<p style=\"text-align: center\"><strong>TERCERO-Primera Divisi\u00f3n 1984-1985.-REAL BETIS BALOMPI\u00c9-3 Goles.<\/strong><\/p>\n<figure id=\"attachment_36689\" aria-describedby=\"caption-attachment-36689\" style=\"width: 220px\" class=\"wp-caption aligncenter\"><a href=\"https:\/\/www.manquepierda.com\/historiarealbetis\/36686-1984-agosto-11-xx-colombino-semifinal-tarde-recreativo-2-vs-real-betis-balompie-1\/francisco-machin-paco\/\" rel=\"attachment wp-att-36689\"><img data-recalc-dims=\"1\" loading=\"lazy\" decoding=\"async\" class=\"size-thumbnail wp-image-36689\" src=\"https:\/\/i0.wp.com\/www.manquepierda.com\/historiarealbetis\/files\/2014\/08\/Francisco-Mach%C3%ADn-PACO.jpg?resize=220%2C217&#038;ssl=1\" alt=\"MMM\" width=\"220\" height=\"217\" srcset=\"https:\/\/i0.wp.com\/www.manquepierda.com\/historiarealbetis\/files\/2014\/08\/Francisco-Mach%C3%ADn-PACO.jpg?resize=220%2C217&amp;ssl=1 220w, https:\/\/i0.wp.com\/www.manquepierda.com\/historiarealbetis\/files\/2014\/08\/Francisco-Mach%C3%ADn-PACO.jpg?resize=605%2C600&amp;ssl=1 605w, https:\/\/i0.wp.com\/www.manquepierda.com\/historiarealbetis\/files\/2014\/08\/Francisco-Mach%C3%ADn-PACO.jpg?resize=706%2C700&amp;ssl=1 706w, https:\/\/i0.wp.com\/www.manquepierda.com\/historiarealbetis\/files\/2014\/08\/Francisco-Mach%C3%ADn-PACO.jpg?w=941&amp;ssl=1 941w\" sizes=\"auto, (max-width: 220px) 100vw, 220px\" \/><\/a><figcaption id=\"caption-attachment-36689\" class=\"wp-caption-text\"><strong>1-0.-12 minutos: Francisco Mach\u00edn (a) \u00abPACO\u00bb.<\/strong><\/figcaption><\/figure>\n<figure id=\"attachment_36691\" aria-describedby=\"caption-attachment-36691\" style=\"width: 109px\" class=\"wp-caption aligncenter\"><a href=\"https:\/\/www.manquepierda.com\/historiarealbetis\/36686-1984-agosto-11-xx-colombino-semifinal-tarde-recreativo-2-vs-real-betis-balompie-1\/pedro-valdominos-horche\/\" rel=\"attachment wp-att-36691\"><img data-recalc-dims=\"1\" loading=\"lazy\" decoding=\"async\" class=\"size-full wp-image-36691\" src=\"https:\/\/i0.wp.com\/www.manquepierda.com\/historiarealbetis\/files\/2014\/08\/Pedro-VALDOminos-Horche.jpg?resize=109%2C139&#038;ssl=1\" alt=\"mmmm\" width=\"109\" height=\"139\" \/><\/a><figcaption id=\"caption-attachment-36691\" class=\"wp-caption-text\"><strong>2-1.-43 minutos: Pedro VALDOminos Horce.<\/strong><\/figcaption><\/figure>\n<figure id=\"attachment_36692\" aria-describedby=\"caption-attachment-36692\" style=\"width: 217px\" class=\"wp-caption aligncenter\"><a href=\"https:\/\/www.manquepierda.com\/historiarealbetis\/36686-1984-agosto-11-xx-colombino-semifinal-tarde-recreativo-2-vs-real-betis-balompie-1\/rafael-gordillo-vazquez\/\" rel=\"attachment wp-att-36692\"><img data-recalc-dims=\"1\" loading=\"lazy\" decoding=\"async\" class=\"size-thumbnail wp-image-36692\" src=\"https:\/\/i0.wp.com\/www.manquepierda.com\/historiarealbetis\/files\/2014\/08\/Rafael-Gordillo-V%C3%A1zquez.jpg?resize=217%2C220&#038;ssl=1\" alt=\"mmmm\" width=\"217\" height=\"220\" srcset=\"https:\/\/i0.wp.com\/www.manquepierda.com\/historiarealbetis\/files\/2014\/08\/Rafael-Gordillo-V%C3%A1zquez.jpg?resize=217%2C220&amp;ssl=1 217w, https:\/\/i0.wp.com\/www.manquepierda.com\/historiarealbetis\/files\/2014\/08\/Rafael-Gordillo-V%C3%A1zquez.jpg?resize=592%2C600&amp;ssl=1 592w, https:\/\/i0.wp.com\/www.manquepierda.com\/historiarealbetis\/files\/2014\/08\/Rafael-Gordillo-V%C3%A1zquez.jpg?resize=691%2C700&amp;ssl=1 691w, https:\/\/i0.wp.com\/www.manquepierda.com\/historiarealbetis\/files\/2014\/08\/Rafael-Gordillo-V%C3%A1zquez.jpg?w=916&amp;ssl=1 916w\" sizes=\"auto, (max-width: 217px) 100vw, 217px\" \/><\/a><figcaption id=\"caption-attachment-36692\" class=\"wp-caption-text\"><strong>3-1.-55 minutos:\u00a0 Rafael GORDILLO V\u00e1zquez.<\/strong><\/figcaption><\/figure>\n<p style=\"text-align: left\"><strong>ESNAOLA.-<\/strong>DIEGO-<strong>CARMELO Jos\u00e9 Navarro Artega-\u00c1LEX-GORDILLO.-JULIO-PACO-PARRA-CASADO.-RINC\u00d3N-Pedro Valdominos Horche (a) \u00abVALDO\u00bb.<\/strong><\/p>\n<p style=\"text-align: center\"><strong>Tambi\u00e9n participaron:\u00a0 Antonio REYES Gonz\u00e1lez+Manuel PALOMINO Peralta+CALLEJA+SU\u00c1REZ.<\/strong><\/p>\n<p style=\"text-align: center\"><strong>Vs.<\/strong><\/p>\n<p style=\"text-align: left\"><strong>CUARTO-Primera Divisi\u00f3n 1984-1985.-CLUB DEPORTIVO M\u00c1LAGA-2 Tantos:\u00a0 <\/strong><strong>1-1.-37 minutos: MICANOVIC.-3-2.-56 minutos: JOS\u00c9.<\/strong><\/p>\n<p style=\"text-align: center\">Desde mi\u00e9rcoles 26-Agosto-1981 hasta viernes 22-Noviembre-1985 presidente don Antonio P\u00c9REZ-GASC\u00d3N Cobos.<\/p>\n<p style=\"text-align: left\">1984-1985 Entrenador Antonio FERN\u00c1NDEZ Ben\u00edtez.<\/p>\n<p style=\"text-align: left\">Jos\u00e9 Antonio GALLARDO Mar\u00edn.-JUAN CARLOS P\u00e9rez Fr\u00edas-Miguel L\u00f3pez Garc\u00eda (a) \u00abPOPO\u00bb-\u00d3scar Sabino REGENHARD-Juan Carlos A\u00d1\u00d3N Moreno-Manuel ZAMBRANO D\u00edaz-Ricardo Ra\u00fal ALBISbeascoetxea-Manuel S\u00e1nchez CANILLAS.-Zlatomir MICANOVIC-Antonio Cruz Cruz (a) \u00abTOT\u00d3\u00bb-JOS\u00c9 Manuel Hurtado Madrona.<\/p>\n<p style=\"text-align: center\">En la segunda parte entraron:\u00a0 DIEGO\u00a0 y \u00a0<strong>Jos\u00e9 Carlos Fern\u00e1ndez TELLO.<\/strong><\/p>\n<p style=\"text-align: center\">&amp;&amp;&amp;&amp;&amp;&amp;&amp;&amp;&amp;&amp;&amp;&amp;&amp;<\/p>\n<p style=\"text-align: center\">1\u00ba.-Real Madrid Club de F\u00fatbol.-2\u00ba.-Real Club Recreativo de Huelva.<\/p>\n<p style=\"text-align: center\"><em><strong>&amp;&amp;&amp;&amp;&amp;&amp;&amp;&amp;&amp;&amp;&amp;&amp;&amp;<\/strong><\/em><\/p>\n<p style=\"text-align: left\"><strong>\u00abEl Real Betis Balompi\u00e9 ha recibido una oferta para realizar una gira por Hungr\u00eda desde el lunes 20 hasta el s\u00e1bado 25 de Agosto de 1984,\u00a0 enfrent\u00e1ndose al Ferenv\u00e1rosi Torna Club y a la propia selecci\u00f3n magiar.\u00a0 Esta propuesta se ha desechado porque,\u00a0 seg\u00fan el club verdiblanco,\u00a0 no interesa econ\u00f3micamente\u00bb (ABC-SE-19840811).<\/strong><\/p>\n","protected":false},"excerpt":{"rendered":"<p>1984-AGOSTO 11-S\u00c1BADO-EN HUELVA. Arbitr\u00f3 el colegiado extreme\u00f1o Francisco CEBALLOS Borrego.-Deficiente labor. 40 minutos: Expuls\u00f3 a ORTEGA por doble amonestaci\u00f3n. Tarjetas Amarillas 86 minutos:\u00a0 RECREATIVO DE HUELVA: CRESPO+CARPI+ONDINA+DE LA RIVA+MARAVER. REAL BETIS BALOMPI\u00c9: \u00a0DIEGO+ALEX+MANTILLA+GORDILLO. Aline\u00f3 a ambas escuadras de la forma siguiente: 2\u00aa DIVISI\u00d3N 1984-1985.-REAL CLUB RECREATIVO HUELVA-2 Tantos: 1-0.-64 minutos:\u00a0 CRESPO.-2-1.-85 minutos: Jes\u00fas CRESPO. 1979-1984&#8230;<\/p>\n","protected":false},"author":48,"featured_media":36687,"comment_status":"open","ping_status":"open","sticky":false,"template":"","format":"standard","meta":{"_kad_post_transparent":"","_kad_post_title":"","_kad_post_layout":"","_kad_post_sidebar_id":"","_kad_post_content_style":"","_kad_post_vertical_padding":"","_kad_post_feature":"","_kad_post_feature_position":"","_kad_post_header":false,"_kad_post_footer":false,"_kad_post_classname":"","_jetpack_memberships_contains_paid_content":false,"footnotes":"","jetpack_publicize_message":"","jetpack_publicize_feature_enabled":true,"jetpack_social_post_already_shared":true,"jetpack_social_options":{"image_generator_settings":{"template":"highway","default_image_id":0,"font":"","enabled":false},"version":2}},"categories":[904,1,2064],"tags":[3115,2251,2038,17922],"class_list":["post-36686","post","type-post","status-publish","format-standard","has-post-thumbnail","hentry","category-1980-1989","category-portada","category-trofeos-de-verano","tag-3115","tag-1984-85","tag-real-club-recreativo-de-huelva","tag-xx-trofeo-colombino"],"jetpack_publicize_connections":[],"jetpack_featured_media_url":"https:\/\/i0.wp.com\/www.manquepierda.com\/historiarealbetis\/files\/2014\/08\/Estadio-Colombino.jpg?fit=1100%2C722&ssl=1","jetpack_sharing_enabled":true,"jetpack_shortlink":"https:\/\/wp.me\/p1ij08-9xI","jetpack-related-posts":[],"_links":{"self":[{"href":"https:\/\/www.manquepierda.com\/historiarealbetis\/wp-json\/wp\/v2\/posts\/36686","targetHints":{"allow":["GET"]}}],"collection":[{"href":"https:\/\/www.manquepierda.com\/historiarealbetis\/wp-json\/wp\/v2\/posts"}],"about":[{"href":"https:\/\/www.manquepierda.com\/historiarealbetis\/wp-json\/wp\/v2\/types\/post"}],"author":[{"embeddable":true,"href":"https:\/\/www.manquepierda.com\/historiarealbetis\/wp-json\/wp\/v2\/users\/48"}],"replies":[{"embeddable":true,"href":"https:\/\/www.manquepierda.com\/historiarealbetis\/wp-json\/wp\/v2\/comments?post=36686"}],"version-history":[{"count":1,"href":"https:\/\/www.manquepierda.com\/historiarealbetis\/wp-json\/wp\/v2\/posts\/36686\/revisions"}],"predecessor-version":[{"id":97094,"href":"https:\/\/www.manquepierda.com\/historiarealbetis\/wp-json\/wp\/v2\/posts\/36686\/revisions\/97094"}],"wp:featuredmedia":[{"embeddable":true,"href":"https:\/\/www.manquepierda.com\/historiarealbetis\/wp-json\/wp\/v2\/media\/36687"}],"wp:attachment":[{"href":"https:\/\/www.manquepierda.com\/historiarealbetis\/wp-json\/wp\/v2\/media?parent=36686"}],"wp:term":[{"taxonomy":"category","embeddable":true,"href":"https:\/\/www.manquepierda.com\/historiarealbetis\/wp-json\/wp\/v2\/categories?post=36686"},{"taxonomy":"post_tag","embeddable":true,"href":"https:\/\/www.manquepierda.com\/historiarealbetis\/wp-json\/wp\/v2\/tags?post=36686"}],"curies":[{"name":"wp","href":"https:\/\/api.w.org\/{rel}","templated":true}]}}