{"id":36902,"date":"2014-09-10T07:23:38","date_gmt":"2014-09-10T05:23:38","guid":{"rendered":"http:\/\/www.manquepierda.com\/historiarealbetis\/?p=36902"},"modified":"2015-10-15T08:26:20","modified_gmt":"2015-10-15T06:26:20","slug":"el-fichaje-fallido-de-carmelo-cedrun-1963","status":"publish","type":"post","link":"https:\/\/www.manquepierda.com\/historiarealbetis\/el-fichaje-fallido-de-carmelo-cedrun-1963\/","title":{"rendered":"El fichaje fallido de Carmelo Cedr\u00fan 1963"},"content":{"rendered":"<p><a href=\"https:\/\/www.manquepierda.com\/historiarealbetis\/36902-el-fichaje-fallido-de-carmelo-cedrun-1963\/carmelo-cedrun\/\" rel=\"attachment wp-att-36903\"><img data-recalc-dims=\"1\" loading=\"lazy\" decoding=\"async\" class=\"alignleft wp-image-36903\" src=\"https:\/\/i0.wp.com\/www.manquepierda.com\/historiarealbetis\/files\/2014\/08\/Carmelo-Cedr%C3%BAn.jpg?resize=281%2C406&#038;ssl=1\" alt=\"Carmelo Cedr\u00fan\" width=\"281\" height=\"406\" srcset=\"https:\/\/i0.wp.com\/www.manquepierda.com\/historiarealbetis\/files\/2014\/08\/Carmelo-Cedr%C3%BAn.jpg?w=400&amp;ssl=1 400w, https:\/\/i0.wp.com\/www.manquepierda.com\/historiarealbetis\/files\/2014\/08\/Carmelo-Cedr%C3%BAn.jpg?resize=152%2C220&amp;ssl=1 152w\" sizes=\"auto, (max-width: 281px) 100vw, 281px\" \/><\/a><\/p>\n<p>&nbsp;<\/p>\n<p>Carmelo Cedr\u00fan fue guardameta del Athletic Club entre 1951 y 1964, adem\u00e1s de jugar tambi\u00e9n con la selecci\u00f3n espa\u00f1ola.<\/p>\n<p>En 1962 el Athletic incorpor\u00f3 a un joven portero que apuntaba ya muy alto: Jos\u00e9 Angel Ir\u00edbar, por lo que la titularidad de Carmelo dej\u00f3 de estar garantizada.<\/p>\n<p>Fue en ese verano de 1963 cuando el Betis se plante\u00f3 muy seriamente el fichaje del veterano portero vasco. Los porteros del equipo b\u00e9tico en esa campa\u00f1a hab\u00edan sido Jos\u00e9 Mar\u00eda Corral y Jos\u00e9 Casas \u00abPep\u00edn\u00bb, que se alternaron en la porter\u00eda sin una titularidad plenamente definida.<\/p>\n<p>&nbsp;<\/p>\n<p>Las primeras noticias en la prensa aparecen a mediados de junio de 1963, cuando se indica que el Athletic parece que va a conceder la baja a Carmelo, y que \u00e9ste ya ha iniciado contactos para fichar por el Betis.<\/p>\n<p>Pero, enterado el club vasco de las pretensiones b\u00e9ticas, solicit\u00f3 la cifra de cuatro millones de pesetas por el traspaso del portero. Durante todo el mes de julio de 1963 continuaron las conversaciones entre las directivas bilba\u00edna y b\u00e9tica sin resultado concreto.<\/p>\n<p>El jugador fue claro y en todo momento manifest\u00f3 su inter\u00e9s por venir al Betis, pero choc\u00f3 con la intenci\u00f3n del club vasco de sacar una rentabilidad econ\u00f3mica de su traspaso, m\u00e1xime cuando otros clubs (Atl\u00e9tico de Madrid, por ejemplo) mostraron tambi\u00e9n inter\u00e9s por hacerse con sus servicios.<\/p>\n<p>A comienzos de agosto una entrevista realizada al directivo b\u00e9tico Jos\u00e9 Mar\u00eda de la Concha nos da las claves de la operaci\u00f3n.<\/p>\n<p>\u00ab-<span style=\"color: #339966\"><em>Casi a punto de finalizar la Liga don Jos\u00e9 L\u00f3pez Rebollo, promotor profesional de f\u00fatbol, se dirigi\u00f3 a un destacado directivo del Betis notific\u00e1ndole que el presidente del Indauchu, se\u00f1or Olaso, le hab\u00eda confesado que el Atl\u00e9tico de Bilbao no ten\u00eda inconveniente en traspasar o dar la carta de \u00a0libertad a Carmelo, si encontraba un club apropiado para obtener adecuado beneficio econ\u00f3mico que resolviera su futuro, como recompensa a los m\u00faltiples y valiosos servicios que el jugador hab\u00eda prestado al Atl\u00e9tico. Seguidamente el Betis inici\u00f3 las gestiones, por considerar que era el club que pod\u00eda ofrecerle a Carmelo el bienestar deseado, y adem\u00e1s porque le interesaban los servicios del famoso guardameta internacional. Gestiones que se iniciaron a trav\u00e9s del citado se\u00f1or L\u00f3pez Rebollo, quien tom\u00f3 contacto con el club bilba\u00edno, donde le comunicaron que parec\u00eda bien la sugerencia b\u00e9tica, por lo que deb\u00eda el Betis entrar en relaci\u00f3n directa y oficial con el Atl\u00e9tico.<\/em><\/span><\/p>\n<p><span style=\"color: #339966\"><em>-\u00bf Se hizo as\u00ed?<\/em><\/span><\/p>\n<p><span style=\"color: #339966\"><em>-En \u00a0efecto. Aprovechando que acompa\u00f1\u00e9 al equipo que jug\u00f3 en Riazor el \u00faltimo partido de Liga, me desplac\u00e9 de La Coru\u00f1a a Bilbao llevando \u00f3rdenes concretas del presidente se\u00f1or Villamar\u00edn y de la directiva con respecto a este asunto. Estas \u00f3rdenes se refer\u00edan a ver y escuchar. Una vez en la capital vizca\u00edna me puse inmediatamente en contacto con el secretario t\u00e9cnico, se\u00f1or Ipi\u00f1a, y con el directivo se\u00f1or Celaya, exponi\u00e9ndoles nuestros deseos de fichar a Carmelo. \u00a0Me manifestaron que hab\u00eda sido malinterpretado el criterio del Atl\u00e9tico sobre el particular, pues no se hab\u00eda hablado de conceder la libertad al jugador; pero que s\u00ed estaban dispuesto a traspasarlo al Betis. Me dieron cifras iniciales, que las comuniqu\u00e9 al se\u00f1or Villamar\u00edn y a la Directiva cuando d\u00ed cuenta de mis gestiones.<\/em><\/span><\/p>\n<p><span style=\"color: #339966\"><em>-\u00bfInteresaron dichas cifras al Betis?<\/em><\/span><\/p>\n<p><span style=\"color: #339966\"><em>&#8211; Con ocasi\u00f3n de la estancia de los presidentes de clubs en Valencia, invitados por el club de Mestalla para presenciar el partido final de la Copa de Ferias, el se\u00f1or Villamar\u00edn hizo una oferta directa con car\u00e1cter oficial sobre Carmelo. Oferta que se volvi\u00f3 a ratificar en Madrid con motivo del Pleno federativo. <\/em><\/span><\/p>\n<p><span style=\"color: #339966\"><em>-\u00bfQu\u00e9 tipo de oferta es la que ha formulado el Betis?<\/em><\/span><\/p>\n<p><span style=\"color: #339966\"><em>&#8211; Desde luego no lo que vale Carmelo; pero lo que se pretende es hacer un gran favor al jugador, y puedo asegurar que la cantidad que ofrecemos es m\u00e1s que suficiente para cubrir las aspiraciones del futbolista y para asegurarle definitivamente el porvenir.<\/em><\/span><\/p>\n<p><span style=\"color: #339966\"><em>&#8211; \u00bfQuieres significar que la oferta b\u00e9tica se enfoca tan s\u00f3lo en beneficio del guardameta, sin otros logros econ\u00f3micos para el Atl\u00e9tico de Bilbao, y que en esto reside el quid de la cuesti\u00f3n?<\/em><\/span><\/p>\n<p><span style=\"color: #339966\"><em>-El Betis mantiene su oferta al Atl\u00e9tico de Bilbao, y esperamos que al final el club acepte resolviendo favorablemente la situaci\u00f3n planteada, ya que son los deseos \u00a0de dicha sociedad favorecer de alg\u00fan modo los valiosos servicios que Carmelo ha prestado a lo largo de catorce a\u00f1os, y con la oferta b\u00e9tica podemos asegurar que el Atl\u00e9tico de Bilbao conseguir\u00e1 con largueza dichos prop\u00f3sitos. \u00a0Y esto es todo por el momento. No hay m\u00e1s. Confiamos, sin embargo, en el buen sentido y en al altruismo tradicional del Atl\u00e9tico, siempre dispuesto a favorecer a quien lealmente le ha servido\u00bb \u00a0 \u00a0 \u00a0 \u00a0<\/em><\/span><\/p>\n<p><span style=\"color: #339966\"><em>\u00a0<\/em><\/span><\/p>\n<p>Y as\u00ed qued\u00f3 la cuesti\u00f3n. Athletic y Betis no se pusieron de acuerdo en el traspaso del jugador, aun que \u00e9ste s\u00ed estaba convencido de ello, y Carmelo permaneci\u00f3 un a\u00f1o m\u00e1s en las filas del Athletic. En esa temporada 63-64 la titularidad fue casi en exclusiva para Ir\u00edbar, de forma que en 1964 Carmelo ya s\u00ed fue traspasado al Espa\u00f1ol, en donde jugar\u00eda hasta 1967 en que se retir\u00f3 ya con 36 a\u00f1os.<\/p>\n","protected":false},"excerpt":{"rendered":"<p>&nbsp; Carmelo Cedr\u00fan fue guardameta del Athletic Club entre 1951 y 1964, adem\u00e1s de jugar tambi\u00e9n con la selecci\u00f3n espa\u00f1ola. En 1962 el Athletic incorpor\u00f3 a un joven portero que apuntaba ya muy alto: Jos\u00e9 Angel Ir\u00edbar, por lo que la titularidad de Carmelo dej\u00f3 de estar garantizada. Fue en ese verano de 1963 cuando&#8230;<\/p>\n","protected":false},"author":5,"featured_media":36903,"comment_status":"open","ping_status":"open","sticky":false,"template":"","format":"standard","meta":{"_kad_post_transparent":"","_kad_post_title":"","_kad_post_layout":"","_kad_post_sidebar_id":"","_kad_post_content_style":"","_kad_post_vertical_padding":"","_kad_post_feature":"","_kad_post_feature_position":"","_kad_post_header":false,"_kad_post_footer":false,"_kad_post_classname":"","_jetpack_memberships_contains_paid_content":false,"footnotes":"","jetpack_publicize_message":"","jetpack_publicize_feature_enabled":true,"jetpack_social_post_already_shared":true,"jetpack_social_options":{"image_generator_settings":{"template":"highway","default_image_id":0,"font":"","enabled":false},"version":2}},"categories":[902,1],"tags":[4281,10687,1221],"class_list":["post-36902","post","type-post","status-publish","format-standard","has-post-thumbnail","hentry","category-1960-1969","category-portada","tag-4281","tag-carmelo-cedrun","tag-jose-maria-de-la-concha"],"jetpack_publicize_connections":[],"jetpack_featured_media_url":"https:\/\/i0.wp.com\/www.manquepierda.com\/historiarealbetis\/files\/2014\/08\/Carmelo-Cedr%C3%BAn.jpg?fit=400%2C578&ssl=1","jetpack_sharing_enabled":true,"jetpack_shortlink":"https:\/\/wp.me\/p1ij08-9Bc","jetpack-related-posts":[],"_links":{"self":[{"href":"https:\/\/www.manquepierda.com\/historiarealbetis\/wp-json\/wp\/v2\/posts\/36902","targetHints":{"allow":["GET"]}}],"collection":[{"href":"https:\/\/www.manquepierda.com\/historiarealbetis\/wp-json\/wp\/v2\/posts"}],"about":[{"href":"https:\/\/www.manquepierda.com\/historiarealbetis\/wp-json\/wp\/v2\/types\/post"}],"author":[{"embeddable":true,"href":"https:\/\/www.manquepierda.com\/historiarealbetis\/wp-json\/wp\/v2\/users\/5"}],"replies":[{"embeddable":true,"href":"https:\/\/www.manquepierda.com\/historiarealbetis\/wp-json\/wp\/v2\/comments?post=36902"}],"version-history":[{"count":0,"href":"https:\/\/www.manquepierda.com\/historiarealbetis\/wp-json\/wp\/v2\/posts\/36902\/revisions"}],"wp:featuredmedia":[{"embeddable":true,"href":"https:\/\/www.manquepierda.com\/historiarealbetis\/wp-json\/wp\/v2\/media\/36903"}],"wp:attachment":[{"href":"https:\/\/www.manquepierda.com\/historiarealbetis\/wp-json\/wp\/v2\/media?parent=36902"}],"wp:term":[{"taxonomy":"category","embeddable":true,"href":"https:\/\/www.manquepierda.com\/historiarealbetis\/wp-json\/wp\/v2\/categories?post=36902"},{"taxonomy":"post_tag","embeddable":true,"href":"https:\/\/www.manquepierda.com\/historiarealbetis\/wp-json\/wp\/v2\/tags?post=36902"}],"curies":[{"name":"wp","href":"https:\/\/api.w.org\/{rel}","templated":true}]}}