{"id":36910,"date":"2014-08-25T08:57:56","date_gmt":"2014-08-25T06:57:56","guid":{"rendered":"http:\/\/www.manquepierda.com\/historiarealbetis\/?p=36910"},"modified":"2024-09-03T16:02:22","modified_gmt":"2024-09-03T14:02:22","slug":"entrevista-jesus-maria-landa","status":"publish","type":"post","link":"https:\/\/www.manquepierda.com\/historiarealbetis\/entrevista-jesus-maria-landa\/","title":{"rendered":"Entrevista Jes\u00fas Mar\u00eda Landa 1966"},"content":{"rendered":"<p><a href=\"https:\/\/www.manquepierda.com\/historiarealbetis\/36910-entrevista-jesus-maria-landa\/landa-1\/\" rel=\"attachment wp-att-36911\"><img data-recalc-dims=\"1\" loading=\"lazy\" decoding=\"async\" class=\"alignleft wp-image-36911\" src=\"https:\/\/i0.wp.com\/www.manquepierda.com\/historiarealbetis\/files\/2014\/08\/Landa-1.jpg?resize=170%2C265&#038;ssl=1\" alt=\"Landa-1\" width=\"170\" height=\"265\" \/><\/a>Jes\u00fas Mar\u00eda Landa fue un delantero que se incorpor\u00f3 al Betis en la temporada 1965-66 procedente del Atl\u00e9tico Baleares, aunque ya hab\u00eda jugado en Primera Divisi\u00f3n con el Valladolid. En teor\u00eda lleg\u00f3 al Betis para competir con el delantero centro titular Fernando Ansola, pero estas pretensiones pronto quedaron relegadas ante la titularidad indiscutible de Ansola.<\/p>\n<p>De manera que hasta el 23 de enero de 1966, ya en la jornada 20, no debut\u00f3 de forma oficial en la Liga con el Betis, limit\u00e1ndose hasta entonces su concurso a intervenir en 5 partidos amistosos en los que obtuvo 5 goles.<\/p>\n<p>Con motivo de su estreno con el primer equipo verdiblanco en el diario deportivo Marca apareci\u00f3 esta entrevista, en la que desvela cu\u00e1les eran sus aspiraciones y su trayectoria.<\/p>\n<p>Tendr\u00eda que esperar a que finalizara esta campa\u00f1a para hacerse con la titularidad en la delantera b\u00e9tica, una vez traspasado Fernando Ansola al Valencia.<\/p>\n<p>&nbsp;<\/p>\n<p><span style=\"color: #339966\"><em>Con extraordinario ambiente lleg\u00f3 a Sevilla Jes\u00fas Mar\u00eda Landa Berastegui, un muchachote vasco de veinti\u00fan a\u00f1os de edad, 1.74 de talla y 73 kilos de peso, natural de Zarauz. \u00a0Su \u201ccartel\u201d, en realidad, era desconocido en Sevilla, pero su nombre est\u00e1\u00a0 respaldado a trav\u00e9s de su permanencia en el Valladolid\u2026<\/em><\/span><\/p>\n<p><span style=\"color: #339966\"><em>\u00a0<\/em><\/span><\/p>\n<p><span style=\"color: #339966\"><em>Landa, de la mano de Pepe Valera, se incorpor\u00f3 al Real Betis Balompi\u00e9 a principio de la actual temporada, y aunque su debut fue confrontaci\u00f3n internacional ante el Flamengo, en partido del Trofeo Ram\u00f3n de Carranza, el caso es que Landa, oficialmente, no ha hecho acto de presencia hasta el pasado domingo. Landa triunf\u00f3 y constituye en el criterio de los aficionados serio adversario de Ansola para el puesto de delantero centro. \u00a1Nada menos que eso\u00a1<\/em><\/span><\/p>\n<p><span style=\"color: #339966\"><em>\u00a0<\/em><\/span><\/p>\n<p><span style=\"color: #339966\"><em>Jes\u00fas Mar\u00eda es, sin embargo, hombre de mala suerte, seg\u00fan nos confiesa:<\/em><\/span><\/p>\n<p><span style=\"color: #339966\"><em>\u00a0<\/em><\/span><\/p>\n<p><span style=\"color: #339966\">&#8211;\u00a0\u00a0\u00a0\u00a0\u00a0 <em>Mi mala suerte radica tan solo en cuestiones propias: a los dos equipos punteros que he ido contaban con un hombre figura, en plenitud de aciertos, en el mismo lugar que yo habitualmente ocupo. Fui al Valladolid y all\u00ed me encontr\u00e9 con Moroll\u00f3n, convertido en la base del equipo, y no pude desbancarlo, y vengo ahora al Betis y tengo por delante a Ansola<\/em><\/span><\/p>\n<p><span style=\"color: #339966\">&#8211;\u00a0\u00a0\u00a0\u00a0\u00a0 <em>\u00bfY por eso no ha podido lograr todav\u00eda la titularidad?<\/em><\/span><\/p>\n<p><span style=\"color: #339966\">&#8211;\u00a0\u00a0\u00a0\u00a0\u00a0 <em>Esa es la causa, en efecto, de que no haya podido conseguir mi m\u00e1xima aspiraci\u00f3n<\/em><\/span><\/p>\n<p><span style=\"color: #339966\">&#8211;\u00a0\u00a0\u00a0\u00a0\u00a0 <em>\u00bfQue es?<\/em><\/span><\/p>\n<p><span style=\"color: #339966\">&#8211;\u00a0\u00a0\u00a0\u00a0\u00a0 <em>Ser titular en Primera Divisi\u00f3n y no jugar de \u201cprestado\u201d<\/em><\/span><\/p>\n<p><span style=\"color: #339966\">&#8211;\u00a0\u00a0\u00a0\u00a0\u00a0 <em>Cuando fue al Valladolid \u00bfeste equipo pertenec\u00eda a la m\u00e1xima categor\u00eda?<\/em><\/span><\/p>\n<p><span style=\"color: #339966\">&#8211;\u00a0\u00a0\u00a0\u00a0\u00a0 <em>Exacto<\/em><\/span><\/p>\n<p><span style=\"color: #339966\">&#8211;\u00a0\u00a0\u00a0\u00a0\u00a0 <em>\u00bfEntonces no fue el del domingo pasado su debut en Primera Divisi\u00f3n?<\/em><\/span><\/p>\n<p><span style=\"color: #339966\">&#8211;\u00a0\u00a0\u00a0\u00a0\u00a0 <em>No. Con el Valladolid hab\u00eda jugado antes en siete ocasiones, aprovechando las forzosas ausencias de Moroll\u00f3n. Por cierto, que de los dos goles que marqu\u00e9 en aquel equipo durante mis actuaciones en Primera, precisamente el que inaugur\u00f3 la serie lo obtuve batiendo el portal del Betis en el Estadio de Zorrilla<\/em><\/span><\/p>\n<p><span style=\"color: #339966\">&#8211;\u00a0\u00a0\u00a0\u00a0\u00a0 <em>Sin embargo, usted proced\u00eda del Atl\u00e9tico de Baleares, \u00bfno?<\/em><\/span><\/p>\n<p><span style=\"color: #339966\">&#8211;\u00a0\u00a0\u00a0\u00a0\u00a0 <em>S\u00ed, donde fui cedido por el Valladolid para jugar la liguilla de ascenso a Segunda Divisi\u00f3n. Pero, como le digo que soy hombre de mala suerte, a causa del enrevesado papeleo, que todav\u00eda no he podido aclarar, Aramendi y yo, que fuimos los cedidos, quedamos en propiedad del club balear, y hasta que a principio de la presente temporada el Betis me trajo, en el Atl\u00e9tico Baleares he permanecido\u2026<\/em><\/span><\/p>\n<p><span style=\"color: #339966\">&#8211;\u00a0\u00a0\u00a0\u00a0\u00a0 <em>\u00bfPor cu\u00e1nto tiempo tiene contrato con el Betis?<\/em><\/span><\/p>\n<p><span style=\"color: #339966\">&#8211;\u00a0\u00a0\u00a0\u00a0\u00a0 <em>He firmado solo por esta temporada<\/em><\/span><\/p>\n<p><span style=\"color: #339966\">&#8211;\u00a0\u00a0\u00a0\u00a0\u00a0 <em>\u00bfSiempre lo haces as\u00ed?<\/em><\/span><\/p>\n<p><span style=\"color: #339966\">&#8211;\u00a0\u00a0\u00a0\u00a0\u00a0 <em>En cierto modo. Aunque en realidad mi historia profesional futbol\u00edstica es relativamente corta<\/em><\/span><\/p>\n<p><span style=\"color: #339966\">&#8211;\u00a0\u00a0\u00a0\u00a0\u00a0 <em>\u00bfCu\u00e1l es?<\/em><\/span><\/p>\n<p><span style=\"color: #339966\">&#8211;\u00a0\u00a0\u00a0\u00a0\u00a0 <em>Empec\u00e9 en el juvenil del Zarauz, en el que por cierto fui designado para ocupar el eje de la selecci\u00f3n espa\u00f1ola contra Italia, en el partido que se jug\u00f3 en Sevilla. Eso fue hace seis a\u00f1os. Luego pas\u00e9 al Basconia, cuando estaba en Segunda Divisi\u00f3n, suscribiendo mi primera cartulina profesional, y de all\u00ed al Valladolid, para ser cedido al Atl\u00e9tico de Baleares y, finalmente, recalar en el Real Betis Balompi\u00e9.<\/em><\/span><\/p>\n<p><span style=\"color: #339966\">&#8211;\u00a0\u00a0\u00a0\u00a0\u00a0 <em>Seis temporadas activas y cinco equipos. \u00bfA qu\u00e9 obedecen estos continuos cambios?<\/em><\/span><\/p>\n<p><span style=\"color: #339966\">&#8211;\u00a0\u00a0\u00a0\u00a0\u00a0 <em>Simplemente porque voy buscando mi gran anhelo: ser titular y no jugar \u201cde prestado\u201d\u00a0\u00a0\u00a0\u00a0\u00a0 <\/em><\/span><\/p>\n<p><span style=\"color: #339966\">&#8211;\u00a0\u00a0\u00a0\u00a0\u00a0 <em>\u00bfY cuando lo consiga echar\u00e1 anclas?<\/em><\/span><\/p>\n<p><span style=\"color: #339966\">&#8211;\u00a0\u00a0\u00a0\u00a0\u00a0 <em>Eso espero<\/em><\/span><\/p>\n<p><span style=\"color: #339966\">&#8211;\u00a0\u00a0\u00a0\u00a0\u00a0 <em>\u00bfPodr\u00e1 ser en el Betis?<\/em><\/span><\/p>\n<p><span style=\"color: #339966\">&#8211;\u00a0\u00a0\u00a0\u00a0\u00a0 <em>\u00bfPor qu\u00e9 no? Estoy satisfecho en este club y Sevilla me gusta. Adem\u00e1s, es una capital que se adapta a mis necesidades<\/em><\/span><\/p>\n<p><span style=\"color: #339966\">&#8211;\u00a0\u00a0\u00a0\u00a0\u00a0 <em>\u00bfCu\u00e1les?<\/em><\/span><\/p>\n<p><span style=\"color: #339966\">&#8211;\u00a0\u00a0\u00a0\u00a0\u00a0 <em>Las de estudiante<\/em><\/span><\/p>\n<p><span style=\"color: #339966\">&#8211;\u00a0\u00a0\u00a0\u00a0\u00a0 <em>\u00bfQu\u00e9 estudia?<\/em><\/span><\/p>\n<p><span style=\"color: #339966\">&#8211;\u00a0\u00a0\u00a0\u00a0\u00a0 <em>Primer a\u00f1o de Derecho<\/em><\/span><\/p>\n<p><span style=\"color: #339966\">&#8211;\u00a0\u00a0\u00a0\u00a0\u00a0 <em>\u00bfY qu\u00e9 es m\u00e1s interesante para usted, el estudio o el f\u00fatbol profesional? \u00a0\u00a0<\/em><\/span><\/p>\n<p><span style=\"color: #339966\">&#8211;\u00a0\u00a0\u00a0\u00a0\u00a0 <em>Ambas cosas. No son incompatibles, todo lo contrario, y adem\u00e1s cubren por completo mis ilusiones<\/em><\/span><\/p>\n<p><span style=\"color: #339966\">&#8211;\u00a0\u00a0\u00a0\u00a0\u00a0 <em>\u00bfSiempre ha jugado de delantero centro?<\/em><\/span><\/p>\n<p><span style=\"color: #339966\">&#8211;\u00a0\u00a0\u00a0\u00a0\u00a0 <em>En el Valladolid, de los siete encuentros que jugu\u00e9 seis fueron de extremo izquierdo. Pero el lugar que me va es el de centro delantero<\/em><\/span><\/p>\n<p><span style=\"color: #339966\">&#8211;\u00a0\u00a0\u00a0\u00a0\u00a0 <em>Y como tal \u00bfcu\u00e1l es, seg\u00fan su criterio, la defensa m\u00e1s dif\u00edcil?<\/em><\/span><\/p>\n<p><span style=\"color: #339966\">&#8211;\u00a0\u00a0\u00a0\u00a0\u00a0 <em>Las de tipo t\u00e9cnico. La defensa que lucha no me asusta. Yo soy de iguales caracter\u00edsticas: hombre de lucha<\/em><\/span><\/p>\n<p><span style=\"color: #339966\">&#8211;\u00a0\u00a0\u00a0\u00a0\u00a0 <em>\u00bfEs, pues, ariete tanque?<\/em><\/span><\/p>\n<p><span style=\"color: #339966\">&#8211;\u00a0\u00a0\u00a0\u00a0\u00a0 <em>Lo soy, por eso me desenvuelvo estupendamente en el centro del ataque y en punta. Las \u00e1reas enemigas no tienen secreto para m\u00ed <\/em><\/span><\/p>\n<p><span style=\"color: #339966\"><em>\u00a0<\/em><\/span><\/p>\n<p>Fuente: Borbujo en Marca 29 de enero de 1966<\/p>\n","protected":false},"excerpt":{"rendered":"<p>Jes\u00fas Mar\u00eda Landa fue un delantero que se incorpor\u00f3 al Betis en la temporada 1965-66 procedente del Atl\u00e9tico Baleares, aunque ya hab\u00eda jugado en Primera Divisi\u00f3n con el Valladolid. En teor\u00eda lleg\u00f3 al Betis para competir con el delantero centro titular Fernando Ansola, pero estas pretensiones pronto quedaron relegadas ante la titularidad indiscutible de Ansola&#8230;.<\/p>\n","protected":false},"author":5,"featured_media":36911,"comment_status":"open","ping_status":"open","sticky":false,"template":"","format":"standard","meta":{"_kad_post_transparent":"","_kad_post_title":"","_kad_post_layout":"","_kad_post_sidebar_id":"","_kad_post_content_style":"","_kad_post_vertical_padding":"","_kad_post_feature":"","_kad_post_feature_position":"","_kad_post_header":false,"_kad_post_footer":false,"_kad_post_classname":"","_jetpack_memberships_contains_paid_content":false,"footnotes":"","jetpack_publicize_message":"","jetpack_publicize_feature_enabled":true,"jetpack_social_post_already_shared":true,"jetpack_social_options":{"image_generator_settings":{"template":"highway","default_image_id":0,"font":"","enabled":false},"version":2}},"categories":[902,893,1],"tags":[8183,1592,1368,16937],"class_list":["post-36910","post","type-post","status-publish","format-standard","has-post-thumbnail","hentry","category-1960-1969","category-jugadores-temas","category-portada","tag-1965-66","tag-1592","tag-jesus-maria-landa","tag-juan-manuel-borbujo"],"jetpack_publicize_connections":[],"jetpack_featured_media_url":"https:\/\/i0.wp.com\/www.manquepierda.com\/historiarealbetis\/files\/2014\/08\/Landa-1.jpg?fit=244%2C381&ssl=1","jetpack_sharing_enabled":true,"jetpack_shortlink":"https:\/\/wp.me\/p1ij08-9Bk","jetpack-related-posts":[],"_links":{"self":[{"href":"https:\/\/www.manquepierda.com\/historiarealbetis\/wp-json\/wp\/v2\/posts\/36910","targetHints":{"allow":["GET"]}}],"collection":[{"href":"https:\/\/www.manquepierda.com\/historiarealbetis\/wp-json\/wp\/v2\/posts"}],"about":[{"href":"https:\/\/www.manquepierda.com\/historiarealbetis\/wp-json\/wp\/v2\/types\/post"}],"author":[{"embeddable":true,"href":"https:\/\/www.manquepierda.com\/historiarealbetis\/wp-json\/wp\/v2\/users\/5"}],"replies":[{"embeddable":true,"href":"https:\/\/www.manquepierda.com\/historiarealbetis\/wp-json\/wp\/v2\/comments?post=36910"}],"version-history":[{"count":1,"href":"https:\/\/www.manquepierda.com\/historiarealbetis\/wp-json\/wp\/v2\/posts\/36910\/revisions"}],"predecessor-version":[{"id":98516,"href":"https:\/\/www.manquepierda.com\/historiarealbetis\/wp-json\/wp\/v2\/posts\/36910\/revisions\/98516"}],"wp:featuredmedia":[{"embeddable":true,"href":"https:\/\/www.manquepierda.com\/historiarealbetis\/wp-json\/wp\/v2\/media\/36911"}],"wp:attachment":[{"href":"https:\/\/www.manquepierda.com\/historiarealbetis\/wp-json\/wp\/v2\/media?parent=36910"}],"wp:term":[{"taxonomy":"category","embeddable":true,"href":"https:\/\/www.manquepierda.com\/historiarealbetis\/wp-json\/wp\/v2\/categories?post=36910"},{"taxonomy":"post_tag","embeddable":true,"href":"https:\/\/www.manquepierda.com\/historiarealbetis\/wp-json\/wp\/v2\/tags?post=36910"}],"curies":[{"name":"wp","href":"https:\/\/api.w.org\/{rel}","templated":true}]}}