{"id":36942,"date":"2014-08-19T20:44:49","date_gmt":"2014-08-19T18:44:49","guid":{"rendered":"http:\/\/www.manquepierda.com\/historiarealbetis\/?p=36942"},"modified":"2024-08-19T09:56:09","modified_gmt":"2024-08-19T07:56:09","slug":"1980-agosto-19-ixciudadsevilla-primera-semifinal-real-betis-balompie-3-vs-associazione-sportiva-roma-0","status":"publish","type":"post","link":"https:\/\/www.manquepierda.com\/historiarealbetis\/1980-agosto-19-ixciudadsevilla-primera-semifinal-real-betis-balompie-3-vs-associazione-sportiva-roma-0\/","title":{"rendered":"1980-Agosto 19-IXCiudadSevilla-Primera Semifinal: Real Betis Balompi\u00e9-3 vs Associazione Sportiva Roma-0."},"content":{"rendered":"<p style=\"text-align: center\"><strong>1980-AGOSTO 19-MARTES EN SEVILLA.-ESTADIO \u00abRAM\u00d3N S\u00c1NCHEZ-PIZJU\u00c1N\u00bb-(Buena entrada).<\/strong><\/p>\n<figure id=\"attachment_36945\" aria-describedby=\"caption-attachment-36945\" style=\"width: 618px\" class=\"wp-caption aligncenter\"><a href=\"https:\/\/www.manquepierda.com\/historiarealbetis\/36942-1980-agosto-19-ixciudadsevilla-primera-semifinal-real-betis-balompie-3-vs-associazione-sportiva-roma-0\/alineacion-sevilla-betis-ciudad-sevilla-1980-1024x687\/\" rel=\"attachment wp-att-36945\"><img data-recalc-dims=\"1\" loading=\"lazy\" decoding=\"async\" class=\"size-full wp-image-36945\" src=\"https:\/\/i0.wp.com\/www.manquepierda.com\/historiarealbetis\/files\/2014\/08\/Alineaci%C3%B3n-Sevilla-Betis-Ciudad-Sevilla-1980-1024x687.jpg?resize=618%2C415&#038;ssl=1\" alt=\"mmmm\" width=\"618\" height=\"415\" srcset=\"https:\/\/i0.wp.com\/www.manquepierda.com\/historiarealbetis\/files\/2014\/08\/Alineaci%C3%B3n-Sevilla-Betis-Ciudad-Sevilla-1980-1024x687.jpg?w=618&amp;ssl=1 618w, https:\/\/i0.wp.com\/www.manquepierda.com\/historiarealbetis\/files\/2014\/08\/Alineaci%C3%B3n-Sevilla-Betis-Ciudad-Sevilla-1980-1024x687.jpg?resize=220%2C147&amp;ssl=1 220w\" sizes=\"auto, (max-width: 618px) 100vw, 618px\" \/><\/a><figcaption id=\"caption-attachment-36945\" class=\"wp-caption-text\"><strong>ALINEACI\u00d3N\u00a0 REAL BETIS BALOMPI\u00c9 EN LA PRIMERA SEMIFINAL DEL IX TROFEO CIUDAD DE SEVILLA-MARTES 19 DE AGOSTO DE 1980, a pocos d\u00edas fechas de conseguir ser campe\u00f3n del Torneo.<\/strong><\/figcaption><\/figure>\n<p style=\"text-align: center\"><strong>IX TROFEO \u00abCIUDAD DE SEVILLA\u00bb.-PRIMERA SEMIFINAL.<\/strong><\/p>\n<p style=\"text-align: center\">Arbitr\u00f3 el colegiado balear Bartolom\u00e9 RIERA Morro.<\/p>\n<p style=\"text-align: center\"><strong>ALINEACIONES:<\/strong><\/p>\n<figure id=\"attachment_36573\" aria-describedby=\"caption-attachment-36573\" style=\"width: 220px\" class=\"wp-caption aligncenter\"><a href=\"https:\/\/www.manquepierda.com\/historiarealbetis\/36568-1999-agosto-06-45otrofeo-carranza-2asemifinal-real-betis-balompie-2-vasca-da-gama-1\/escudo-del-betis\/\" rel=\"attachment wp-att-36573\"><img data-recalc-dims=\"1\" loading=\"lazy\" decoding=\"async\" class=\"size-thumbnail wp-image-36573\" src=\"https:\/\/i0.wp.com\/www.manquepierda.com\/historiarealbetis\/files\/2014\/08\/escudo-del-betis.gif?resize=220%2C188&#038;ssl=1\" alt=\"mmm\" width=\"220\" height=\"188\" srcset=\"https:\/\/i0.wp.com\/www.manquepierda.com\/historiarealbetis\/files\/2014\/08\/escudo-del-betis.gif?resize=220%2C188&amp;ssl=1 220w, https:\/\/i0.wp.com\/www.manquepierda.com\/historiarealbetis\/files\/2014\/08\/escudo-del-betis.gif?resize=680%2C582&amp;ssl=1 680w\" sizes=\"auto, (max-width: 220px) 100vw, 220px\" \/><\/a><figcaption id=\"caption-attachment-36573\" class=\"wp-caption-text\"><strong>Primera Divisi\u00f3n 1980-1981.-REAL BETIS BALOMPI\u00c9-3 Goles.<\/strong><\/figcaption><\/figure>\n<p style=\"text-align: center\"><strong>47\u00ba Presidente (segunda temporada consecutiva) don Juan Manuel MAUDUIT Caller.<\/strong><\/p>\n<p style=\"text-align: center\"><strong>Entrenador RBB 1980-1981,\u00a0 Lu\u00eds Cid P\u00e9rez (a) \u00abCARRIEGA\u00bb.<\/strong><\/p>\n<p style=\"text-align: center\"><strong>Jos\u00e9 Ram\u00f3n ESNAOLA Larburu.<\/strong><\/p>\n<p style=\"text-align: left\"><strong>Francisco BIZCOCHO Est\u00e9vez (70 minutos:\u00a0 GERARDO Jes\u00fas Castillo Mej\u00edas)-Carlos Euduardo PERUENA Rodr\u00edguez-Antonio BIOSCA P\u00e9rez-Rafael GORDILLO V\u00e1zquez (en la previa se le entreg\u00f3 un trofeo \u00aba la garra\u00bb patrocinado por una firma comercial).<\/strong><\/p>\n<p style=\"text-align: center\"><strong>Antol\u00edn ORTEGA Garc\u00eda (74 minutos:\u00a0 Juan POZO D\u00edaz),<\/strong><\/p>\n<figure id=\"attachment_36783\" aria-describedby=\"caption-attachment-36783\" style=\"width: 174px\" class=\"wp-caption aligncenter\"><a href=\"https:\/\/www.manquepierda.com\/historiarealbetis\/36776-1977-agosto-13-final-ix-trofeo-ciudadpalma-real-betis-balompie-0-6-west-ham-united-0-5\/lopez-garcia-francisco-javier-2\/\" rel=\"attachment wp-att-36783\"><img data-recalc-dims=\"1\" loading=\"lazy\" decoding=\"async\" class=\"size-thumbnail wp-image-36783\" src=\"https:\/\/i0.wp.com\/www.manquepierda.com\/historiarealbetis\/files\/2014\/08\/L%C3%93PEZ-Garc%C3%ADa-Francisco-Javier-174x220.jpg?resize=174%2C220&#038;ssl=1\" alt=\"mmmm\" width=\"174\" height=\"220\" srcset=\"https:\/\/i0.wp.com\/www.manquepierda.com\/historiarealbetis\/files\/2014\/08\/L%C3%93PEZ-Garc%C3%ADa-Francisco-Javier.jpg?resize=174%2C220&amp;ssl=1 174w, https:\/\/i0.wp.com\/www.manquepierda.com\/historiarealbetis\/files\/2014\/08\/L%C3%93PEZ-Garc%C3%ADa-Francisco-Javier.jpg?resize=475%2C600&amp;ssl=1 475w, https:\/\/i0.wp.com\/www.manquepierda.com\/historiarealbetis\/files\/2014\/08\/L%C3%93PEZ-Garc%C3%ADa-Francisco-Javier.jpg?w=495&amp;ssl=1 495w\" sizes=\"auto, (max-width: 174px) 100vw, 174px\" \/><\/a><figcaption id=\"caption-attachment-36783\" class=\"wp-caption-text\"><strong>1-0.-06 minutos: Francisco Javier L\u00d3PEZ Garc\u00eda, tras pase de espuela de \u00abLobo Diarte\u00bb.<\/strong><\/figcaption><\/figure>\n<p style=\"text-align: center\"><strong>Julio CARDE\u00d1OSA Rodr\u00edguez.<\/strong><\/p>\n<p style=\"text-align: center\"><strong>Antonio BEN\u00cdTEZ Fern\u00e1ndez (60 minutos:\u00a0 RAM\u00d3N Rodr\u00edguez Daza),<\/strong><\/p>\n<figure id=\"attachment_36933\" aria-describedby=\"caption-attachment-36933\" style=\"width: 147px\" class=\"wp-caption aligncenter\"><a href=\"https:\/\/www.manquepierda.com\/historiarealbetis\/36929-1979-agosto-19-xvcolombino-consolacion-real-betis-balompie-4-stal-mielec-2\/enrique-moran-blanco\/\" rel=\"attachment wp-att-36933\"><img data-recalc-dims=\"1\" loading=\"lazy\" decoding=\"async\" class=\"size-thumbnail wp-image-36933\" src=\"https:\/\/i0.wp.com\/www.manquepierda.com\/historiarealbetis\/files\/2014\/08\/Enrique-Mor%C3%A1n-Blanco-.jpg?resize=147%2C220&#038;ssl=1\" alt=\"mmmm\" width=\"147\" height=\"220\" srcset=\"https:\/\/i0.wp.com\/www.manquepierda.com\/historiarealbetis\/files\/2014\/08\/Enrique-Mor%C3%A1n-Blanco-.jpg?resize=147%2C220&amp;ssl=1 147w, https:\/\/i0.wp.com\/www.manquepierda.com\/historiarealbetis\/files\/2014\/08\/Enrique-Mor%C3%A1n-Blanco-.jpg?w=244&amp;ssl=1 244w\" sizes=\"auto, (max-width: 147px) 100vw, 147px\" \/><\/a><figcaption id=\"caption-attachment-36933\" class=\"wp-caption-text\"><strong>2-0.-46 minutos:\u00a0 Enrique MOR\u00c1N\u00a0 Blanco.<\/strong><\/figcaption><\/figure>\n<figure id=\"attachment_36943\" aria-describedby=\"caption-attachment-36943\" style=\"width: 154px\" class=\"wp-caption aligncenter\"><a href=\"https:\/\/www.manquepierda.com\/historiarealbetis\/36942-1980-agosto-19-ixciudadsevilla-primera-semifinal-real-betis-balompie-3-vs-associazione-sportiva-roma-0\/carlos-martinez-diarte-lobo-diarte\/\" rel=\"attachment wp-att-36943\"><img data-recalc-dims=\"1\" loading=\"lazy\" decoding=\"async\" class=\"size-thumbnail wp-image-36943\" src=\"https:\/\/i0.wp.com\/www.manquepierda.com\/historiarealbetis\/files\/2014\/08\/Carlos-Martinez-Diarte-Lobo-Diarte.jpeg?resize=154%2C220&#038;ssl=1\" alt=\"mmm\" width=\"154\" height=\"220\" srcset=\"https:\/\/i0.wp.com\/www.manquepierda.com\/historiarealbetis\/files\/2014\/08\/Carlos-Martinez-Diarte-Lobo-Diarte.jpeg?resize=154%2C220&amp;ssl=1 154w, https:\/\/i0.wp.com\/www.manquepierda.com\/historiarealbetis\/files\/2014\/08\/Carlos-Martinez-Diarte-Lobo-Diarte.jpeg?w=188&amp;ssl=1 188w\" sizes=\"auto, (max-width: 154px) 100vw, 154px\" \/><\/a><figcaption id=\"caption-attachment-36943\" class=\"wp-caption-text\"><strong>3-0.-60 minutos:\u00a0 Archisuperi\u00f3 ch\u00fa de Carlos Mart\u00ednez Diarte (a) \u00abLOBO DIARTE\u00bb que fusil\u00f3 al meta Franco TANCREDI.<\/strong><\/figcaption><\/figure>\n<p style=\"text-align: left\"><strong>En esta IX Edici\u00f3n del Trofeo \u00abCIUDAD DE SEVILLA\u00bb EL REAL BETIS BALOMPI\u00c9 PERCIBI\u00d3 14.907.210&#8217;62 Ptas (Catorce millones novecientas siete mil doscientas diez con sesenta y dos c\u00e9ntimos de pesetas contables).-<\/strong>El Sevilla CF por ser organizador recibi\u00f3 23.915.974 pesetas con 46 ce\u0144timos contabilizados.<\/p>\n<p style=\"text-align: center\">VS.<\/p>\n<figure id=\"attachment_36944\" aria-describedby=\"caption-attachment-36944\" style=\"width: 155px\" class=\"wp-caption aligncenter\"><a href=\"https:\/\/www.manquepierda.com\/historiarealbetis\/36942-1980-agosto-19-ixciudadsevilla-primera-semifinal-real-betis-balompie-3-vs-associazione-sportiva-roma-0\/155px-as_roma_logo\/\" rel=\"attachment wp-att-36944\"><img data-recalc-dims=\"1\" loading=\"lazy\" decoding=\"async\" class=\"size-full wp-image-36944\" src=\"https:\/\/i0.wp.com\/www.manquepierda.com\/historiarealbetis\/files\/2014\/08\/155px-AS_Roma_logo.png?resize=155%2C196&#038;ssl=1\" alt=\"mmm\" width=\"155\" height=\"196\" \/><\/a><figcaption id=\"caption-attachment-36944\" class=\"wp-caption-text\">ASSOCIAZIONE SPORTIVA ROMA S.p.A-0 Tantos.<\/figcaption><\/figure>\n<p style=\"text-align: center\">1979-1991.-Presidente Dino VIOLA.-Entrenador Nils LIEDHOLM.<\/p>\n<p style=\"text-align: left\">Franco TANCREDI.-Vincenzo ROMANO-Maurizio TURONE-amonestado a los 31 minutos-(72 minutos:\u00a0 Luciano SPINOSI)-Sergio SANTARINI-Domenico MAGGIORA.-Mauro AMENTA-Paolo GIOVANNELLI (56 minutos:\u00a0 Paolo Alberto FACCINI)-Romeo BENETTI (67 minutos:\u00a0 Attilio SORBI).-Bruno CONTI-Roberto PRUZZO-Carlo ANCELOTTI.<\/p>\n<p>&nbsp;<\/p>\n<p>&nbsp;<\/p>\n<p>&nbsp;<\/p>\n","protected":false},"excerpt":{"rendered":"<p>1980-AGOSTO 19-MARTES EN SEVILLA.-ESTADIO \u00abRAM\u00d3N S\u00c1NCHEZ-PIZJU\u00c1N\u00bb-(Buena entrada). IX TROFEO \u00abCIUDAD DE SEVILLA\u00bb.-PRIMERA SEMIFINAL. Arbitr\u00f3 el colegiado balear Bartolom\u00e9 RIERA Morro. ALINEACIONES: 47\u00ba Presidente (segunda temporada consecutiva) don Juan Manuel MAUDUIT Caller. Entrenador RBB 1980-1981,\u00a0 Lu\u00eds Cid P\u00e9rez (a) \u00abCARRIEGA\u00bb. Jos\u00e9 Ram\u00f3n ESNAOLA Larburu. Francisco BIZCOCHO Est\u00e9vez (70 minutos:\u00a0 GERARDO Jes\u00fas Castillo Mej\u00edas)-Carlos Euduardo PERUENA Rodr\u00edguez-Antonio&#8230;<\/p>\n","protected":false},"author":48,"featured_media":36945,"comment_status":"open","ping_status":"open","sticky":false,"template":"","format":"standard","meta":{"_kad_post_transparent":"","_kad_post_title":"","_kad_post_layout":"","_kad_post_sidebar_id":"","_kad_post_content_style":"","_kad_post_vertical_padding":"","_kad_post_feature":"","_kad_post_feature_position":"","_kad_post_header":false,"_kad_post_footer":false,"_kad_post_classname":"","_jetpack_memberships_contains_paid_content":false,"footnotes":"","jetpack_publicize_message":"","jetpack_publicize_feature_enabled":true,"jetpack_social_post_already_shared":true,"jetpack_social_options":{"image_generator_settings":{"template":"highway","default_image_id":0,"font":"","enabled":false},"version":2}},"categories":[904,1,2064],"tags":[1093,2291,2293,18045],"class_list":["post-36942","post","type-post","status-publish","format-standard","has-post-thumbnail","hentry","category-1980-1989","category-portada","category-trofeos-de-verano","tag-1093","tag-1980-81","tag-as-roma","tag-ix-trofeo-ciudad-de-sevilla"],"jetpack_publicize_connections":[],"jetpack_featured_media_url":"https:\/\/i0.wp.com\/www.manquepierda.com\/historiarealbetis\/files\/2014\/08\/Alineaci%C3%B3n-Sevilla-Betis-Ciudad-Sevilla-1980-1024x687.jpg?fit=618%2C415&ssl=1","jetpack_sharing_enabled":true,"jetpack_shortlink":"https:\/\/wp.me\/p1ij08-9BQ","jetpack-related-posts":[],"_links":{"self":[{"href":"https:\/\/www.manquepierda.com\/historiarealbetis\/wp-json\/wp\/v2\/posts\/36942","targetHints":{"allow":["GET"]}}],"collection":[{"href":"https:\/\/www.manquepierda.com\/historiarealbetis\/wp-json\/wp\/v2\/posts"}],"about":[{"href":"https:\/\/www.manquepierda.com\/historiarealbetis\/wp-json\/wp\/v2\/types\/post"}],"author":[{"embeddable":true,"href":"https:\/\/www.manquepierda.com\/historiarealbetis\/wp-json\/wp\/v2\/users\/48"}],"replies":[{"embeddable":true,"href":"https:\/\/www.manquepierda.com\/historiarealbetis\/wp-json\/wp\/v2\/comments?post=36942"}],"version-history":[{"count":1,"href":"https:\/\/www.manquepierda.com\/historiarealbetis\/wp-json\/wp\/v2\/posts\/36942\/revisions"}],"predecessor-version":[{"id":97140,"href":"https:\/\/www.manquepierda.com\/historiarealbetis\/wp-json\/wp\/v2\/posts\/36942\/revisions\/97140"}],"wp:featuredmedia":[{"embeddable":true,"href":"https:\/\/www.manquepierda.com\/historiarealbetis\/wp-json\/wp\/v2\/media\/36945"}],"wp:attachment":[{"href":"https:\/\/www.manquepierda.com\/historiarealbetis\/wp-json\/wp\/v2\/media?parent=36942"}],"wp:term":[{"taxonomy":"category","embeddable":true,"href":"https:\/\/www.manquepierda.com\/historiarealbetis\/wp-json\/wp\/v2\/categories?post=36942"},{"taxonomy":"post_tag","embeddable":true,"href":"https:\/\/www.manquepierda.com\/historiarealbetis\/wp-json\/wp\/v2\/tags?post=36942"}],"curies":[{"name":"wp","href":"https:\/\/api.w.org\/{rel}","templated":true}]}}