{"id":37071,"date":"2014-08-23T21:09:38","date_gmt":"2014-08-23T19:09:38","guid":{"rendered":"http:\/\/www.manquepierda.com\/historiarealbetis\/?p=37071"},"modified":"2024-08-13T10:45:22","modified_gmt":"2024-08-13T08:45:22","slug":"1987-agosto-20-xvciudadlaalambra-real-betis-balompie-2-club-atletico-independiente-0","status":"publish","type":"post","link":"https:\/\/www.manquepierda.com\/historiarealbetis\/1987-agosto-20-xvciudadlaalambra-real-betis-balompie-2-club-atletico-independiente-0\/","title":{"rendered":"1987-Agosto 20-XVCiudadlaAlhambra: Real Betis Balompi\u00e9-2 Club Atl\u00e9tico Independiente-0."},"content":{"rendered":"<p style=\"text-align: center\"><strong>1987-AGOSTO 20-JUEVES NOCHE CON MUCHO CALOR -EN GRANADA.<\/strong><\/p>\n<figure id=\"attachment_37072\" aria-describedby=\"caption-attachment-37072\" style=\"width: 221px\" class=\"wp-caption aligncenter\"><a href=\"https:\/\/www.manquepierda.com\/historiarealbetis\/37071-1987-agosto-20-xvciudadlaalambra-real-betis-balompie-2-club-atletico-independiente-0\/xv-trofeo-ciudad-de-la-alhambra-1987\/\" rel=\"attachment wp-att-37072\"><img data-recalc-dims=\"1\" loading=\"lazy\" decoding=\"async\" class=\"size-full wp-image-37072\" src=\"https:\/\/i0.wp.com\/www.manquepierda.com\/historiarealbetis\/files\/2014\/08\/XV-Trofeo-Ciudad-de-la-Alhambra-1987.jpg?resize=221%2C320&#038;ssl=1\" alt=\"mmm\" width=\"221\" height=\"320\" srcset=\"https:\/\/i0.wp.com\/www.manquepierda.com\/historiarealbetis\/files\/2014\/08\/XV-Trofeo-Ciudad-de-la-Alhambra-1987.jpg?w=221&amp;ssl=1 221w, https:\/\/i0.wp.com\/www.manquepierda.com\/historiarealbetis\/files\/2014\/08\/XV-Trofeo-Ciudad-de-la-Alhambra-1987.jpg?resize=151%2C220&amp;ssl=1 151w\" sizes=\"auto, (max-width: 221px) 100vw, 221px\" \/><\/a><figcaption id=\"caption-attachment-37072\" class=\"wp-caption-text\"><strong>CARTEL XV TROFEO CIUDAD DE LA ALHAMBRA-TRIANGULAR DE GRANADA.<\/strong><\/figcaption><\/figure>\n<figure id=\"attachment_37074\" aria-describedby=\"caption-attachment-37074\" style=\"width: 320px\" class=\"wp-caption aligncenter\"><a href=\"https:\/\/www.manquepierda.com\/historiarealbetis\/37071-1987-agosto-20-xvciudadlaalambra-real-betis-balompie-2-club-atletico-independiente-0\/estadio-los-carmenes-1987\/\" rel=\"attachment wp-att-37074\"><img data-recalc-dims=\"1\" loading=\"lazy\" decoding=\"async\" class=\"size-full wp-image-37074\" src=\"https:\/\/i0.wp.com\/www.manquepierda.com\/historiarealbetis\/files\/2014\/08\/Estadio-Los-Carmenes-1987.png?resize=320%2C254&#038;ssl=1\" alt=\"mmm\" width=\"320\" height=\"254\" srcset=\"https:\/\/i0.wp.com\/www.manquepierda.com\/historiarealbetis\/files\/2014\/08\/Estadio-Los-Carmenes-1987.png?w=320&amp;ssl=1 320w, https:\/\/i0.wp.com\/www.manquepierda.com\/historiarealbetis\/files\/2014\/08\/Estadio-Los-Carmenes-1987.png?resize=220%2C174&amp;ssl=1 220w\" sizes=\"auto, (max-width: 320px) 100vw, 320px\" \/><\/a><figcaption id=\"caption-attachment-37074\" class=\"wp-caption-text\"><strong>ESTADIO DE LOS C\u00c1RMENES-SEGUNDO ENCUENTRO-1\/4 ENTRADA.-NO EMPEZ\u00d3 A LA HORA PREVISTA.<\/strong><\/figcaption><\/figure>\n<p style=\"text-align: center\">Arbitr\u00f3 el colegiado andaluz Abilio CAETANO Bueno (Huelva).<\/p>\n<p style=\"text-align: center\">ALINEACIONES:<\/p>\n<figure id=\"attachment_36972\" aria-describedby=\"caption-attachment-36972\" style=\"width: 220px\" class=\"wp-caption aligncenter\"><a href=\"https:\/\/www.manquepierda.com\/historiarealbetis\/31859-1964-agosto-20-jueves-holanda-fortuna-54-geleen-1-vs-real-betis-balompie-0\/escudo-del-betis-2\/\" rel=\"attachment wp-att-36972\"><img data-recalc-dims=\"1\" loading=\"lazy\" decoding=\"async\" class=\"size-thumbnail wp-image-36972\" src=\"https:\/\/i0.wp.com\/www.manquepierda.com\/historiarealbetis\/files\/2013\/08\/escudo-del-betis.gif?resize=220%2C188&#038;ssl=1\" alt=\"mmm\" width=\"220\" height=\"188\" srcset=\"https:\/\/i0.wp.com\/www.manquepierda.com\/historiarealbetis\/files\/2013\/08\/escudo-del-betis.gif?resize=220%2C188&amp;ssl=1 220w, https:\/\/i0.wp.com\/www.manquepierda.com\/historiarealbetis\/files\/2013\/08\/escudo-del-betis.gif?resize=680%2C582&amp;ssl=1 680w\" sizes=\"auto, (max-width: 220px) 100vw, 220px\" \/><\/a><figcaption id=\"caption-attachment-36972\" class=\"wp-caption-text\"><strong>REAL BETIS BALOMPI\u00c9-2 Goles.<\/strong><\/figcaption><\/figure>\n<p style=\"text-align: center\"><strong>48\u00ba Presidente 1987-1988 Primera Divisi\u00f3n don Gerardo Mart\u00ednez RETAMERO (5\u00aa gesti\u00f3n consecutiva).<\/strong><\/p>\n<p style=\"text-align: left\"><strong>Entrenador Mr. John MORTIMORE (UK).<\/strong><\/p>\n<p style=\"text-align: center\"><strong>Manuel CERVANTES Garc\u00eda.<\/strong><\/p>\n<p style=\"text-align: center\">DIEGO Rodr\u00edguez Fern\u00e1ndez-<strong>Lu\u00eds Miguel GAIL Mart\u00edn (79 minutos:&nbsp; JULIO Garc\u00eda Fern\u00e1ndez)-Jos\u00e9 Eugenio Ruiz Palacios (a) \u00abQUICO\u00bb (expulsado por dos tarjetas amarillas a los 88 minutos)-Francisco Javier S\u00c1NCHEZ VALL\u00c9S.<\/strong><\/p>\n<p style=\"text-align: center\"><strong>Sebasti\u00e1n Cruzado Fern\u00e1ndez (a) \u00abCHANO\u00bb (79 minutos:&nbsp; CRIST\u00d3BAL Jes\u00fas Mej\u00edas S\u00e1nchez)-JOS\u00c9 LU\u00cdS Vara Oliveira-<\/strong><\/p>\n<figure id=\"attachment_36610\" aria-describedby=\"caption-attachment-36610\" style=\"width: 188px\" class=\"wp-caption aligncenter\"><a href=\"https:\/\/www.manquepierda.com\/historiarealbetis\/36606-1986-agosto-08-viii-ciudad-marbella-semifinal-manchester-city-0-3-real-betis-balompie-0-5\/antonio-reyes-gonzalez\/\" rel=\"attachment wp-att-36610\"><img data-recalc-dims=\"1\" loading=\"lazy\" decoding=\"async\" class=\"size-thumbnail wp-image-36610\" src=\"https:\/\/i0.wp.com\/www.manquepierda.com\/historiarealbetis\/files\/2014\/08\/Antonio-Reyes-Gonz%C3%A1lez.png?resize=188%2C220&#038;ssl=1\" alt=\"mmm\" width=\"188\" height=\"220\" srcset=\"https:\/\/i0.wp.com\/www.manquepierda.com\/historiarealbetis\/files\/2014\/08\/Antonio-Reyes-Gonz%C3%A1lez.png?resize=188%2C220&amp;ssl=1 188w, https:\/\/i0.wp.com\/www.manquepierda.com\/historiarealbetis\/files\/2014\/08\/Antonio-Reyes-Gonz%C3%A1lez.png?w=191&amp;ssl=1 191w\" sizes=\"auto, (max-width: 188px) 100vw, 188px\" \/><\/a><figcaption id=\"caption-attachment-36610\" class=\"wp-caption-text\"><strong>2-0.-66 minutos:&nbsp; Antonio REYES Gonz\u00e1lez.<\/strong><\/figcaption><\/figure>\n<figure id=\"attachment_36688\" aria-describedby=\"caption-attachment-36688\" style=\"width: 188px\" class=\"wp-caption aligncenter\"><a href=\"https:\/\/www.manquepierda.com\/historiarealbetis\/36686-1984-agosto-11-xx-colombino-semifinal-tarde-recreativo-2-vs-real-betis-balompie-1\/hipolito-rincon-povedano\/\" rel=\"attachment wp-att-36688\"><img data-recalc-dims=\"1\" loading=\"lazy\" decoding=\"async\" class=\"size-thumbnail wp-image-36688\" src=\"https:\/\/i0.wp.com\/www.manquepierda.com\/historiarealbetis\/files\/2014\/08\/Hip%C3%B3lito-Rinc%C3%B3n-Povedano.png?resize=188%2C220&#038;ssl=1\" alt=\"mmm\" width=\"188\" height=\"220\" srcset=\"https:\/\/i0.wp.com\/www.manquepierda.com\/historiarealbetis\/files\/2014\/08\/Hip%C3%B3lito-Rinc%C3%B3n-Povedano.png?resize=188%2C220&amp;ssl=1 188w, https:\/\/i0.wp.com\/www.manquepierda.com\/historiarealbetis\/files\/2014\/08\/Hip%C3%B3lito-Rinc%C3%B3n-Povedano.png?w=191&amp;ssl=1 191w\" sizes=\"auto, (max-width: 188px) 100vw, 188px\" \/><\/a><figcaption id=\"caption-attachment-36688\" class=\"wp-caption-text\"><strong>1-0.-40 minutos:&nbsp; Hip\u00f3lito RINC\u00d3N Povedano fusil\u00f3 de cerca al meta argentino Samaza.<\/strong><\/figcaption><\/figure>\n<p style=\"text-align: center\"><strong>-GABINO Rodr\u00edguez Rodr\u00edguez (75 minutos:&nbsp; Pedro Medina Guerrero (a) \u00abPERICO MEDINA\u00bb-Patricio Nazario Y\u00e1\u00f1ez Candia (a) \u00abPATO Y\u00c1\u00d1EZ\u00bb.<\/strong><\/p>\n<p style=\"text-align: center\">VS.<\/p>\n<figure id=\"attachment_37075\" aria-describedby=\"caption-attachment-37075\" style=\"width: 204px\" class=\"wp-caption aligncenter\"><a href=\"https:\/\/www.manquepierda.com\/historiarealbetis\/37071-1987-agosto-20-xvciudadlaalambra-real-betis-balompie-2-club-atletico-independiente-0\/club-atletico-independiente-de-avellaneda-argentina\/\" rel=\"attachment wp-att-37075\"><img data-recalc-dims=\"1\" loading=\"lazy\" decoding=\"async\" class=\"size-full wp-image-37075\" src=\"https:\/\/i0.wp.com\/www.manquepierda.com\/historiarealbetis\/files\/2014\/08\/Club-Atl%C3%A9tico-Independiente-de-Avellaneda-Argentina.jpeg?resize=204%2C204&#038;ssl=1\" alt=\"mmmm\" width=\"204\" height=\"204\"><\/a><figcaption id=\"caption-attachment-37075\" class=\"wp-caption-text\">CLUB ATL\u00c9TICO INDEPENDIENTE DE AVELLANEDA (Argentina)-0 Tantos.<\/figcaption><\/figure>\n<p style=\"text-align: left\">Entrenador<\/p>\n<p style=\"text-align: left\">SAMAZA.-RAMS\u00c9S-POVEDA-BUKLE-TAGLE-LLERENA (57 minutos: TOM\u00c9)-MURRO (71 minutos:&nbsp; AGUIRRE)-MALGRAN.-SU\u00c1REZ-LOTTI (57 minutos:&nbsp; PEREIRA)-SARRI\u00d3N.<\/p>\n<p style=\"text-align: center\">\n","protected":false},"excerpt":{"rendered":"<p>1987-AGOSTO 20-JUEVES NOCHE CON MUCHO CALOR -EN GRANADA. Arbitr\u00f3 el colegiado andaluz Abilio CAETANO Bueno (Huelva). ALINEACIONES: 48\u00ba Presidente 1987-1988 Primera Divisi\u00f3n don Gerardo Mart\u00ednez RETAMERO (5\u00aa gesti\u00f3n consecutiva). Entrenador Mr. John MORTIMORE (UK). Manuel CERVANTES Garc\u00eda. DIEGO Rodr\u00edguez Fern\u00e1ndez-Lu\u00eds Miguel GAIL Mart\u00edn (79 minutos:&nbsp; JULIO Garc\u00eda Fern\u00e1ndez)-Jos\u00e9 Eugenio Ruiz Palacios (a) \u00abQUICO\u00bb (expulsado por&#8230;<\/p>\n","protected":false},"author":48,"featured_media":37072,"comment_status":"open","ping_status":"open","sticky":false,"template":"","format":"standard","meta":{"_kad_post_transparent":"","_kad_post_title":"","_kad_post_layout":"","_kad_post_sidebar_id":"","_kad_post_content_style":"","_kad_post_vertical_padding":"","_kad_post_feature":"","_kad_post_feature_position":"","_kad_post_header":false,"_kad_post_footer":false,"_kad_post_classname":"","_jetpack_memberships_contains_paid_content":false,"footnotes":"","jetpack_publicize_message":"","jetpack_publicize_feature_enabled":true,"jetpack_social_post_already_shared":true,"jetpack_social_options":{"image_generator_settings":{"template":"highway","default_image_id":0,"font":"","enabled":false},"version":2}},"categories":[904,1,2064],"tags":[5586,8505,17107,18043],"class_list":["post-37071","post","type-post","status-publish","format-standard","has-post-thumbnail","hentry","category-1980-1989","category-portada","category-trofeos-de-verano","tag-5586","tag-1987-88","tag-independiente-de-madariaga","tag-xv-trofeo-ciudad-de-granada"],"jetpack_publicize_connections":[],"jetpack_featured_media_url":"https:\/\/i0.wp.com\/www.manquepierda.com\/historiarealbetis\/files\/2014\/08\/XV-Trofeo-Ciudad-de-la-Alhambra-1987.jpg?fit=221%2C320&ssl=1","jetpack_sharing_enabled":true,"jetpack_shortlink":"https:\/\/wp.me\/p1ij08-9DV","jetpack-related-posts":[],"_links":{"self":[{"href":"https:\/\/www.manquepierda.com\/historiarealbetis\/wp-json\/wp\/v2\/posts\/37071","targetHints":{"allow":["GET"]}}],"collection":[{"href":"https:\/\/www.manquepierda.com\/historiarealbetis\/wp-json\/wp\/v2\/posts"}],"about":[{"href":"https:\/\/www.manquepierda.com\/historiarealbetis\/wp-json\/wp\/v2\/types\/post"}],"author":[{"embeddable":true,"href":"https:\/\/www.manquepierda.com\/historiarealbetis\/wp-json\/wp\/v2\/users\/48"}],"replies":[{"embeddable":true,"href":"https:\/\/www.manquepierda.com\/historiarealbetis\/wp-json\/wp\/v2\/comments?post=37071"}],"version-history":[{"count":1,"href":"https:\/\/www.manquepierda.com\/historiarealbetis\/wp-json\/wp\/v2\/posts\/37071\/revisions"}],"predecessor-version":[{"id":84296,"href":"https:\/\/www.manquepierda.com\/historiarealbetis\/wp-json\/wp\/v2\/posts\/37071\/revisions\/84296"}],"wp:featuredmedia":[{"embeddable":true,"href":"https:\/\/www.manquepierda.com\/historiarealbetis\/wp-json\/wp\/v2\/media\/37072"}],"wp:attachment":[{"href":"https:\/\/www.manquepierda.com\/historiarealbetis\/wp-json\/wp\/v2\/media?parent=37071"}],"wp:term":[{"taxonomy":"category","embeddable":true,"href":"https:\/\/www.manquepierda.com\/historiarealbetis\/wp-json\/wp\/v2\/categories?post=37071"},{"taxonomy":"post_tag","embeddable":true,"href":"https:\/\/www.manquepierda.com\/historiarealbetis\/wp-json\/wp\/v2\/tags?post=37071"}],"curies":[{"name":"wp","href":"https:\/\/api.w.org\/{rel}","templated":true}]}}