{"id":37078,"date":"2014-08-24T14:46:36","date_gmt":"2014-08-24T12:46:36","guid":{"rendered":"http:\/\/www.manquepierda.com\/historiarealbetis\/?p=37078"},"modified":"2024-08-23T17:33:41","modified_gmt":"2024-08-23T15:33:41","slug":"1963-agosto-24-amistoso-club-deportivo-malaga-2-real-betis-balompie-2","status":"publish","type":"post","link":"https:\/\/www.manquepierda.com\/historiarealbetis\/1963-agosto-24-amistoso-club-deportivo-malaga-2-real-betis-balompie-2\/","title":{"rendered":"1963-Agosto 24-Amistoso: Club Deportivo M\u00e1laga-2 Real Betis Balompi\u00e9-2."},"content":{"rendered":"<p style=\"text-align: center\"><strong>1963-AGOSTO 24-S\u00c1BADO EN M\u00c1LAGA.<\/strong><\/p>\n<figure id=\"attachment_37079\" aria-describedby=\"caption-attachment-37079\" style=\"width: 320px\" class=\"wp-caption aligncenter\"><a href=\"https:\/\/www.manquepierda.com\/historiarealbetis\/37078-1963-agosto-24-amistoso-club-deportivo-malaga-2-real-betis-balompie-2\/estadio-la-rosaleda-1963\/\" rel=\"attachment wp-att-37079\"><img data-recalc-dims=\"1\" loading=\"lazy\" decoding=\"async\" class=\"size-full wp-image-37079\" src=\"https:\/\/i0.wp.com\/www.manquepierda.com\/historiarealbetis\/files\/2014\/08\/Estadio-La-Rosaleda-1963.jpg?resize=320%2C158&#038;ssl=1\" alt=\"mmmm\" width=\"320\" height=\"158\" srcset=\"https:\/\/i0.wp.com\/www.manquepierda.com\/historiarealbetis\/files\/2014\/08\/Estadio-La-Rosaleda-1963.jpg?w=320&amp;ssl=1 320w, https:\/\/i0.wp.com\/www.manquepierda.com\/historiarealbetis\/files\/2014\/08\/Estadio-La-Rosaleda-1963.jpg?resize=220%2C108&amp;ssl=1 220w\" sizes=\"auto, (max-width: 320px) 100vw, 320px\" \/><\/a><figcaption id=\"caption-attachment-37079\" class=\"wp-caption-text\">ESTADIO \u00abLA ROSALEDA\u00bb-PARTIDO AMISTOSO<\/figcaption><\/figure>\n<p style=\"text-align: center\">Arbitr\u00f3 el colegiado local GARRIDO.-Deficiente labor.<\/p>\n<p style=\"text-align: center\">ALINEACIONES:<\/p>\n<figure id=\"attachment_37080\" aria-describedby=\"caption-attachment-37080\" style=\"width: 190px\" class=\"wp-caption aligncenter\"><a href=\"https:\/\/www.manquepierda.com\/historiarealbetis\/37078-1963-agosto-24-amistoso-club-deportivo-malaga-2-real-betis-balompie-2\/cd-malaga-big\/\" rel=\"attachment wp-att-37080\"><img data-recalc-dims=\"1\" loading=\"lazy\" decoding=\"async\" class=\"size-full wp-image-37080\" src=\"https:\/\/i0.wp.com\/www.manquepierda.com\/historiarealbetis\/files\/2014\/08\/cd-malaga-big.png?resize=190%2C190&#038;ssl=1\" alt=\"MMMM\" width=\"190\" height=\"190\" \/><\/a><figcaption id=\"caption-attachment-37080\" class=\"wp-caption-text\">Segunda Divisi\u00f3n-Grupo Sur-Temporada 1963-1964 CLUB DEPORTIVO M\u00c1LAGA-2 Tantos.<\/figcaption><\/figure>\n<p style=\"text-align: center\">1963-1969.-Presidente don Juan MORENO De Luna.<\/p>\n<p style=\"text-align: left\">Entrenador Jos\u00e9 Lu\u00eds RIERA Biosca.<\/p>\n<figure id=\"attachment_37085\" aria-describedby=\"caption-attachment-37085\" style=\"width: 62px\" class=\"wp-caption aligncenter\"><a href=\"https:\/\/www.manquepierda.com\/historiarealbetis\/37078-1963-agosto-24-amistoso-club-deportivo-malaga-2-real-betis-balompie-2\/americo-canas-2\/\" rel=\"attachment wp-att-37085\"><img data-recalc-dims=\"1\" loading=\"lazy\" decoding=\"async\" class=\"size-thumbnail wp-image-37085\" src=\"https:\/\/i0.wp.com\/www.manquepierda.com\/historiarealbetis\/files\/2014\/08\/AM%C3%89RICO-Canas-62x220.jpg?resize=62%2C220&#038;ssl=1\" alt=\"mmmm\" width=\"62\" height=\"220\" srcset=\"https:\/\/i0.wp.com\/www.manquepierda.com\/historiarealbetis\/files\/2014\/08\/AM%C3%89RICO-Canas.jpg?resize=62%2C220&amp;ssl=1 62w, https:\/\/i0.wp.com\/www.manquepierda.com\/historiarealbetis\/files\/2014\/08\/AM%C3%89RICO-Canas.jpg?zoom=2&amp;resize=62%2C220&amp;ssl=1 124w\" sizes=\"auto, (max-width: 62px) 100vw, 62px\" \/><\/a><figcaption id=\"caption-attachment-37085\" class=\"wp-caption-text\"><strong>AM\u00c9RICO Canas Mart\u00ednez 2 tantos encajados: 1-1 LU\u00cdS y 1-2 ANSOLA.<\/strong><\/figcaption><\/figure>\n<p style=\"text-align: center\">CALIXTO M\u00e9ndez Mendoza (Jos\u00e9 Manuel Delgado TOSCO)-Antonio RUIZ Cervilla (destac\u00f3)-Jos\u00e9 PORTAL\u00c9S \u00dabeda.-Evaristo SANDE L\u00f3pez-Abdallah BEN BAREK El Antaki (Destac\u00f3).<\/p>\n<p style=\"text-align: center\">Carlos TORRES Barallobre-Benjam\u00edn R\u00cdOS Gil-Lu\u00eds Mar\u00eda OTI\u00d1ANO S\u00e1enz (destac\u00f3)-<\/p>\n<figure id=\"attachment_37082\" aria-describedby=\"caption-attachment-37082\" style=\"width: 85px\" class=\"wp-caption aligncenter\"><a href=\"https:\/\/www.manquepierda.com\/historiarealbetis\/37078-1963-agosto-24-amistoso-club-deportivo-malaga-2-real-betis-balompie-2\/manuelvelazquezvillaverde\/\" rel=\"attachment wp-att-37082\"><img data-recalc-dims=\"1\" loading=\"lazy\" decoding=\"async\" class=\"size-full wp-image-37082\" src=\"https:\/\/i0.wp.com\/www.manquepierda.com\/historiarealbetis\/files\/2014\/08\/ManuelVelazquezVillaverde.jpg?resize=85%2C113&#038;ssl=1\" alt=\"mmm\" width=\"85\" height=\"113\" \/><\/a><figcaption id=\"caption-attachment-37082\" class=\"wp-caption-text\"><strong>1-1.-50 minutos Manuel VEL\u00c1ZQUEZ Villaverde.<\/strong><\/figcaption><\/figure>\n<figure id=\"attachment_37086\" aria-describedby=\"caption-attachment-37086\" style=\"width: 76px\" class=\"wp-caption aligncenter\"><a href=\"https:\/\/www.manquepierda.com\/historiarealbetis\/37078-1963-agosto-24-amistoso-club-deportivo-malaga-2-real-betis-balompie-2\/bernardonarvaezgonzalez\/\" rel=\"attachment wp-att-37086\"><img data-recalc-dims=\"1\" loading=\"lazy\" decoding=\"async\" class=\"size-full wp-image-37086\" src=\"https:\/\/i0.wp.com\/www.manquepierda.com\/historiarealbetis\/files\/2014\/08\/BernardoNarvaezGonzalez.jpg?resize=76%2C113&#038;ssl=1\" alt=\"MMMM\" width=\"76\" height=\"113\" \/><\/a><figcaption id=\"caption-attachment-37086\" class=\"wp-caption-text\"><strong>2-2.-60 minutos Bernardo Narv\u00e1ez Gonz\u00e1lez (a) \u00abBERNARDI\u00bb.<\/strong><\/figcaption><\/figure>\n<p style=\"text-align: center\"><strong>VS.<\/strong><\/p>\n<figure id=\"attachment_36972\" aria-describedby=\"caption-attachment-36972\" style=\"width: 220px\" class=\"wp-caption aligncenter\"><a href=\"https:\/\/www.manquepierda.com\/historiarealbetis\/31859-1964-agosto-20-jueves-holanda-fortuna-54-geleen-1-vs-real-betis-balompie-0\/escudo-del-betis-2\/\" rel=\"attachment wp-att-36972\"><img data-recalc-dims=\"1\" loading=\"lazy\" decoding=\"async\" class=\"size-thumbnail wp-image-36972\" src=\"https:\/\/i0.wp.com\/www.manquepierda.com\/historiarealbetis\/files\/2013\/08\/escudo-del-betis.gif?resize=220%2C188&#038;ssl=1\" alt=\"mmm\" width=\"220\" height=\"188\" srcset=\"https:\/\/i0.wp.com\/www.manquepierda.com\/historiarealbetis\/files\/2013\/08\/escudo-del-betis.gif?resize=220%2C188&amp;ssl=1 220w, https:\/\/i0.wp.com\/www.manquepierda.com\/historiarealbetis\/files\/2013\/08\/escudo-del-betis.gif?resize=680%2C582&amp;ssl=1 680w\" sizes=\"auto, (max-width: 220px) 100vw, 220px\" \/><\/a><figcaption id=\"caption-attachment-36972\" class=\"wp-caption-text\">Primera Divisi\u00f3n 1963-1964.-<strong>REAL BETIS BALOMPI\u00c9-2 Goles.<\/strong><\/figcaption><\/figure>\n<p style=\"text-align: center\"><strong>40\u00ba Presidente (8\u00aa gesti\u00f3n consecutiva) don Benito VILLAMAR\u00cdN\u00a0 Prieto.<\/strong><\/p>\n<p style=\"text-align: left\"><strong>1963-1964 Entrenador Domingo BALMANYA Perera.<\/strong><\/p>\n<p style=\"text-align: center\"><strong>Jos\u00e9 Casas Gris (a) \u00abPEP\u00cdN\u00bb y<\/strong><\/p>\n<figure id=\"attachment_37083\" aria-describedby=\"caption-attachment-37083\" style=\"width: 148px\" class=\"wp-caption aligncenter\"><a href=\"https:\/\/www.manquepierda.com\/historiarealbetis\/37078-1963-agosto-24-amistoso-club-deportivo-malaga-2-real-betis-balompie-2\/corral-4\/\" rel=\"attachment wp-att-37083\"><img data-recalc-dims=\"1\" loading=\"lazy\" decoding=\"async\" class=\"size-thumbnail wp-image-37083\" src=\"https:\/\/i0.wp.com\/www.manquepierda.com\/historiarealbetis\/files\/2014\/08\/CORRAL.jpg?resize=148%2C220&#038;ssl=1\" alt=\"mmmm\" width=\"148\" height=\"220\" srcset=\"https:\/\/i0.wp.com\/www.manquepierda.com\/historiarealbetis\/files\/2014\/08\/CORRAL.jpg?resize=148%2C220&amp;ssl=1 148w, https:\/\/i0.wp.com\/www.manquepierda.com\/historiarealbetis\/files\/2014\/08\/CORRAL.jpg?resize=404%2C600&amp;ssl=1 404w, https:\/\/i0.wp.com\/www.manquepierda.com\/historiarealbetis\/files\/2014\/08\/CORRAL.jpg?w=456&amp;ssl=1 456w\" sizes=\"auto, (max-width: 148px) 100vw, 148px\" \/><\/a><figcaption id=\"caption-attachment-37083\" class=\"wp-caption-text\"><strong>Jos\u00e9 Mar\u00eda CORRAL Cort\u00e9s:\u00a0 2 goles encajados-segundo tiempo: 1-1 Vel\u00e1zquez y 2-2 \u00abBernardi\u00bb.<\/strong><\/figcaption><\/figure>\n<p style=\"text-align: center\"><strong>Julio Santaella Ben\u00edtez (a) \u00abCOLO\u00bb (destac\u00f3)-Eusebio R\u00cdOS Fern\u00e1ndez-Francisco Faleato Ochoantesana (a) \u00abPAQUITO\u00bb (destac\u00f3).<\/strong><\/p>\n<p style=\"text-align: center\"><strong>Andr\u00e9s BOSCH Pujol (destac\u00f3)-Francisco Ortiz V\u00e1zquez (a) \u00abFRASCO\u00bb.<\/strong><\/p>\n<p style=\"text-align: center\"><strong>Juan Cruz PORTILLA Sa\u00f1udo (Ram\u00f3n POSADA Calleja-destac\u00f3-en los minutos finales pudo marcar el gol de la victoria verdiblanca)-<\/strong><\/p>\n<figure id=\"attachment_37081\" aria-describedby=\"caption-attachment-37081\" style=\"width: 167px\" class=\"wp-caption aligncenter\"><a href=\"https:\/\/www.manquepierda.com\/historiarealbetis\/37078-1963-agosto-24-amistoso-club-deportivo-malaga-2-real-betis-balompie-2\/luis-aragones-suarez-6\/\" rel=\"attachment wp-att-37081\"><img data-recalc-dims=\"1\" loading=\"lazy\" decoding=\"async\" class=\"size-thumbnail wp-image-37081\" src=\"https:\/\/i0.wp.com\/www.manquepierda.com\/historiarealbetis\/files\/2014\/08\/LU%C3%8DS-Aragon%C3%A9s-Su%C3%A1rez-167x220.jpg?resize=167%2C220&#038;ssl=1\" alt=\"mmmm\" width=\"167\" height=\"220\" srcset=\"https:\/\/i0.wp.com\/www.manquepierda.com\/historiarealbetis\/files\/2014\/08\/LU%C3%8DS-Aragon%C3%A9s-Su%C3%A1rez.jpg?resize=167%2C220&amp;ssl=1 167w, https:\/\/i0.wp.com\/www.manquepierda.com\/historiarealbetis\/files\/2014\/08\/LU%C3%8DS-Aragon%C3%A9s-Su%C3%A1rez.jpg?resize=456%2C600&amp;ssl=1 456w, https:\/\/i0.wp.com\/www.manquepierda.com\/historiarealbetis\/files\/2014\/08\/LU%C3%8DS-Aragon%C3%A9s-Su%C3%A1rez.jpg?w=510&amp;ssl=1 510w\" sizes=\"auto, (max-width: 167px) 100vw, 167px\" \/><\/a><figcaption id=\"caption-attachment-37081\" class=\"wp-caption-text\"><strong>0-1.-46 minutos: Jos\u00e9 LU\u00cdS ARAGON\u00c9S Su\u00e1rez Mart\u00ednez (destac\u00f3).<\/strong><\/figcaption><\/figure>\n<figure id=\"attachment_37084\" aria-describedby=\"caption-attachment-37084\" style=\"width: 170px\" class=\"wp-caption aligncenter\"><a href=\"https:\/\/www.manquepierda.com\/historiarealbetis\/37078-1963-agosto-24-amistoso-club-deportivo-malaga-2-real-betis-balompie-2\/1964-ansola-carranza-9\/\" rel=\"attachment wp-att-37084\"><img data-recalc-dims=\"1\" loading=\"lazy\" decoding=\"async\" class=\"size-thumbnail wp-image-37084\" src=\"https:\/\/i0.wp.com\/www.manquepierda.com\/historiarealbetis\/files\/2014\/08\/1964-Ansola-Carranza.jpg?resize=170%2C220&#038;ssl=1\" alt=\"mmm\" width=\"170\" height=\"220\" srcset=\"https:\/\/i0.wp.com\/www.manquepierda.com\/historiarealbetis\/files\/2014\/08\/1964-Ansola-Carranza.jpg?resize=170%2C220&amp;ssl=1 170w, https:\/\/i0.wp.com\/www.manquepierda.com\/historiarealbetis\/files\/2014\/08\/1964-Ansola-Carranza.jpg?w=208&amp;ssl=1 208w\" sizes=\"auto, (max-width: 170px) 100vw, 170px\" \/><\/a><figcaption id=\"caption-attachment-37084\" class=\"wp-caption-text\"><strong>1-2.-51 minutos Fernando ANSOLA Sanmart\u00edn.<\/strong><\/figcaption><\/figure>\n<p style=\"text-align: center\"><strong> (\u00c1ngel SU\u00c1REZ Mart\u00ednez (a) \u00abPanocha\u00bb)-Le\u00f3n LASA M\u00fajica-destac\u00f3-(Antonio PALLAR\u00c9S Huertas)-LIERT Rosa DA SILVA-lesionado-(45 minutos:\u00a0 Andr\u00e9s MOLINA Soler-destac\u00f3-).<\/strong><\/p>\n<p style=\"text-align: center\">\n","protected":false},"excerpt":{"rendered":"<p>1963-AGOSTO 24-S\u00c1BADO EN M\u00c1LAGA. Arbitr\u00f3 el colegiado local GARRIDO.-Deficiente labor. ALINEACIONES: 1963-1969.-Presidente don Juan MORENO De Luna. Entrenador Jos\u00e9 Lu\u00eds RIERA Biosca. CALIXTO M\u00e9ndez Mendoza (Jos\u00e9 Manuel Delgado TOSCO)-Antonio RUIZ Cervilla (destac\u00f3)-Jos\u00e9 PORTAL\u00c9S \u00dabeda.-Evaristo SANDE L\u00f3pez-Abdallah BEN BAREK El Antaki (Destac\u00f3). Carlos TORRES Barallobre-Benjam\u00edn R\u00cdOS Gil-Lu\u00eds Mar\u00eda OTI\u00d1ANO S\u00e1enz (destac\u00f3)- VS. 40\u00ba Presidente (8\u00aa gesti\u00f3n&#8230;<\/p>\n","protected":false},"author":48,"featured_media":37079,"comment_status":"open","ping_status":"open","sticky":false,"template":"","format":"standard","meta":{"_kad_post_transparent":"","_kad_post_title":"","_kad_post_layout":"","_kad_post_sidebar_id":"","_kad_post_content_style":"","_kad_post_vertical_padding":"","_kad_post_feature":"","_kad_post_feature_position":"","_kad_post_header":false,"_kad_post_footer":false,"_kad_post_classname":"","_jetpack_memberships_contains_paid_content":false,"footnotes":"","jetpack_publicize_message":"","jetpack_publicize_feature_enabled":true,"jetpack_social_post_already_shared":true,"jetpack_social_options":{"image_generator_settings":{"template":"highway","default_image_id":0,"font":"","enabled":false},"version":2}},"categories":[902,1],"tags":[4281,5078,1497],"class_list":["post-37078","post","type-post","status-publish","format-standard","has-post-thumbnail","hentry","category-1960-1969","category-portada","tag-4281","tag-1963-64","tag-cd-malaga"],"jetpack_publicize_connections":[],"jetpack_featured_media_url":"https:\/\/i0.wp.com\/www.manquepierda.com\/historiarealbetis\/files\/2014\/08\/Estadio-La-Rosaleda-1963.jpg?fit=320%2C158&ssl=1","jetpack_sharing_enabled":true,"jetpack_shortlink":"https:\/\/wp.me\/p1ij08-9E2","jetpack-related-posts":[],"_links":{"self":[{"href":"https:\/\/www.manquepierda.com\/historiarealbetis\/wp-json\/wp\/v2\/posts\/37078","targetHints":{"allow":["GET"]}}],"collection":[{"href":"https:\/\/www.manquepierda.com\/historiarealbetis\/wp-json\/wp\/v2\/posts"}],"about":[{"href":"https:\/\/www.manquepierda.com\/historiarealbetis\/wp-json\/wp\/v2\/types\/post"}],"author":[{"embeddable":true,"href":"https:\/\/www.manquepierda.com\/historiarealbetis\/wp-json\/wp\/v2\/users\/48"}],"replies":[{"embeddable":true,"href":"https:\/\/www.manquepierda.com\/historiarealbetis\/wp-json\/wp\/v2\/comments?post=37078"}],"version-history":[{"count":1,"href":"https:\/\/www.manquepierda.com\/historiarealbetis\/wp-json\/wp\/v2\/posts\/37078\/revisions"}],"predecessor-version":[{"id":97693,"href":"https:\/\/www.manquepierda.com\/historiarealbetis\/wp-json\/wp\/v2\/posts\/37078\/revisions\/97693"}],"wp:featuredmedia":[{"embeddable":true,"href":"https:\/\/www.manquepierda.com\/historiarealbetis\/wp-json\/wp\/v2\/media\/37079"}],"wp:attachment":[{"href":"https:\/\/www.manquepierda.com\/historiarealbetis\/wp-json\/wp\/v2\/media?parent=37078"}],"wp:term":[{"taxonomy":"category","embeddable":true,"href":"https:\/\/www.manquepierda.com\/historiarealbetis\/wp-json\/wp\/v2\/categories?post=37078"},{"taxonomy":"post_tag","embeddable":true,"href":"https:\/\/www.manquepierda.com\/historiarealbetis\/wp-json\/wp\/v2\/tags?post=37078"}],"curies":[{"name":"wp","href":"https:\/\/api.w.org\/{rel}","templated":true}]}}