{"id":37140,"date":"2014-08-26T22:31:19","date_gmt":"2014-08-26T20:31:19","guid":{"rendered":"http:\/\/www.manquepierda.com\/historiarealbetis\/?p=37140"},"modified":"2024-08-13T10:44:50","modified_gmt":"2024-08-13T08:44:50","slug":"1981-agosto-27-ix-trofeo-ciudad-granada-triangular-granada-cf-3-vs-real-betis-balompie-4","status":"publish","type":"post","link":"https:\/\/www.manquepierda.com\/historiarealbetis\/1981-agosto-27-ix-trofeo-ciudad-granada-triangular-granada-cf-3-vs-real-betis-balompie-4\/","title":{"rendered":"1981-Agosto 27-IX Trofeo Ciudad Granada-Triangular: Granada CF-3 vs. Real Betis Balompi\u00e9-4."},"content":{"rendered":"<p style=\"text-align: center\"><strong><\/strong><\/p>\n<figure id=\"attachment_37141\" aria-describedby=\"caption-attachment-37141\" style=\"width: 200px\" class=\"wp-caption aligncenter\"><a href=\"https:\/\/www.manquepierda.com\/historiarealbetis\/37140-1981-agosto-27-ix-trofeo-ciudad-granada-triangular-granada-cf-3-vs-real-betis-balompie-4\/ix-trofeo-ciudad-de-granada-1981\/\" rel=\"attachment wp-att-37141\"><img data-recalc-dims=\"1\" loading=\"lazy\" decoding=\"async\" class=\"size-full wp-image-37141\" src=\"https:\/\/i0.wp.com\/www.manquepierda.com\/historiarealbetis\/files\/2014\/08\/IX-Trofeo-Ciudad-de-Granada-1981.jpg?resize=200%2C295&#038;ssl=1\" alt=\"MMMM\" width=\"200\" height=\"295\" srcset=\"https:\/\/i0.wp.com\/www.manquepierda.com\/historiarealbetis\/files\/2014\/08\/IX-Trofeo-Ciudad-de-Granada-1981.jpg?w=200&amp;ssl=1 200w, https:\/\/i0.wp.com\/www.manquepierda.com\/historiarealbetis\/files\/2014\/08\/IX-Trofeo-Ciudad-de-Granada-1981.jpg?resize=149%2C220&amp;ssl=1 149w\" sizes=\"auto, (max-width: 200px) 100vw, 200px\" \/><\/a><figcaption id=\"caption-attachment-37141\" class=\"wp-caption-text\"><strong>MONUMENTAL IX TROFEO CIUDAD DE GRANADA-TORNEO TRIANGULAR.-CAMPE\u00d3N REAL BETIS BALOMPI\u00c9.<\/strong><\/figcaption><\/figure>\n<figure id=\"attachment_37074\" aria-describedby=\"caption-attachment-37074\" style=\"width: 320px\" class=\"wp-caption aligncenter\"><a href=\"https:\/\/www.manquepierda.com\/historiarealbetis\/37071-1987-agosto-20-xvciudadlaalambra-real-betis-balompie-2-club-atletico-independiente-0\/estadio-los-carmenes-1987\/\" rel=\"attachment wp-att-37074\"><img data-recalc-dims=\"1\" loading=\"lazy\" decoding=\"async\" class=\"size-full wp-image-37074\" src=\"https:\/\/i0.wp.com\/www.manquepierda.com\/historiarealbetis\/files\/2014\/08\/Estadio-Los-Carmenes-1987.png?resize=320%2C254&#038;ssl=1\" alt=\"mmm\" width=\"320\" height=\"254\" srcset=\"https:\/\/i0.wp.com\/www.manquepierda.com\/historiarealbetis\/files\/2014\/08\/Estadio-Los-Carmenes-1987.png?w=320&amp;ssl=1 320w, https:\/\/i0.wp.com\/www.manquepierda.com\/historiarealbetis\/files\/2014\/08\/Estadio-Los-Carmenes-1987.png?resize=220%2C174&amp;ssl=1 220w\" sizes=\"auto, (max-width: 320px) 100vw, 320px\" \/><\/a><figcaption id=\"caption-attachment-37074\" class=\"wp-caption-text\"><strong>ESTADIO DE LOS C\u00c1RMENES-VIERNES-NOCHE-27 DE AGOSTO DE 1981.<\/strong><\/figcaption><\/figure>\n<figure id=\"attachment_37142\" aria-describedby=\"caption-attachment-37142\" style=\"width: 152px\" class=\"wp-caption aligncenter\"><a href=\"https:\/\/www.manquepierda.com\/historiarealbetis\/37140-1981-agosto-27-ix-trofeo-ciudad-granada-triangular-granada-cf-3-vs-real-betis-balompie-4\/jose-gomez-ramirez\/\" rel=\"attachment wp-att-37142\"><img data-recalc-dims=\"1\" loading=\"lazy\" decoding=\"async\" class=\"size-full wp-image-37142\" src=\"https:\/\/i0.wp.com\/www.manquepierda.com\/historiarealbetis\/files\/2014\/08\/Jos%C3%A9-G%C3%B3mez-Ram%C3%ADrez.jpg?resize=152%2C239&#038;ssl=1\" alt=\"mmmm\" width=\"152\" height=\"239\" srcset=\"https:\/\/i0.wp.com\/www.manquepierda.com\/historiarealbetis\/files\/2014\/08\/Jos%C3%A9-G%C3%B3mez-Ram%C3%ADrez.jpg?w=152&amp;ssl=1 152w, https:\/\/i0.wp.com\/www.manquepierda.com\/historiarealbetis\/files\/2014\/08\/Jos%C3%A9-G%C3%B3mez-Ram%C3%ADrez.jpg?resize=139%2C220&amp;ssl=1 139w\" sizes=\"auto, (max-width: 152px) 100vw, 152px\" \/><\/a><figcaption id=\"caption-attachment-37142\" class=\"wp-caption-text\">Arbitr\u00f3 el colegiado andaluz Jos\u00e9 G\u00f3mez Ram\u00edrez (Ja\u00e9n).&nbsp; Deficiente labor.<\/figcaption><\/figure>\n<p style=\"text-align: center\">ALINEACIONES:<\/p>\n<figure id=\"attachment_37143\" aria-describedby=\"caption-attachment-37143\" style=\"width: 164px\" class=\"wp-caption aligncenter\"><a href=\"https:\/\/www.manquepierda.com\/historiarealbetis\/37140-1981-agosto-27-ix-trofeo-ciudad-granada-triangular-granada-cf-3-vs-real-betis-balompie-4\/escudo-granada-fc\/\" rel=\"attachment wp-att-37143\"><img data-recalc-dims=\"1\" loading=\"lazy\" decoding=\"async\" class=\"size-thumbnail wp-image-37143\" src=\"https:\/\/i0.wp.com\/www.manquepierda.com\/historiarealbetis\/files\/2014\/08\/escudo-granada-fc.gif?resize=164%2C220&#038;ssl=1\" alt=\"mmm\" width=\"164\" height=\"220\"><\/a><figcaption id=\"caption-attachment-37143\" class=\"wp-caption-text\">SEGUNDA DIVISI\u00d3N B-GRUPO II-TEMPORADA 1981-1982.-SUBCAMPE\u00d3N GRANADA CLUB DE F\u00daTBOL-3 TANTOS.<\/figcaption><\/figure>\n<p style=\"text-align: center\">29\u00ba Presidente don C\u00e1ndido G\u00f3mez \u00c1lvarez (1981-1985).<\/p>\n<p style=\"text-align: left\">1\/3.-Entrenador 1981-1982:&nbsp; Eduardo G\u00f3mez Garc\u00eda-Barb\u00f3n (a ) \u00abLALO\u00bb.<\/p>\n<figure id=\"attachment_37146\" aria-describedby=\"caption-attachment-37146\" style=\"width: 220px\" class=\"wp-caption aligncenter\"><a href=\"https:\/\/www.manquepierda.com\/historiarealbetis\/37140-1981-agosto-27-ix-trofeo-ciudad-granada-triangular-granada-cf-3-vs-real-betis-balompie-4\/izcoa\/\" rel=\"attachment wp-att-37146\"><img data-recalc-dims=\"1\" loading=\"lazy\" decoding=\"async\" class=\"size-thumbnail wp-image-37146\" src=\"https:\/\/i0.wp.com\/www.manquepierda.com\/historiarealbetis\/files\/2014\/08\/IZCOA.jpeg?resize=220%2C180&#038;ssl=1\" alt=\"mmmm\" width=\"220\" height=\"180\" srcset=\"https:\/\/i0.wp.com\/www.manquepierda.com\/historiarealbetis\/files\/2014\/08\/IZCOA.jpeg?resize=220%2C180&amp;ssl=1 220w, https:\/\/i0.wp.com\/www.manquepierda.com\/historiarealbetis\/files\/2014\/08\/IZCOA.jpeg?w=248&amp;ssl=1 248w\" sizes=\"auto, (max-width: 220px) 100vw, 220px\" \/><\/a><figcaption id=\"caption-attachment-37146\" class=\"wp-caption-text\">Francisco Javier IZCOA Buruaga.-4 goles encajados: <strong>RINC\u00d3N+CARDE\u00d1OSA+TELLO+\u00c1LEX.<\/strong><\/figcaption><\/figure>\n<p style=\"text-align: center\">\u00abALETE\u00bb-Manuel Molina Garc\u00eda (a) \u00abLINA\u00bb-Antonio BLANCO GARC\u00cdA-Tarjeta Amarilla-(45 minutos:&nbsp; OLIVARES)-Juan Manuel BLANCO NAVARRO (45 minutos:&nbsp; BAENA).-Defensas.<\/p>\n<p style=\"text-align: center\">G\u00d3MEZ-ANTONIO D\u00edaz Vaquerizo <strong>(2-1.-22 minutos)<\/strong>-POLO.-Medios.<\/p>\n<p style=\"text-align: center\">Francisco Cara JORGOSO <strong>(1-0.-11 minutos)+<\/strong>(45 minutos:&nbsp; Francisco AGUILAR Fern\u00e1ndez)-MAURI-Salvador Escrihuela QUILEZ <strong>(3-3.-85 minutos pena m\u00e1xima muy protestada por los verdiblancos Bizcocho y Tello-expulsados por el \u00e1rbitro Jos\u00e9 G\u00f3mez Ram\u00edrez).-Delanteros.<\/strong><\/p>\n<p style=\"text-align: center\"><strong>VS.<\/strong><\/p>\n<figure id=\"attachment_36972\" aria-describedby=\"caption-attachment-36972\" style=\"width: 220px\" class=\"wp-caption aligncenter\"><a href=\"https:\/\/www.manquepierda.com\/historiarealbetis\/31859-1964-agosto-20-jueves-holanda-fortuna-54-geleen-1-vs-real-betis-balompie-0\/escudo-del-betis-2\/\" rel=\"attachment wp-att-36972\"><img data-recalc-dims=\"1\" loading=\"lazy\" decoding=\"async\" class=\"size-thumbnail wp-image-36972\" src=\"https:\/\/i0.wp.com\/www.manquepierda.com\/historiarealbetis\/files\/2013\/08\/escudo-del-betis.gif?resize=220%2C188&#038;ssl=1\" alt=\"mmm\" width=\"220\" height=\"188\" srcset=\"https:\/\/i0.wp.com\/www.manquepierda.com\/historiarealbetis\/files\/2013\/08\/escudo-del-betis.gif?resize=220%2C188&amp;ssl=1 220w, https:\/\/i0.wp.com\/www.manquepierda.com\/historiarealbetis\/files\/2013\/08\/escudo-del-betis.gif?resize=680%2C582&amp;ssl=1 680w\" sizes=\"auto, (max-width: 220px) 100vw, 220px\" \/><\/a><figcaption id=\"caption-attachment-36972\" class=\"wp-caption-text\"><strong>1981-1982 PRIMERA DIVISI\u00d3N.-CAMPE\u00d3N REAL BETIS BALOMPI\u00c9-4 GOLES.<\/strong><\/figcaption><\/figure>\n<p style=\"text-align: center\"><strong>47\u00ba Presidente REAL BETIS BALOMPI\u00c9-TEMPORADAS 1979-1980 \u00c1 1982-1983; ambas inclusive.<br \/>\n<\/strong><\/p>\n<figure id=\"attachment_37144\" aria-describedby=\"caption-attachment-37144\" style=\"width: 220px\" class=\"wp-caption aligncenter\"><a href=\"https:\/\/www.manquepierda.com\/historiarealbetis\/37140-1981-agosto-27-ix-trofeo-ciudad-granada-triangular-granada-cf-3-vs-real-betis-balompie-4\/juan-manuel-mauduit-caller-4\/\" rel=\"attachment wp-att-37144\"><img data-recalc-dims=\"1\" loading=\"lazy\" decoding=\"async\" class=\"size-thumbnail wp-image-37144\" src=\"https:\/\/i0.wp.com\/www.manquepierda.com\/historiarealbetis\/files\/2014\/08\/Juan-Manuel-Mauduit-Caller.jpeg?resize=220%2C123&#038;ssl=1\" alt=\"mmm\" width=\"220\" height=\"123\" srcset=\"https:\/\/i0.wp.com\/www.manquepierda.com\/historiarealbetis\/files\/2014\/08\/Juan-Manuel-Mauduit-Caller.jpeg?resize=220%2C123&amp;ssl=1 220w, https:\/\/i0.wp.com\/www.manquepierda.com\/historiarealbetis\/files\/2014\/08\/Juan-Manuel-Mauduit-Caller.jpeg?w=300&amp;ssl=1 300w\" sizes=\"auto, (max-width: 220px) 100vw, 220px\" \/><\/a><figcaption id=\"caption-attachment-37144\" class=\"wp-caption-text\"><strong>ILUSTRE LETRADO DON JUAN MANUEL MAUDUIT CALLER.-SEVILLA, jueves 20-Mayo-1926.-SEVILLA, s\u00e1bado 25-Febrero-2012.-85 A\u00f1os+9 meses+5 d\u00edas.-D. E. P.<\/strong><\/figcaption><\/figure>\n<p style=\"text-align: center\"><strong>1\/3 ENTRENADOR REAL BETIS BALOMPI\u00c9 1981-1982:<\/strong><\/p>\n<figure id=\"attachment_37145\" aria-describedby=\"caption-attachment-37145\" style=\"width: 220px\" class=\"wp-caption aligncenter\"><a href=\"https:\/\/www.manquepierda.com\/historiarealbetis\/37140-1981-agosto-27-ix-trofeo-ciudad-granada-triangular-granada-cf-3-vs-real-betis-balompie-4\/jose-luis-aragones-suarez-martinez\/\" rel=\"attachment wp-att-37145\"><img data-recalc-dims=\"1\" loading=\"lazy\" decoding=\"async\" class=\"size-thumbnail wp-image-37145\" src=\"https:\/\/i0.wp.com\/www.manquepierda.com\/historiarealbetis\/files\/2014\/08\/Jos%C3%A9-LUIS-Aragon%C3%A9s-Su%C3%A1rez-Mart%C3%ADnez.jpg?resize=220%2C123&#038;ssl=1\" alt=\"mmm\" width=\"220\" height=\"123\" srcset=\"https:\/\/i0.wp.com\/www.manquepierda.com\/historiarealbetis\/files\/2014\/08\/Jos%C3%A9-LUIS-Aragon%C3%A9s-Su%C3%A1rez-Mart%C3%ADnez.jpg?resize=220%2C123&amp;ssl=1 220w, https:\/\/i0.wp.com\/www.manquepierda.com\/historiarealbetis\/files\/2014\/08\/Jos%C3%A9-LUIS-Aragon%C3%A9s-Su%C3%A1rez-Mart%C3%ADnez.jpg?w=644&amp;ssl=1 644w\" sizes=\"auto, (max-width: 220px) 100vw, 220px\" \/><\/a><figcaption id=\"caption-attachment-37145\" class=\"wp-caption-text\"><strong>Jos\u00e9 LU\u00cdS ARAGON\u00c9S Su\u00e1rez Mart\u00ednez.-HORTALEZA (Madrid), jueves 28-Julio-1938.-MADRID, s\u00e1bado 01\u00ba-Febrero-2014.-75 A\u00f1os+7 meses menos 27 d\u00edas.-D. E. P.<\/strong><strong><\/strong><\/figcaption><\/figure>\n<figure id=\"attachment_37066\" aria-describedby=\"caption-attachment-37066\" style=\"width: 174px\" class=\"wp-caption aligncenter\"><a href=\"https:\/\/www.manquepierda.com\/historiarealbetis\/37064-1983-agosto-20-xix-colombino-semifinal-real-betis-balompie-2-america-fcrj-1\/esnaola-larburu-jose-ramon-2\/\" rel=\"attachment wp-att-37066\"><img data-recalc-dims=\"1\" loading=\"lazy\" decoding=\"async\" class=\"size-thumbnail wp-image-37066\" src=\"https:\/\/i0.wp.com\/www.manquepierda.com\/historiarealbetis\/files\/2014\/08\/ESNAOLA-Larburu-Jos%C3%A9-Ram%C3%B3n.jpg?resize=174%2C220&#038;ssl=1\" alt=\"mmm\" width=\"174\" height=\"220\" srcset=\"https:\/\/i0.wp.com\/www.manquepierda.com\/historiarealbetis\/files\/2014\/08\/ESNAOLA-Larburu-Jos%C3%A9-Ram%C3%B3n.jpg?resize=174%2C220&amp;ssl=1 174w, https:\/\/i0.wp.com\/www.manquepierda.com\/historiarealbetis\/files\/2014\/08\/ESNAOLA-Larburu-Jos%C3%A9-Ram%C3%B3n.jpg?w=452&amp;ssl=1 452w\" sizes=\"auto, (max-width: 174px) 100vw, 174px\" \/><\/a><figcaption id=\"caption-attachment-37066\" class=\"wp-caption-text\"><strong>Jos\u00e9 Ram\u00f3n ESNAOLA Larburu 3 tantos encajados: JORGOSO+ANTONIO+QUILEZ (pena m\u00e1xima muy discutible).<\/strong><\/figcaption><\/figure>\n<p style=\"text-align: center\"><strong>ZAGUEROS:<\/strong><\/p>\n<p style=\"text-align: center\"><strong>Francisco BIZCOCHO Est\u00e9vez (Tarjeta Roja 85 minutos por protestar el penalti)-<\/strong><\/p>\n<figure id=\"attachment_37148\" aria-describedby=\"caption-attachment-37148\" style=\"width: 188px\" class=\"wp-caption aligncenter\"><a href=\"https:\/\/www.manquepierda.com\/historiarealbetis\/37140-1981-agosto-27-ix-trofeo-ciudad-granada-triangular-granada-cf-3-vs-real-betis-balompie-4\/al-lal-mohamed-amar-alex\/\" rel=\"attachment wp-att-37148\"><img data-recalc-dims=\"1\" loading=\"lazy\" decoding=\"async\" class=\"size-thumbnail wp-image-37148\" src=\"https:\/\/i0.wp.com\/www.manquepierda.com\/historiarealbetis\/files\/2014\/08\/Al-Lal-Mohamed-Amar-%C3%81LEX-188x220.png?resize=188%2C220&#038;ssl=1\" alt=\"MMMM\" width=\"188\" height=\"220\" srcset=\"https:\/\/i0.wp.com\/www.manquepierda.com\/historiarealbetis\/files\/2014\/08\/Al-Lal-Mohamed-Amar-%C3%81LEX.png?resize=188%2C220&amp;ssl=1 188w, https:\/\/i0.wp.com\/www.manquepierda.com\/historiarealbetis\/files\/2014\/08\/Al-Lal-Mohamed-Amar-%C3%81LEX.png?w=191&amp;ssl=1 191w\" sizes=\"auto, (max-width: 188px) 100vw, 188px\" \/><\/a><figcaption id=\"caption-attachment-37148\" class=\"wp-caption-text\"><strong>3-4.-89 minutos:&nbsp; AL-LAL MOHAMED AMAR (a) \u00ab\u00c1LEX\u00bb cabezazo logrando el marcador final.<\/strong><\/figcaption><\/figure>\n<p style=\"text-align: center\"><strong>-Carlos Eduardo PERUENA Rodr\u00edguez-Rafael GORDILLO V\u00e1zquez.<\/strong><\/p>\n<p style=\"text-align: center\"><strong>MEDIOS:<\/strong><\/p>\n<p style=\"text-align: center\"><strong>Francisco Javier L\u00d3PEZ Garc\u00eda-Antol\u00edn ORTEGA Garc\u00eda-Jos\u00e9 RAM\u00d3N Rodr\u00edguez Daza y<br \/>\n<\/strong><\/p>\n<figure id=\"attachment_36626\" aria-describedby=\"caption-attachment-36626\" style=\"width: 188px\" class=\"wp-caption aligncenter\"><a href=\"https:\/\/www.manquepierda.com\/historiarealbetis\/36621-1975-agosto-09-ciudad-de-gandia-club-futbol-gandia-1-vs-real-betis-balompie-5\/julio-cardenosa-rodriguez\/\" rel=\"attachment wp-att-36626\"><img data-recalc-dims=\"1\" loading=\"lazy\" decoding=\"async\" class=\"size-thumbnail wp-image-36626\" src=\"https:\/\/i0.wp.com\/www.manquepierda.com\/historiarealbetis\/files\/2014\/08\/Julio-Carde%C3%B1osa-Rodr%C3%ADguez.png?resize=188%2C220&#038;ssl=1\" alt=\"mmm\" width=\"188\" height=\"220\" srcset=\"https:\/\/i0.wp.com\/www.manquepierda.com\/historiarealbetis\/files\/2014\/08\/Julio-Carde%C3%B1osa-Rodr%C3%ADguez.png?resize=188%2C220&amp;ssl=1 188w, https:\/\/i0.wp.com\/www.manquepierda.com\/historiarealbetis\/files\/2014\/08\/Julio-Carde%C3%B1osa-Rodr%C3%ADguez.png?w=191&amp;ssl=1 191w\" sizes=\"auto, (max-width: 188px) 100vw, 188px\" \/><\/a><figcaption id=\"caption-attachment-36626\" class=\"wp-caption-text\"><strong>2-2.-58 minutos penalti de Alete a Peruena:&nbsp; Julio CARDE\u00d1OSA Rodr\u00edguez.<\/strong><\/figcaption><\/figure>\n<p style=\"text-align: center\"><strong>DELANTEROS:<br \/>\n<\/strong><\/p>\n<figure id=\"attachment_36688\" aria-describedby=\"caption-attachment-36688\" style=\"width: 188px\" class=\"wp-caption aligncenter\"><a href=\"https:\/\/www.manquepierda.com\/historiarealbetis\/36686-1984-agosto-11-xx-colombino-semifinal-tarde-recreativo-2-vs-real-betis-balompie-1\/hipolito-rincon-povedano\/\" rel=\"attachment wp-att-36688\"><img data-recalc-dims=\"1\" loading=\"lazy\" decoding=\"async\" class=\"size-thumbnail wp-image-36688\" src=\"https:\/\/i0.wp.com\/www.manquepierda.com\/historiarealbetis\/files\/2014\/08\/Hip%C3%B3lito-Rinc%C3%B3n-Povedano.png?resize=188%2C220&#038;ssl=1\" alt=\"mmm\" width=\"188\" height=\"220\" srcset=\"https:\/\/i0.wp.com\/www.manquepierda.com\/historiarealbetis\/files\/2014\/08\/Hip%C3%B3lito-Rinc%C3%B3n-Povedano.png?resize=188%2C220&amp;ssl=1 188w, https:\/\/i0.wp.com\/www.manquepierda.com\/historiarealbetis\/files\/2014\/08\/Hip%C3%B3lito-Rinc%C3%B3n-Povedano.png?w=191&amp;ssl=1 191w\" sizes=\"auto, (max-width: 188px) 100vw, 188px\" \/><\/a><figcaption id=\"caption-attachment-36688\" class=\"wp-caption-text\"><strong>1-1.-11 minutos: Hip\u00f3lito RINC\u00d3N&nbsp; Povedano.<\/strong><\/figcaption><\/figure>\n<figure id=\"attachment_37147\" aria-describedby=\"caption-attachment-37147\" style=\"width: 132px\" class=\"wp-caption aligncenter\"><a href=\"https:\/\/www.manquepierda.com\/historiarealbetis\/37140-1981-agosto-27-ix-trofeo-ciudad-granada-triangular-granada-cf-3-vs-real-betis-balompie-4\/jose-carlos-fernandez-tello\/\" rel=\"attachment wp-att-37147\"><img data-recalc-dims=\"1\" loading=\"lazy\" decoding=\"async\" class=\"size-full wp-image-37147\" src=\"https:\/\/i0.wp.com\/www.manquepierda.com\/historiarealbetis\/files\/2014\/08\/Jos%C3%A9-Carlos-Fern%C3%A1ndez-Tello.png?resize=132%2C162&#038;ssl=1\" alt=\"mmm\" width=\"132\" height=\"162\"><\/a><figcaption id=\"caption-attachment-37147\" class=\"wp-caption-text\"><strong>2-3.-62 minutos:&nbsp; Jos\u00e9 Carlos Fern\u00e1ndez TELLO<\/strong><\/figcaption><\/figure>\n<p style=\"text-align: center\"><strong>Tarjeta Roja 85 minutos por protestar el penalti.<\/strong><\/p>\n<p style=\"text-align: center\"><strong>CLASIFICACI\u00d3N FINAL DEL IX TORNEO CIUDAD DE GRANADA-TRIANGULAR-AGOSTO 1981:<\/strong><\/p>\n<p style=\"text-align: center\"><strong><em>CAMPE\u00d3N REAL BETIS BALOMPI\u00c9.<\/em><\/strong><\/p>\n<p style=\"text-align: center\"><strong>SUBCAMPE\u00d3N GRANADA CLUB DE F\u00daBOL.<\/strong><\/p>\n<p style=\"text-align: center\">TERCERO AGRUPACI\u00d3N DEPORTIVA ALMER\u00cdA.<\/p>\n<p style=\"text-align: center\">\n","protected":false},"excerpt":{"rendered":"<p>ALINEACIONES: 29\u00ba Presidente don C\u00e1ndido G\u00f3mez \u00c1lvarez (1981-1985). 1\/3.-Entrenador 1981-1982:&nbsp; Eduardo G\u00f3mez Garc\u00eda-Barb\u00f3n (a ) \u00abLALO\u00bb. \u00abALETE\u00bb-Manuel Molina Garc\u00eda (a) \u00abLINA\u00bb-Antonio BLANCO GARC\u00cdA-Tarjeta Amarilla-(45 minutos:&nbsp; OLIVARES)-Juan Manuel BLANCO NAVARRO (45 minutos:&nbsp; BAENA).-Defensas. G\u00d3MEZ-ANTONIO D\u00edaz Vaquerizo (2-1.-22 minutos)-POLO.-Medios. Francisco Cara JORGOSO (1-0.-11 minutos)+(45 minutos:&nbsp; Francisco AGUILAR Fern\u00e1ndez)-MAURI-Salvador Escrihuela QUILEZ (3-3.-85 minutos pena m\u00e1xima muy protestada por&#8230;<\/p>\n","protected":false},"author":48,"featured_media":37141,"comment_status":"open","ping_status":"open","sticky":false,"template":"","format":"standard","meta":{"_kad_post_transparent":"","_kad_post_title":"","_kad_post_layout":"","_kad_post_sidebar_id":"","_kad_post_content_style":"","_kad_post_vertical_padding":"","_kad_post_feature":"","_kad_post_feature_position":"","_kad_post_header":false,"_kad_post_footer":false,"_kad_post_classname":"","_jetpack_memberships_contains_paid_content":false,"footnotes":"","jetpack_publicize_message":"","jetpack_publicize_feature_enabled":true,"jetpack_social_post_already_shared":true,"jetpack_social_options":{"image_generator_settings":{"template":"highway","default_image_id":0,"font":"","enabled":false},"version":2}},"categories":[904,1,2064],"tags":[1525,2286,3134,18042],"class_list":["post-37140","post","type-post","status-publish","format-standard","has-post-thumbnail","hentry","category-1980-1989","category-portada","category-trofeos-de-verano","tag-1525","tag-1981-82","tag-granada-cf","tag-ix-trofeo-ciudad-de-granada"],"jetpack_publicize_connections":[],"jetpack_featured_media_url":"https:\/\/i0.wp.com\/www.manquepierda.com\/historiarealbetis\/files\/2014\/08\/IX-Trofeo-Ciudad-de-Granada-1981.jpg?fit=200%2C295&ssl=1","jetpack_sharing_enabled":true,"jetpack_shortlink":"https:\/\/wp.me\/p1ij08-9F2","jetpack-related-posts":[],"_links":{"self":[{"href":"https:\/\/www.manquepierda.com\/historiarealbetis\/wp-json\/wp\/v2\/posts\/37140","targetHints":{"allow":["GET"]}}],"collection":[{"href":"https:\/\/www.manquepierda.com\/historiarealbetis\/wp-json\/wp\/v2\/posts"}],"about":[{"href":"https:\/\/www.manquepierda.com\/historiarealbetis\/wp-json\/wp\/v2\/types\/post"}],"author":[{"embeddable":true,"href":"https:\/\/www.manquepierda.com\/historiarealbetis\/wp-json\/wp\/v2\/users\/48"}],"replies":[{"embeddable":true,"href":"https:\/\/www.manquepierda.com\/historiarealbetis\/wp-json\/wp\/v2\/comments?post=37140"}],"version-history":[{"count":1,"href":"https:\/\/www.manquepierda.com\/historiarealbetis\/wp-json\/wp\/v2\/posts\/37140\/revisions"}],"predecessor-version":[{"id":90172,"href":"https:\/\/www.manquepierda.com\/historiarealbetis\/wp-json\/wp\/v2\/posts\/37140\/revisions\/90172"}],"wp:featuredmedia":[{"embeddable":true,"href":"https:\/\/www.manquepierda.com\/historiarealbetis\/wp-json\/wp\/v2\/media\/37141"}],"wp:attachment":[{"href":"https:\/\/www.manquepierda.com\/historiarealbetis\/wp-json\/wp\/v2\/media?parent=37140"}],"wp:term":[{"taxonomy":"category","embeddable":true,"href":"https:\/\/www.manquepierda.com\/historiarealbetis\/wp-json\/wp\/v2\/categories?post=37140"},{"taxonomy":"post_tag","embeddable":true,"href":"https:\/\/www.manquepierda.com\/historiarealbetis\/wp-json\/wp\/v2\/tags?post=37140"}],"curies":[{"name":"wp","href":"https:\/\/api.w.org\/{rel}","templated":true}]}}