{"id":37503,"date":"2014-09-11T11:21:27","date_gmt":"2014-09-11T09:21:27","guid":{"rendered":"http:\/\/www.manquepierda.com\/historiarealbetis\/?p=37503"},"modified":"2024-10-05T12:33:46","modified_gmt":"2024-10-05T10:33:46","slug":"1960-septiembre-11-primera-division-real-betis-balompie-2-rcd-mallorca-0-liv-aniversario","status":"publish","type":"post","link":"https:\/\/www.manquepierda.com\/historiarealbetis\/1960-septiembre-11-primera-division-real-betis-balompie-2-rcd-mallorca-0-liv-aniversario\/","title":{"rendered":"1960-Septiembre 11-Primera Divisi\u00f3n: Real Betis Balompi\u00e9-2 RCD Mallorca-0.-LIV Aniversario"},"content":{"rendered":"<p style=\"text-align: center\"><strong>1960-SEPTIEMBRE 11-DOMINGO-EN SEVILLA<\/strong><\/p>\n<figure id=\"attachment_37505\" aria-describedby=\"caption-attachment-37505\" style=\"width: 478px\" class=\"wp-caption aligncenter\"><a href=\"https:\/\/www.manquepierda.com\/historiarealbetis\/37503-1960-septiembre-11-primera-division-real-betis-balompie-2-rcd-mallorca-0-liv-aniversario\/partidos-01-2\/\" rel=\"attachment wp-att-37505\"><img data-recalc-dims=\"1\" loading=\"lazy\" decoding=\"async\" class=\"size-medium wp-image-37505\" src=\"https:\/\/i0.wp.com\/www.manquepierda.com\/historiarealbetis\/files\/2014\/09\/Partidos-01.jpg?resize=478%2C600&#038;ssl=1\" alt=\"mmmmm\" width=\"478\" height=\"600\" srcset=\"https:\/\/i0.wp.com\/www.manquepierda.com\/historiarealbetis\/files\/2014\/09\/Partidos-01.jpg?resize=478%2C600&amp;ssl=1 478w, https:\/\/i0.wp.com\/www.manquepierda.com\/historiarealbetis\/files\/2014\/09\/Partidos-01.jpg?resize=175%2C220&amp;ssl=1 175w, https:\/\/i0.wp.com\/www.manquepierda.com\/historiarealbetis\/files\/2014\/09\/Partidos-01.jpg?resize=557%2C700&amp;ssl=1 557w, https:\/\/i0.wp.com\/www.manquepierda.com\/historiarealbetis\/files\/2014\/09\/Partidos-01.jpg?w=640&amp;ssl=1 640w\" sizes=\"auto, (max-width: 478px) 100vw, 478px\" \/><\/a><figcaption id=\"caption-attachment-37505\" class=\"wp-caption-text\"><strong>REVISTA DE LA AFICI\u00d3N B\u00c9TICA \u00abVERDE Y BLANCO\u00bb.-PRIMERA JORNADA CAMPEONATO NACIONAL LIGA PRIMERA DIVISI\u00d3N 1960-1961.-ESTADIO MUNICIPAL DE HELI\u00d3POLIS DOMINGO 11-SEPTIEMBRE-1960-NOCHE-LLENO ABSOLUTO.<\/strong><\/figcaption><\/figure>\n<figure id=\"attachment_37506\" aria-describedby=\"caption-attachment-37506\" style=\"width: 487px\" class=\"wp-caption aligncenter\"><a href=\"https:\/\/www.manquepierda.com\/historiarealbetis\/37503-1960-septiembre-11-primera-division-real-betis-balompie-2-rcd-mallorca-0-liv-aniversario\/partidos-02\/\" rel=\"attachment wp-att-37506\"><img data-recalc-dims=\"1\" loading=\"lazy\" decoding=\"async\" class=\"size-medium wp-image-37506\" src=\"https:\/\/i0.wp.com\/www.manquepierda.com\/historiarealbetis\/files\/2014\/09\/Partidos-02.jpg?resize=487%2C600&#038;ssl=1\" alt=\"mmm\" width=\"487\" height=\"600\" srcset=\"https:\/\/i0.wp.com\/www.manquepierda.com\/historiarealbetis\/files\/2014\/09\/Partidos-02.jpg?resize=487%2C600&amp;ssl=1 487w, https:\/\/i0.wp.com\/www.manquepierda.com\/historiarealbetis\/files\/2014\/09\/Partidos-02.jpg?resize=178%2C220&amp;ssl=1 178w, https:\/\/i0.wp.com\/www.manquepierda.com\/historiarealbetis\/files\/2014\/09\/Partidos-02.jpg?resize=569%2C700&amp;ssl=1 569w, https:\/\/i0.wp.com\/www.manquepierda.com\/historiarealbetis\/files\/2014\/09\/Partidos-02.jpg?w=640&amp;ssl=1 640w\" sizes=\"auto, (max-width: 487px) 100vw, 487px\" \/><\/a><figcaption id=\"caption-attachment-37506\" class=\"wp-caption-text\"><strong>IM\u00c1GENES:\u00a0 DOS MAGN\u00cdFICOS REMATES DEL INTERNACIONAL ARGENTINO ROJAS.<\/strong><\/figcaption><\/figure>\n<figure id=\"attachment_37504\" aria-describedby=\"caption-attachment-37504\" style=\"width: 140px\" class=\"wp-caption aligncenter\"><a href=\"https:\/\/www.manquepierda.com\/historiarealbetis\/37503-1960-septiembre-11-primera-division-real-betis-balompie-2-rcd-mallorca-0-liv-aniversario\/arbitro-felix-birigay\/\" rel=\"attachment wp-att-37504\"><img data-recalc-dims=\"1\" loading=\"lazy\" decoding=\"async\" class=\"size-thumbnail wp-image-37504\" src=\"https:\/\/i0.wp.com\/www.manquepierda.com\/historiarealbetis\/files\/2014\/09\/%C3%81rbitro-F%C3%A9lix-Birigay-140x220.jpg?resize=140%2C220&#038;ssl=1\" alt=\"mmm\" width=\"140\" height=\"220\" srcset=\"https:\/\/i0.wp.com\/www.manquepierda.com\/historiarealbetis\/files\/2014\/09\/%C3%81rbitro-F%C3%A9lix-Birigay.jpg?resize=140%2C220&amp;ssl=1 140w, https:\/\/i0.wp.com\/www.manquepierda.com\/historiarealbetis\/files\/2014\/09\/%C3%81rbitro-F%C3%A9lix-Birigay.jpg?resize=382%2C600&amp;ssl=1 382w, https:\/\/i0.wp.com\/www.manquepierda.com\/historiarealbetis\/files\/2014\/09\/%C3%81rbitro-F%C3%A9lix-Birigay.jpg?resize=445%2C700&amp;ssl=1 445w, https:\/\/i0.wp.com\/www.manquepierda.com\/historiarealbetis\/files\/2014\/09\/%C3%81rbitro-F%C3%A9lix-Birigay.jpg?w=697&amp;ssl=1 697w\" sizes=\"auto, (max-width: 140px) 100vw, 140px\" \/><\/a><figcaption id=\"caption-attachment-37504\" class=\"wp-caption-text\">Arbitr\u00f3 el colegiado valenciano F\u00e9lix BIRIGAY Nieva (40 a\u00f1os+7 meses menos 10 d\u00edas).-Entrevistado por BORBUJO (Hoja del Lunes-Sevilla).<\/figcaption><\/figure>\n<p style=\"text-align: center\">Seis preguntas le formulamos.\u00a0 Empezamos con la \u00abprotocolaria\u00bb:<\/p>\n<p style=\"text-align: left\">&#8211;\u00bfQu\u00e9 tal le ha parecido el encuentro?<\/p>\n<p style=\"text-align: left\"><strong>&#8211;En primer lugar que ha sido un gran acierto la hora fijada;\u00a0 con el d\u00eda que hemos tenido de calor y primer partido,\u00a0 por la tarde hubiese pasado lo suyo a todos.<\/strong><\/p>\n<p style=\"text-align: left\">&#8211;\u00bfEste es su primer partido,\u00a0 despu\u00e9s de la final de la Copa del General\u00edsimo?<\/p>\n<p style=\"text-align: left\"><strong>&#8211;De Campeonato,\u00a0 s\u00ed,\u00a0 ya que durante el verano se hacen algunos partidos de entrenamientos y ejercicios f\u00edsicos.<\/strong><\/p>\n<p style=\"text-align: left\">&#8211;\u00bfC\u00f3mo se han portado los jugadores?<\/p>\n<p style=\"text-align: left\"><strong>&#8211;Bien,\u00a0 en general,\u00a0 y,\u00a0 sobre todo,\u00a0 siempre tratando de jugar el bal\u00f3n.<\/strong><\/p>\n<p style=\"text-align: left\">&#8211;\u00bfQu\u00e9 me dice de las varias manos que dej\u00f3 sin sanci\u00f3n?<\/p>\n<p style=\"text-align: left\"><strong>&#8211;Sencillamente,\u00a0 que todas fueron involuntarias,\u00a0 bien por balonazos directos o rebotes de los mismos.<\/strong><\/p>\n<p style=\"text-align: left\">&#8211;\u00bfC\u00f3mo no sancion\u00f3 el desplazamiento que le hicieron en el primer tiempo a Casta\u00f1o?<\/p>\n<p style=\"text-align: left\"><strong>&#8211;Fue una carga legal y,\u00a0 por tanto,\u00a0 reglamentaria;\u00a0 no as\u00ed otra que sancion\u00e9 a Bolao por intervenci\u00f3n del codo.<\/strong><\/p>\n<p style=\"text-align: left\">&#8211;\u00bfY de la jugada que le reclamaron \u00abpenalty\u00bb?<\/p>\n<p style=\"text-align: left\"><strong>&#8211;Pues que no lo apreci\u00e9;\u00a0 vi como el defensa impulsaba el bal\u00f3n y al salir \u00e9ste Casta\u00f1o tropezaba con sus pies,\u00a0 cayendo al suelo;\u00a0 es decir,\u00a0 que no v\u00ed intenci\u00f3n por parte del defensa de cometer falta,\u00a0 coincidiendo con mi juez de l\u00ednea bien situado.\u00a0 Tenga en cuenta que en estas jugadas,\u00a0 que el delantero corre con el bal\u00f3n y el defensa cruza el pie para despejarlo,\u00a0 si \u00e9ste lo consigue,\u00a0 el delantero siempre tropieza con el pie y cae,\u00a0 por lo que es muy dif\u00edcil su apreciaci\u00f3n;\u00a0 unas veces se acierta y otras se yerra.\u00a0 Lo malo de esto \u00faltimo es cuando un posible error decide un partido.<\/strong><\/p>\n<p style=\"text-align: center\">ALINEACIONES:<\/p>\n<figure id=\"attachment_37321\" aria-describedby=\"caption-attachment-37321\" style=\"width: 144px\" class=\"wp-caption aligncenter\"><a href=\"https:\/\/www.manquepierda.com\/historiarealbetis\/11015-1959-09-03-real-betis-balompie-6-vitoria-futebol-clube-0\/betis1-2\/\" rel=\"attachment wp-att-37321\"><img data-recalc-dims=\"1\" loading=\"lazy\" decoding=\"async\" class=\"size-full wp-image-37321\" src=\"https:\/\/i0.wp.com\/www.manquepierda.com\/historiarealbetis\/files\/2011\/05\/betis1.gif?resize=144%2C144&#038;ssl=1\" alt=\"mmm\" width=\"144\" height=\"144\" \/><\/a><figcaption id=\"caption-attachment-37321\" class=\"wp-caption-text\"><strong>REAL BETIS BALOMPI\u00c9-2 GOLES.<\/strong><\/figcaption><\/figure>\n<figure id=\"attachment_37507\" aria-describedby=\"caption-attachment-37507\" style=\"width: 165px\" class=\"wp-caption alignright\"><a href=\"https:\/\/www.manquepierda.com\/historiarealbetis\/37503-1960-septiembre-11-primera-division-real-betis-balompie-2-rcd-mallorca-0-liv-aniversario\/benitovillamarinprieto-11\/\" rel=\"attachment wp-att-37507\"><img data-recalc-dims=\"1\" loading=\"lazy\" decoding=\"async\" class=\"size-thumbnail wp-image-37507\" src=\"https:\/\/i0.wp.com\/www.manquepierda.com\/historiarealbetis\/files\/2014\/09\/benitovillamar%C3%ADnprieto.jpg?resize=165%2C220&#038;ssl=1\" alt=\"MMM\" width=\"165\" height=\"220\" srcset=\"https:\/\/i0.wp.com\/www.manquepierda.com\/historiarealbetis\/files\/2014\/09\/benitovillamar%C3%ADnprieto.jpg?resize=165%2C220&amp;ssl=1 165w, https:\/\/i0.wp.com\/www.manquepierda.com\/historiarealbetis\/files\/2014\/09\/benitovillamar%C3%ADnprieto.jpg?w=378&amp;ssl=1 378w\" sizes=\"auto, (max-width: 165px) 100vw, 165px\" \/><\/a><figcaption id=\"caption-attachment-37507\" class=\"wp-caption-text\"><strong>DON BENITO VILLAMAR\u00cdN PRIETO-INDUSTRIAL-42 A\u00f1os+1 mes menos 10d\u00edas.<\/strong><\/figcaption><\/figure>\n<p>&nbsp;<\/p>\n<p>&nbsp;<\/p>\n<p>&nbsp;<\/p>\n<p>&nbsp;<\/p>\n<p>&nbsp;<\/p>\n<p>&nbsp;<\/p>\n<p style=\"text-align: right\"><strong>40\u00ba PRESIDENTE REAL BETIS BALOMPI\u00c9-TEMPORADAS 1955-1956 HASTA 1965-1966.-Emocion\u00e1nt\u00edsima carta de despedida fechada en Sevilla,\u00a0 martes 07 de Diciembre de 1965 en primer lugar a sus compa\u00f1eros de Junta y a trav\u00e9s de ellos de la Afici\u00f3n Verdiblanca; a causa de su grave enfermedad de c\u00e1ncer de pulm\u00f3n,\u00a0 que le imposibilit\u00f3 en\u00a0 situarlo en la \u00e9lite nacional de una vez por todas para siempre.<\/strong><\/p>\n<p>&nbsp;<\/p>\n<figure id=\"attachment_37508\" aria-describedby=\"caption-attachment-37508\" style=\"width: 182px\" class=\"wp-caption alignleft\"><a href=\"https:\/\/www.manquepierda.com\/historiarealbetis\/37503-1960-septiembre-11-primera-division-real-betis-balompie-2-rcd-mallorca-0-liv-aniversario\/ferdinand-daucik-fonfer-19600911\/\" rel=\"attachment wp-att-37508\"><img data-recalc-dims=\"1\" loading=\"lazy\" decoding=\"async\" class=\"size-thumbnail wp-image-37508\" src=\"https:\/\/i0.wp.com\/www.manquepierda.com\/historiarealbetis\/files\/2014\/09\/Ferdinand-Daucik-Fonfer-19600911.jpg?resize=182%2C220&#038;ssl=1\" alt=\"mmmm\" width=\"182\" height=\"220\" srcset=\"https:\/\/i0.wp.com\/www.manquepierda.com\/historiarealbetis\/files\/2014\/09\/Ferdinand-Daucik-Fonfer-19600911.jpg?resize=182%2C220&amp;ssl=1 182w, https:\/\/i0.wp.com\/www.manquepierda.com\/historiarealbetis\/files\/2014\/09\/Ferdinand-Daucik-Fonfer-19600911.jpg?resize=497%2C600&amp;ssl=1 497w, https:\/\/i0.wp.com\/www.manquepierda.com\/historiarealbetis\/files\/2014\/09\/Ferdinand-Daucik-Fonfer-19600911.jpg?resize=580%2C700&amp;ssl=1 580w, https:\/\/i0.wp.com\/www.manquepierda.com\/historiarealbetis\/files\/2014\/09\/Ferdinand-Daucik-Fonfer-19600911.jpg?w=639&amp;ssl=1 639w\" sizes=\"auto, (max-width: 182px) 100vw, 182px\" \/><\/a><figcaption id=\"caption-attachment-37508\" class=\"wp-caption-text\"><strong>FERDINAND DAUCIK FONFER.-Entrevistado por BORBUJO (\u00abHoja del Lunes\u00bb 12-09-1960).<\/strong><\/figcaption><\/figure>\n<p>&nbsp;<\/p>\n<p>Fernando Daucik,\u00a0 como es en\u00a0 el consustancial,\u00a0 se mostr\u00f3 propicio,<\/p>\n<p><strong>&#8211;\u00a1\u00a1Pregunte lo que quiera\u00a1\u00a1<\/strong><\/p>\n<p>&#8211;Simplemente,\u00a0 don Fernando,\u00a0 por hoy,\u00a0 tan solo queremos su impresi\u00f3n sobre el partido.<\/p>\n<p><strong>&#8211;Seg\u00fan mi modesto entender,\u00a0 creo que en \u00e9ste encuentro de principio de temporada,\u00a0 agobiados por el calor reinante,\u00a0 no obstante celebrarse por la noche,\u00a0 con el derroche de energ\u00edas que ha supuesto,\u00a0 supoeramos al adversario.\u00a0 Y por ello,\u00a0 merecidamente,\u00a0 hemos triunfado.<\/strong><\/p>\n<p>&#8211;\u00bfConforme,\u00a0 pues con\u00a0 el resultado?<\/p>\n<p><strong>&#8211;Debimos haber marcado uno o dos goles m\u00e1s.<\/strong><\/p>\n<p>&#8211;\u00bfQu\u00e9 lo impidi\u00f3?<\/p>\n<p><strong>&#8211;Pues la buena actuaci\u00f3n del guardameta visitante y otros factores.<\/strong><\/p>\n<p>&#8211;\u00bfCu\u00e1les&#8230;? (Daucik duda y concreta):<\/p>\n<p><strong>&#8211;Lo esencial es que vencimos y que hemos demostrado que el equipo puede rendir,\u00a0 en el futuro,\u00a0 muy bien.<\/strong><\/p>\n<figure id=\"attachment_37509\" aria-describedby=\"caption-attachment-37509\" style=\"width: 123px\" class=\"wp-caption aligncenter\"><a href=\"https:\/\/www.manquepierda.com\/historiarealbetis\/37503-1960-septiembre-11-primera-division-real-betis-balompie-2-rcd-mallorca-0-liv-aniversario\/otero-couceiro-juan-ignacio-7\/\" rel=\"attachment wp-att-37509\"><img data-recalc-dims=\"1\" loading=\"lazy\" decoding=\"async\" class=\"size-thumbnail wp-image-37509\" src=\"https:\/\/i0.wp.com\/www.manquepierda.com\/historiarealbetis\/files\/2014\/09\/Otero-Couceiro-Juan-Ignacio1.jpg?resize=123%2C220&#038;ssl=1\" alt=\"mmm\" width=\"123\" height=\"220\" srcset=\"https:\/\/i0.wp.com\/www.manquepierda.com\/historiarealbetis\/files\/2014\/09\/Otero-Couceiro-Juan-Ignacio1.jpg?resize=123%2C220&amp;ssl=1 123w, https:\/\/i0.wp.com\/www.manquepierda.com\/historiarealbetis\/files\/2014\/09\/Otero-Couceiro-Juan-Ignacio1.jpg?resize=337%2C600&amp;ssl=1 337w, https:\/\/i0.wp.com\/www.manquepierda.com\/historiarealbetis\/files\/2014\/09\/Otero-Couceiro-Juan-Ignacio1.jpg?resize=394%2C700&amp;ssl=1 394w, https:\/\/i0.wp.com\/www.manquepierda.com\/historiarealbetis\/files\/2014\/09\/Otero-Couceiro-Juan-Ignacio1.jpg?zoom=2&amp;resize=123%2C220&amp;ssl=1 246w\" sizes=\"auto, (max-width: 123px) 100vw, 123px\" \/><\/a><figcaption id=\"caption-attachment-37509\" class=\"wp-caption-text\"><strong>1.-Guardameta Juan Ignacio OTERO Couceiro.-IMBATIDO SU MARCO.<\/strong><\/figcaption><\/figure>\n<p style=\"text-align: center\"><strong>ZAGUEROS:<\/strong><\/p>\n<p style=\"text-align: center\"><strong>2.-Jos\u00e9 Lu\u00eds AZCUETA Uriarte.<\/strong><\/p>\n<p style=\"text-align: center\"><strong>5.-Eusebio R\u00cdOS Fern\u00e1ndez.<\/strong><\/p>\n<p style=\"text-align: center\"><strong>3.-Esteban Areta V\u00e9lez (a) \u00abARETA II\u00bb.<\/strong><\/p>\n<p style=\"text-align: center\"><strong>MEDIOS:<\/strong><\/p>\n<p style=\"text-align: center\"><strong>4.-Yanko DAUCIK Ciboch.<\/strong><\/p>\n<p style=\"text-align: center\"><strong>6.-Andr\u00e9s BOSCH Pujol.<\/strong><\/p>\n<p style=\"text-align: center\"><strong>DELANTEROS:<\/strong><\/p>\n<p style=\"text-align: center\"><strong>7.-Heliodoro CASTA\u00d1O Pedrosa:<\/strong><\/p>\n<figure id=\"attachment_37511\" aria-describedby=\"caption-attachment-37511\" style=\"width: 162px\" class=\"wp-caption aligncenter\"><a href=\"https:\/\/www.manquepierda.com\/historiarealbetis\/37503-1960-septiembre-11-primera-division-real-betis-balompie-2-rcd-mallorca-0-liv-aniversario\/castano-pedrosa-3\/\" rel=\"attachment wp-att-37511\"><img data-recalc-dims=\"1\" loading=\"lazy\" decoding=\"async\" class=\"size-thumbnail wp-image-37511\" src=\"https:\/\/i0.wp.com\/www.manquepierda.com\/historiarealbetis\/files\/2014\/09\/Casta%C3%B1o-Pedrosa.jpg?resize=162%2C220&#038;ssl=1\" alt=\"mmmm\" width=\"162\" height=\"220\" srcset=\"https:\/\/i0.wp.com\/www.manquepierda.com\/historiarealbetis\/files\/2014\/09\/Casta%C3%B1o-Pedrosa.jpg?resize=162%2C220&amp;ssl=1 162w, https:\/\/i0.wp.com\/www.manquepierda.com\/historiarealbetis\/files\/2014\/09\/Casta%C3%B1o-Pedrosa.jpg?w=401&amp;ssl=1 401w\" sizes=\"auto, (max-width: 162px) 100vw, 162px\" \/><\/a><figcaption id=\"caption-attachment-37511\" class=\"wp-caption-text\"><strong>1-0.-Magn\u00edfico gol a los 17 minutos de juego.<\/strong><\/figcaption><\/figure>\n<p style=\"text-align: center\"><strong>8.-Tom\u00e1s AZPEITIA P\u00e9rez.<\/strong><\/p>\n<p style=\"text-align: center\"><strong>9.-Centro Delantero-Ariete-Janos KUSZMANN Erwin.<\/strong><\/p>\n<p style=\"text-align: center\"><strong>10.-Alfredo Hugo ROJAS Delinge.<\/strong><\/p>\n<figure id=\"attachment_37512\" aria-describedby=\"caption-attachment-37512\" style=\"width: 162px\" class=\"wp-caption aligncenter\"><a href=\"https:\/\/www.manquepierda.com\/historiarealbetis\/37503-1960-septiembre-11-primera-division-real-betis-balompie-2-rcd-mallorca-0-liv-aniversario\/alfredohugorojasdelinge-8\/\" rel=\"attachment wp-att-37512\"><img data-recalc-dims=\"1\" loading=\"lazy\" decoding=\"async\" class=\"size-thumbnail wp-image-37512\" src=\"https:\/\/i0.wp.com\/www.manquepierda.com\/historiarealbetis\/files\/2014\/09\/AlfredoHUGOROJASDelinge1.jpg?resize=162%2C220&#038;ssl=1\" alt=\"mmmm\" width=\"162\" height=\"220\" srcset=\"https:\/\/i0.wp.com\/www.manquepierda.com\/historiarealbetis\/files\/2014\/09\/AlfredoHUGOROJASDelinge1.jpg?resize=162%2C220&amp;ssl=1 162w, https:\/\/i0.wp.com\/www.manquepierda.com\/historiarealbetis\/files\/2014\/09\/AlfredoHUGOROJASDelinge1.jpg?resize=443%2C600&amp;ssl=1 443w, https:\/\/i0.wp.com\/www.manquepierda.com\/historiarealbetis\/files\/2014\/09\/AlfredoHUGOROJASDelinge1.jpg?w=469&amp;ssl=1 469w\" sizes=\"auto, (max-width: 162px) 100vw, 162px\" \/><\/a><figcaption id=\"caption-attachment-37512\" class=\"wp-caption-text\"><strong>2-0.-63 minutos.<\/strong><\/figcaption><\/figure>\n<p style=\"text-align: center\"><strong>11.-Ignacio MART\u00cdN-ESPERANZA Tejada.<\/strong><\/p>\n<p style=\"text-align: center\">VS.<\/p>\n<figure id=\"attachment_37513\" aria-describedby=\"caption-attachment-37513\" style=\"width: 165px\" class=\"wp-caption aligncenter\"><a href=\"https:\/\/www.manquepierda.com\/historiarealbetis\/37503-1960-septiembre-11-primera-division-real-betis-balompie-2-rcd-mallorca-0-liv-aniversario\/escudo-mallorca\/\" rel=\"attachment wp-att-37513\"><img data-recalc-dims=\"1\" loading=\"lazy\" decoding=\"async\" class=\"size-thumbnail wp-image-37513\" src=\"https:\/\/i0.wp.com\/www.manquepierda.com\/historiarealbetis\/files\/2014\/09\/Escudo-Mallorca.jpg?resize=165%2C220&#038;ssl=1\" alt=\"mmm\" width=\"165\" height=\"220\" srcset=\"https:\/\/i0.wp.com\/www.manquepierda.com\/historiarealbetis\/files\/2014\/09\/Escudo-Mallorca.jpg?resize=165%2C220&amp;ssl=1 165w, https:\/\/i0.wp.com\/www.manquepierda.com\/historiarealbetis\/files\/2014\/09\/Escudo-Mallorca.jpg?w=269&amp;ssl=1 269w\" sizes=\"auto, (max-width: 165px) 100vw, 165px\" \/><\/a><figcaption id=\"caption-attachment-37513\" class=\"wp-caption-text\">REAL CLUB DEPORTIVO MALLORCA-0 Tantos.<\/figcaption><\/figure>\n<p style=\"text-align: center\">1956-1961.-Presidente don Jaume ROSELL\u00d3.<\/p>\n<figure id=\"attachment_37514\" aria-describedby=\"caption-attachment-37514\" style=\"width: 191px\" class=\"wp-caption alignleft\"><a href=\"https:\/\/www.manquepierda.com\/historiarealbetis\/37503-1960-septiembre-11-primera-division-real-betis-balompie-2-rcd-mallorca-0-liv-aniversario\/jc-lorenzo-rcd-mallorca\/\" rel=\"attachment wp-att-37514\"><img data-recalc-dims=\"1\" loading=\"lazy\" decoding=\"async\" class=\"size-thumbnail wp-image-37514\" src=\"https:\/\/i0.wp.com\/www.manquepierda.com\/historiarealbetis\/files\/2014\/09\/JC-Lorenzo-RCD-Mallorca.jpg?resize=191%2C220&#038;ssl=1\" alt=\"mmmm\" width=\"191\" height=\"220\" srcset=\"https:\/\/i0.wp.com\/www.manquepierda.com\/historiarealbetis\/files\/2014\/09\/JC-Lorenzo-RCD-Mallorca.jpg?resize=191%2C220&amp;ssl=1 191w, https:\/\/i0.wp.com\/www.manquepierda.com\/historiarealbetis\/files\/2014\/09\/JC-Lorenzo-RCD-Mallorca.jpg?resize=523%2C600&amp;ssl=1 523w, https:\/\/i0.wp.com\/www.manquepierda.com\/historiarealbetis\/files\/2014\/09\/JC-Lorenzo-RCD-Mallorca.jpg?resize=610%2C700&amp;ssl=1 610w, https:\/\/i0.wp.com\/www.manquepierda.com\/historiarealbetis\/files\/2014\/09\/JC-Lorenzo-RCD-Mallorca.jpg?w=630&amp;ssl=1 630w\" sizes=\"auto, (max-width: 191px) 100vw, 191px\" \/><\/a><figcaption id=\"caption-attachment-37514\" class=\"wp-caption-text\">JUAN CARLOS LORENZO PEREIRA-Entrevistado por BORBUJO (\u00abHoja del Lunes\u00bb 12-09-1960.<\/figcaption><\/figure>\n<p>&nbsp;<\/p>\n<p>Tambi\u00e9n fue muy escueto:<\/p>\n<p><strong>&#8211;Ha sido un partido correcto y ha ganado bien el Betis,\u00a0 aunque estimo que nuestro debut en la Primera Divisi\u00f3n ha sido airoso,\u00a0 pese al nerviosismo con que se desarroll\u00f3 el encuentro.<\/strong><\/p>\n<p>&#8211;\u00bfQu\u00e9 le ha parecido el Betis?<\/p>\n<p><strong>&#8211;Un buen equipo,\u00a0 que ir\u00e1 a m\u00e1s.<\/strong><\/p>\n<p>&#8211;\u00bfY el Mallorca?<\/p>\n<p><strong>&#8211;Del m\u00edo no suelo opinar en\u00a0 un aspecto parcial.\u00a0 Repito que el debut en la Divisi\u00f3n de Honor no ha sido desairado.<\/strong><\/p>\n<p>Y no dijo m\u00e1s Juan Carlos Lorenzo en su debut&#8230; en Sevilla.\u00a0 Porque el entrenador balear debutaba&#8230; en nuestra ciudad.\u00a0 Era&#8211;era como dicen los carteles taurinos&#8211;nuevo en esta plaza\u00bb.<\/p>\n<p>Ricardo ZAMORA De Grassa.-Jaime ARQU\u00c9 Ballester-Andr\u00e9s G\u00f3mez Benito \u00abBOLAO\u00bb-Fernando GUILLAM\u00d3N Rodr\u00edguez.-Isidro FLOTATS Vilanova-Francisco Javier BOIXET Pujal.-Antonio OVIEDO Salda\u00f1a-Juan L\u00f3pez Ramos \u00abCURRUCALES\u00bb-Fiedrich Jorg HOLLAUS-Juli\u00e1 MIR Pons-Jos\u00e9 Mar\u00eda RUIZ Esgleas.<\/p>\n<figure id=\"attachment_37520\" aria-describedby=\"caption-attachment-37520\" style=\"width: 150px\" class=\"wp-caption aligncenter\"><a href=\"https:\/\/www.manquepierda.com\/historiarealbetis\/37503-1960-septiembre-11-primera-division-real-betis-balompie-2-rcd-mallorca-0-liv-aniversario\/lleb-vf-acto-primero-i-cuadro\/\" rel=\"attachment wp-att-37520\"><img data-recalc-dims=\"1\" loading=\"lazy\" decoding=\"async\" class=\"size-medium wp-image-37520\" src=\"https:\/\/i0.wp.com\/www.manquepierda.com\/historiarealbetis\/files\/2014\/09\/LLEB-VF-Acto-Primero-I-Cuadro.jpg?resize=150%2C600&#038;ssl=1\" alt=\"mmmm\" width=\"150\" height=\"600\" srcset=\"https:\/\/i0.wp.com\/www.manquepierda.com\/historiarealbetis\/files\/2014\/09\/LLEB-VF-Acto-Primero-I-Cuadro.jpg?resize=150%2C600&amp;ssl=1 150w, https:\/\/i0.wp.com\/www.manquepierda.com\/historiarealbetis\/files\/2014\/09\/LLEB-VF-Acto-Primero-I-Cuadro.jpg?resize=55%2C220&amp;ssl=1 55w, https:\/\/i0.wp.com\/www.manquepierda.com\/historiarealbetis\/files\/2014\/09\/LLEB-VF-Acto-Primero-I-Cuadro.jpg?resize=175%2C700&amp;ssl=1 175w, https:\/\/i0.wp.com\/www.manquepierda.com\/historiarealbetis\/files\/2014\/09\/LLEB-VF-Acto-Primero-I-Cuadro.jpg?zoom=2&amp;resize=150%2C600&amp;ssl=1 300w, https:\/\/i0.wp.com\/www.manquepierda.com\/historiarealbetis\/files\/2014\/09\/LLEB-VF-Acto-Primero-I-Cuadro.jpg?zoom=3&amp;resize=150%2C600&amp;ssl=1 450w\" sizes=\"auto, (max-width: 150px) 100vw, 150px\" \/><\/a><figcaption id=\"caption-attachment-37520\" class=\"wp-caption-text\"><strong>LA LIGA EN BROMA POR VICENTE FLORES.-ACTO PRIMERO-I CUADRO.-\u00abHoja del Lunes\u00bb 12-09-1960.<\/strong><\/figcaption><\/figure>\n<p style=\"text-align: center\"><em><strong>\u00abY los dos sevillanos.\u00a0 Si el uno ha hecho un \u00abcoged\u00e1tiles\u00bb tremendo.\u00a0 El otro ha hecho su papel a las mil maravillas.\u00a0 Y ah\u00ed est\u00e1n,\u00a0 sin quitarse la vista de encima,\u00a0 y estudiando m\u00e1s que un preuniversitario en septiembre\u00bb.-Firmado VICENTE FLORES.<\/strong><\/em><\/p>\n<p style=\"text-align: center\">Espa\u00f1ol-3 Valencia-0.<\/p>\n<p style=\"text-align: center\">Elche-2 Sevilla-2.<\/p>\n<p style=\"text-align: center\">Real Sociedad-1 Granada-0.<\/p>\n<p style=\"text-align: center\">Atl\u00e9tico Madrid-1 R. Madrid-0.<\/p>\n<p style=\"text-align: center\">Santander-2 Zaragoza-1.<\/p>\n<p style=\"text-align: center\"><strong>Real Betis Balompi\u00e9-2 vs. RCD Mallorca-0.<\/strong><\/p>\n<p style=\"text-align: center\">Valladolid-3 Oviedo-0.<\/p>\n<p style=\"text-align: center\">Athl\u00e9tic Bilbao-0 FC Barcelona-2.<\/p>\n<figure id=\"attachment_37515\" aria-describedby=\"caption-attachment-37515\" style=\"width: 680px\" class=\"wp-caption aligncenter\"><a href=\"https:\/\/www.manquepierda.com\/historiarealbetis\/37503-1960-septiembre-11-primera-division-real-betis-balompie-2-rcd-mallorca-0-liv-aniversario\/1960-1961-clasificacion-1ajda\/\" rel=\"attachment wp-att-37515\"><img data-recalc-dims=\"1\" loading=\"lazy\" decoding=\"async\" class=\"size-medium wp-image-37515\" src=\"https:\/\/i0.wp.com\/www.manquepierda.com\/historiarealbetis\/files\/2014\/09\/1960-1961-Clasificaci%C3%B3n-1%C2%AAJda..jpg?resize=680%2C568&#038;ssl=1\" alt=\"mmmm\" width=\"680\" height=\"568\" srcset=\"https:\/\/i0.wp.com\/www.manquepierda.com\/historiarealbetis\/files\/2014\/09\/1960-1961-Clasificaci%C3%B3n-1%C2%AAJda..jpg?resize=680%2C568&amp;ssl=1 680w, https:\/\/i0.wp.com\/www.manquepierda.com\/historiarealbetis\/files\/2014\/09\/1960-1961-Clasificaci%C3%B3n-1%C2%AAJda..jpg?resize=220%2C183&amp;ssl=1 220w, https:\/\/i0.wp.com\/www.manquepierda.com\/historiarealbetis\/files\/2014\/09\/1960-1961-Clasificaci%C3%B3n-1%C2%AAJda..jpg?w=721&amp;ssl=1 721w\" sizes=\"auto, (max-width: 680px) 100vw, 680px\" \/><\/a><figcaption id=\"caption-attachment-37515\" class=\"wp-caption-text\">CLASIFICACI\u00d3N GENERAL DE LA PRIMERA JORNADA CAMPEONATO NACIONAL DE LIGA PRIMERA DIVISI\u00d3N TEMPORADA 1960-1961.-HOJA DEL LUNES 12-SEPTIEMBRE-1960: <strong>CUARTO CLASIFICADO REAL BETIS BALOMPI\u00c9.<\/strong><\/figcaption><\/figure>\n<p style=\"text-align: left\">\n","protected":false},"excerpt":{"rendered":"<p>1960-SEPTIEMBRE 11-DOMINGO-EN SEVILLA Seis preguntas le formulamos.\u00a0 Empezamos con la \u00abprotocolaria\u00bb: &#8211;\u00bfQu\u00e9 tal le ha parecido el encuentro? &#8211;En primer lugar que ha sido un gran acierto la hora fijada;\u00a0 con el d\u00eda que hemos tenido de calor y primer partido,\u00a0 por la tarde hubiese pasado lo suyo a todos. &#8211;\u00bfEste es su primer partido,\u00a0&#8230;<\/p>\n","protected":false},"author":48,"featured_media":37506,"comment_status":"open","ping_status":"open","sticky":false,"template":"","format":"standard","meta":{"_kad_post_transparent":"","_kad_post_title":"","_kad_post_layout":"","_kad_post_sidebar_id":"","_kad_post_content_style":"","_kad_post_vertical_padding":"","_kad_post_feature":"","_kad_post_feature_position":"","_kad_post_header":false,"_kad_post_footer":false,"_kad_post_classname":"","_jetpack_memberships_contains_paid_content":false,"footnotes":"","jetpack_publicize_message":"","jetpack_publicize_feature_enabled":true,"jetpack_social_post_already_shared":true,"jetpack_social_options":{"image_generator_settings":{"template":"highway","default_image_id":0,"font":"","enabled":false},"version":2}},"categories":[902,1],"tags":[1246,2664,17859,2240],"class_list":["post-37503","post","type-post","status-publish","format-standard","has-post-thumbnail","hentry","category-1960-1969","category-portada","tag-1246","tag-1960-61","tag-liga-primera-1960-61","tag-rcd-mallorca"],"jetpack_publicize_connections":[],"jetpack_featured_media_url":"https:\/\/i0.wp.com\/www.manquepierda.com\/historiarealbetis\/files\/2014\/09\/Partidos-02.jpg?fit=640%2C787&ssl=1","jetpack_sharing_enabled":true,"jetpack_shortlink":"https:\/\/wp.me\/p1ij08-9KT","jetpack-related-posts":[],"_links":{"self":[{"href":"https:\/\/www.manquepierda.com\/historiarealbetis\/wp-json\/wp\/v2\/posts\/37503","targetHints":{"allow":["GET"]}}],"collection":[{"href":"https:\/\/www.manquepierda.com\/historiarealbetis\/wp-json\/wp\/v2\/posts"}],"about":[{"href":"https:\/\/www.manquepierda.com\/historiarealbetis\/wp-json\/wp\/v2\/types\/post"}],"author":[{"embeddable":true,"href":"https:\/\/www.manquepierda.com\/historiarealbetis\/wp-json\/wp\/v2\/users\/48"}],"replies":[{"embeddable":true,"href":"https:\/\/www.manquepierda.com\/historiarealbetis\/wp-json\/wp\/v2\/comments?post=37503"}],"version-history":[{"count":1,"href":"https:\/\/www.manquepierda.com\/historiarealbetis\/wp-json\/wp\/v2\/posts\/37503\/revisions"}],"predecessor-version":[{"id":100099,"href":"https:\/\/www.manquepierda.com\/historiarealbetis\/wp-json\/wp\/v2\/posts\/37503\/revisions\/100099"}],"wp:featuredmedia":[{"embeddable":true,"href":"https:\/\/www.manquepierda.com\/historiarealbetis\/wp-json\/wp\/v2\/media\/37506"}],"wp:attachment":[{"href":"https:\/\/www.manquepierda.com\/historiarealbetis\/wp-json\/wp\/v2\/media?parent=37503"}],"wp:term":[{"taxonomy":"category","embeddable":true,"href":"https:\/\/www.manquepierda.com\/historiarealbetis\/wp-json\/wp\/v2\/categories?post=37503"},{"taxonomy":"post_tag","embeddable":true,"href":"https:\/\/www.manquepierda.com\/historiarealbetis\/wp-json\/wp\/v2\/tags?post=37503"}],"curies":[{"name":"wp","href":"https:\/\/api.w.org\/{rel}","templated":true}]}}