{"id":37603,"date":"2014-09-15T17:43:34","date_gmt":"2014-09-15T15:43:34","guid":{"rendered":"http:\/\/www.manquepierda.com\/historiarealbetis\/?p=37603"},"modified":"2024-09-07T16:27:43","modified_gmt":"2024-09-07T14:27:43","slug":"1957-septiembre-15-segunda-grupo-sur-real-betis-balompie-3-ad-plus-ultra-madrid-1-lvii-aniversario","status":"publish","type":"post","link":"https:\/\/www.manquepierda.com\/historiarealbetis\/1957-septiembre-15-segunda-grupo-sur-real-betis-balompie-3-ad-plus-ultra-madrid-1-lvii-aniversario\/","title":{"rendered":"1957-Septiembre 15-Segunda Grupo Sur: Real Betis Balompi\u00e9-3 AD Plus Ultra-Madrid-1-LVII Aniversario."},"content":{"rendered":"<figure id=\"attachment_37604\" aria-describedby=\"caption-attachment-37604\" style=\"width: 680px\" class=\"wp-caption aligncenter\"><a href=\"https:\/\/www.manquepierda.com\/historiarealbetis\/37603-1957-septiembre-15-segunda-grupo-sur-real-betis-balompie-3-ad-plus-ultra-madrid-1-lvii-aniversario\/1957-1958-plantilla-real-betis-balompie\/\" rel=\"attachment wp-att-37604\"><img data-recalc-dims=\"1\" loading=\"lazy\" decoding=\"async\" class=\"size-medium wp-image-37604\" src=\"https:\/\/i0.wp.com\/www.manquepierda.com\/historiarealbetis\/files\/2014\/09\/1957-1958-Plantilla-Real-Betis-Balompi%C3%A9.jpg?resize=680%2C281&#038;ssl=1\" alt=\"mmmm\" width=\"680\" height=\"281\" srcset=\"https:\/\/i0.wp.com\/www.manquepierda.com\/historiarealbetis\/files\/2014\/09\/1957-1958-Plantilla-Real-Betis-Balompi%C3%A9.jpg?resize=680%2C281&amp;ssl=1 680w, https:\/\/i0.wp.com\/www.manquepierda.com\/historiarealbetis\/files\/2014\/09\/1957-1958-Plantilla-Real-Betis-Balompi%C3%A9.jpg?resize=220%2C90&amp;ssl=1 220w, https:\/\/i0.wp.com\/www.manquepierda.com\/historiarealbetis\/files\/2014\/09\/1957-1958-Plantilla-Real-Betis-Balompi%C3%A9.jpg?resize=960%2C396&amp;ssl=1 960w\" sizes=\"auto, (max-width: 680px) 100vw, 680px\" \/><\/a><figcaption id=\"caption-attachment-37604\" class=\"wp-caption-text\"><strong>PLANTILLA REAL BETIS BALOMPI\u00c9-SEGUNDA DIVISI\u00d3N-GRUPO SUR-TEMPORADA 1957-1958.-Entrenador ANTONIO BARRIOS.-Jugadores de pie-de izquierda a derecha: CASTELLANOS-LOLI-SANTOS-ESPEJ\u00cdN-LUIS\u00cdN-PAQUI-FELIPE-RAMONCITO-DOM\u00cdNGUEZ-CARDO-EUGENIO-VALDERAS.-Mismo orden de rodillas: MUNDO-SEGUER-RA\u00daL-PERI\u00d1\u00c1N-LASA-DEL SOL-SOBRADO-PORTU-RODRI-PE\u00d1AFUERTE E ISIDRO.-Faltan: ARETA II-VILA-MEN\u00c9NDEZ-CASTA\u00d1O.-Fuente n\u00famero extraordinario dedicado al regreso del BETIS BALOMPI\u00c9 A PRIMERA DIVISI\u00d3N \u00abSEVILLA\u00bb-diario de la tarde-JUNIO 1958.<\/strong><\/figcaption><\/figure>\n<p style=\"text-align: center\"><strong>1957-SEPTIEMBRE 15-DOMINGO-EN SEVILLA.<\/strong><\/p>\n<figure id=\"attachment_37605\" aria-describedby=\"caption-attachment-37605\" style=\"width: 680px\" class=\"wp-caption aligncenter\"><a href=\"https:\/\/www.manquepierda.com\/historiarealbetis\/37603-1957-septiembre-15-segunda-grupo-sur-real-betis-balompie-3-ad-plus-ultra-madrid-1-lvii-aniversario\/estadiomunicipalheliopolis-6\/\" rel=\"attachment wp-att-37605\"><img data-recalc-dims=\"1\" loading=\"lazy\" decoding=\"async\" class=\"size-medium wp-image-37605\" src=\"https:\/\/i0.wp.com\/www.manquepierda.com\/historiarealbetis\/files\/2014\/09\/EstadioMunicipalHELI%C3%93POLIS-680x361.jpg?resize=680%2C361&#038;ssl=1\" alt=\"MMMM\" width=\"680\" height=\"361\" srcset=\"https:\/\/i0.wp.com\/www.manquepierda.com\/historiarealbetis\/files\/2014\/09\/EstadioMunicipalHELI%C3%93POLIS.jpg?resize=680%2C361&amp;ssl=1 680w, https:\/\/i0.wp.com\/www.manquepierda.com\/historiarealbetis\/files\/2014\/09\/EstadioMunicipalHELI%C3%93POLIS.jpg?resize=220%2C116&amp;ssl=1 220w, https:\/\/i0.wp.com\/www.manquepierda.com\/historiarealbetis\/files\/2014\/09\/EstadioMunicipalHELI%C3%93POLIS.jpg?resize=960%2C510&amp;ssl=1 960w\" sizes=\"auto, (max-width: 680px) 100vw, 680px\" \/><\/a><figcaption id=\"caption-attachment-37605\" class=\"wp-caption-text\"><strong>ESTADIO MUNICIPAL DE HELI\u00d3POLIS-PRIMERA JORNADA CAMPEONATO NACIONAL LIGA SEGUNDA DIVISI\u00d3N-GRUPO SUR-TEMPORADA 1957-1958.-\u00abLLENO DE GALA\u00bb.<\/strong><\/figcaption><\/figure>\n<figure id=\"attachment_37606\" aria-describedby=\"caption-attachment-37606\" style=\"width: 139px\" class=\"wp-caption aligncenter\"><a href=\"https:\/\/www.manquepierda.com\/historiarealbetis\/37603-1957-septiembre-15-segunda-grupo-sur-real-betis-balompie-3-ad-plus-ultra-madrid-1-lvii-aniversario\/jose-vila-ramon\/\" rel=\"attachment wp-att-37606\"><img data-recalc-dims=\"1\" loading=\"lazy\" decoding=\"async\" class=\"size-thumbnail wp-image-37606\" src=\"https:\/\/i0.wp.com\/www.manquepierda.com\/historiarealbetis\/files\/2014\/09\/Jos%C3%A9-Vila-Ram%C3%B3n.jpg?resize=139%2C220&#038;ssl=1\" alt=\"mmm\" width=\"139\" height=\"220\" srcset=\"https:\/\/i0.wp.com\/www.manquepierda.com\/historiarealbetis\/files\/2014\/09\/Jos%C3%A9-Vila-Ram%C3%B3n.jpg?resize=139%2C220&amp;ssl=1 139w, https:\/\/i0.wp.com\/www.manquepierda.com\/historiarealbetis\/files\/2014\/09\/Jos%C3%A9-Vila-Ram%C3%B3n.jpg?w=185&amp;ssl=1 185w\" sizes=\"auto, (max-width: 139px) 100vw, 139px\" \/><\/a><figcaption id=\"caption-attachment-37606\" class=\"wp-caption-text\">Arbitr\u00f3 el colegiado valenciano Jos\u00e9 VILA Ram\u00f3n.-\u00ab<strong>Llev\u00f3 su cometido con imparcialidad, aunque su actuaci\u00f3n se tachase de meticulosa en exceso\u00bb.<\/strong><\/figcaption><\/figure>\n<p style=\"text-align: center\"><strong>A sus \u00f3rdenes, los equipos formaron de\u00a0 la siguiente forma:<\/strong><\/p>\n<figure id=\"attachment_37607\" aria-describedby=\"caption-attachment-37607\" style=\"width: 154px\" class=\"wp-caption aligncenter\"><a href=\"https:\/\/www.manquepierda.com\/historiarealbetis\/37603-1957-septiembre-15-segunda-grupo-sur-real-betis-balompie-3-ad-plus-ultra-madrid-1-lvii-aniversario\/1957-rbb-13\/\" rel=\"attachment wp-att-37607\"><img data-recalc-dims=\"1\" loading=\"lazy\" decoding=\"async\" class=\"size-full wp-image-37607\" src=\"https:\/\/i0.wp.com\/www.manquepierda.com\/historiarealbetis\/files\/2014\/09\/1957-RBB.jpg?resize=154%2C154&#038;ssl=1\" alt=\"mmm\" width=\"154\" height=\"154\" \/><\/a><figcaption id=\"caption-attachment-37607\" class=\"wp-caption-text\"><strong>6\u00ba.-Camisolines Verdiblancos y calzonas Blancas.-REAL BETIS BALOMPI\u00c9-3 Goles.<\/strong><\/figcaption><\/figure>\n<p>&nbsp;<\/p>\n<p>&nbsp;<\/p>\n<p>&nbsp;<\/p>\n<figure id=\"attachment_37608\" aria-describedby=\"caption-attachment-37608\" style=\"width: 184px\" class=\"wp-caption aligncenter\"><a href=\"https:\/\/www.manquepierda.com\/historiarealbetis\/37603-1957-septiembre-15-segunda-grupo-sur-real-betis-balompie-3-ad-plus-ultra-madrid-1-lvii-aniversario\/benito-villamarin-prieto-10\/\" rel=\"attachment wp-att-37608\"><img data-recalc-dims=\"1\" loading=\"lazy\" decoding=\"async\" class=\"size-thumbnail wp-image-37608\" src=\"https:\/\/i0.wp.com\/www.manquepierda.com\/historiarealbetis\/files\/2014\/09\/Benito-Villamar%C3%ADn-Prieto1.jpg?resize=184%2C220&#038;ssl=1\" alt=\"mmmm\" width=\"184\" height=\"220\" srcset=\"https:\/\/i0.wp.com\/www.manquepierda.com\/historiarealbetis\/files\/2014\/09\/Benito-Villamar%C3%ADn-Prieto1.jpg?resize=184%2C220&amp;ssl=1 184w, https:\/\/i0.wp.com\/www.manquepierda.com\/historiarealbetis\/files\/2014\/09\/Benito-Villamar%C3%ADn-Prieto1.jpg?resize=504%2C600&amp;ssl=1 504w, https:\/\/i0.wp.com\/www.manquepierda.com\/historiarealbetis\/files\/2014\/09\/Benito-Villamar%C3%ADn-Prieto1.jpg?resize=588%2C700&amp;ssl=1 588w, https:\/\/i0.wp.com\/www.manquepierda.com\/historiarealbetis\/files\/2014\/09\/Benito-Villamar%C3%ADn-Prieto1.jpg?w=672&amp;ssl=1 672w\" sizes=\"auto, (max-width: 184px) 100vw, 184px\" \/><\/a><figcaption id=\"caption-attachment-37608\" class=\"wp-caption-text\"><strong>40\u00ba Presidente don BENITO VILLAMAR\u00cdN PRIETO-iNDUSTRIAL-39 A\u00f1os+1 mes menos 6 d\u00edas.-Primera gesti\u00f3n efectiva 1957-1958.<\/strong><\/figcaption><\/figure>\n<figure id=\"attachment_37609\" aria-describedby=\"caption-attachment-37609\" style=\"width: 214px\" class=\"wp-caption alignleft\"><a href=\"https:\/\/www.manquepierda.com\/historiarealbetis\/37603-1957-septiembre-15-segunda-grupo-sur-real-betis-balompie-3-ad-plus-ultra-madrid-1-lvii-aniversario\/antonio-barrios-seoane-4\/\" rel=\"attachment wp-att-37609\"><img data-recalc-dims=\"1\" loading=\"lazy\" decoding=\"async\" class=\"size-thumbnail wp-image-37609\" src=\"https:\/\/i0.wp.com\/www.manquepierda.com\/historiarealbetis\/files\/2014\/09\/Antonio-Barrios-Seoane.jpg?resize=214%2C220&#038;ssl=1\" alt=\"mmm\" width=\"214\" height=\"220\" srcset=\"https:\/\/i0.wp.com\/www.manquepierda.com\/historiarealbetis\/files\/2014\/09\/Antonio-Barrios-Seoane.jpg?resize=214%2C220&amp;ssl=1 214w, https:\/\/i0.wp.com\/www.manquepierda.com\/historiarealbetis\/files\/2014\/09\/Antonio-Barrios-Seoane.jpg?resize=584%2C600&amp;ssl=1 584w, https:\/\/i0.wp.com\/www.manquepierda.com\/historiarealbetis\/files\/2014\/09\/Antonio-Barrios-Seoane.jpg?w=608&amp;ssl=1 608w\" sizes=\"auto, (max-width: 214px) 100vw, 214px\" \/><\/a><figcaption id=\"caption-attachment-37609\" class=\"wp-caption-text\"><strong>Antonio BARRIOS Seoane: 47 a\u00f1os+4 meses menos 6 d\u00edas,<\/strong><\/figcaption><\/figure>\n<p style=\"text-align: left\"><strong>ENTRENADOR REAL BETIS BALOMPI\u00c9-TEMPORADAS 1957-1958+1966-1967+1969-1970+1970-1971+1971-1972.<\/strong><\/p>\n<figure id=\"attachment_37610\" aria-describedby=\"caption-attachment-37610\" style=\"width: 146px\" class=\"wp-caption aligncenter\"><a href=\"https:\/\/www.manquepierda.com\/historiarealbetis\/37603-1957-septiembre-15-segunda-grupo-sur-real-betis-balompie-3-ad-plus-ultra-madrid-1-lvii-aniversario\/eugenio07-3\/\" rel=\"attachment wp-att-37610\"><img data-recalc-dims=\"1\" loading=\"lazy\" decoding=\"async\" class=\"size-thumbnail wp-image-37610\" src=\"https:\/\/i0.wp.com\/www.manquepierda.com\/historiarealbetis\/files\/2014\/09\/Eugenio07.jpg?resize=146%2C220&#038;ssl=1\" alt=\"MMMM\" width=\"146\" height=\"220\" srcset=\"https:\/\/i0.wp.com\/www.manquepierda.com\/historiarealbetis\/files\/2014\/09\/Eugenio07.jpg?resize=146%2C220&amp;ssl=1 146w, https:\/\/i0.wp.com\/www.manquepierda.com\/historiarealbetis\/files\/2014\/09\/Eugenio07.jpg?w=286&amp;ssl=1 286w\" sizes=\"auto, (max-width: 146px) 100vw, 146px\" \/><\/a><figcaption id=\"caption-attachment-37610\" class=\"wp-caption-text\"><strong>1.-Guardameta EUGENIO V\u00e1zquez L\u00f3pez (Cortes\u00eda imagen).<\/strong><\/figcaption><\/figure>\n<p style=\"text-align: center\"><strong>ZAGUEROS:<\/strong><\/p>\n<figure id=\"attachment_37614\" aria-describedby=\"caption-attachment-37614\" style=\"width: 188px\" class=\"wp-caption aligncenter\"><a href=\"https:\/\/www.manquepierda.com\/historiarealbetis\/37603-1957-septiembre-15-segunda-grupo-sur-real-betis-balompie-3-ad-plus-ultra-madrid-1-lvii-aniversario\/jose-besteiro-farinas-portu\/\" rel=\"attachment wp-att-37614\"><img data-recalc-dims=\"1\" loading=\"lazy\" decoding=\"async\" class=\"size-thumbnail wp-image-37614\" src=\"https:\/\/i0.wp.com\/www.manquepierda.com\/historiarealbetis\/files\/2014\/09\/Jos%C3%A9-Besteiro-Fari%C3%B1as-PORTU.png?resize=188%2C220&#038;ssl=1\" alt=\"MMM\" width=\"188\" height=\"220\" srcset=\"https:\/\/i0.wp.com\/www.manquepierda.com\/historiarealbetis\/files\/2014\/09\/Jos%C3%A9-Besteiro-Fari%C3%B1as-PORTU.png?resize=188%2C220&amp;ssl=1 188w, https:\/\/i0.wp.com\/www.manquepierda.com\/historiarealbetis\/files\/2014\/09\/Jos%C3%A9-Besteiro-Fari%C3%B1as-PORTU.png?w=191&amp;ssl=1 191w\" sizes=\"auto, (max-width: 188px) 100vw, 188px\" \/><\/a><figcaption id=\"caption-attachment-37614\" class=\"wp-caption-text\"><strong>2.-Jos\u00e9 Besteiro Fari\u00f1as (a) \u00abPORTU\u00bb<\/strong><\/figcaption><\/figure>\n<p style=\"text-align: left\"><em><strong>3-1.-Minutos finales:\u00a0 En un contraataque de la Agrupaci\u00f3n Deportiva \u00abPLUS ULTRA\u00bb dio origen a una mala inteligencia entre PORTU\u00a0 y EUGENIO.\u00a0 El bal\u00f3n impulsado por el lateral diestro fue a finalizar en las redes verdiblancas.-Marcador final.<\/strong><\/em><\/p>\n<p style=\"text-align: center\"><strong>5.-Fernando SANTOS Serna.<\/strong><\/p>\n<p style=\"text-align: center\"><strong>3.-Jos\u00e9 SEGUER Sans.<\/strong><\/p>\n<p style=\"text-align: center\"><strong>MEDIOS.<\/strong><\/p>\n<p style=\"text-align: center\"><strong>4.-Manuel G\u00f3mez Dom\u00ednguez (a) \u00abLOLI\u00bb.<\/strong><\/p>\n<p style=\"text-align: center\"><strong>6.-Francisco Eduardo Rodr\u00edguez Campoy (a) \u00abRODRI\u00bb.<\/strong><\/p>\n<p style=\"text-align: center\"><strong>DELANTEROS:<\/strong><\/p>\n<p style=\"text-align: center\"><strong>7.-Le\u00f3n\u00a0 LASA M\u00fajica.<\/strong><\/p>\n<figure id=\"attachment_37611\" aria-describedby=\"caption-attachment-37611\" style=\"width: 188px\" class=\"wp-caption aligncenter\"><a href=\"https:\/\/www.manquepierda.com\/historiarealbetis\/37603-1957-septiembre-15-segunda-grupo-sur-real-betis-balompie-3-ad-plus-ultra-madrid-1-lvii-aniversario\/eduardo-sobrado-vazquez-2\/\" rel=\"attachment wp-att-37611\"><img data-recalc-dims=\"1\" loading=\"lazy\" decoding=\"async\" class=\"size-thumbnail wp-image-37611\" src=\"https:\/\/i0.wp.com\/www.manquepierda.com\/historiarealbetis\/files\/2014\/09\/Eduardo-SOBRADO-V%C3%A1zquez.png?resize=188%2C220&#038;ssl=1\" alt=\"mmmm\" width=\"188\" height=\"220\" srcset=\"https:\/\/i0.wp.com\/www.manquepierda.com\/historiarealbetis\/files\/2014\/09\/Eduardo-SOBRADO-V%C3%A1zquez.png?resize=188%2C220&amp;ssl=1 188w, https:\/\/i0.wp.com\/www.manquepierda.com\/historiarealbetis\/files\/2014\/09\/Eduardo-SOBRADO-V%C3%A1zquez.png?w=191&amp;ssl=1 191w\" sizes=\"auto, (max-width: 188px) 100vw, 188px\" \/><\/a><figcaption id=\"caption-attachment-37611\" class=\"wp-caption-text\"><strong>8.-Eduardo SOBRADO V\u00e1zquez.<\/strong><\/figcaption><\/figure>\n<p style=\"text-align: left\"><strong>1-0.-25 minutos:\u00a0 \u00abARETA II realiz\u00f3 una gran jugada por la parte izquierda,\u00a0 y,\u00a0 tras salvar la entrada de \u00abCarrasco I\u00bb y Rom\u00e1n,\u00a0 forz\u00f3 la salida de PLAZA para ceder finalmente al \u00ab8\u00bb;\u00a0 el ex internacional a puerta vac\u00eda impuls\u00f3 acertadamente el bal\u00f3n a la red\u00bb.<\/strong><\/p>\n<p style=\"text-align: left\"><strong>2-0.-29 minutos:\u00a0 \u00abPAQUI\u00bb arranc\u00f3 con el esf\u00e9rico en los pies desde el c\u00edrculo central;\u00a0 en el borde del \u00e1rea cedi\u00f3 a Eduardo,\u00a0 que segu\u00eda la jugada y el remate fulminante de \u00e9ste,\u00a0 tras doblar las manos del meta madrile\u00f1o fue a finalizar en el fondo de las mallas\u00bb.<\/strong><\/p>\n<p style=\"text-align: left\"><strong>3-0.-33 minutos cumplidos de juego,\u00a0 ARETA II se infiltr\u00f3 peligrosamente por el sector izquierdo,\u00a0 \u00abCarrasco I\u00bb le zancadille\u00f3 para evitar el remate y el se\u00f1or VILA decret\u00f3 m\u00e1xima falta.\u00a0 SOBRADO se encarg\u00f3 de ejecutarla y de cobrar para el Betis Balompi\u00e9 el tercer tanto de la tarde.-Marcador final del primer tiempo.<\/strong><\/p>\n<p style=\"text-align: center\"><strong>9.-Centro Delantero-Ariete-Esteban Areta V\u00e9lez (a) \u00abARETA II\u00bb.<\/strong><\/p>\n<p style=\"text-align: center\"><strong>10.-Francisco G\u00f3mez L\u00f3pez (a) \u00abPAQUI\u00bb.<\/strong><\/p>\n<p style=\"text-align: center\"><strong>11.-Lu\u00eds DEL SOL Cascajares.<\/strong><\/p>\n<figure id=\"attachment_37615\" aria-describedby=\"caption-attachment-37615\" style=\"width: 398px\" class=\"wp-caption aligncenter\"><a href=\"https:\/\/www.manquepierda.com\/historiarealbetis\/37603-1957-septiembre-15-segunda-grupo-sur-real-betis-balompie-3-ad-plus-ultra-madrid-1-lvii-aniversario\/01-vineta-tropezones\/\" rel=\"attachment wp-att-37615\"><img data-recalc-dims=\"1\" loading=\"lazy\" decoding=\"async\" class=\"size-medium wp-image-37615\" src=\"https:\/\/i0.wp.com\/www.manquepierda.com\/historiarealbetis\/files\/2014\/09\/01-vi%C3%B1eta-TROPEZONES.jpg?resize=398%2C600&#038;ssl=1\" alt=\"MMMMM\" width=\"398\" height=\"600\" srcset=\"https:\/\/i0.wp.com\/www.manquepierda.com\/historiarealbetis\/files\/2014\/09\/01-vi%C3%B1eta-TROPEZONES.jpg?resize=398%2C600&amp;ssl=1 398w, https:\/\/i0.wp.com\/www.manquepierda.com\/historiarealbetis\/files\/2014\/09\/01-vi%C3%B1eta-TROPEZONES.jpg?resize=146%2C220&amp;ssl=1 146w, https:\/\/i0.wp.com\/www.manquepierda.com\/historiarealbetis\/files\/2014\/09\/01-vi%C3%B1eta-TROPEZONES.jpg?resize=464%2C700&amp;ssl=1 464w, https:\/\/i0.wp.com\/www.manquepierda.com\/historiarealbetis\/files\/2014\/09\/01-vi%C3%B1eta-TROPEZONES.jpg?w=587&amp;ssl=1 587w\" sizes=\"auto, (max-width: 398px) 100vw, 398px\" \/><\/a><figcaption id=\"caption-attachment-37615\" class=\"wp-caption-text\"><strong>\u00abLA CAMPA\u00d1A DEL ASCENSO VISTA POR \u00abTROPEZONES\u00bb-Primera vi\u00f1eta inserta en el n\u00famero extraordinario dedicado al regreso del REAL BETIS BALOMPI\u00c9 a PRIMERA DIVISI\u00d3N-\u00abSEVILLA-diario de la tarde-JUNIO-1958.<\/strong><\/figcaption><\/figure>\n<p style=\"text-align: center\">VS.<\/p>\n<figure id=\"attachment_37612\" aria-describedby=\"caption-attachment-37612\" style=\"width: 143px\" class=\"wp-caption aligncenter\"><a href=\"https:\/\/www.manquepierda.com\/historiarealbetis\/37603-1957-septiembre-15-segunda-grupo-sur-real-betis-balompie-3-ad-plus-ultra-madrid-1-lvii-aniversario\/ad-plus-ultra-madrid-1930\/\" rel=\"attachment wp-att-37612\"><img data-recalc-dims=\"1\" loading=\"lazy\" decoding=\"async\" class=\"size-full wp-image-37612\" src=\"https:\/\/i0.wp.com\/www.manquepierda.com\/historiarealbetis\/files\/2014\/09\/AD-PLUS-ULTRA-Madrid-1930.jpeg?resize=143%2C144&#038;ssl=1\" alt=\"mmmm\" width=\"143\" height=\"144\" \/><\/a><figcaption id=\"caption-attachment-37612\" class=\"wp-caption-text\">12\u00ba.-AGRUPACI\u00d3N DEPORTIVA PLUS ULTRA-Filial del Madrid-fundaci\u00f3n 1930.<\/figcaption><\/figure>\n<figure id=\"attachment_37613\" aria-describedby=\"caption-attachment-37613\" style=\"width: 220px\" class=\"wp-caption aligncenter\"><a href=\"https:\/\/www.manquepierda.com\/historiarealbetis\/37603-1957-septiembre-15-segunda-grupo-sur-real-betis-balompie-3-ad-plus-ultra-madrid-1-lvii-aniversario\/alineacion-ad-plus-ultra-1957-1958\/\" rel=\"attachment wp-att-37613\"><img data-recalc-dims=\"1\" loading=\"lazy\" decoding=\"async\" class=\"size-thumbnail wp-image-37613\" src=\"https:\/\/i0.wp.com\/www.manquepierda.com\/historiarealbetis\/files\/2014\/09\/Alineaci%C3%B3n-AD-Plus-Ultra-1957-1958.jpg?resize=220%2C146&#038;ssl=1\" alt=\"mmmm\" width=\"220\" height=\"146\" srcset=\"https:\/\/i0.wp.com\/www.manquepierda.com\/historiarealbetis\/files\/2014\/09\/Alineaci%C3%B3n-AD-Plus-Ultra-1957-1958.jpg?resize=220%2C146&amp;ssl=1 220w, https:\/\/i0.wp.com\/www.manquepierda.com\/historiarealbetis\/files\/2014\/09\/Alineaci%C3%B3n-AD-Plus-Ultra-1957-1958.jpg?resize=680%2C452&amp;ssl=1 680w, https:\/\/i0.wp.com\/www.manquepierda.com\/historiarealbetis\/files\/2014\/09\/Alineaci%C3%B3n-AD-Plus-Ultra-1957-1958.jpg?resize=960%2C639&amp;ssl=1 960w, https:\/\/i0.wp.com\/www.manquepierda.com\/historiarealbetis\/files\/2014\/09\/Alineaci%C3%B3n-AD-Plus-Ultra-1957-1958.jpg?w=1101&amp;ssl=1 1101w\" sizes=\"auto, (max-width: 220px) 100vw, 220px\" \/><\/a><figcaption id=\"caption-attachment-37613\" class=\"wp-caption-text\"><strong>Camisetas de color Morado y pantalones blancos-1 Tanto.<\/strong><\/figcaption><\/figure>\n<p style=\"text-align: center\">PLAZA (OBREG\u00d3N).-CARRASCO I-ROM\u00c1N-\u00c1LVAREZ.-CAMPOS-SUTTER.-<strong>Ignacio MART\u00cdN-ESPERANZA Tejada-<\/strong>JOSEL\u00cdN-POY\u00c1N-V\u00cdCTOR-SANTAMAR\u00cdA.<\/p>\n","protected":false},"excerpt":{"rendered":"<p>1957-SEPTIEMBRE 15-DOMINGO-EN SEVILLA. A sus \u00f3rdenes, los equipos formaron de\u00a0 la siguiente forma: &nbsp; &nbsp; &nbsp; ENTRENADOR REAL BETIS BALOMPI\u00c9-TEMPORADAS 1957-1958+1966-1967+1969-1970+1970-1971+1971-1972. ZAGUEROS: 3-1.-Minutos finales:\u00a0 En un contraataque de la Agrupaci\u00f3n Deportiva \u00abPLUS ULTRA\u00bb dio origen a una mala inteligencia entre PORTU\u00a0 y EUGENIO.\u00a0 El bal\u00f3n impulsado por el lateral diestro fue a finalizar en las&#8230;<\/p>\n","protected":false},"author":48,"featured_media":37604,"comment_status":"open","ping_status":"open","sticky":false,"template":"","format":"standard","meta":{"_kad_post_transparent":"","_kad_post_title":"","_kad_post_layout":"","_kad_post_sidebar_id":"","_kad_post_content_style":"","_kad_post_vertical_padding":"","_kad_post_feature":"","_kad_post_feature_position":"","_kad_post_header":false,"_kad_post_footer":false,"_kad_post_classname":"","_jetpack_memberships_contains_paid_content":false,"footnotes":"","jetpack_publicize_message":"","jetpack_publicize_feature_enabled":true,"jetpack_social_post_already_shared":true,"jetpack_social_options":{"image_generator_settings":{"template":"highway","default_image_id":0,"font":"","enabled":false},"version":2}},"categories":[901,1],"tags":[4331,2223,15961,17790],"class_list":["post-37603","post","type-post","status-publish","format-standard","has-post-thumbnail","hentry","category-1950-1959","category-portada","tag-4331","tag-1957-58","tag-agrupacion-deportiva-plus-ultra","tag-liga-segunda-1957-58"],"jetpack_publicize_connections":[],"jetpack_featured_media_url":"https:\/\/i0.wp.com\/www.manquepierda.com\/historiarealbetis\/files\/2014\/09\/1957-1958-Plantilla-Real-Betis-Balompi%C3%A9.jpg?fit=2545%2C1052&ssl=1","jetpack_sharing_enabled":true,"jetpack_shortlink":"https:\/\/wp.me\/p1ij08-9Mv","jetpack-related-posts":[],"_links":{"self":[{"href":"https:\/\/www.manquepierda.com\/historiarealbetis\/wp-json\/wp\/v2\/posts\/37603","targetHints":{"allow":["GET"]}}],"collection":[{"href":"https:\/\/www.manquepierda.com\/historiarealbetis\/wp-json\/wp\/v2\/posts"}],"about":[{"href":"https:\/\/www.manquepierda.com\/historiarealbetis\/wp-json\/wp\/v2\/types\/post"}],"author":[{"embeddable":true,"href":"https:\/\/www.manquepierda.com\/historiarealbetis\/wp-json\/wp\/v2\/users\/48"}],"replies":[{"embeddable":true,"href":"https:\/\/www.manquepierda.com\/historiarealbetis\/wp-json\/wp\/v2\/comments?post=37603"}],"version-history":[{"count":1,"href":"https:\/\/www.manquepierda.com\/historiarealbetis\/wp-json\/wp\/v2\/posts\/37603\/revisions"}],"predecessor-version":[{"id":98810,"href":"https:\/\/www.manquepierda.com\/historiarealbetis\/wp-json\/wp\/v2\/posts\/37603\/revisions\/98810"}],"wp:featuredmedia":[{"embeddable":true,"href":"https:\/\/www.manquepierda.com\/historiarealbetis\/wp-json\/wp\/v2\/media\/37604"}],"wp:attachment":[{"href":"https:\/\/www.manquepierda.com\/historiarealbetis\/wp-json\/wp\/v2\/media?parent=37603"}],"wp:term":[{"taxonomy":"category","embeddable":true,"href":"https:\/\/www.manquepierda.com\/historiarealbetis\/wp-json\/wp\/v2\/categories?post=37603"},{"taxonomy":"post_tag","embeddable":true,"href":"https:\/\/www.manquepierda.com\/historiarealbetis\/wp-json\/wp\/v2\/tags?post=37603"}],"curies":[{"name":"wp","href":"https:\/\/api.w.org\/{rel}","templated":true}]}}