{"id":37642,"date":"2014-09-17T17:16:07","date_gmt":"2014-09-17T15:16:07","guid":{"rendered":"http:\/\/www.manquepierda.com\/historiarealbetis\/?p=37642"},"modified":"2024-08-28T10:22:36","modified_gmt":"2024-08-28T08:22:36","slug":"1939-septiembre-17-cptoregional-betis-balompie-4-cd-malacitano-1-lxxv-aniversario","status":"publish","type":"post","link":"https:\/\/www.manquepierda.com\/historiarealbetis\/1939-septiembre-17-cptoregional-betis-balompie-4-cd-malacitano-1-lxxv-aniversario\/","title":{"rendered":"1939-Septiembre 17-CptoRegional: Betis Balompi\u00e9-4 CD Malacitano-1.-LXXV Aniversario."},"content":{"rendered":"<p style=\"text-align: center\"><strong>1939-SEPTIEMBRE 17-DOMINGO EN SEVILLA.<\/strong><\/p>\n<figure id=\"attachment_37643\" aria-describedby=\"caption-attachment-37643\" style=\"width: 680px\" class=\"wp-caption aligncenter\"><a href=\"https:\/\/www.manquepierda.com\/historiarealbetis\/37642-1939-septiembre-17-cptoregional-betis-balompie-4-cd-malacitano-1-lxxv-aniversario\/heliopolis19401958-8\/\" rel=\"attachment wp-att-37643\"><img data-recalc-dims=\"1\" loading=\"lazy\" decoding=\"async\" class=\"size-medium wp-image-37643\" src=\"https:\/\/i0.wp.com\/www.manquepierda.com\/historiarealbetis\/files\/2014\/09\/Heli%C3%B3polis19401958.jpg?resize=680%2C435&#038;ssl=1\" alt=\"mmm\" width=\"680\" height=\"435\" srcset=\"https:\/\/i0.wp.com\/www.manquepierda.com\/historiarealbetis\/files\/2014\/09\/Heli%C3%B3polis19401958.jpg?resize=680%2C435&amp;ssl=1 680w, https:\/\/i0.wp.com\/www.manquepierda.com\/historiarealbetis\/files\/2014\/09\/Heli%C3%B3polis19401958.jpg?resize=220%2C140&amp;ssl=1 220w, https:\/\/i0.wp.com\/www.manquepierda.com\/historiarealbetis\/files\/2014\/09\/Heli%C3%B3polis19401958.jpg?resize=960%2C614&amp;ssl=1 960w\" sizes=\"auto, (max-width: 680px) 100vw, 680px\" \/><\/a><figcaption id=\"caption-attachment-37643\" class=\"wp-caption-text\"><strong>ESTADIO MUNICIPAL DE HELI\u00d3POLIS.-PRIMERA JORNADA CAMPEONATO REGIONAL-PRIMERA CATEGOR\u00cdA-ANDALUC\u00cdA.<\/strong><\/figcaption><\/figure>\n<p style=\"text-align: center\">Arbitr\u00f3 el colegiado andaluz Higinio Antonio PERAL Borrero <strong>(Federaci\u00f3n Sur) \u00abdiscretamente\u00bb.<\/strong><\/p>\n<p style=\"text-align: center\"><strong>ALINEACIONES:<\/strong><\/p>\n<figure id=\"attachment_37629\" aria-describedby=\"caption-attachment-37629\" style=\"width: 154px\" class=\"wp-caption aligncenter\"><a href=\"https:\/\/www.manquepierda.com\/historiarealbetis\/37621-1934-septiembre-16-cpto-superregional-valencia-cf-1-betis-balompie-1-lxxx-aniversario\/1931-32bb-15\/\" rel=\"attachment wp-att-37629\"><img data-recalc-dims=\"1\" loading=\"lazy\" decoding=\"async\" class=\"size-full wp-image-37629\" src=\"https:\/\/i0.wp.com\/www.manquepierda.com\/historiarealbetis\/files\/2014\/09\/1931-32BB.jpg?resize=154%2C154&#038;ssl=1\" alt=\"MMMM\" width=\"154\" height=\"154\" \/><\/a><figcaption id=\"caption-attachment-37629\" class=\"wp-caption-text\"><strong>BETIS BALOMPI\u00c9-4 GOLES.<\/strong><\/figcaption><\/figure>\n<figure id=\"attachment_37630\" aria-describedby=\"caption-attachment-37630\" style=\"width: 155px\" class=\"wp-caption alignright\"><a href=\"https:\/\/www.manquepierda.com\/historiarealbetis\/37621-1934-septiembre-16-cpto-superregional-valencia-cf-1-betis-balompie-1-lxxx-aniversario\/antonio-moreno-sevillano-1\/\" rel=\"attachment wp-att-37630\"><img data-recalc-dims=\"1\" loading=\"lazy\" decoding=\"async\" class=\"size-thumbnail wp-image-37630\" src=\"https:\/\/i0.wp.com\/www.manquepierda.com\/historiarealbetis\/files\/2014\/09\/Antonio-Moreno-Sevillano.1.jpg?resize=155%2C220&#038;ssl=1\" alt=\"MMM\" width=\"155\" height=\"220\" srcset=\"https:\/\/i0.wp.com\/www.manquepierda.com\/historiarealbetis\/files\/2014\/09\/Antonio-Moreno-Sevillano.1.jpg?resize=155%2C220&amp;ssl=1 155w, https:\/\/i0.wp.com\/www.manquepierda.com\/historiarealbetis\/files\/2014\/09\/Antonio-Moreno-Sevillano.1.jpg?resize=424%2C600&amp;ssl=1 424w, https:\/\/i0.wp.com\/www.manquepierda.com\/historiarealbetis\/files\/2014\/09\/Antonio-Moreno-Sevillano.1.jpg?w=464&amp;ssl=1 464w\" sizes=\"auto, (max-width: 155px) 100vw, 155px\" \/><\/a><figcaption id=\"caption-attachment-37630\" class=\"wp-caption-text\"><strong>DON ANTONIO MORENO SEVILLANO-Ilustre Letrado 38 a\u00f1os+1 mes+8 d\u00edas.<\/strong><\/figcaption><\/figure>\n<p style=\"text-align: right\"><strong>GOLEADORES VERDIBLANCOS-PRIMERA JORNADA-CAMPEONATO ANDALUC\u00cdA:\u00a0 2-\u00abPAQUIRRI\u00bb;\u00a0 1-\u00abSARO\u00bb;\u00a0 1-CABALLERO.<\/strong><\/p>\n<p style=\"text-align: right\"><strong>XXV PRESIDENTE REAL-BETIS BALOMPI\u00c9-TEMPORADAS 1933-1934 \u00c1 1939-1940; ambas inclusive.<\/strong><\/p>\n<figure id=\"attachment_37644\" aria-describedby=\"caption-attachment-37644\" style=\"width: 220px\" class=\"wp-caption alignleft\"><a href=\"https:\/\/www.manquepierda.com\/historiarealbetis\/37642-1939-septiembre-17-cptoregional-betis-balompie-4-cd-malacitano-1-lxxv-aniversario\/andres-aranda-entrenador-1944-nmp-marca-2-5-1944-300x208-8\/\" rel=\"attachment wp-att-37644\"><img data-recalc-dims=\"1\" loading=\"lazy\" decoding=\"async\" class=\"size-thumbnail wp-image-37644\" src=\"https:\/\/i0.wp.com\/www.manquepierda.com\/historiarealbetis\/files\/2014\/09\/Andr%C3%A9s-Aranda-entrenador-1944-NMP-Marca-2-5-1944-300x208.jpg?resize=220%2C152&#038;ssl=1\" alt=\"mmm\" width=\"220\" height=\"152\" srcset=\"https:\/\/i0.wp.com\/www.manquepierda.com\/historiarealbetis\/files\/2014\/09\/Andr%C3%A9s-Aranda-entrenador-1944-NMP-Marca-2-5-1944-300x208.jpg?resize=220%2C152&amp;ssl=1 220w, https:\/\/i0.wp.com\/www.manquepierda.com\/historiarealbetis\/files\/2014\/09\/Andr%C3%A9s-Aranda-entrenador-1944-NMP-Marca-2-5-1944-300x208.jpg?resize=300%2C208&amp;ssl=1 300w\" sizes=\"auto, (max-width: 220px) 100vw, 220px\" \/><\/a><figcaption id=\"caption-attachment-37644\" class=\"wp-caption-text\"><strong>ANDR\u00c9S ARANDA GUTI\u00c9RREZ 34 a\u00f1os+1 mes menos 10 d\u00edas.<\/strong><\/figcaption><\/figure>\n<p style=\"text-align: left\"><strong>ENTRENADOR REAL-BETIS BALOMPI\u00c9-TEMPORADAS 1935-1936 \u00c1 1939-1940, ambas inclusive.-2\u00aa Etapa.<\/strong><\/p>\n<figure id=\"attachment_37645\" aria-describedby=\"caption-attachment-37645\" style=\"width: 105px\" class=\"wp-caption aligncenter\"><a href=\"https:\/\/www.manquepierda.com\/historiarealbetis\/37642-1939-septiembre-17-cptoregional-betis-balompie-4-cd-malacitano-1-lxxv-aniversario\/francisco-suarez-antunez-3\/\" rel=\"attachment wp-att-37645\"><img data-recalc-dims=\"1\" loading=\"lazy\" decoding=\"async\" class=\"size-thumbnail wp-image-37645\" src=\"https:\/\/i0.wp.com\/www.manquepierda.com\/historiarealbetis\/files\/2014\/09\/Francisco-SU%C3%81REZ-Ant%C3%BAnez-105x220.jpg?resize=105%2C220&#038;ssl=1\" alt=\"mmm\" width=\"105\" height=\"220\" srcset=\"https:\/\/i0.wp.com\/www.manquepierda.com\/historiarealbetis\/files\/2014\/09\/Francisco-SU%C3%81REZ-Ant%C3%BAnez.jpg?resize=105%2C220&amp;ssl=1 105w, https:\/\/i0.wp.com\/www.manquepierda.com\/historiarealbetis\/files\/2014\/09\/Francisco-SU%C3%81REZ-Ant%C3%BAnez.jpg?resize=287%2C600&amp;ssl=1 287w, https:\/\/i0.wp.com\/www.manquepierda.com\/historiarealbetis\/files\/2014\/09\/Francisco-SU%C3%81REZ-Ant%C3%BAnez.jpg?w=315&amp;ssl=1 315w\" sizes=\"auto, (max-width: 105px) 100vw, 105px\" \/><\/a><figcaption id=\"caption-attachment-37645\" class=\"wp-caption-text\"><strong>1.-Guardameta Francisco SU\u00c1REZ Ant\u00fanez.-1 Gol encajado.<\/strong><\/figcaption><\/figure>\n<p style=\"text-align: center\"><strong>ZAGUEROS:<\/strong><\/p>\n<p style=\"text-align: center\"><strong>2.-Antonio TELECH\u00cdA Calvo.<\/strong><\/p>\n<p style=\"text-align: center\"><strong>3.-Francisco Torres P\u00e9rez (a) \u00abPILOTO\u00bb.<\/strong><\/p>\n<p style=\"text-align: center\"><strong>MEDIOS:<\/strong><\/p>\n<p style=\"text-align: center\"><strong>4.-Jos\u00e9 Su\u00e1rez Gonz\u00e1lez (a) \u00abPERAL\u00bb.<\/strong><\/p>\n<p style=\"text-align: center\"><strong>5.-Antonio FERN\u00c1NDEZ Jim\u00e9nez.<\/strong><\/p>\n<p style=\"text-align: center\"><strong>6.-AURELIO Navarro Salguero.<\/strong><\/p>\n<p style=\"text-align: center\"><strong>DELANTEROS:<\/strong><\/p>\n<figure id=\"attachment_37652\" aria-describedby=\"caption-attachment-37652\" style=\"width: 149px\" class=\"wp-caption aligncenter\"><a href=\"https:\/\/www.manquepierda.com\/historiarealbetis\/37642-1939-septiembre-17-cptoregional-betis-balompie-4-cd-malacitano-1-lxxv-aniversario\/angel-martin-rodriguez-saro-5\/\" rel=\"attachment wp-att-37652\"><img data-recalc-dims=\"1\" loading=\"lazy\" decoding=\"async\" class=\"size-thumbnail wp-image-37652\" src=\"https:\/\/i0.wp.com\/www.manquepierda.com\/historiarealbetis\/files\/2014\/09\/%C3%81ngel-Mart%C3%ADn-Rodr%C3%ADguez-SARO-149x220.jpg?resize=149%2C220&#038;ssl=1\" alt=\"MMM\" width=\"149\" height=\"220\" srcset=\"https:\/\/i0.wp.com\/www.manquepierda.com\/historiarealbetis\/files\/2014\/09\/%C3%81ngel-Mart%C3%ADn-Rodr%C3%ADguez-SARO.jpg?resize=149%2C220&amp;ssl=1 149w, https:\/\/i0.wp.com\/www.manquepierda.com\/historiarealbetis\/files\/2014\/09\/%C3%81ngel-Mart%C3%ADn-Rodr%C3%ADguez-SARO.jpg?resize=407%2C600&amp;ssl=1 407w, https:\/\/i0.wp.com\/www.manquepierda.com\/historiarealbetis\/files\/2014\/09\/%C3%81ngel-Mart%C3%ADn-Rodr%C3%ADguez-SARO.jpg?w=468&amp;ssl=1 468w\" sizes=\"auto, (max-width: 149px) 100vw, 149px\" \/><\/a><figcaption id=\"caption-attachment-37652\" class=\"wp-caption-text\"><strong>7.-\u00c1NGEL MART\u00cdN RODR\u00cdGUEZ (a) \u00abSARO\u00bb.-1 GOL.<\/strong><\/figcaption><\/figure>\n<figure id=\"attachment_37653\" aria-describedby=\"caption-attachment-37653\" style=\"width: 120px\" class=\"wp-caption aligncenter\"><a href=\"https:\/\/www.manquepierda.com\/historiarealbetis\/37642-1939-septiembre-17-cptoregional-betis-balompie-4-cd-malacitano-1-lxxv-aniversario\/jose-gonzalez-caballero-6\/\" rel=\"attachment wp-att-37653\"><img data-recalc-dims=\"1\" loading=\"lazy\" decoding=\"async\" class=\"size-full wp-image-37653\" src=\"https:\/\/i0.wp.com\/www.manquepierda.com\/historiarealbetis\/files\/2014\/09\/Jos%C3%A9-Gonz%C3%A1lez-CABALLERO.jpg?resize=120%2C203&#038;ssl=1\" alt=\"MMMM\" width=\"120\" height=\"203\" \/><\/a><figcaption id=\"caption-attachment-37653\" class=\"wp-caption-text\"><strong>8.-JOS\u00c9 GONZ\u00c1LEZ CABALLERO.-1 GOL.<\/strong><\/figcaption><\/figure>\n<figure id=\"attachment_37654\" aria-describedby=\"caption-attachment-37654\" style=\"width: 191px\" class=\"wp-caption aligncenter\"><a href=\"https:\/\/www.manquepierda.com\/historiarealbetis\/37642-1939-septiembre-17-cptoregional-betis-balompie-4-cd-malacitano-1-lxxv-aniversario\/paquirri-19330611-2\/\" rel=\"attachment wp-att-37654\"><img data-recalc-dims=\"1\" loading=\"lazy\" decoding=\"async\" class=\"size-thumbnail wp-image-37654\" src=\"https:\/\/i0.wp.com\/www.manquepierda.com\/historiarealbetis\/files\/2014\/09\/PAQUIRRI-19330611.jpg?resize=191%2C220&#038;ssl=1\" alt=\"MMM\" width=\"191\" height=\"220\" srcset=\"https:\/\/i0.wp.com\/www.manquepierda.com\/historiarealbetis\/files\/2014\/09\/PAQUIRRI-19330611.jpg?resize=191%2C220&amp;ssl=1 191w, https:\/\/i0.wp.com\/www.manquepierda.com\/historiarealbetis\/files\/2014\/09\/PAQUIRRI-19330611.jpg?w=252&amp;ssl=1 252w\" sizes=\"auto, (max-width: 191px) 100vw, 191px\" \/><\/a><figcaption id=\"caption-attachment-37654\" class=\"wp-caption-text\"><strong>9.-Centro Delantero-Ariete Francisco Gonz\u00e1lez Rodr\u00edguez (a) \u00abPAQUIRRI\u00bb.-2 GOLES.<\/strong><\/figcaption><\/figure>\n<p style=\"text-align: center\"><strong>10.-Lutgardo PRIETO Oliver.<\/strong><\/p>\n<p style=\"text-align: center\"><strong>11.-Jos\u00e9 VALERA Nocera.<\/strong><\/p>\n<p style=\"text-align: center\">VS.<\/p>\n<figure id=\"attachment_37655\" aria-describedby=\"caption-attachment-37655\" style=\"width: 190px\" class=\"wp-caption aligncenter\"><a href=\"https:\/\/www.manquepierda.com\/historiarealbetis\/37642-1939-septiembre-17-cptoregional-betis-balompie-4-cd-malacitano-1-lxxv-aniversario\/club-deportivo-malacitano-1939\/\" rel=\"attachment wp-att-37655\"><img data-recalc-dims=\"1\" loading=\"lazy\" decoding=\"async\" class=\"size-thumbnail wp-image-37655\" src=\"https:\/\/i0.wp.com\/www.manquepierda.com\/historiarealbetis\/files\/2014\/09\/Club-Deportivo-Malacitano-1939.jpeg?resize=190%2C220&#038;ssl=1\" alt=\"mmmm\" width=\"190\" height=\"220\" srcset=\"https:\/\/i0.wp.com\/www.manquepierda.com\/historiarealbetis\/files\/2014\/09\/Club-Deportivo-Malacitano-1939.jpeg?resize=190%2C220&amp;ssl=1 190w, https:\/\/i0.wp.com\/www.manquepierda.com\/historiarealbetis\/files\/2014\/09\/Club-Deportivo-Malacitano-1939.jpeg?w=209&amp;ssl=1 209w\" sizes=\"auto, (max-width: 190px) 100vw, 190px\" \/><\/a><figcaption id=\"caption-attachment-37655\" class=\"wp-caption-text\"><strong>CLUB DEPORTIVO MALACITANO-1 Tanto (Viernes 26-Mayo-1933.-1941).<\/strong><\/figcaption><\/figure>\n<p style=\"text-align: center\">SE COMPLET\u00d3 LA PRIMERA JORNADA CON LOS SIGUIENTES RESULTADOS:<\/p>\n<p style=\"text-align: center\"><strong>RECREATIVO DE GRANADA-1 (\u00abAguile\u00f1o\u00bb) vs. C\u00c1DIZ CLUB DE F\u00daBOL-4 (\u00abEL POLLITO ROLD\u00c1N\u00bb-Ram\u00f3n Blanco Jim\u00e9nez).<\/strong><\/p>\n<p style=\"text-align: center\"><strong>\u00abVEL\u00d3DROMO\u00bb.-ONUBA FC-1 (extremo derecha Palma)\u00a0 vs. SFbC-4 (3-\u00abCampanal I\u00bb+1 pp Rodr\u00edguez).<\/strong><\/p>\n","protected":false},"excerpt":{"rendered":"<p>1939-SEPTIEMBRE 17-DOMINGO EN SEVILLA. Arbitr\u00f3 el colegiado andaluz Higinio Antonio PERAL Borrero (Federaci\u00f3n Sur) \u00abdiscretamente\u00bb. ALINEACIONES: GOLEADORES VERDIBLANCOS-PRIMERA JORNADA-CAMPEONATO ANDALUC\u00cdA:\u00a0 2-\u00abPAQUIRRI\u00bb;\u00a0 1-\u00abSARO\u00bb;\u00a0 1-CABALLERO. XXV PRESIDENTE REAL-BETIS BALOMPI\u00c9-TEMPORADAS 1933-1934 \u00c1 1939-1940; ambas inclusive. ENTRENADOR REAL-BETIS BALOMPI\u00c9-TEMPORADAS 1935-1936 \u00c1 1939-1940, ambas inclusive.-2\u00aa Etapa. ZAGUEROS: 2.-Antonio TELECH\u00cdA Calvo. 3.-Francisco Torres P\u00e9rez (a) \u00abPILOTO\u00bb. MEDIOS: 4.-Jos\u00e9 Su\u00e1rez Gonz\u00e1lez (a)&#8230;<\/p>\n","protected":false},"author":48,"featured_media":37643,"comment_status":"open","ping_status":"open","sticky":false,"template":"","format":"standard","meta":{"_kad_post_transparent":"","_kad_post_title":"","_kad_post_layout":"","_kad_post_sidebar_id":"","_kad_post_content_style":"","_kad_post_vertical_padding":"","_kad_post_feature":"","_kad_post_feature_position":"","_kad_post_header":false,"_kad_post_footer":false,"_kad_post_classname":"","_jetpack_memberships_contains_paid_content":false,"footnotes":"","jetpack_publicize_message":"","jetpack_publicize_feature_enabled":true,"jetpack_social_post_already_shared":true,"jetpack_social_options":{"image_generator_settings":{"template":"highway","default_image_id":0,"font":"","enabled":false},"version":2}},"categories":[899,1],"tags":[47,2476,17875,16969,1497],"class_list":["post-37642","post","type-post","status-publish","format-standard","has-post-thumbnail","hentry","category-1930-1939","category-portada","tag-47","tag-1939-40","tag-campeonato-de-andalucia-1939-40","tag-cd-malacitano","tag-cd-malaga"],"jetpack_publicize_connections":[],"jetpack_featured_media_url":"https:\/\/i0.wp.com\/www.manquepierda.com\/historiarealbetis\/files\/2014\/09\/Heli%C3%B3polis19401958.jpg?fit=2183%2C1397&ssl=1","jetpack_sharing_enabled":true,"jetpack_shortlink":"https:\/\/wp.me\/p1ij08-9N8","jetpack-related-posts":[],"_links":{"self":[{"href":"https:\/\/www.manquepierda.com\/historiarealbetis\/wp-json\/wp\/v2\/posts\/37642","targetHints":{"allow":["GET"]}}],"collection":[{"href":"https:\/\/www.manquepierda.com\/historiarealbetis\/wp-json\/wp\/v2\/posts"}],"about":[{"href":"https:\/\/www.manquepierda.com\/historiarealbetis\/wp-json\/wp\/v2\/types\/post"}],"author":[{"embeddable":true,"href":"https:\/\/www.manquepierda.com\/historiarealbetis\/wp-json\/wp\/v2\/users\/48"}],"replies":[{"embeddable":true,"href":"https:\/\/www.manquepierda.com\/historiarealbetis\/wp-json\/wp\/v2\/comments?post=37642"}],"version-history":[{"count":1,"href":"https:\/\/www.manquepierda.com\/historiarealbetis\/wp-json\/wp\/v2\/posts\/37642\/revisions"}],"predecessor-version":[{"id":96347,"href":"https:\/\/www.manquepierda.com\/historiarealbetis\/wp-json\/wp\/v2\/posts\/37642\/revisions\/96347"}],"wp:featuredmedia":[{"embeddable":true,"href":"https:\/\/www.manquepierda.com\/historiarealbetis\/wp-json\/wp\/v2\/media\/37643"}],"wp:attachment":[{"href":"https:\/\/www.manquepierda.com\/historiarealbetis\/wp-json\/wp\/v2\/media?parent=37642"}],"wp:term":[{"taxonomy":"category","embeddable":true,"href":"https:\/\/www.manquepierda.com\/historiarealbetis\/wp-json\/wp\/v2\/categories?post=37642"},{"taxonomy":"post_tag","embeddable":true,"href":"https:\/\/www.manquepierda.com\/historiarealbetis\/wp-json\/wp\/v2\/tags?post=37642"}],"curies":[{"name":"wp","href":"https:\/\/api.w.org\/{rel}","templated":true}]}}