{"id":37678,"date":"2014-09-19T17:28:56","date_gmt":"2014-09-19T15:28:56","guid":{"rendered":"http:\/\/www.manquepierda.com\/historiarealbetis\/?p=37678"},"modified":"2024-08-19T10:22:56","modified_gmt":"2024-08-19T08:22:56","slug":"1943-septiembre-19-amistoso-real-betis-balompie-3-vs-granada-cf-2-71o-aniversario","status":"publish","type":"post","link":"https:\/\/www.manquepierda.com\/historiarealbetis\/1943-septiembre-19-amistoso-real-betis-balompie-3-vs-granada-cf-2-71o-aniversario\/","title":{"rendered":"1943-Septiembre 19-Amistoso: Real Betis Balompi\u00e9-3 vs. Granada Cf-2.-71\u00ba Aniversario."},"content":{"rendered":"<figure id=\"attachment_37680\" aria-describedby=\"caption-attachment-37680\" style=\"width: 680px\" class=\"wp-caption aligncenter\"><a href=\"https:\/\/www.manquepierda.com\/historiarealbetis\/37678-1943-septiembre-19-amistoso-real-betis-balompie-3-vs-granada-cf-2-71o-aniversario\/heliopolis19401958-9\/\" rel=\"attachment wp-att-37680\"><img data-recalc-dims=\"1\" loading=\"lazy\" decoding=\"async\" class=\"size-medium wp-image-37680\" src=\"https:\/\/i0.wp.com\/www.manquepierda.com\/historiarealbetis\/files\/2014\/09\/Heli%C3%B3polis194019581.jpg?resize=680%2C435&#038;ssl=1\" alt=\"mmmm\" width=\"680\" height=\"435\" srcset=\"https:\/\/i0.wp.com\/www.manquepierda.com\/historiarealbetis\/files\/2014\/09\/Heli%C3%B3polis194019581.jpg?resize=680%2C435&amp;ssl=1 680w, https:\/\/i0.wp.com\/www.manquepierda.com\/historiarealbetis\/files\/2014\/09\/Heli%C3%B3polis194019581.jpg?resize=220%2C140&amp;ssl=1 220w, https:\/\/i0.wp.com\/www.manquepierda.com\/historiarealbetis\/files\/2014\/09\/Heli%C3%B3polis194019581.jpg?resize=960%2C614&amp;ssl=1 960w\" sizes=\"auto, (max-width: 680px) 100vw, 680px\" \/><\/a><figcaption id=\"caption-attachment-37680\" class=\"wp-caption-text\"><strong>1943-SEPTIEMBRE 19-DOMINGO EN SEVILLA-ESTADIO MUNICIPAL DE HELI\u00d3POLIS (\u00abCIUDAD DEL SOL\u00bb).-ENCUENTRO AMISTOSO.<\/strong><\/figcaption><\/figure>\n<figure id=\"attachment_37681\" aria-describedby=\"caption-attachment-37681\" style=\"width: 157px\" class=\"wp-caption aligncenter\"><a href=\"https:\/\/www.manquepierda.com\/historiarealbetis\/37678-1943-septiembre-19-amistoso-real-betis-balompie-3-vs-granada-cf-2-71o-aniversario\/salvador-dominguez-lazaro-abritro\/\" rel=\"attachment wp-att-37681\"><img data-recalc-dims=\"1\" loading=\"lazy\" decoding=\"async\" class=\"size-thumbnail wp-image-37681\" src=\"https:\/\/i0.wp.com\/www.manquepierda.com\/historiarealbetis\/files\/2014\/09\/Salvador-Dom%C3%ADnguez-L%C3%A1zaro-%C3%A1britro.jpg?resize=157%2C220&#038;ssl=1\" alt=\"mmm\" width=\"157\" height=\"220\" srcset=\"https:\/\/i0.wp.com\/www.manquepierda.com\/historiarealbetis\/files\/2014\/09\/Salvador-Dom%C3%ADnguez-L%C3%A1zaro-%C3%A1britro.jpg?resize=157%2C220&amp;ssl=1 157w, https:\/\/i0.wp.com\/www.manquepierda.com\/historiarealbetis\/files\/2014\/09\/Salvador-Dom%C3%ADnguez-L%C3%A1zaro-%C3%A1britro.jpg?w=231&amp;ssl=1 231w\" sizes=\"auto, (max-width: 157px) 100vw, 157px\" \/><\/a><figcaption id=\"caption-attachment-37681\" class=\"wp-caption-text\">Arbitr\u00f3 el Colegiado Federaci\u00f3n\u00a0 Sur Salvador DOM\u00cdNGUEZ L\u00e1zaro (32 a\u00f1os).<\/figcaption><\/figure>\n<p style=\"text-align: center\">ALINEACIONES:<\/p>\n<figure id=\"attachment_37527\" aria-describedby=\"caption-attachment-37527\" style=\"width: 154px\" class=\"wp-caption aligncenter\"><a href=\"https:\/\/www.manquepierda.com\/historiarealbetis\/37524-1954-septiembre-12-segunda-division-real-betis-balompie-3-jerez-cd-1-lx-aniversario\/1941-rbb-157\/\" rel=\"attachment wp-att-37527\"><img data-recalc-dims=\"1\" loading=\"lazy\" decoding=\"async\" class=\"size-full wp-image-37527\" src=\"https:\/\/i0.wp.com\/www.manquepierda.com\/historiarealbetis\/files\/2014\/09\/1941-RBB.jpg?resize=154%2C154&#038;ssl=1\" alt=\"MMM\" width=\"154\" height=\"154\" \/><\/a><figcaption id=\"caption-attachment-37527\" class=\"wp-caption-text\"><strong>REAL BETIS BALOMPI\u00c9-3 GOLES.<\/strong><\/figcaption><\/figure>\n<p style=\"text-align: center\"><strong>Campeonato Nacional Liga Segunda Divisi\u00f3n-Temporada 1943-1944.<\/strong><\/p>\n<figure id=\"attachment_37690\" aria-describedby=\"caption-attachment-37690\" style=\"width: 161px\" class=\"wp-caption alignright\"><a href=\"https:\/\/www.manquepierda.com\/historiarealbetis\/37678-1943-septiembre-19-amistoso-real-betis-balompie-3-vs-granada-cf-2-71o-aniversario\/francisco-cantalapiedra-2\/\" rel=\"attachment wp-att-37690\"><img data-recalc-dims=\"1\" loading=\"lazy\" decoding=\"async\" class=\"size-thumbnail wp-image-37690\" src=\"https:\/\/i0.wp.com\/www.manquepierda.com\/historiarealbetis\/files\/2014\/09\/Francisco-Cantalapiedra.jpg?resize=161%2C220&#038;ssl=1\" alt=\"mmm\" width=\"161\" height=\"220\" srcset=\"https:\/\/i0.wp.com\/www.manquepierda.com\/historiarealbetis\/files\/2014\/09\/Francisco-Cantalapiedra.jpg?resize=161%2C220&amp;ssl=1 161w, https:\/\/i0.wp.com\/www.manquepierda.com\/historiarealbetis\/files\/2014\/09\/Francisco-Cantalapiedra.jpg?resize=441%2C600&amp;ssl=1 441w, https:\/\/i0.wp.com\/www.manquepierda.com\/historiarealbetis\/files\/2014\/09\/Francisco-Cantalapiedra.jpg?w=466&amp;ssl=1 466w\" sizes=\"auto, (max-width: 161px) 100vw, 161px\" \/><\/a><figcaption id=\"caption-attachment-37690\" class=\"wp-caption-text\"><strong>Don FRANCISCO CANTALAPIEDRA Y FERN\u00c1NDEZ DE TOLEDO (J. Cantalapiedra Sdad Limitada+Consorcio de Reaseguros S. A.): 46 a\u00f1os.-Vivi\u00f3 en la calle Brasil n\u00ba 17.-El Porvenir.<\/strong><\/figcaption><\/figure>\n<p style=\"text-align: right\"><strong>PRESIDENTE REAL BETIS BALOMPI\u00c9-TEMPORADA 1943-1944.<\/strong><\/p>\n<figure id=\"attachment_37644\" aria-describedby=\"caption-attachment-37644\" style=\"width: 220px\" class=\"wp-caption alignleft\"><a href=\"https:\/\/www.manquepierda.com\/historiarealbetis\/37642-1939-septiembre-17-cptoregional-betis-balompie-4-cd-malacitano-1-lxxv-aniversario\/andres-aranda-entrenador-1944-nmp-marca-2-5-1944-300x208-8\/\" rel=\"attachment wp-att-37644\"><img data-recalc-dims=\"1\" loading=\"lazy\" decoding=\"async\" class=\"size-thumbnail wp-image-37644\" src=\"https:\/\/i0.wp.com\/www.manquepierda.com\/historiarealbetis\/files\/2014\/09\/Andr%C3%A9s-Aranda-entrenador-1944-NMP-Marca-2-5-1944-300x208.jpg?resize=220%2C152&#038;ssl=1\" alt=\"mmm\" width=\"220\" height=\"152\" srcset=\"https:\/\/i0.wp.com\/www.manquepierda.com\/historiarealbetis\/files\/2014\/09\/Andr%C3%A9s-Aranda-entrenador-1944-NMP-Marca-2-5-1944-300x208.jpg?resize=220%2C152&amp;ssl=1 220w, https:\/\/i0.wp.com\/www.manquepierda.com\/historiarealbetis\/files\/2014\/09\/Andr%C3%A9s-Aranda-entrenador-1944-NMP-Marca-2-5-1944-300x208.jpg?resize=300%2C208&amp;ssl=1 300w\" sizes=\"auto, (max-width: 220px) 100vw, 220px\" \/><\/a><figcaption id=\"caption-attachment-37644\" class=\"wp-caption-text\"><strong>ANDR\u00c9S ARANDA GUTI\u00c9RREZ 38 a\u00f1os+1 mes menos 8 d\u00edas.<\/strong><\/figcaption><\/figure>\n<p style=\"text-align: left\"><strong>ENTRENADOR REAL BETIS BALOMPI\u00c9-TEMPORADAS 1935-1936 (Charles Howard Slade+ARANDA)+1939-1940+1943-1944+1944-1945+1949-1950+1950-1951.<\/strong><\/p>\n<p style=\"text-align: center\"><strong>GUARDAMETAS:<\/strong><\/p>\n<p style=\"text-align: center\"><strong>1.-Francisco Carmona Reina (a) \u00abPAQUILLO\u00bb.<\/strong><\/p>\n<p style=\"text-align: center\"><strong>Tras el descanso reglamentario:<\/strong><\/p>\n<p style=\"text-align: center\"><strong>LA ROSA (2 goles encajados: 3-1.-APARICIO y 3-2.-LEAL).<\/strong><\/p>\n<p style=\"text-align: center\"><strong>ZAGUEROS:<\/strong><\/p>\n<p style=\"text-align: center\"><strong>2.-Francisco ANT\u00daNEZ Espada.-Destac\u00f3.<\/strong><\/p>\n<p style=\"text-align: center\"><strong>3.-Juli\u00e1n GONELL Llopis.<\/strong><\/p>\n<p style=\"text-align: center\"><strong>MEDIOS:<\/strong><\/p>\n<p style=\"text-align: center\"><strong>4.-Joaqu\u00edn GUILLAM\u00d3N Rodr\u00edguez.-Destac\u00f3.<\/strong><\/p>\n<p style=\"text-align: center\"><strong>5.-JULIO Garc\u00eda Rodr\u00edguez.-Destac\u00f3.<\/strong><\/p>\n<p style=\"text-align: center\"><strong>6.-Guillermo COLL Munar.-Destac\u00f3.<\/strong><\/p>\n<p style=\"text-align: center\"><strong>DELANTEROS:<\/strong><\/p>\n<figure id=\"attachment_37652\" aria-describedby=\"caption-attachment-37652\" style=\"width: 149px\" class=\"wp-caption aligncenter\"><a href=\"https:\/\/www.manquepierda.com\/historiarealbetis\/37642-1939-septiembre-17-cptoregional-betis-balompie-4-cd-malacitano-1-lxxv-aniversario\/angel-martin-rodriguez-saro-5\/\" rel=\"attachment wp-att-37652\"><img data-recalc-dims=\"1\" loading=\"lazy\" decoding=\"async\" class=\"size-thumbnail wp-image-37652\" src=\"https:\/\/i0.wp.com\/www.manquepierda.com\/historiarealbetis\/files\/2014\/09\/%C3%81ngel-Mart%C3%ADn-Rodr%C3%ADguez-SARO-149x220.jpg?resize=149%2C220&#038;ssl=1\" alt=\"MMM\" width=\"149\" height=\"220\" srcset=\"https:\/\/i0.wp.com\/www.manquepierda.com\/historiarealbetis\/files\/2014\/09\/%C3%81ngel-Mart%C3%ADn-Rodr%C3%ADguez-SARO.jpg?resize=149%2C220&amp;ssl=1 149w, https:\/\/i0.wp.com\/www.manquepierda.com\/historiarealbetis\/files\/2014\/09\/%C3%81ngel-Mart%C3%ADn-Rodr%C3%ADguez-SARO.jpg?resize=407%2C600&amp;ssl=1 407w, https:\/\/i0.wp.com\/www.manquepierda.com\/historiarealbetis\/files\/2014\/09\/%C3%81ngel-Mart%C3%ADn-Rodr%C3%ADguez-SARO.jpg?w=468&amp;ssl=1 468w\" sizes=\"auto, (max-width: 149px) 100vw, 149px\" \/><\/a><figcaption id=\"caption-attachment-37652\" class=\"wp-caption-text\"><strong>7.-\u00c1ngel Mart\u00edn Rodr\u00edguez (a) \u00abSARO\u00bb-DESTAC\u00d3: 1-0.<\/strong><\/figcaption><\/figure>\n<p style=\"text-align: center\"><strong>8.-Jos\u00e9 PINEDA \u00c1lvarez.<\/strong><\/p>\n<p style=\"text-align: center\"><strong>9.-Centro Delantero-Ariete-Tom\u00e1s MURUAGA Elortegui.<\/strong><\/p>\n<figure id=\"attachment_37692\" aria-describedby=\"caption-attachment-37692\" style=\"width: 100px\" class=\"wp-caption aligncenter\"><a href=\"https:\/\/www.manquepierda.com\/historiarealbetis\/37678-1943-septiembre-19-amistoso-real-betis-balompie-3-vs-granada-cf-2-71o-aniversario\/juancazorlacastellano-4\/\" rel=\"attachment wp-att-37692\"><img data-recalc-dims=\"1\" loading=\"lazy\" decoding=\"async\" class=\"size-full wp-image-37692\" src=\"https:\/\/i0.wp.com\/www.manquepierda.com\/historiarealbetis\/files\/2014\/09\/JuanCazorlaCastellano.jpg?resize=100%2C137&#038;ssl=1\" alt=\"MMMM\" width=\"100\" height=\"137\" \/><\/a><figcaption id=\"caption-attachment-37692\" class=\"wp-caption-text\"><strong>Juan CAZORLA Castellano: 2-0.<\/strong><\/figcaption><\/figure>\n<p style=\"text-align: center\"><strong>10.-Enrique BESC\u00d3S Mambrona.<\/strong><\/p>\n<p style=\"text-align: center\"><strong>11.-LAMELA Prado.<\/strong><\/p>\n<figure id=\"attachment_37693\" aria-describedby=\"caption-attachment-37693\" style=\"width: 164px\" class=\"wp-caption aligncenter\"><a href=\"https:\/\/www.manquepierda.com\/historiarealbetis\/37678-1943-septiembre-19-amistoso-real-betis-balompie-3-vs-granada-cf-2-71o-aniversario\/pitilo-00-5\/\" rel=\"attachment wp-att-37693\"><img data-recalc-dims=\"1\" loading=\"lazy\" decoding=\"async\" class=\"size-thumbnail wp-image-37693\" src=\"https:\/\/i0.wp.com\/www.manquepierda.com\/historiarealbetis\/files\/2014\/09\/PITILO-00.jpg?resize=164%2C220&#038;ssl=1\" alt=\"mmm\" width=\"164\" height=\"220\" srcset=\"https:\/\/i0.wp.com\/www.manquepierda.com\/historiarealbetis\/files\/2014\/09\/PITILO-00.jpg?resize=164%2C220&amp;ssl=1 164w, https:\/\/i0.wp.com\/www.manquepierda.com\/historiarealbetis\/files\/2014\/09\/PITILO-00.jpg?w=329&amp;ssl=1 329w\" sizes=\"auto, (max-width: 164px) 100vw, 164px\" \/><\/a><figcaption id=\"caption-attachment-37693\" class=\"wp-caption-text\"><strong>*\u00c1ngel Dom\u00ednguez Esteban (a) \u00abPITILO\u00bb: 3-0.<\/strong><\/figcaption><\/figure>\n<p style=\"text-align: center\"><em><strong>*LEYENDA ILUSTRE VIVA ENTRE TODOS LOS VERDIBLANCOS AFORTUNADAMENTE:\u00a0 94 A\u00d1OS+10 MESES Y 14 D\u00cdAS.<\/strong><\/em><\/p>\n<p style=\"text-align: center\">VS.<\/p>\n<figure id=\"attachment_37679\" aria-describedby=\"caption-attachment-37679\" style=\"width: 220px\" class=\"wp-caption aligncenter\"><a href=\"https:\/\/www.manquepierda.com\/historiarealbetis\/37678-1943-septiembre-19-amistoso-real-betis-balompie-3-vs-granada-cf-2-71o-aniversario\/granada-cf1940\/\" rel=\"attachment wp-att-37679\"><img data-recalc-dims=\"1\" loading=\"lazy\" decoding=\"async\" class=\"size-thumbnail wp-image-37679\" src=\"https:\/\/i0.wp.com\/www.manquepierda.com\/historiarealbetis\/files\/2014\/09\/Granada-Cf1940.jpeg?resize=220%2C220&#038;ssl=1\" alt=\"mmm\" width=\"220\" height=\"220\" srcset=\"https:\/\/i0.wp.com\/www.manquepierda.com\/historiarealbetis\/files\/2014\/09\/Granada-Cf1940.jpeg?resize=220%2C220&amp;ssl=1 220w, https:\/\/i0.wp.com\/www.manquepierda.com\/historiarealbetis\/files\/2014\/09\/Granada-Cf1940.jpeg?w=225&amp;ssl=1 225w\" sizes=\"auto, (max-width: 220px) 100vw, 220px\" \/><\/a><figcaption id=\"caption-attachment-37679\" class=\"wp-caption-text\">GRANADA CLUB DE F\u00daTBOL-2 TANTOS.<\/figcaption><\/figure>\n<p style=\"text-align: center\">Campeonato Nacional Liga Primera Divisi\u00f3n-Temporada 1943-1944.<\/p>\n<figure id=\"attachment_37684\" aria-describedby=\"caption-attachment-37684\" style=\"width: 160px\" class=\"wp-caption aligncenter\"><a href=\"https:\/\/www.manquepierda.com\/historiarealbetis\/37678-1943-septiembre-19-amistoso-real-betis-balompie-3-vs-granada-cf-2-71o-aniversario\/1-34-11-27-penalty\/\" rel=\"attachment wp-att-37684\"><img data-recalc-dims=\"1\" loading=\"lazy\" decoding=\"async\" class=\"size-thumbnail wp-image-37684\" src=\"https:\/\/i0.wp.com\/www.manquepierda.com\/historiarealbetis\/files\/2014\/09\/1-34-11-27-Penalty.jpg?resize=160%2C220&#038;ssl=1\" alt=\"mmmm\" width=\"160\" height=\"220\" srcset=\"https:\/\/i0.wp.com\/www.manquepierda.com\/historiarealbetis\/files\/2014\/09\/1-34-11-27-Penalty.jpg?resize=160%2C220&amp;ssl=1 160w, https:\/\/i0.wp.com\/www.manquepierda.com\/historiarealbetis\/files\/2014\/09\/1-34-11-27-Penalty.jpg?resize=436%2C600&amp;ssl=1 436w, https:\/\/i0.wp.com\/www.manquepierda.com\/historiarealbetis\/files\/2014\/09\/1-34-11-27-Penalty.jpg?resize=509%2C700&amp;ssl=1 509w, https:\/\/i0.wp.com\/www.manquepierda.com\/historiarealbetis\/files\/2014\/09\/1-34-11-27-Penalty.jpg?w=1164&amp;ssl=1 1164w\" sizes=\"auto, (max-width: 160px) 100vw, 160px\" \/><\/a><figcaption id=\"caption-attachment-37684\" class=\"wp-caption-text\">1943-1944.-5\u00aa Presidente don RICARDO MART\u00cdN CAMPOS (Dimisi\u00f3n domingo 14-Noviembre).<\/figcaption><\/figure>\n<figure id=\"attachment_37685\" aria-describedby=\"caption-attachment-37685\" style=\"width: 80px\" class=\"wp-caption alignleft\"><a href=\"https:\/\/www.manquepierda.com\/historiarealbetis\/37678-1943-septiembre-19-amistoso-real-betis-balompie-3-vs-granada-cf-2-71o-aniversario\/istvan-platko\/\" rel=\"attachment wp-att-37685\"><img data-recalc-dims=\"1\" loading=\"lazy\" decoding=\"async\" class=\"size-full wp-image-37685\" src=\"https:\/\/i0.wp.com\/www.manquepierda.com\/historiarealbetis\/files\/2014\/09\/Istvan-Platko.jpeg?resize=80%2C119&#038;ssl=1\" alt=\"mmm\" width=\"80\" height=\"119\" \/><\/a><figcaption id=\"caption-attachment-37685\" class=\"wp-caption-text\">ITSVAN (ESTEBAN) PLATKO.-Entrenador magyar temporadas 1943-1944 \u00e1 1944-1945.<\/figcaption><\/figure>\n<p style=\"text-align: center\">PORTEROS:<\/p>\n<figure id=\"attachment_37688\" aria-describedby=\"caption-attachment-37688\" style=\"width: 127px\" class=\"wp-caption aligncenter\"><a href=\"https:\/\/www.manquepierda.com\/historiarealbetis\/37678-1943-septiembre-19-amistoso-real-betis-balompie-3-vs-granada-cf-2-71o-aniversario\/ramon-casafont-baron\/\" rel=\"attachment wp-att-37688\"><img data-recalc-dims=\"1\" loading=\"lazy\" decoding=\"async\" class=\"size-full wp-image-37688\" src=\"https:\/\/i0.wp.com\/www.manquepierda.com\/historiarealbetis\/files\/2014\/09\/Ram%C3%B3n-CASAFONT-Bar%C3%B3n.jpg?resize=127%2C163&#038;ssl=1\" alt=\"mmm\" width=\"127\" height=\"163\" \/><\/a><figcaption id=\"caption-attachment-37688\" class=\"wp-caption-text\"><strong>Ram\u00f3n CASAFONT Bar\u00f3n: 2 Tantos encajados.-Temporada 1944-1945 Real Betis Balompi\u00e9.<\/strong><\/figcaption><\/figure>\n<figure id=\"attachment_37689\" aria-describedby=\"caption-attachment-37689\" style=\"width: 153px\" class=\"wp-caption aligncenter\"><a href=\"https:\/\/www.manquepierda.com\/historiarealbetis\/37678-1943-septiembre-19-amistoso-real-betis-balompie-3-vs-granada-cf-2-71o-aniversario\/floro-gfc-2\/\" rel=\"attachment wp-att-37689\"><img data-recalc-dims=\"1\" loading=\"lazy\" decoding=\"async\" class=\"size-thumbnail wp-image-37689\" src=\"https:\/\/i0.wp.com\/www.manquepierda.com\/historiarealbetis\/files\/2014\/09\/FLORO-GFC.jpg?resize=153%2C220&#038;ssl=1\" alt=\"mmm\" width=\"153\" height=\"220\" srcset=\"https:\/\/i0.wp.com\/www.manquepierda.com\/historiarealbetis\/files\/2014\/09\/FLORO-GFC.jpg?resize=153%2C220&amp;ssl=1 153w, https:\/\/i0.wp.com\/www.manquepierda.com\/historiarealbetis\/files\/2014\/09\/FLORO-GFC.jpg?w=161&amp;ssl=1 161w\" sizes=\"auto, (max-width: 153px) 100vw, 153px\" \/><\/a><figcaption id=\"caption-attachment-37689\" class=\"wp-caption-text\">Florentino Buey Portillo (a) \u00abFLORO\u00bb.-<strong>1 Tanto encajado tras el descanso reglamentario.<\/strong><\/figcaption><\/figure>\n<p style=\"text-align: center\">DEFENSAS:<\/p>\n<p style=\"text-align: center\">Pedro Aurrecoetxea Echeand\u00eda (a) \u00abEUSKALDUNA\u00bb (SFbC 1934-1935 \u00e1 1935-1936).<\/p>\n<p style=\"text-align: center\">Manuel D\u00cdAZ Fern\u00e1ndez.<\/p>\n<p style=\"text-align: center\">MEDIOS:<\/p>\n<p style=\"text-align: center\">MART\u00cdNEZ.<\/p>\n<p style=\"text-align: center\"><strong>Manuel Torres Rodr\u00edguez (a) \u00abMELITO\u00bb (RBB 1940-1941 y 1946-1947).-Destac\u00f3.<\/strong><\/p>\n<p style=\"text-align: center\">Manuel NEIRA Mart\u00ednez<\/p>\n<p style=\"text-align: center\">DELANTEROS:<\/p>\n<p style=\"text-align: center\">Juan NICOLA Fontdecaba.<\/p>\n<p style=\"text-align: center\">Jos\u00e9 S\u00e1nchez P\u00e9rez (a) \u00abTROMPI\u00bb.<\/p>\n<figure id=\"attachment_37687\" aria-describedby=\"caption-attachment-37687\" style=\"width: 161px\" class=\"wp-caption aligncenter\"><a href=\"https:\/\/www.manquepierda.com\/historiarealbetis\/37678-1943-septiembre-19-amistoso-real-betis-balompie-3-vs-granada-cf-2-71o-aniversario\/leal-gfc\/\" rel=\"attachment wp-att-37687\"><img data-recalc-dims=\"1\" loading=\"lazy\" decoding=\"async\" class=\"size-thumbnail wp-image-37687\" src=\"https:\/\/i0.wp.com\/www.manquepierda.com\/historiarealbetis\/files\/2014\/09\/Leal-GFC.jpg?resize=161%2C220&#038;ssl=1\" alt=\"mmmm\" width=\"161\" height=\"220\" srcset=\"https:\/\/i0.wp.com\/www.manquepierda.com\/historiarealbetis\/files\/2014\/09\/Leal-GFC.jpg?resize=161%2C220&amp;ssl=1 161w, https:\/\/i0.wp.com\/www.manquepierda.com\/historiarealbetis\/files\/2014\/09\/Leal-GFC.jpg?w=239&amp;ssl=1 239w\" sizes=\"auto, (max-width: 161px) 100vw, 161px\" \/><\/a><figcaption id=\"caption-attachment-37687\" class=\"wp-caption-text\"><strong>9.-Juan LEAL Segovia 3-2 marcador final.<\/strong><\/figcaption><\/figure>\n<p style=\"text-align: center\">Juan LEAL Segovia.<\/p>\n<p style=\"text-align: center\">Lu\u00eds SAFONT Bad\u00eda.<\/p>\n<figure id=\"attachment_37686\" aria-describedby=\"caption-attachment-37686\" style=\"width: 125px\" class=\"wp-caption aligncenter\"><a href=\"https:\/\/www.manquepierda.com\/historiarealbetis\/37678-1943-septiembre-19-amistoso-real-betis-balompie-3-vs-granada-cf-2-71o-aniversario\/aparicio-gfc\/\" rel=\"attachment wp-att-37686\"><img data-recalc-dims=\"1\" loading=\"lazy\" decoding=\"async\" class=\"size-full wp-image-37686\" src=\"https:\/\/i0.wp.com\/www.manquepierda.com\/historiarealbetis\/files\/2014\/09\/Aparicio-GFC.jpg?resize=125%2C186&#038;ssl=1\" alt=\"mmmm\" width=\"125\" height=\"186\" \/><\/a><figcaption id=\"caption-attachment-37686\" class=\"wp-caption-text\"><strong>11.-Antonio APARICIO Morales: 3-1 segundo tiempo.<\/strong><\/figcaption><\/figure>\n","protected":false},"excerpt":{"rendered":"<p>ALINEACIONES: Campeonato Nacional Liga Segunda Divisi\u00f3n-Temporada 1943-1944. PRESIDENTE REAL BETIS BALOMPI\u00c9-TEMPORADA 1943-1944. ENTRENADOR REAL BETIS BALOMPI\u00c9-TEMPORADAS 1935-1936 (Charles Howard Slade+ARANDA)+1939-1940+1943-1944+1944-1945+1949-1950+1950-1951. GUARDAMETAS: 1.-Francisco Carmona Reina (a) \u00abPAQUILLO\u00bb. Tras el descanso reglamentario: LA ROSA (2 goles encajados: 3-1.-APARICIO y 3-2.-LEAL). ZAGUEROS: 2.-Francisco ANT\u00daNEZ Espada.-Destac\u00f3. 3.-Juli\u00e1n GONELL Llopis. MEDIOS: 4.-Joaqu\u00edn GUILLAM\u00d3N Rodr\u00edguez.-Destac\u00f3. 5.-JULIO Garc\u00eda Rodr\u00edguez.-Destac\u00f3. 6.-Guillermo COLL Munar.-Destac\u00f3&#8230;.<\/p>\n","protected":false},"author":48,"featured_media":37680,"comment_status":"open","ping_status":"open","sticky":false,"template":"","format":"standard","meta":{"_kad_post_transparent":"","_kad_post_title":"","_kad_post_layout":"","_kad_post_sidebar_id":"","_kad_post_content_style":"","_kad_post_vertical_padding":"","_kad_post_feature":"","_kad_post_feature_position":"","_kad_post_header":false,"_kad_post_footer":false,"_kad_post_classname":"","_jetpack_memberships_contains_paid_content":false,"footnotes":"","jetpack_publicize_message":"","jetpack_publicize_feature_enabled":true,"jetpack_social_post_already_shared":true,"jetpack_social_options":{"image_generator_settings":{"template":"highway","default_image_id":0,"font":"","enabled":false},"version":2}},"categories":[900,1],"tags":[51,2481,3134],"class_list":["post-37678","post","type-post","status-publish","format-standard","has-post-thumbnail","hentry","category-1940-1949","category-portada","tag-51","tag-1943-44","tag-granada-cf"],"jetpack_publicize_connections":[],"jetpack_featured_media_url":"https:\/\/i0.wp.com\/www.manquepierda.com\/historiarealbetis\/files\/2014\/09\/Heli%C3%B3polis194019581.jpg?fit=2183%2C1397&ssl=1","jetpack_sharing_enabled":true,"jetpack_shortlink":"https:\/\/wp.me\/p1ij08-9NI","jetpack-related-posts":[],"_links":{"self":[{"href":"https:\/\/www.manquepierda.com\/historiarealbetis\/wp-json\/wp\/v2\/posts\/37678","targetHints":{"allow":["GET"]}}],"collection":[{"href":"https:\/\/www.manquepierda.com\/historiarealbetis\/wp-json\/wp\/v2\/posts"}],"about":[{"href":"https:\/\/www.manquepierda.com\/historiarealbetis\/wp-json\/wp\/v2\/types\/post"}],"author":[{"embeddable":true,"href":"https:\/\/www.manquepierda.com\/historiarealbetis\/wp-json\/wp\/v2\/users\/48"}],"replies":[{"embeddable":true,"href":"https:\/\/www.manquepierda.com\/historiarealbetis\/wp-json\/wp\/v2\/comments?post=37678"}],"version-history":[{"count":1,"href":"https:\/\/www.manquepierda.com\/historiarealbetis\/wp-json\/wp\/v2\/posts\/37678\/revisions"}],"predecessor-version":[{"id":97164,"href":"https:\/\/www.manquepierda.com\/historiarealbetis\/wp-json\/wp\/v2\/posts\/37678\/revisions\/97164"}],"wp:featuredmedia":[{"embeddable":true,"href":"https:\/\/www.manquepierda.com\/historiarealbetis\/wp-json\/wp\/v2\/media\/37680"}],"wp:attachment":[{"href":"https:\/\/www.manquepierda.com\/historiarealbetis\/wp-json\/wp\/v2\/media?parent=37678"}],"wp:term":[{"taxonomy":"category","embeddable":true,"href":"https:\/\/www.manquepierda.com\/historiarealbetis\/wp-json\/wp\/v2\/categories?post=37678"},{"taxonomy":"post_tag","embeddable":true,"href":"https:\/\/www.manquepierda.com\/historiarealbetis\/wp-json\/wp\/v2\/tags?post=37678"}],"curies":[{"name":"wp","href":"https:\/\/api.w.org\/{rel}","templated":true}]}}