{"id":37714,"date":"2014-09-20T18:15:29","date_gmt":"2014-09-20T16:15:29","guid":{"rendered":"http:\/\/www.manquepierda.com\/historiarealbetis\/?p=37714"},"modified":"2024-08-31T00:53:37","modified_gmt":"2024-08-30T22:53:37","slug":"1964-septiembre-20-primera-division-real-betis-balompie-4-rcd-coruna-0-50-aniversario","status":"publish","type":"post","link":"https:\/\/www.manquepierda.com\/historiarealbetis\/1964-septiembre-20-primera-division-real-betis-balompie-4-rcd-coruna-0-50-aniversario\/","title":{"rendered":"1964-Septiembre 20-Primera Divisi\u00f3n: Real Betis Balompi\u00e9-4 RCD Coru\u00f1a-0.-50 Aniversario."},"content":{"rendered":"<p style=\"text-align: justify\">XXXIV EDICI\u00d3N-CAMPEONATO NACIONAL LIGA PRIMERA DIVISI\u00d3N TEMPORADA 1964-1965 DESDE DOMINGO 13 DE SEPTIEMBRE DE 1964 HASTA DOMINGO 18 DE ABRIL DE 1965-AMBAS FECHAS INCLUSIVE.<\/p>\n<p><a href=\"https:\/\/www.manquepierda.com\/historiarealbetis\/37714-1964-septiembre-20-primera-division-real-betis-balompie-4-rcd-coruna-0-50-aniversario\/estadio-benito-villamarin-01-2\/\" rel=\"attachment wp-att-37715\"><img data-recalc-dims=\"1\" loading=\"lazy\" decoding=\"async\" class=\"size-full wp-image-37715 aligncenter\" src=\"https:\/\/i0.wp.com\/www.manquepierda.com\/historiarealbetis\/files\/2014\/09\/Estadio-Benito-Villamar%C3%ADn-01.jpg?resize=300%2C200&#038;ssl=1\" alt=\"MMMM\" width=\"300\" height=\"200\" srcset=\"https:\/\/i0.wp.com\/www.manquepierda.com\/historiarealbetis\/files\/2014\/09\/Estadio-Benito-Villamar%C3%ADn-01.jpg?w=300&amp;ssl=1 300w, https:\/\/i0.wp.com\/www.manquepierda.com\/historiarealbetis\/files\/2014\/09\/Estadio-Benito-Villamar%C3%ADn-01.jpg?resize=220%2C146&amp;ssl=1 220w\" sizes=\"auto, (max-width: 300px) 100vw, 300px\" \/><\/a><\/p>\n<p style=\"text-align: justify\"><strong>1964-SEPTIEMBRE 20-DOMINGO EN \u00abHELI\u00d3POLIS\u00bb (\u00abCiudad del Sol\u00bb) 18&#8217;30 HORAS-PRIMER PARTIDO DE ABONO-ESTADIO \u00abBENITO VILLAMAR\u00cdN\u00bb-CLAVE MARCADOR SIMULT\u00c1NEO \u00abDARDO\u00bb: <em>\u00abCamisas Felpa EL B\u00daFALO\u00bb.<\/em><\/strong><\/p>\n<p style=\"text-align: justify\"><img data-recalc-dims=\"1\" loading=\"lazy\" decoding=\"async\" class=\"alignleft size-thumbnail wp-image-50821\" src=\"https:\/\/i0.wp.com\/www.manquepierda.com\/historiarealbetis\/files\/2014\/09\/allA.jpg?resize=120%2C220&#038;ssl=1\" alt=\"allA\" width=\"120\" height=\"220\" srcset=\"https:\/\/i0.wp.com\/www.manquepierda.com\/historiarealbetis\/files\/2014\/09\/allA.jpg?resize=120%2C220&amp;ssl=1 120w, https:\/\/i0.wp.com\/www.manquepierda.com\/historiarealbetis\/files\/2014\/09\/allA.jpg?w=143&amp;ssl=1 143w\" sizes=\"auto, (max-width: 120px) 100vw, 120px\" \/>Arbitr\u00f3 el colegiado Antonio LLORIS ANTONINO (43 a\u00f1os)-Natural de Valencia-1921.<\/p>\n<p style=\"text-align: justify\">\u00abEn un partido jugado fuerte,\u00a0 pero sin malos modos,\u00a0 tuvo algunos errores de apreciaci\u00f3n sin influir en el resultado\u00bb.-<strong>\u00abLos equipos,\u00a0 que fueron recibidos con aplausos por los espectadores,\u00a0 que se mostraron entusiastas con el \u00abonce\u00bb local y correcto con el visitante\u00bb.<\/strong><\/p>\n<p style=\"text-align: left\"><strong>ALINEACIONES:<\/strong><\/p>\n<figure id=\"attachment_37607\" aria-describedby=\"caption-attachment-37607\" style=\"width: 154px\" class=\"wp-caption aligncenter\"><a href=\"https:\/\/www.manquepierda.com\/historiarealbetis\/37603-1957-septiembre-15-segunda-grupo-sur-real-betis-balompie-3-ad-plus-ultra-madrid-1-lvii-aniversario\/1957-rbb-13\/\" rel=\"attachment wp-att-37607\"><img data-recalc-dims=\"1\" loading=\"lazy\" decoding=\"async\" class=\"size-full wp-image-37607\" src=\"https:\/\/i0.wp.com\/www.manquepierda.com\/historiarealbetis\/files\/2014\/09\/1957-RBB.jpg?resize=154%2C154&#038;ssl=1\" alt=\"mmm\" width=\"154\" height=\"154\" \/><\/a><figcaption id=\"caption-attachment-37607\" class=\"wp-caption-text\"><strong>REAL BETIS BALOMPI\u00c9-4 GOLES.<\/strong><\/figcaption><\/figure>\n<p style=\"text-align: justify\"><strong>S\u00e9ptimo clasificado con 2 puntos (1-ganado+0-empatados+1-perdido).-5 Goles a Favor y 2 Tantos en Contra.<\/strong><\/p>\n<figure id=\"attachment_37667\" aria-describedby=\"caption-attachment-37667\" style=\"width: 177px\" class=\"wp-caption alignright\"><a href=\"https:\/\/www.manquepierda.com\/historiarealbetis\/37661-1966-septiembre-18-segunda-sur-real-betis-balompie-3-cd-condal-0-48oaniversario\/benito-villamarin-prieto-11\/\" rel=\"attachment wp-att-37667\"><img data-recalc-dims=\"1\" loading=\"lazy\" decoding=\"async\" class=\"size-thumbnail wp-image-37667\" src=\"https:\/\/i0.wp.com\/www.manquepierda.com\/historiarealbetis\/files\/2014\/09\/Benito-Villamar%C3%ADn-Prieto2.jpg?resize=177%2C220&#038;ssl=1\" alt=\"MMM\" width=\"177\" height=\"220\" srcset=\"https:\/\/i0.wp.com\/www.manquepierda.com\/historiarealbetis\/files\/2014\/09\/Benito-Villamar%C3%ADn-Prieto2.jpg?resize=177%2C220&amp;ssl=1 177w, https:\/\/i0.wp.com\/www.manquepierda.com\/historiarealbetis\/files\/2014\/09\/Benito-Villamar%C3%ADn-Prieto2.jpg?w=254&amp;ssl=1 254w\" sizes=\"auto, (max-width: 177px) 100vw, 177px\" \/><\/a><figcaption id=\"caption-attachment-37667\" class=\"wp-caption-text\"><strong>Don BENITO VILLAMAR\u00cdN PRIETO-Industrial-46 a\u00f1os+1 mes menos 1 d\u00eda.<\/strong><\/figcaption><\/figure>\n<p style=\"text-align: justify\"><strong>40\u00ba Presidente REAL BETIS BALOMPI\u00c9-Desde el s\u00e1bado 21 de Mayo de 1955 hasta el martes 7 de Diciembre de 1965, en que present\u00f3 su emocionant\u00edsimo escrito de dimisi\u00f3n, por fuerza mayor contra su voluntad, al padecer grav\u00edsima enfermedad de c\u00e1ncer de pulm\u00f3n; despidi\u00e9ndose de sus compa\u00f1eros directivos y a trav\u00e9s de ellos de la gran Familia Verdiblanca.<br \/>\n<\/strong><\/p>\n<p style=\"text-align: justify\"><em><strong>48 A\u00f1os+1 mes menos Natural de PUGA-To\u00e9n (Ourense), lunes 21 de Agosto de 1916 (Centenario DOMINGO XXI-VIII-MMXVI).-Obituario en Sevilla, lunes 15 de Agosto de 1966 (50 A\u00f1os menos 6 d\u00edas) D. E. P.\u00a0<\/strong><\/em><\/p>\n<p style=\"text-align: center\"><em><strong> 1er. Presidente Perpetuo, y \u00fanico elegido democr\u00e1ticamente por unanimidad.<\/strong><\/em><\/p>\n<figure id=\"attachment_37718\" aria-describedby=\"caption-attachment-37718\" style=\"width: 148px\" class=\"wp-caption alignleft\"><a href=\"https:\/\/www.manquepierda.com\/historiarealbetis\/37714-1964-septiembre-20-primera-division-real-betis-balompie-4-rcd-coruna-0-50-aniversario\/louis-hon-6\/\" rel=\"attachment wp-att-37718\"><img data-recalc-dims=\"1\" loading=\"lazy\" decoding=\"async\" class=\"size-thumbnail wp-image-37718\" src=\"https:\/\/i0.wp.com\/www.manquepierda.com\/historiarealbetis\/files\/2014\/09\/Louis-Hon.jpg?resize=148%2C220&#038;ssl=1\" alt=\"MMMM\" width=\"148\" height=\"220\" srcset=\"https:\/\/i0.wp.com\/www.manquepierda.com\/historiarealbetis\/files\/2014\/09\/Louis-Hon.jpg?resize=148%2C220&amp;ssl=1 148w, https:\/\/i0.wp.com\/www.manquepierda.com\/historiarealbetis\/files\/2014\/09\/Louis-Hon.jpg?w=280&amp;ssl=1 280w\" sizes=\"auto, (max-width: 148px) 100vw, 148px\" \/><\/a><figcaption id=\"caption-attachment-37718\" class=\"wp-caption-text\"><strong>LOUIS HON ANTONIN (Francia) 40 a\u00f1os y 9 d\u00edas.<\/strong><\/figcaption><\/figure>\n<p style=\"text-align: justify\"><strong>1\/4 ENTRENADOR REAL BETIS BALOMPI\u00c9-TEMPORADA 1964-1965.-Entrevistado por \u00abBORBUJO\u00bb para \u00abHOJA DEL LUNES\u00bb 21-09-1964:<\/strong><\/p>\n<p style=\"text-align: justify\">\u00abManuel Lorente,\u00a0 el servicial compa\u00f1ero de \u00abPueblo\u00bb en Sevilla,\u00a0 fue quien abord\u00f3 al preparador b\u00e9tico y \u00e9l nos informa.<\/p>\n<p style=\"text-align: left\">&#8211;Hon se hallaba muy contento por el triunfo obtenido,\u00a0 \u00a1\u00a1Era para estarlo\u00a1\u00a1&#8230; Y se\u00f1al\u00f3:<\/p>\n<p style=\"text-align: justify\">&#8211;El partido en realidad,\u00a0 ha sido uno m\u00e1s de los muchos buenos que ha jugado el Real Betis Balompi\u00e9 por ah\u00ed.<\/p>\n<p style=\"text-align: left\">Prosiguiendo despu\u00e9s:<\/p>\n<p style=\"text-align: justify\">&#8211;Adem\u00e1s,\u00a0 estoy contento porque se ha jugado aqu\u00ed,\u00a0 en Sevilla,\u00a0 ante la afici\u00f3n y&#8230; ante nuestros fuertes detractores.\u00a0 Antes los que nos auguraron el descenso a Segunda Divisi\u00f3n. <em><strong>[ojo al dato much\u00edsima similitud actualmente]<\/strong><\/em><\/p>\n<p style=\"text-align: left\">Despu\u00e9s habl\u00f3 del Coru\u00f1a y se\u00f1al\u00f3:<\/p>\n<p style=\"text-align: justify\">&#8211;El deportivo de la Coru\u00f1a,\u00a0 t\u00e9cnicamente,\u00a0 es muy bueno.\u00a0 Si bien hoy se ha visto favorecido por la colaboraci\u00f3n que tuvo en los palos,\u00a0 que restaron una mayor victoria para nuestros colores.<\/p>\n<p style=\"text-align: left\">Preguntado sobre qui\u00e9nes del equipo gallego le hab\u00edan gustado m\u00e1s,\u00a0 respondi\u00f3,\u00a0 sin m\u00e1s ni m\u00e1s:<\/p>\n<p style=\"text-align: left\">&#8211;Loureda y Veloso.<\/p>\n<p style=\"text-align: left\">Lorente recalc\u00f3 un poco escamado:<\/p>\n<p style=\"text-align: left\">&#8211;\u00bfLos dos\u00a0 lesionados? Hon le respondi\u00f3:<\/p>\n<p style=\"text-align: left\">&#8211;S\u00ed.\u00a0 precisamente ellos,\u00a0 porque,\u00a0 lesionados aguantaron hasta el final.<\/p>\n<p style=\"text-align: left\">\u00a1\u00a1Y no dijo m\u00e1s\u00a1\u00a1&#8230; \u00a1\u00a1Para qu\u00e9\u00a1\u00a1&#8230; BORBUJO\u00bb.<\/p>\n<figure id=\"attachment_37719\" aria-describedby=\"caption-attachment-37719\" style=\"width: 400px\" class=\"wp-caption aligncenter\"><a href=\"https:\/\/www.manquepierda.com\/historiarealbetis\/37714-1964-septiembre-20-primera-division-real-betis-balompie-4-rcd-coruna-0-50-aniversario\/alineacion-betis-deportivo-liga-1964-2\/\" rel=\"attachment wp-att-37719\"><img data-recalc-dims=\"1\" loading=\"lazy\" decoding=\"async\" class=\"size-full wp-image-37719\" src=\"https:\/\/i0.wp.com\/www.manquepierda.com\/historiarealbetis\/files\/2014\/09\/Alineaci%C3%B3n-Betis-Deportivo-Liga-1964.jpg?resize=400%2C261&#038;ssl=1\" alt=\"MMMM\" width=\"400\" height=\"261\" srcset=\"https:\/\/i0.wp.com\/www.manquepierda.com\/historiarealbetis\/files\/2014\/09\/Alineaci%C3%B3n-Betis-Deportivo-Liga-1964.jpg?w=400&amp;ssl=1 400w, https:\/\/i0.wp.com\/www.manquepierda.com\/historiarealbetis\/files\/2014\/09\/Alineaci%C3%B3n-Betis-Deportivo-Liga-1964.jpg?resize=220%2C143&amp;ssl=1 220w\" sizes=\"auto, (max-width: 400px) 100vw, 400px\" \/><\/a><figcaption id=\"caption-attachment-37719\" class=\"wp-caption-text\"><strong>ESCUADRA DEL REAL BETIS BALOMPI\u00c9 PRESENTADA POR LOUIS HON ANTON\u00cdN EN LA SEGUNDA JORNADA-LIGA PRIMERA DIVISI\u00d3N-TEMPORADA 1964-1965.<\/strong><\/figcaption><\/figure>\n<p style=\"text-align: center\"><strong>GUARDAMETA:<\/strong><\/p>\n<figure id=\"attachment_37720\" aria-describedby=\"caption-attachment-37720\" style=\"width: 143px\" class=\"wp-caption aligncenter\"><a href=\"https:\/\/www.manquepierda.com\/historiarealbetis\/37714-1964-septiembre-20-primera-division-real-betis-balompie-4-rcd-coruna-0-50-aniversario\/pepin-9\/\" rel=\"attachment wp-att-37720\"><img data-recalc-dims=\"1\" loading=\"lazy\" decoding=\"async\" class=\"size-thumbnail wp-image-37720\" src=\"https:\/\/i0.wp.com\/www.manquepierda.com\/historiarealbetis\/files\/2014\/09\/PEP%C3%8DN.jpg?resize=143%2C220&#038;ssl=1\" alt=\"MMM\" width=\"143\" height=\"220\" srcset=\"https:\/\/i0.wp.com\/www.manquepierda.com\/historiarealbetis\/files\/2014\/09\/PEP%C3%8DN.jpg?resize=143%2C220&amp;ssl=1 143w, https:\/\/i0.wp.com\/www.manquepierda.com\/historiarealbetis\/files\/2014\/09\/PEP%C3%8DN.jpg?w=206&amp;ssl=1 206w\" sizes=\"auto, (max-width: 143px) 100vw, 143px\" \/><\/a><figcaption id=\"caption-attachment-37720\" class=\"wp-caption-text\"><strong>Jos\u00e9 Casas Gris (a) \u00abPEP\u00cdN\u00bb.-IMBATIDA SU PORTER\u00cdA.<\/strong><\/figcaption><\/figure>\n<p style=\"text-align: justify\">\u00abPuso en juego el bal\u00f3n el Betis Balompi\u00e9 y el Deportivo Coru\u00f1a se lanza a la ofensiva con una peligrosa internada de Loureda,\u00a0 que remata,\u00a0 y PEP\u00cdN hace una gran parada\u00bb.<\/p>\n<p style=\"text-align: justify\">11 minutos.-Dispara Lamelo,\u00a0 no bloca PEP\u00cdN, y GRAU resuelve la situaci\u00f3n.<\/p>\n<p style=\"text-align: justify\">42 minutos.-Jugada de Montalvo y tiro flojo de Loureda sin consecuencias\u00bb.<\/p>\n<p style=\"text-align: justify\">49 minutos.-Lamelo despu\u00e9s de 2 regates precisos,\u00a0 chuta,\u00a0 y PEP\u00cdN bloca sin apuros.<\/p>\n<p style=\"text-align: justify\">68 minutos.-Tira Lamelo y para PEP\u00cdN\u00bb.<\/p>\n<p style=\"text-align: justify\">84 minutos.-No cede el Coru\u00f1a.-Saca una\u00a0 falta Mu\u00f1oz sobre Aurre,\u00a0 que lanza un gran tiro,\u00a0 y PEP\u00cdN env\u00eda el esf\u00e9rico a c\u00f3rner,\u00a0 el primero contra el Betis Balompi\u00e9,\u00a0 lanzado sin consecuencias.<\/p>\n<p style=\"text-align: justify\">85 minutos.-En jugada de Jaime Blanco,\u00a0 PEP\u00cdN arrebata el cuero a Veloso.<\/p>\n<p style=\"text-align: center\"><strong>ZAGUEROS:<\/strong><\/p>\n<p style=\"text-align: center\"><strong>2.-Francisco GRAU Pla.<\/strong><\/p>\n<p style=\"text-align: center\"><strong>5.-Eusebio R\u00cdOS Fern\u00e1ndez.<\/strong><\/p>\n<p style=\"text-align: center\"><strong>3.-Francisco Faleato Ochoantesana (a) \u00abPAQUITO\u00bb.<\/strong><\/p>\n<p style=\"text-align: center\"><strong>MEDIOS:<\/strong><\/p>\n<p style=\"text-align: center\"><strong>4.-Jos\u00e9 L\u00d3PEZ Hidalgo.<\/strong><\/p>\n<p style=\"text-align: center\"><strong>6.-Andr\u00e9s BOSCH Pujol.<\/strong><\/p>\n<p style=\"text-align: center\"><strong>DELANTEROS:<\/strong><\/p>\n<figure id=\"attachment_37721\" aria-describedby=\"caption-attachment-37721\" style=\"width: 126px\" class=\"wp-caption aligncenter\"><a href=\"https:\/\/www.manquepierda.com\/historiarealbetis\/37714-1964-septiembre-20-primera-division-real-betis-balompie-4-rcd-coruna-0-50-aniversario\/josebrevalcala-126x220\/\" rel=\"attachment wp-att-37721\"><img data-recalc-dims=\"1\" loading=\"lazy\" decoding=\"async\" class=\"size-full wp-image-37721\" src=\"https:\/\/i0.wp.com\/www.manquepierda.com\/historiarealbetis\/files\/2014\/09\/Jos%C3%A9BREVALcala-126x220.jpg?resize=126%2C220&#038;ssl=1\" alt=\"mmm\" width=\"126\" height=\"220\" \/><\/a><figcaption id=\"caption-attachment-37721\" class=\"wp-caption-text\"><strong>7.-Jos\u00e9 BREVAL Cala.<\/strong><\/figcaption><\/figure>\n<p style=\"text-align: justify\"><strong>1-0.-09 minutos:\u00a0 \u00abSe produce en una falta sacada por R\u00edos.\u00a0 Saltan Benegas y Ansola,\u00a0 y el bal\u00f3n llega hasta el \u00ab7\u00bb verdiblanco,\u00a0 que le cabecea sobre el \u00e1ngulo derecho y el meta coru\u00f1\u00e9s se contenta con entrar el cuero\u00bb.<\/strong><\/p>\n<p style=\"text-align: justify\">\u00abA los 28 minutos dispara Jos\u00e9 a puerta vac\u00eda,\u00a0 y la pelota da en el poste izquierdo,\u00a0 Benegas se arroja al suelo y se da un golpe en la nariz\u00bb.<\/p>\n<p style=\"text-align: center\"><strong>8.-Antonio PALLAR\u00c9S Huertas.<\/strong><\/p>\n<p style=\"text-align: center\">\u00abSe fuerza el primer c\u00f3rner contra el Coru\u00f1a,\u00a0 y el \u00ab8\u00bb b\u00e9tico cabecea fuera por poco\u00bb.<\/p>\n<p style=\"text-align: justify\">\u00abComienza a imponerse el Betis,\u00a0 y a los 25 minutos,\u00a0 jugada PALLAR\u00c9S-BREVAL,\u00a0 que centra,\u00a0 tira FRASCO,\u00a0 y Aurre,\u00a0 en la l\u00ednea,\u00a0 con Benegas batido,\u00a0 aleja el esf\u00e9rico\u00bb.<\/p>\n<p style=\"text-align: justify\"><strong>\u00ab<\/strong>Contin\u00faa la madera actuando de jugador coru\u00f1\u00e9s en una falta sacada por Eusebio R\u00edos,\u00a0 y,\u00a0 a bal\u00f3n rematado por Antonio, el esf\u00e9rico da en el travesa\u00f1o\u00bb.<\/p>\n<p style=\"text-align: center\"><strong>*69 minutos,\u00a0 Lloris Antonino le anula un gol por \u00aboff-side\u00bb de Ansola*<\/strong><\/p>\n<figure id=\"attachment_37722\" aria-describedby=\"caption-attachment-37722\" style=\"width: 170px\" class=\"wp-caption aligncenter\"><a href=\"https:\/\/www.manquepierda.com\/historiarealbetis\/37714-1964-septiembre-20-primera-division-real-betis-balompie-4-rcd-coruna-0-50-aniversario\/1964-ansola-carranza-11\/\" rel=\"attachment wp-att-37722\"><img data-recalc-dims=\"1\" loading=\"lazy\" decoding=\"async\" class=\"size-thumbnail wp-image-37722\" src=\"https:\/\/i0.wp.com\/www.manquepierda.com\/historiarealbetis\/files\/2014\/09\/1964-Ansola-Carranza.jpg?resize=170%2C220&#038;ssl=1\" alt=\"mmm\" width=\"170\" height=\"220\" srcset=\"https:\/\/i0.wp.com\/www.manquepierda.com\/historiarealbetis\/files\/2014\/09\/1964-Ansola-Carranza.jpg?resize=170%2C220&amp;ssl=1 170w, https:\/\/i0.wp.com\/www.manquepierda.com\/historiarealbetis\/files\/2014\/09\/1964-Ansola-Carranza.jpg?w=208&amp;ssl=1 208w\" sizes=\"auto, (max-width: 170px) 100vw, 170px\" \/><\/a><figcaption id=\"caption-attachment-37722\" class=\"wp-caption-text\"><strong>9.-Centro Delantero-Ariete-Fernando ANSOLA Sanmart\u00edn.<\/strong><\/figcaption><\/figure>\n<p style=\"text-align: center\"><strong>\u00abTras el descanso reglamentario se inicia con presi\u00f3n b\u00e9tica\u00bb.<\/strong><\/p>\n<p style=\"text-align: justify\"><strong>2-0.-48 minutos:\u00a0 \u00abEusebio R\u00edos saca un castigo,\u00a0 por fuera de juego de Lamelo,\u00a0 y\u00a0 Fernando desv\u00eda el esf\u00e9rico por encima de Benegas al fondo del marco,\u00a0 que pone el partido en franquicia.-Los verdiblancos-ya serenados-jugando sobre el patr\u00f3n del 4-2-4 con gran elasticidad,\u00a0 dominan\u00bb.<\/strong><\/p>\n<p style=\"text-align: justify\"><strong>3-0.-83 minutos-acogido con clamor:\u00a0 \u00abEn plena ofensiva b\u00e9tica,\u00a0 ROGELIO lanza un ch\u00fa archisuperi\u00f3.\u00a0 El bal\u00f3n da en la madera,\u00a0 y el centro delantero lo env\u00eda al fondo de las mallas coru\u00f1esas\u00bb.<\/strong><\/p>\n<figure id=\"attachment_37724\" aria-describedby=\"caption-attachment-37724\" style=\"width: 168px\" class=\"wp-caption aligncenter\"><a href=\"https:\/\/www.manquepierda.com\/historiarealbetis\/37714-1964-septiembre-20-primera-division-real-betis-balompie-4-rcd-coruna-0-50-aniversario\/frasco-francisco-ortiz-vazquez-8\/\" rel=\"attachment wp-att-37724\"><img data-recalc-dims=\"1\" loading=\"lazy\" decoding=\"async\" class=\"size-thumbnail wp-image-37724\" src=\"https:\/\/i0.wp.com\/www.manquepierda.com\/historiarealbetis\/files\/2014\/09\/FRASCO-Francisco-Ort%C3%ADz-V%C3%A1zquez.jpg?resize=168%2C220&#038;ssl=1\" alt=\"mmm\" width=\"168\" height=\"220\" srcset=\"https:\/\/i0.wp.com\/www.manquepierda.com\/historiarealbetis\/files\/2014\/09\/FRASCO-Francisco-Ort%C3%ADz-V%C3%A1zquez.jpg?resize=168%2C220&amp;ssl=1 168w, https:\/\/i0.wp.com\/www.manquepierda.com\/historiarealbetis\/files\/2014\/09\/FRASCO-Francisco-Ort%C3%ADz-V%C3%A1zquez.jpg?w=412&amp;ssl=1 412w\" sizes=\"auto, (max-width: 168px) 100vw, 168px\" \/><\/a><figcaption id=\"caption-attachment-37724\" class=\"wp-caption-text\"><strong>10.-Francisco Ort\u00edz V\u00e1zquez (a) \u00abFRASCO\u00bb,<\/strong><\/figcaption><\/figure>\n<p style=\"text-align: justify\"><strong>4-0.-89 minutos:\u00a0 \u00abROGELIO da un pase medido al \u00aa10\u00bb verdiblanco,\u00a0 que despu\u00e9s de un regate perfecto,\u00a0 chut\u00f3 y logr\u00f3 el \u00faltimo gol de la tarde-noche.<\/strong><\/p>\n<p style=\"text-align: justify\"><strong>\u00abLos aficionados b\u00e9ticos est\u00e1n muy entusiasmados con el juego de su equipo y aplaude con fervor cuando Vicente Lloris Antonino se\u00f1ala el final del encuentro.<\/strong><\/p>\n<p style=\"text-align: justify\"><strong>En verdad que fue buena la actuaci\u00f3n del Real Betis Balompi\u00e9 en el segundo tiempo.-(IGARFE-Hoja del Lunes 21-Septiembre-1964).<\/strong><\/p>\n<p style=\"text-align: center\"><strong>11.-ROGELIO Sosa Ram\u00edrez.<\/strong><\/p>\n<p style=\"text-align: justify\"><strong>\u00ab75 minutos.-Falta de \u00abManolete\u00bb a ANSOLA,\u00a0 lanzada por el \u00abmaestro de la zurda de oro\u00bb con potencia y parando muy bien Benegas\u00bb.<\/strong><\/p>\n<p style=\"text-align: center\"><strong>VS.<\/strong><\/p>\n<figure id=\"attachment_37717\" aria-describedby=\"caption-attachment-37717\" style=\"width: 188px\" class=\"wp-caption aligncenter\"><a href=\"https:\/\/www.manquepierda.com\/historiarealbetis\/37714-1964-septiembre-20-primera-division-real-betis-balompie-4-rcd-coruna-0-50-aniversario\/rcd-coruna1962\/\" rel=\"attachment wp-att-37717\"><img data-recalc-dims=\"1\" loading=\"lazy\" decoding=\"async\" class=\"size-thumbnail wp-image-37717\" src=\"https:\/\/i0.wp.com\/www.manquepierda.com\/historiarealbetis\/files\/2014\/09\/RCD-Coru%C3%B1a1962.jpeg?resize=188%2C220&#038;ssl=1\" alt=\"MMM\" width=\"188\" height=\"220\" srcset=\"https:\/\/i0.wp.com\/www.manquepierda.com\/historiarealbetis\/files\/2014\/09\/RCD-Coru%C3%B1a1962.jpeg?resize=188%2C220&amp;ssl=1 188w, https:\/\/i0.wp.com\/www.manquepierda.com\/historiarealbetis\/files\/2014\/09\/RCD-Coru%C3%B1a1962.jpeg?w=208&amp;ssl=1 208w\" sizes=\"auto, (max-width: 188px) 100vw, 188px\" \/><\/a><figcaption id=\"caption-attachment-37717\" class=\"wp-caption-text\">REAL CLUB DEPORTIVO DE LA CORU\u00d1A-0 TANTOS.<\/figcaption><\/figure>\n<p style=\"text-align: center\"><strong>13\u00ba clasificado con 0 puntos y 2 negativos (0G-0E-2P).-0-6 Tantos Favor-Contra.<\/strong><\/p>\n<figure id=\"attachment_37725\" aria-describedby=\"caption-attachment-37725\" style=\"width: 45px\" class=\"wp-caption aligncenter\"><a href=\"https:\/\/www.manquepierda.com\/historiarealbetis\/37714-1964-septiembre-20-primera-division-real-betis-balompie-4-rcd-coruna-0-50-aniversario\/vazquez-rcd-coruna-1964-1965\/\" rel=\"attachment wp-att-37725\"><img data-recalc-dims=\"1\" loading=\"lazy\" decoding=\"async\" class=\"size-full wp-image-37725\" src=\"https:\/\/i0.wp.com\/www.manquepierda.com\/historiarealbetis\/files\/2014\/09\/vazquez-RCD-Coru%C3%B1a-1964-1965.jpg?resize=45%2C45&#038;ssl=1\" alt=\"mmm\" width=\"45\" height=\"45\" \/><\/a><figcaption id=\"caption-attachment-37725\" class=\"wp-caption-text\">Don Lu\u00eds Jos\u00e9 V\u00e1zquez Pena N\u00fa\u00f1ez.<\/figcaption><\/figure>\n<p style=\"text-align: center\">37\u00ba Presidente (lunes 24-08-1964 \u00e1 domingo 25-04-1965).<\/p>\n<figure id=\"attachment_37726\" aria-describedby=\"caption-attachment-37726\" style=\"width: 127px\" class=\"wp-caption alignleft\"><a href=\"https:\/\/www.manquepierda.com\/historiarealbetis\/37714-1964-septiembre-20-primera-division-real-betis-balompie-4-rcd-coruna-0-50-aniversario\/juanito-ochoa-rcd-coruna-1964-1965\/\" rel=\"attachment wp-att-37726\"><img data-recalc-dims=\"1\" loading=\"lazy\" decoding=\"async\" class=\"size-thumbnail wp-image-37726\" src=\"https:\/\/i0.wp.com\/www.manquepierda.com\/historiarealbetis\/files\/2014\/09\/Juanito-Ochoa-RCD-Coru%C3%B1a-1964-1965.jpg?resize=127%2C220&#038;ssl=1\" alt=\"mmmm\" width=\"127\" height=\"220\" srcset=\"https:\/\/i0.wp.com\/www.manquepierda.com\/historiarealbetis\/files\/2014\/09\/Juanito-Ochoa-RCD-Coru%C3%B1a-1964-1965.jpg?resize=127%2C220&amp;ssl=1 127w, https:\/\/i0.wp.com\/www.manquepierda.com\/historiarealbetis\/files\/2014\/09\/Juanito-Ochoa-RCD-Coru%C3%B1a-1964-1965.jpg?w=305&amp;ssl=1 305w\" sizes=\"auto, (max-width: 127px) 100vw, 127px\" \/><\/a><figcaption id=\"caption-attachment-37726\" class=\"wp-caption-text\">JUAN OTXOANTESANA MILIKUA 51 a\u00f1os+11 meses menos 5 d\u00edas.<\/figcaption><\/figure>\n<p style=\"text-align: justify\">ENTRENADOR DEL REAL CLUB DEPORTIVO DE LA CORU\u00d1A-TEMPORADA 1964-1965.-<strong>Entrevistado por \u00abBORBUJO\u00bb-\u00abHOJA DEL LUNES\u00bb-SEVILLA 21 DE SEPTIEMBRE DE 1964.<\/strong><\/p>\n<p style=\"text-align: justify\">\u00abJuanito Ochoa volvi\u00f3,\u00a0 una vez m\u00e1s,\u00a0 a dejar constancia de su amabilidad.\u00a0 Tan pronto le requerimos los informadores,\u00a0 el m\u00edster coru\u00f1\u00e9s hizo acto de presencia con la sonrisa a flor de labios y dispuesto al di\u00e1logo.\u00a0 Y el mismo empez\u00f3 a simplificar nuestra misi\u00f3n:<\/p>\n<p style=\"text-align: justify\"><strong>&#8211;No hay nada que objetar al triunfo del Real Betis Balompi\u00e9.\u00a0 Francamente he visto en ese equipo a un conjunto estupendo,\u00a0 que puede dar mucho que hablar tambi\u00e9n esta temporada.\u00a0 Con fuerza,\u00a0 juventud y juego bien concebido y desarrollado.\u00a0 Su triunfo ha sido completo y total.<\/strong><\/p>\n<p style=\"text-align: left\">Y dirigi\u00e9ndose al firmante, confirm\u00f3:<\/p>\n<p style=\"text-align: justify\"><strong>&#8211;Llevabas raz\u00f3n.\u00a0 Esa defensa b\u00e9tica es magn\u00edfica.\u00a0 R\u00edos,\u00a0 muy bueno&#8230; y,\u00a0 \u00bfqu\u00e9 me dices de \u00abPaquito\u00bb?\u00a0 Por cierto,\u00a0 que ese \u00abPaquito\u00bb resulta ahora que es casi pariente m\u00edo&#8230;<\/strong><\/p>\n<p style=\"text-align: left\">Un compa\u00f1ero le pregunta cu\u00e1les fueron las causas fundamentales de la derrota coru\u00f1esa:<\/p>\n<p style=\"text-align: justify\"><strong>&#8211;En cierto modo,\u00a0 el calor nos ha perjudicado.\u00a0 Pero no durante el partido,\u00a0 sino en los dos d\u00edas que llevamos en Sevilla.\u00a0 No estamos acostumbrados a \u00e9l.\u00a0 Todos llevamos dos noches sin poder conciliar el sue\u00f1o como es debido,\u00a0 y,\u00a0 por lo tanto,\u00a0 no hemos descansado bien.\u00a0 Por otro lado,\u00a0 las lesiones de nuestro extremo derecha y del delantero centro tambi\u00e9n han influido.\u00a0 Pero,\u00a0 a\u00fan as\u00ed,\u00a0 hay que reconocer con lealtad que el triunfo b\u00e9tico ha sido plenamente merecido.<\/strong><\/p>\n<p style=\"text-align: center\">Ochoa es un caballero y,\u00a0 por contera,\u00a0 un deportista de cuerpo entero,\u00a0 que sabe inclinarse ante la realidad\u00bb.<\/p>\n<figure id=\"attachment_37723\" aria-describedby=\"caption-attachment-37723\" style=\"width: 96px\" class=\"wp-caption aligncenter\"><a href=\"https:\/\/www.manquepierda.com\/historiarealbetis\/37714-1964-septiembre-20-primera-division-real-betis-balompie-4-rcd-coruna-0-50-aniversario\/benegas-rcd-coruna\/\" rel=\"attachment wp-att-37723\"><img data-recalc-dims=\"1\" loading=\"lazy\" decoding=\"async\" class=\"size-full wp-image-37723\" src=\"https:\/\/i0.wp.com\/www.manquepierda.com\/historiarealbetis\/files\/2014\/09\/Benegas-RCD-Coru%C3%B1a.jpg?resize=96%2C134&#038;ssl=1\" alt=\"mmm\" width=\"96\" height=\"134\" \/><\/a><figcaption id=\"caption-attachment-37723\" class=\"wp-caption-text\">1.-PORTERO Juan Mar\u00eda BENEGAS S\u00e1nchez-Aguirre: <strong>4 Tantos encajados.<\/strong><\/figcaption><\/figure>\n<p style=\"text-align: center\">DEFENSAS:<\/p>\n<p style=\"text-align: center\">2.-CARLOS Santamarina Santamar\u00eda.<\/p>\n<p style=\"text-align: center\">5.-Manuel R\u00edos Quintanilla (a) \u00abMANOLETE\u00bb.<\/p>\n<p style=\"text-align: center\">3.-Jos\u00e9 Carlos LARI\u00d1O Fern\u00e1ndez.<\/p>\n<p style=\"text-align: center\">MEDIOS:<\/p>\n<p style=\"text-align: center\">4.-Lu\u00eds MU\u00d1OZ Grau,<\/p>\n<p style=\"text-align: center\">6.-V\u00edctor AURRE Garc\u00eda.<\/p>\n<p style=\"text-align: center\">DELANTEROS:<\/p>\n<p style=\"text-align: center\">7.-Manuel LOUREDA Calvete (\u00ab57 minutos.-al intentar alcanzar un bal\u00f3n,\u00a0 sufre un tir\u00f3n en el muslo izquierdo\u00bb).<\/p>\n<p style=\"text-align: center\">8.-Jaime BLANCO N\u00fa\u00f1ez <strong>(RBB-Temporada 1967-1968).<\/strong><\/p>\n<p style=\"text-align: center\">9.-Jos\u00e9 Lu\u00eds Fidalgo VELOSO (\u00ab60 minutos.-Choca con Eusebio R\u00edos,\u00a0 y es retirando en camilla.-Reaparece a los 71\u00bb).<\/p>\n<p style=\"text-align: center\">10.-Jos\u00e9 Ram\u00f3n LAMELO P\u00e9rez.<\/p>\n<p style=\"text-align: center\">11.-\u00d3scar MONTALVO Finetti.<\/p>\n<figure id=\"attachment_37727\" aria-describedby=\"caption-attachment-37727\" style=\"width: 466px\" class=\"wp-caption aligncenter\"><a href=\"https:\/\/www.manquepierda.com\/historiarealbetis\/37714-1964-septiembre-20-primera-division-real-betis-balompie-4-rcd-coruna-0-50-aniversario\/1964-1965-cg2jda\/\" rel=\"attachment wp-att-37727\"><img data-recalc-dims=\"1\" loading=\"lazy\" decoding=\"async\" class=\"size-medium wp-image-37727\" src=\"https:\/\/i0.wp.com\/www.manquepierda.com\/historiarealbetis\/files\/2014\/09\/1964-1965-CG2Jda.jpg?resize=466%2C600&#038;ssl=1\" alt=\"mmm\" width=\"466\" height=\"600\" srcset=\"https:\/\/i0.wp.com\/www.manquepierda.com\/historiarealbetis\/files\/2014\/09\/1964-1965-CG2Jda.jpg?resize=466%2C600&amp;ssl=1 466w, https:\/\/i0.wp.com\/www.manquepierda.com\/historiarealbetis\/files\/2014\/09\/1964-1965-CG2Jda.jpg?resize=170%2C220&amp;ssl=1 170w, https:\/\/i0.wp.com\/www.manquepierda.com\/historiarealbetis\/files\/2014\/09\/1964-1965-CG2Jda.jpg?resize=543%2C700&amp;ssl=1 543w, https:\/\/i0.wp.com\/www.manquepierda.com\/historiarealbetis\/files\/2014\/09\/1964-1965-CG2Jda.jpg?w=693&amp;ssl=1 693w\" sizes=\"auto, (max-width: 466px) 100vw, 466px\" \/><\/a><figcaption id=\"caption-attachment-37727\" class=\"wp-caption-text\">CLASIFICACI\u00d3N GENERAL POR EQUIPOS DESPU\u00c9S DE LA SEGUNDA JORNADA LIGA PRIMERA DIVISI\u00d3N 1964-1965.-\u00abHOJA DEL LUNES 21-09-1964\u00bb.<\/figcaption><\/figure>\n<p style=\"text-align: center\"><img data-recalc-dims=\"1\" loading=\"lazy\" decoding=\"async\" class=\"aligncenter size-full wp-image-50822\" src=\"https:\/\/i0.wp.com\/www.manquepierda.com\/historiarealbetis\/files\/2014\/09\/ABC-SE-19640920.jpg?resize=696%2C1146&#038;ssl=1\" alt=\"ABC-SE-19640920\" width=\"696\" height=\"1146\" srcset=\"https:\/\/i0.wp.com\/www.manquepierda.com\/historiarealbetis\/files\/2014\/09\/ABC-SE-19640920.jpg?w=696&amp;ssl=1 696w, https:\/\/i0.wp.com\/www.manquepierda.com\/historiarealbetis\/files\/2014\/09\/ABC-SE-19640920.jpg?resize=134%2C220&amp;ssl=1 134w, https:\/\/i0.wp.com\/www.manquepierda.com\/historiarealbetis\/files\/2014\/09\/ABC-SE-19640920.jpg?resize=364%2C600&amp;ssl=1 364w, https:\/\/i0.wp.com\/www.manquepierda.com\/historiarealbetis\/files\/2014\/09\/ABC-SE-19640920.jpg?resize=425%2C700&amp;ssl=1 425w\" sizes=\"auto, (max-width: 696px) 100vw, 696px\" \/><\/p>\n","protected":false},"excerpt":{"rendered":"<p>XXXIV EDICI\u00d3N-CAMPEONATO NACIONAL LIGA PRIMERA DIVISI\u00d3N TEMPORADA 1964-1965 DESDE DOMINGO 13 DE SEPTIEMBRE DE 1964 HASTA DOMINGO 18 DE ABRIL DE 1965-AMBAS FECHAS INCLUSIVE. 1964-SEPTIEMBRE 20-DOMINGO EN \u00abHELI\u00d3POLIS\u00bb (\u00abCiudad del Sol\u00bb) 18&#8217;30 HORAS-PRIMER PARTIDO DE ABONO-ESTADIO \u00abBENITO VILLAMAR\u00cdN\u00bb-CLAVE MARCADOR SIMULT\u00c1NEO \u00abDARDO\u00bb: \u00abCamisas Felpa EL B\u00daFALO\u00bb. Arbitr\u00f3 el colegiado Antonio LLORIS ANTONINO (43 a\u00f1os)-Natural de Valencia-1921&#8230;.<\/p>\n","protected":false},"author":48,"featured_media":37715,"comment_status":"open","ping_status":"open","sticky":false,"template":"","format":"standard","meta":{"_kad_post_transparent":"","_kad_post_title":"","_kad_post_layout":"","_kad_post_sidebar_id":"","_kad_post_content_style":"","_kad_post_vertical_padding":"","_kad_post_feature":"","_kad_post_feature_position":"","_kad_post_header":false,"_kad_post_footer":false,"_kad_post_classname":"","_jetpack_memberships_contains_paid_content":false,"footnotes":"","jetpack_publicize_message":"","jetpack_publicize_feature_enabled":true,"jetpack_social_post_already_shared":true,"jetpack_social_options":{"image_generator_settings":{"template":"highway","default_image_id":0,"font":"","enabled":false},"version":2}},"categories":[902,1],"tags":[4033,2900,17903,16882],"class_list":["post-37714","post","type-post","status-publish","format-standard","has-post-thumbnail","hentry","category-1960-1969","category-portada","tag-4033","tag-1964-65","tag-liga-primera-1964-65","tag-real-club-deportivo-la-coruna"],"jetpack_publicize_connections":[],"jetpack_featured_media_url":"https:\/\/i0.wp.com\/www.manquepierda.com\/historiarealbetis\/files\/2014\/09\/Estadio-Benito-Villamar%C3%ADn-01.jpg?fit=300%2C200&ssl=1","jetpack_sharing_enabled":true,"jetpack_shortlink":"https:\/\/wp.me\/p1ij08-9Oi","jetpack-related-posts":[],"_links":{"self":[{"href":"https:\/\/www.manquepierda.com\/historiarealbetis\/wp-json\/wp\/v2\/posts\/37714","targetHints":{"allow":["GET"]}}],"collection":[{"href":"https:\/\/www.manquepierda.com\/historiarealbetis\/wp-json\/wp\/v2\/posts"}],"about":[{"href":"https:\/\/www.manquepierda.com\/historiarealbetis\/wp-json\/wp\/v2\/types\/post"}],"author":[{"embeddable":true,"href":"https:\/\/www.manquepierda.com\/historiarealbetis\/wp-json\/wp\/v2\/users\/48"}],"replies":[{"embeddable":true,"href":"https:\/\/www.manquepierda.com\/historiarealbetis\/wp-json\/wp\/v2\/comments?post=37714"}],"version-history":[{"count":1,"href":"https:\/\/www.manquepierda.com\/historiarealbetis\/wp-json\/wp\/v2\/posts\/37714\/revisions"}],"predecessor-version":[{"id":97036,"href":"https:\/\/www.manquepierda.com\/historiarealbetis\/wp-json\/wp\/v2\/posts\/37714\/revisions\/97036"}],"wp:featuredmedia":[{"embeddable":true,"href":"https:\/\/www.manquepierda.com\/historiarealbetis\/wp-json\/wp\/v2\/media\/37715"}],"wp:attachment":[{"href":"https:\/\/www.manquepierda.com\/historiarealbetis\/wp-json\/wp\/v2\/media?parent=37714"}],"wp:term":[{"taxonomy":"category","embeddable":true,"href":"https:\/\/www.manquepierda.com\/historiarealbetis\/wp-json\/wp\/v2\/categories?post=37714"},{"taxonomy":"post_tag","embeddable":true,"href":"https:\/\/www.manquepierda.com\/historiarealbetis\/wp-json\/wp\/v2\/tags?post=37714"}],"curies":[{"name":"wp","href":"https:\/\/api.w.org\/{rel}","templated":true}]}}