{"id":37757,"date":"2014-09-22T16:58:28","date_gmt":"2014-09-22T14:58:28","guid":{"rendered":"http:\/\/www.manquepierda.com\/historiarealbetis\/?p=37757"},"modified":"2024-08-23T18:08:41","modified_gmt":"2024-08-23T16:08:41","slug":"1946-septiembre-22-segunda-division-real-betis-balompie-6-cd-mallorca-0-68oaniversario","status":"publish","type":"post","link":"https:\/\/www.manquepierda.com\/historiarealbetis\/1946-septiembre-22-segunda-division-real-betis-balompie-6-cd-mallorca-0-68oaniversario\/","title":{"rendered":"1946-Septiembre 22-Segunda Divisi\u00f3n: Real Betis Balompi\u00e9-6 CD Mallorca-0.-68\u00baAniversario."},"content":{"rendered":"<figure id=\"attachment_37758\" aria-describedby=\"caption-attachment-37758\" style=\"width: 680px\" class=\"wp-caption aligncenter\"><a href=\"https:\/\/www.manquepierda.com\/historiarealbetis\/37757-1946-septiembre-22-segunda-division-real-betis-balompie-6-cd-mallorca-0-68oaniversario\/heliopolis19401958-10\/\" rel=\"attachment wp-att-37758\"><img data-recalc-dims=\"1\" loading=\"lazy\" decoding=\"async\" class=\"size-medium wp-image-37758\" src=\"https:\/\/i0.wp.com\/www.manquepierda.com\/historiarealbetis\/files\/2014\/09\/Heli%C3%B3polis194019582.jpg?resize=680%2C435&#038;ssl=1\" alt=\"mmmm\" width=\"680\" height=\"435\" srcset=\"https:\/\/i0.wp.com\/www.manquepierda.com\/historiarealbetis\/files\/2014\/09\/Heli%C3%B3polis194019582.jpg?resize=680%2C435&amp;ssl=1 680w, https:\/\/i0.wp.com\/www.manquepierda.com\/historiarealbetis\/files\/2014\/09\/Heli%C3%B3polis194019582.jpg?resize=220%2C140&amp;ssl=1 220w, https:\/\/i0.wp.com\/www.manquepierda.com\/historiarealbetis\/files\/2014\/09\/Heli%C3%B3polis194019582.jpg?resize=960%2C614&amp;ssl=1 960w\" sizes=\"auto, (max-width: 680px) 100vw, 680px\" \/><\/a><figcaption id=\"caption-attachment-37758\" class=\"wp-caption-text\"><strong>1946-SEPTIEMBRE 22-DOMINGO-ESTADIO MUNICIPAL HELI\u00d3POLIS-\u00abCIUDAD DEL SOL\u00bb-PRIMERA JORNADA CAMPEONATO NACIONAL LIGA SEGUNDA DIVISI\u00d3N-TEMPORADA 1946-1947.-LXVIII ANIVERSARIO.<\/strong><\/figcaption><\/figure>\n<figure id=\"attachment_37759\" aria-describedby=\"caption-attachment-37759\" style=\"width: 146px\" class=\"wp-caption aligncenter\"><a href=\"https:\/\/www.manquepierda.com\/historiarealbetis\/37757-1946-septiembre-22-segunda-division-real-betis-balompie-6-cd-mallorca-0-68oaniversario\/rafael-tamarit-arbitro\/\" rel=\"attachment wp-att-37759\"><img data-recalc-dims=\"1\" loading=\"lazy\" decoding=\"async\" class=\"size-thumbnail wp-image-37759\" src=\"https:\/\/i0.wp.com\/www.manquepierda.com\/historiarealbetis\/files\/2014\/09\/Rafael-Tamarit-%C3%81rbitro-146x220.jpg?resize=146%2C220&#038;ssl=1\" alt=\"mmmm\" width=\"146\" height=\"220\" srcset=\"https:\/\/i0.wp.com\/www.manquepierda.com\/historiarealbetis\/files\/2014\/09\/Rafael-Tamarit-%C3%81rbitro.jpg?resize=146%2C220&amp;ssl=1 146w, https:\/\/i0.wp.com\/www.manquepierda.com\/historiarealbetis\/files\/2014\/09\/Rafael-Tamarit-%C3%81rbitro.jpg?w=237&amp;ssl=1 237w\" sizes=\"auto, (max-width: 146px) 100vw, 146px\" \/><\/a><figcaption id=\"caption-attachment-37759\" class=\"wp-caption-text\">Arbitr\u00f3 el colegiado valenciano Rafael TAMARIT Falaguera 36 a\u00f1os+1 mes+13 d\u00edas.-Buena labor.<\/figcaption><\/figure>\n<p style=\"text-align: center\"><strong>ALINEACIONES:<\/strong><\/p>\n<figure id=\"attachment_37527\" aria-describedby=\"caption-attachment-37527\" style=\"width: 154px\" class=\"wp-caption aligncenter\"><a href=\"https:\/\/www.manquepierda.com\/historiarealbetis\/37524-1954-septiembre-12-segunda-division-real-betis-balompie-3-jerez-cd-1-lx-aniversario\/1941-rbb-157\/\" rel=\"attachment wp-att-37527\"><img data-recalc-dims=\"1\" loading=\"lazy\" decoding=\"async\" class=\"size-full wp-image-37527\" src=\"https:\/\/i0.wp.com\/www.manquepierda.com\/historiarealbetis\/files\/2014\/09\/1941-RBB.jpg?resize=154%2C154&#038;ssl=1\" alt=\"MMM\" width=\"154\" height=\"154\" \/><\/a><figcaption id=\"caption-attachment-37527\" class=\"wp-caption-text\"><strong>REAL BETIS BALOMPI\u00c9-6 Goles.<\/strong><\/figcaption><\/figure>\n<p style=\"text-align: center\"><em><strong>L\u00cdDER CON 2 PUNTOS (1-GANADO+0-EMPATADO+0-PERDIDO).-6 GOLES A FAVOR Y 0 TANTOS EN CONTRA.<\/strong><\/em><\/p>\n<figure id=\"attachment_37760\" aria-describedby=\"caption-attachment-37760\" style=\"width: 211px\" class=\"wp-caption alignright\"><a href=\"https:\/\/www.manquepierda.com\/historiarealbetis\/37757-1946-septiembre-22-segunda-division-real-betis-balompie-6-cd-mallorca-0-68oaniversario\/manuelalonsocueli-211x220-2\/\" rel=\"attachment wp-att-37760\"><img data-recalc-dims=\"1\" loading=\"lazy\" decoding=\"async\" class=\"size-full wp-image-37760\" src=\"https:\/\/i0.wp.com\/www.manquepierda.com\/historiarealbetis\/files\/2014\/09\/ManuelAlonsoCueli-211x220.jpg?resize=211%2C220&#038;ssl=1\" alt=\"MMMM\" width=\"211\" height=\"220\" \/><\/a><figcaption id=\"caption-attachment-37760\" class=\"wp-caption-text\"><strong>Don Manuel ALONSO Cueli.-Industrial.-48 a\u00f1os.<\/strong><\/figcaption><\/figure>\n<p style=\"text-align: right\"><strong>PRESIDENTE ACCIDENTAL-REAL BETIS BALOMPI\u00c9 TEMPORADA 1946-1947 (1947-ENERO:\u00a0 33\u00ba Don Manuel ROMERO Puerto).<\/strong><\/p>\n<figure id=\"attachment_37761\" aria-describedby=\"caption-attachment-37761\" style=\"width: 132px\" class=\"wp-caption alignleft\"><a href=\"https:\/\/www.manquepierda.com\/historiarealbetis\/37757-1946-septiembre-22-segunda-division-real-betis-balompie-6-cd-mallorca-0-68oaniversario\/patrickjosephoconnell-22\/\" rel=\"attachment wp-att-37761\"><img data-recalc-dims=\"1\" loading=\"lazy\" decoding=\"async\" class=\"size-thumbnail wp-image-37761\" src=\"https:\/\/i0.wp.com\/www.manquepierda.com\/historiarealbetis\/files\/2014\/09\/PatrickJosephOCONNELL.jpg?resize=132%2C220&#038;ssl=1\" alt=\"mmmm\" width=\"132\" height=\"220\" srcset=\"https:\/\/i0.wp.com\/www.manquepierda.com\/historiarealbetis\/files\/2014\/09\/PatrickJosephOCONNELL.jpg?resize=132%2C220&amp;ssl=1 132w, https:\/\/i0.wp.com\/www.manquepierda.com\/historiarealbetis\/files\/2014\/09\/PatrickJosephOCONNELL.jpg?w=206&amp;ssl=1 206w\" sizes=\"auto, (max-width: 132px) 100vw, 132px\" \/><\/a><figcaption id=\"caption-attachment-37761\" class=\"wp-caption-text\"><strong>Mr. Patrick Joseph O&#8217;CONNELL 59 a\u00f1os+6 meses +14 d\u00edas.<\/strong><\/figcaption><\/figure>\n<p style=\"text-align: left\"><strong>ENTRENADOR IRLAND\u00c9S DEL REAL BETIS BALOMPI\u00c9-TEMPORADAS 1932-1933+1933-1934+1934-1935 (Campeonato Nacional Liga Primera Divisi\u00f3n)+1940-1941+1941-1942+1946-1947.<\/strong><\/p>\n<figure id=\"attachment_37762\" aria-describedby=\"caption-attachment-37762\" style=\"width: 137px\" class=\"wp-caption aligncenter\"><a href=\"https:\/\/www.manquepierda.com\/historiarealbetis\/37757-1946-septiembre-22-segunda-division-real-betis-balompie-6-cd-mallorca-0-68oaniversario\/isidoro-ibarra-echevarria-3\/\" rel=\"attachment wp-att-37762\"><img data-recalc-dims=\"1\" loading=\"lazy\" decoding=\"async\" class=\"size-thumbnail wp-image-37762\" src=\"https:\/\/i0.wp.com\/www.manquepierda.com\/historiarealbetis\/files\/2014\/09\/ISIDORO-IBARRA-ECHEVARRIA-137x220.jpg?resize=137%2C220&#038;ssl=1\" alt=\"mmmm\" width=\"137\" height=\"220\" srcset=\"https:\/\/i0.wp.com\/www.manquepierda.com\/historiarealbetis\/files\/2014\/09\/ISIDORO-IBARRA-ECHEVARRIA.jpg?resize=137%2C220&amp;ssl=1 137w, https:\/\/i0.wp.com\/www.manquepierda.com\/historiarealbetis\/files\/2014\/09\/ISIDORO-IBARRA-ECHEVARRIA.jpg?resize=374%2C600&amp;ssl=1 374w, https:\/\/i0.wp.com\/www.manquepierda.com\/historiarealbetis\/files\/2014\/09\/ISIDORO-IBARRA-ECHEVARRIA.jpg?resize=437%2C700&amp;ssl=1 437w, https:\/\/i0.wp.com\/www.manquepierda.com\/historiarealbetis\/files\/2014\/09\/ISIDORO-IBARRA-ECHEVARRIA.jpg?w=703&amp;ssl=1 703w\" sizes=\"auto, (max-width: 137px) 100vw, 137px\" \/><\/a><figcaption id=\"caption-attachment-37762\" class=\"wp-caption-text\"><strong>1.-Guardameta Isidoro IBARRA Echevarr\u00eda.-Imbatida su porter\u00eda.<\/strong><\/figcaption><\/figure>\n<p style=\"text-align: center\"><strong>ZAGUEROS:<\/strong><\/p>\n<p style=\"text-align: center\"><strong>2.-MARIANO S\u00e1enz Cristiano.<\/strong><\/p>\n<p style=\"text-align: center\"><strong>3.-ISIDRO Reguera Sivianes.<\/strong><\/p>\n<p style=\"text-align: center\"><strong>MEDIOS:<\/strong><\/p>\n<p style=\"text-align: center\"><strong>4.-Francisco GEN\u00c9 Amar\u00e9.<\/strong><\/p>\n<p style=\"text-align: center\"><strong>5.-Centro.-Manuel Torres Rodr\u00edguez (a) \u00abMELITO\u00bb.<\/strong><\/p>\n<p style=\"text-align: center\"><strong>6.-Guillermo COLL Munar.<\/strong><\/p>\n<p style=\"text-align: center\"><strong>DELANTEROS:<\/strong><\/p>\n<p style=\"text-align: center\"><strong>7.-\u00c1ngel Mart\u00edn Rodr\u00edguez (a) \u00abSARO\u00bb.<\/strong><\/p>\n<figure id=\"attachment_37765\" aria-describedby=\"caption-attachment-37765\" style=\"width: 170px\" class=\"wp-caption aligncenter\"><a href=\"https:\/\/www.manquepierda.com\/historiarealbetis\/37757-1946-septiembre-22-segunda-division-real-betis-balompie-6-cd-mallorca-0-68oaniversario\/antonio-pena-romero-7\/\" rel=\"attachment wp-att-37765\"><img data-recalc-dims=\"1\" loading=\"lazy\" decoding=\"async\" class=\"size-thumbnail wp-image-37765\" src=\"https:\/\/i0.wp.com\/www.manquepierda.com\/historiarealbetis\/files\/2014\/09\/Antonio-PE%C3%91A-Romero.jpg?resize=170%2C220&#038;ssl=1\" alt=\"mmmm\" width=\"170\" height=\"220\" srcset=\"https:\/\/i0.wp.com\/www.manquepierda.com\/historiarealbetis\/files\/2014\/09\/Antonio-PE%C3%91A-Romero.jpg?resize=170%2C220&amp;ssl=1 170w, https:\/\/i0.wp.com\/www.manquepierda.com\/historiarealbetis\/files\/2014\/09\/Antonio-PE%C3%91A-Romero.jpg?resize=466%2C600&amp;ssl=1 466w, https:\/\/i0.wp.com\/www.manquepierda.com\/historiarealbetis\/files\/2014\/09\/Antonio-PE%C3%91A-Romero.jpg?w=516&amp;ssl=1 516w\" sizes=\"auto, (max-width: 170px) 100vw, 170px\" \/><\/a><figcaption id=\"caption-attachment-37765\" class=\"wp-caption-text\"><strong>8.-Antonio PE\u00d1A Romero: 1 gol.<\/strong><\/figcaption><\/figure>\n<p style=\"text-align: center\"><strong>*4-0.-55 minutos*<\/strong><\/p>\n<figure id=\"attachment_37763\" aria-describedby=\"caption-attachment-37763\" style=\"width: 220px\" class=\"wp-caption aligncenter\"><a href=\"https:\/\/www.manquepierda.com\/historiarealbetis\/37757-1946-septiembre-22-segunda-division-real-betis-balompie-6-cd-mallorca-0-68oaniversario\/josebotellaramon-7\/\" rel=\"attachment wp-att-37763\"><img data-recalc-dims=\"1\" loading=\"lazy\" decoding=\"async\" class=\"size-thumbnail wp-image-37763\" src=\"https:\/\/i0.wp.com\/www.manquepierda.com\/historiarealbetis\/files\/2014\/09\/Jos%C3%A9BOTELLAram%C3%B3n.jpg?resize=220%2C177&#038;ssl=1\" alt=\"mmm\" width=\"220\" height=\"177\" srcset=\"https:\/\/i0.wp.com\/www.manquepierda.com\/historiarealbetis\/files\/2014\/09\/Jos%C3%A9BOTELLAram%C3%B3n.jpg?resize=220%2C177&amp;ssl=1 220w, https:\/\/i0.wp.com\/www.manquepierda.com\/historiarealbetis\/files\/2014\/09\/Jos%C3%A9BOTELLAram%C3%B3n.jpg?w=512&amp;ssl=1 512w\" sizes=\"auto, (max-width: 220px) 100vw, 220px\" \/><\/a><figcaption id=\"caption-attachment-37763\" class=\"wp-caption-text\"><strong>9.-Centro Delantero-Ariete-Jos\u00e9 BOTELLA Ram\u00f3n; 3 goles.<\/strong><\/figcaption><\/figure>\n<p style=\"text-align: center\"><strong>*1-0.-02 minutos+2-0.-07 minutos+5-0.-85 minutos*<\/strong><\/p>\n<p style=\"text-align: center\"><strong>10.-Jos\u00e9 PINEDA \u00c1lvarez.<\/strong><\/p>\n<figure id=\"attachment_37764\" aria-describedby=\"caption-attachment-37764\" style=\"width: 105px\" class=\"wp-caption aligncenter\"><a href=\"https:\/\/www.manquepierda.com\/historiarealbetis\/37757-1946-septiembre-22-segunda-division-real-betis-balompie-6-cd-mallorca-0-68oaniversario\/erasmo-fernandez-marcos-5\/\" rel=\"attachment wp-att-37764\"><img data-recalc-dims=\"1\" loading=\"lazy\" decoding=\"async\" class=\"size-thumbnail wp-image-37764\" src=\"https:\/\/i0.wp.com\/www.manquepierda.com\/historiarealbetis\/files\/2014\/09\/ERASMO-Fern%C3%A1ndez-Marcos.jpg?resize=105%2C220&#038;ssl=1\" alt=\"mmmm\" width=\"105\" height=\"220\" srcset=\"https:\/\/i0.wp.com\/www.manquepierda.com\/historiarealbetis\/files\/2014\/09\/ERASMO-Fern%C3%A1ndez-Marcos.jpg?resize=105%2C220&amp;ssl=1 105w, https:\/\/i0.wp.com\/www.manquepierda.com\/historiarealbetis\/files\/2014\/09\/ERASMO-Fern%C3%A1ndez-Marcos.jpg?resize=288%2C600&amp;ssl=1 288w, https:\/\/i0.wp.com\/www.manquepierda.com\/historiarealbetis\/files\/2014\/09\/ERASMO-Fern%C3%A1ndez-Marcos.jpg?zoom=2&amp;resize=105%2C220&amp;ssl=1 210w\" sizes=\"auto, (max-width: 105px) 100vw, 105px\" \/><\/a><figcaption id=\"caption-attachment-37764\" class=\"wp-caption-text\"><strong>11.-ERASMO Fern\u00e1ndez Marcos: 2 goles.<\/strong><\/figcaption><\/figure>\n<p style=\"text-align: center\"><strong>*3-0.-44 minutos y 6-0.-89 minutos*<\/strong><\/p>\n<p style=\"text-align: center\">VS.<\/p>\n<figure id=\"attachment_37766\" aria-describedby=\"caption-attachment-37766\" style=\"width: 164px\" class=\"wp-caption aligncenter\"><a href=\"https:\/\/www.manquepierda.com\/historiarealbetis\/37757-1946-septiembre-22-segunda-division-real-betis-balompie-6-cd-mallorca-0-68oaniversario\/cd-mallorca-1946-1947\/\" rel=\"attachment wp-att-37766\"><img data-recalc-dims=\"1\" loading=\"lazy\" decoding=\"async\" class=\"size-thumbnail wp-image-37766\" src=\"https:\/\/i0.wp.com\/www.manquepierda.com\/historiarealbetis\/files\/2014\/09\/CD-Mallorca-1946-1947.jpeg?resize=164%2C220&#038;ssl=1\" alt=\"mmm\" width=\"164\" height=\"220\" srcset=\"https:\/\/i0.wp.com\/www.manquepierda.com\/historiarealbetis\/files\/2014\/09\/CD-Mallorca-1946-1947.jpeg?resize=164%2C220&amp;ssl=1 164w, https:\/\/i0.wp.com\/www.manquepierda.com\/historiarealbetis\/files\/2014\/09\/CD-Mallorca-1946-1947.jpeg?w=297&amp;ssl=1 297w\" sizes=\"auto, (max-width: 164px) 100vw, 164px\" \/><\/a><figcaption id=\"caption-attachment-37766\" class=\"wp-caption-text\">CLUB DEPORTIVO MALLORCA-0 Tantos.<\/figcaption><\/figure>\n<p style=\"text-align: center\"><strong>14\u00ba Clasificado 0 puntos (0G-0E-1P).-0-6 Tantos Favor-Contra.<\/strong><\/p>\n<p style=\"text-align: center\">1946-1947.-Presidente don F\u00e9lix PONS Marqu\u00e9s<\/p>\n<p style=\"text-align: left\">1945-1947.-Entrenador Patricio CAICEDO Liciaga.<\/p>\n<p style=\"text-align: center\">P\u00cdO Bau Solaz.-TAMAYO-PIC\u00c1.-CASTRO-Isidro ROVIRA Tuset-PUEYO.-MONTALVO-GARC\u00cdA D\u00cdAZ-MIJARES-ITURBE-OLIVA.<\/p>\n","protected":false},"excerpt":{"rendered":"<p>ALINEACIONES: L\u00cdDER CON 2 PUNTOS (1-GANADO+0-EMPATADO+0-PERDIDO).-6 GOLES A FAVOR Y 0 TANTOS EN CONTRA. PRESIDENTE ACCIDENTAL-REAL BETIS BALOMPI\u00c9 TEMPORADA 1946-1947 (1947-ENERO:\u00a0 33\u00ba Don Manuel ROMERO Puerto). ENTRENADOR IRLAND\u00c9S DEL REAL BETIS BALOMPI\u00c9-TEMPORADAS 1932-1933+1933-1934+1934-1935 (Campeonato Nacional Liga Primera Divisi\u00f3n)+1940-1941+1941-1942+1946-1947. ZAGUEROS: 2.-MARIANO S\u00e1enz Cristiano. 3.-ISIDRO Reguera Sivianes. MEDIOS: 4.-Francisco GEN\u00c9 Amar\u00e9. 5.-Centro.-Manuel Torres Rodr\u00edguez (a) \u00abMELITO\u00bb. 6.-Guillermo&#8230;<\/p>\n","protected":false},"author":48,"featured_media":37758,"comment_status":"open","ping_status":"open","sticky":false,"template":"","format":"standard","meta":{"_kad_post_transparent":"","_kad_post_title":"","_kad_post_layout":"","_kad_post_sidebar_id":"","_kad_post_content_style":"","_kad_post_vertical_padding":"","_kad_post_feature":"","_kad_post_feature_position":"","_kad_post_header":false,"_kad_post_footer":false,"_kad_post_classname":"","_jetpack_memberships_contains_paid_content":false,"footnotes":"","jetpack_publicize_message":"","jetpack_publicize_feature_enabled":true,"jetpack_social_post_already_shared":true,"jetpack_social_options":{"image_generator_settings":{"template":"highway","default_image_id":0,"font":"","enabled":false},"version":2}},"categories":[900,1],"tags":[1283,2458,17850,2240],"class_list":["post-37757","post","type-post","status-publish","format-standard","has-post-thumbnail","hentry","category-1940-1949","category-portada","tag-1283","tag-1946-47","tag-liga-segunda-1946-47","tag-rcd-mallorca"],"jetpack_publicize_connections":[],"jetpack_featured_media_url":"https:\/\/i0.wp.com\/www.manquepierda.com\/historiarealbetis\/files\/2014\/09\/Heli%C3%B3polis194019582.jpg?fit=2183%2C1397&ssl=1","jetpack_sharing_enabled":true,"jetpack_shortlink":"https:\/\/wp.me\/p1ij08-9OZ","jetpack-related-posts":[],"_links":{"self":[{"href":"https:\/\/www.manquepierda.com\/historiarealbetis\/wp-json\/wp\/v2\/posts\/37757","targetHints":{"allow":["GET"]}}],"collection":[{"href":"https:\/\/www.manquepierda.com\/historiarealbetis\/wp-json\/wp\/v2\/posts"}],"about":[{"href":"https:\/\/www.manquepierda.com\/historiarealbetis\/wp-json\/wp\/v2\/types\/post"}],"author":[{"embeddable":true,"href":"https:\/\/www.manquepierda.com\/historiarealbetis\/wp-json\/wp\/v2\/users\/48"}],"replies":[{"embeddable":true,"href":"https:\/\/www.manquepierda.com\/historiarealbetis\/wp-json\/wp\/v2\/comments?post=37757"}],"version-history":[{"count":1,"href":"https:\/\/www.manquepierda.com\/historiarealbetis\/wp-json\/wp\/v2\/posts\/37757\/revisions"}],"predecessor-version":[{"id":97726,"href":"https:\/\/www.manquepierda.com\/historiarealbetis\/wp-json\/wp\/v2\/posts\/37757\/revisions\/97726"}],"wp:featuredmedia":[{"embeddable":true,"href":"https:\/\/www.manquepierda.com\/historiarealbetis\/wp-json\/wp\/v2\/media\/37758"}],"wp:attachment":[{"href":"https:\/\/www.manquepierda.com\/historiarealbetis\/wp-json\/wp\/v2\/media?parent=37757"}],"wp:term":[{"taxonomy":"category","embeddable":true,"href":"https:\/\/www.manquepierda.com\/historiarealbetis\/wp-json\/wp\/v2\/categories?post=37757"},{"taxonomy":"post_tag","embeddable":true,"href":"https:\/\/www.manquepierda.com\/historiarealbetis\/wp-json\/wp\/v2\/tags?post=37757"}],"curies":[{"name":"wp","href":"https:\/\/api.w.org\/{rel}","templated":true}]}}