{"id":37798,"date":"2014-09-23T19:51:56","date_gmt":"2014-09-23T17:51:56","guid":{"rendered":"http:\/\/www.manquepierda.com\/historiarealbetis\/?p=37798"},"modified":"2024-08-21T11:12:49","modified_gmt":"2024-08-21T09:12:49","slug":"1983-mayo-31-martes-actividad-deportiva-real-betis-balompie-mensual","status":"publish","type":"post","link":"https:\/\/www.manquepierda.com\/historiarealbetis\/1983-mayo-31-martes-actividad-deportiva-real-betis-balompie-mensual\/","title":{"rendered":"1983-Mayo 31-Martes.-Actividad Deportiva Real Betis Balompi\u00e9-Mensual."},"content":{"rendered":"<figure id=\"attachment_37799\" aria-describedby=\"caption-attachment-37799\" style=\"width: 530px\" class=\"wp-caption aligncenter\"><a href=\"https:\/\/www.manquepierda.com\/historiarealbetis\/37798-1983-mayo-31-martes-actividad-deportiva-real-betis-balompie-mensual\/rbb-1ad-mayo-1983\/\" rel=\"attachment wp-att-37799\"><img data-recalc-dims=\"1\" loading=\"lazy\" decoding=\"async\" class=\"size-large wp-image-37799\" src=\"https:\/\/i0.wp.com\/www.manquepierda.com\/historiarealbetis\/files\/2014\/09\/RBB-1%C2%AAD-Mayo-1983.jpg?resize=530%2C700&#038;ssl=1\" alt=\"mmmm\" width=\"530\" height=\"700\" srcset=\"https:\/\/i0.wp.com\/www.manquepierda.com\/historiarealbetis\/files\/2014\/09\/RBB-1%C2%AAD-Mayo-1983.jpg?resize=530%2C700&amp;ssl=1 530w, https:\/\/i0.wp.com\/www.manquepierda.com\/historiarealbetis\/files\/2014\/09\/RBB-1%C2%AAD-Mayo-1983.jpg?resize=166%2C220&amp;ssl=1 166w, https:\/\/i0.wp.com\/www.manquepierda.com\/historiarealbetis\/files\/2014\/09\/RBB-1%C2%AAD-Mayo-1983.jpg?resize=454%2C600&amp;ssl=1 454w\" sizes=\"auto, (max-width: 530px) 100vw, 530px\" \/><\/a><figcaption id=\"caption-attachment-37799\" class=\"wp-caption-text\"><strong>ACTIVIDAD DEPORTIVA DEL REAL BETIS BALOMPI\u00c9-TEMPORADA 1982-1983 PRIMERA DIVISI\u00d3N.-MENSUAL MAYO 1983.<\/strong><\/figcaption><\/figure>\n<p style=\"text-align: center\"><strong>*ENTRENAMIENTOS REALIZADOS DESDE EL LUNES 02 N\u00ba 243 HASTA EL MARTES 31-MAYO-1983 N\u00ba 261:\u00a0 <\/strong><\/p>\n<p style=\"text-align: center\"><strong>ASISTENCIAS ANTERIORES 4.843+373 MAYO=5.216.-PROMEDIO POR ENTRENAMIENTOS 20 JUGADORES.<\/strong><\/p>\n<p style=\"text-align: center\"><strong>*JUGADORES-PLANTILLA.-N\u00fameros de Entrenamientos+Partidos+Puntos+PROMEDIO.<\/strong><\/p>\n<figure id=\"attachment_37706\" aria-describedby=\"caption-attachment-37706\" style=\"width: 195px\" class=\"wp-caption aligncenter\"><a href=\"https:\/\/www.manquepierda.com\/historiarealbetis\/37699-entrevistas-esnaola-y-cardenosa-1985\/esnaola-2\/\" rel=\"attachment wp-att-37706\"><img data-recalc-dims=\"1\" loading=\"lazy\" decoding=\"async\" class=\"size-full wp-image-37706\" src=\"https:\/\/i0.wp.com\/www.manquepierda.com\/historiarealbetis\/files\/2014\/09\/Esnaola-2.jpg?resize=195%2C200&#038;ssl=1\" alt=\"mmmm\" width=\"195\" height=\"200\" \/><\/a><figcaption id=\"caption-attachment-37706\" class=\"wp-caption-text\"><strong>Jos\u00e9 Ram\u00f3n ESNAOLA Larburu.-N\u00ba Entrenamientos 222.-N\u00famero de partidos: 56.-PUNTOS 88.-PROMEDIO 1&#8217;57 puntos.<\/strong><\/figcaption><\/figure>\n<figure id=\"attachment_37803\" aria-describedby=\"caption-attachment-37803\" style=\"width: 188px\" class=\"wp-caption aligncenter\"><a href=\"https:\/\/www.manquepierda.com\/historiarealbetis\/37798-1983-mayo-31-martes-actividad-deportiva-real-betis-balompie-mensual\/jacinto-barroso-marcos\/\" rel=\"attachment wp-att-37803\"><img data-recalc-dims=\"1\" loading=\"lazy\" decoding=\"async\" class=\"size-thumbnail wp-image-37803\" src=\"https:\/\/i0.wp.com\/www.manquepierda.com\/historiarealbetis\/files\/2014\/09\/Jacinto-Barroso-Marcos.png?resize=188%2C220&#038;ssl=1\" alt=\"mmm\" width=\"188\" height=\"220\" srcset=\"https:\/\/i0.wp.com\/www.manquepierda.com\/historiarealbetis\/files\/2014\/09\/Jacinto-Barroso-Marcos.png?resize=188%2C220&amp;ssl=1 188w, https:\/\/i0.wp.com\/www.manquepierda.com\/historiarealbetis\/files\/2014\/09\/Jacinto-Barroso-Marcos.png?w=191&amp;ssl=1 191w\" sizes=\"auto, (max-width: 188px) 100vw, 188px\" \/><\/a><figcaption id=\"caption-attachment-37803\" class=\"wp-caption-text\"><strong>Jacinto BARROSO Marcos.-N\u00ba Entrenamientos 128.-N\u00ba partidos 3.-PUNTOS 5.-PROMEDIO 1&#8217;66.<\/strong><\/figcaption><\/figure>\n<figure id=\"attachment_37804\" aria-describedby=\"caption-attachment-37804\" style=\"width: 188px\" class=\"wp-caption aligncenter\"><a href=\"https:\/\/www.manquepierda.com\/historiarealbetis\/37798-1983-mayo-31-martes-actividad-deportiva-real-betis-balompie-mensual\/salvador-navarro-segura-a-salva\/\" rel=\"attachment wp-att-37804\"><img data-recalc-dims=\"1\" loading=\"lazy\" decoding=\"async\" class=\"size-thumbnail wp-image-37804\" src=\"https:\/\/i0.wp.com\/www.manquepierda.com\/historiarealbetis\/files\/2014\/09\/Salvador-Navarro-Segura-a-Salva.png?resize=188%2C220&#038;ssl=1\" alt=\"mmm\" width=\"188\" height=\"220\" srcset=\"https:\/\/i0.wp.com\/www.manquepierda.com\/historiarealbetis\/files\/2014\/09\/Salvador-Navarro-Segura-a-Salva.png?resize=188%2C220&amp;ssl=1 188w, https:\/\/i0.wp.com\/www.manquepierda.com\/historiarealbetis\/files\/2014\/09\/Salvador-Navarro-Segura-a-Salva.png?w=191&amp;ssl=1 191w\" sizes=\"auto, (max-width: 188px) 100vw, 188px\" \/><\/a><figcaption id=\"caption-attachment-37804\" class=\"wp-caption-text\"><strong>Salvador Navarro Segura (a) \u00abSALVA\u00bb.-N\u00ba Entrenamientos 148.-N\u00ba partidos 12.-PUNTOS 16-PROMEDIO 1&#8217;33.<\/strong><\/figcaption><\/figure>\n<p style=\"text-align: center\"><strong>*PARTIDOS DISPUTADOS MES DE MAYO-1983:<\/strong><\/p>\n<p style=\"text-align: center\"><strong>Domingo 01-Campeonato Nacional Liga Primera Divisi\u00f3n:\u00a0 Sevilla Cf-2 vs. Real Betis Balompi\u00e9-0.<\/strong><\/p>\n<p style=\"text-align: center\"><strong>Jueves 05-Amistoso en Utrera (Sevilla):\u00a0 Club Deportivo Utrera-0 vs. Real Betis Balompi\u00e9-3.<\/strong><\/p>\n<p style=\"text-align: center\"><strong>Domingo 08-Copa de la Liga-Ida:\u00a0 Real Betis Balompi\u00e9-1 vs. Club Deportivo M\u00e1laga-0.<\/strong><\/p>\n<p style=\"text-align: center\"><strong>Viernes 13-Amistoso: Juventud de \u00c9cija-1 vs. Real Betis Balompi\u00e9-3.<\/strong><\/p>\n<p style=\"text-align: center\"><strong>S\u00e1bado 21-Copa de la Liga-Vuelta:\u00a0 Club Deportivo M\u00e1laga-2 vs. Real Betis Balompi\u00e9-1.<\/strong><\/p>\n<p style=\"text-align: center\"><strong>Viernes 27-Amistoso:\u00a0 Club Deportivo Tenerife-2 vs. Real Betis Balompi\u00e9-1.<\/strong><\/p>\n<p style=\"text-align: center\"><strong>Domingo 29-Amistoso:\u00a0 Uni\u00f3n Deportiva Lanzarote-1 vs. Real Betis Balompi\u00e9-4.<\/strong><\/p>\n<p style=\"text-align: center\"><strong>*TABLA DE GOLEADORES-TOTAL 118 GOLES:<\/strong><\/p>\n<figure id=\"attachment_37800\" aria-describedby=\"caption-attachment-37800\" style=\"width: 188px\" class=\"wp-caption aligncenter\"><a href=\"https:\/\/www.manquepierda.com\/historiarealbetis\/37798-1983-mayo-31-martes-actividad-deportiva-real-betis-balompie-mensual\/hipolito-rincon-povedano-2\/\" rel=\"attachment wp-att-37800\"><img data-recalc-dims=\"1\" loading=\"lazy\" decoding=\"async\" class=\"size-thumbnail wp-image-37800\" src=\"https:\/\/i0.wp.com\/www.manquepierda.com\/historiarealbetis\/files\/2014\/09\/Hip%C3%B3lito-Rinc%C3%B3n-Povedano.png?resize=188%2C220&#038;ssl=1\" alt=\"MMM\" width=\"188\" height=\"220\" srcset=\"https:\/\/i0.wp.com\/www.manquepierda.com\/historiarealbetis\/files\/2014\/09\/Hip%C3%B3lito-Rinc%C3%B3n-Povedano.png?resize=188%2C220&amp;ssl=1 188w, https:\/\/i0.wp.com\/www.manquepierda.com\/historiarealbetis\/files\/2014\/09\/Hip%C3%B3lito-Rinc%C3%B3n-Povedano.png?w=191&amp;ssl=1 191w\" sizes=\"auto, (max-width: 188px) 100vw, 188px\" \/><\/a><figcaption id=\"caption-attachment-37800\" class=\"wp-caption-text\"><strong>01.-Hip\u00f3lito RINC\u00d3N\u00a0 Povedano: 24.<\/strong><\/figcaption><\/figure>\n<figure id=\"attachment_37647\" aria-describedby=\"caption-attachment-37647\" style=\"width: 156px\" class=\"wp-caption aligncenter\"><a href=\"https:\/\/www.manquepierda.com\/historiarealbetis\/37699-entrevistas-esnaola-y-cardenosa-1985\/cardenosa\/\" rel=\"attachment wp-att-37647\"><img data-recalc-dims=\"1\" loading=\"lazy\" decoding=\"async\" class=\"size-thumbnail wp-image-37647\" src=\"https:\/\/i0.wp.com\/www.manquepierda.com\/historiarealbetis\/files\/2014\/09\/Carde%C3%B1osa.jpg?resize=156%2C220&#038;ssl=1\" alt=\"mmm\" width=\"156\" height=\"220\" srcset=\"https:\/\/i0.wp.com\/www.manquepierda.com\/historiarealbetis\/files\/2014\/09\/Carde%C3%B1osa.jpg?resize=156%2C220&amp;ssl=1 156w, https:\/\/i0.wp.com\/www.manquepierda.com\/historiarealbetis\/files\/2014\/09\/Carde%C3%B1osa.jpg?w=285&amp;ssl=1 285w\" sizes=\"auto, (max-width: 156px) 100vw, 156px\" \/><\/a><figcaption id=\"caption-attachment-37647\" class=\"wp-caption-text\"><strong>02.-Julio CARDE\u00d1OSA Rodr\u00edguez: 15.<\/strong><\/figcaption><\/figure>\n<figure id=\"attachment_37801\" aria-describedby=\"caption-attachment-37801\" style=\"width: 154px\" class=\"wp-caption aligncenter\"><a href=\"https:\/\/www.manquepierda.com\/historiarealbetis\/37798-1983-mayo-31-martes-actividad-deportiva-real-betis-balompie-mensual\/carlos-martinez-diarte-lobo-diarte-2\/\" rel=\"attachment wp-att-37801\"><img data-recalc-dims=\"1\" loading=\"lazy\" decoding=\"async\" class=\"size-thumbnail wp-image-37801\" src=\"https:\/\/i0.wp.com\/www.manquepierda.com\/historiarealbetis\/files\/2014\/09\/Carlos-Martinez-Diarte-Lobo-Diarte.jpeg?resize=154%2C220&#038;ssl=1\" alt=\"mmmm\" width=\"154\" height=\"220\" srcset=\"https:\/\/i0.wp.com\/www.manquepierda.com\/historiarealbetis\/files\/2014\/09\/Carlos-Martinez-Diarte-Lobo-Diarte.jpeg?resize=154%2C220&amp;ssl=1 154w, https:\/\/i0.wp.com\/www.manquepierda.com\/historiarealbetis\/files\/2014\/09\/Carlos-Martinez-Diarte-Lobo-Diarte.jpeg?w=188&amp;ssl=1 188w\" sizes=\"auto, (max-width: 154px) 100vw, 154px\" \/><\/a><figcaption id=\"caption-attachment-37801\" class=\"wp-caption-text\"><strong>03.-Carlos Mart\u00ednez Diarte (a) \u00abLOBO DIARTE\u00bb: 13.<\/strong><\/figcaption><\/figure>\n<p style=\"text-align: center\"><strong>04.-Pedro Medina Guerrero (a) \u00abPERICO MEDINA\u00bb:\u00a0 08 Goles.<\/strong><\/p>\n<p style=\"text-align: center\"><strong>05.-Antonio Joaqu\u00edn PARRA Fern\u00e1ndez:\u00a0 07.<\/strong><\/p>\n<p style=\"text-align: center\"><strong>06.-Jos\u00e9 Ram\u00f3n Gonz\u00e1lez ROMO:\u00a0 06.<\/strong><\/p>\n<p style=\"text-align: center\"><strong>07.-Crist\u00f3bal CARRE\u00d1O Romera:\u00a0 06.<\/strong><\/p>\n<p style=\"text-align: center\"><strong>08.-RAM\u00d3N Rodr\u00edguez Daza:\u00a0 06.<\/strong><\/p>\n<p style=\"text-align: center\"><strong>09.-ADOLFO Romero Le\u00f3n:\u00a0 06.<\/strong><\/p>\n<p style=\"text-align: center\"><strong>10.-Jos\u00e9 Eugenio Ruiz Palacios (a) \u00abQUICO\u00bb:\u00a0 04.<\/strong><\/p>\n<p style=\"text-align: center\"><strong>11.-Peter Simon BARNES:\u00a0 04.<\/strong><\/p>\n<p style=\"text-align: center\"><strong>12.-CARMELO Jos\u00e9 Navarro Careaga:\u00a0 03.<\/strong><\/p>\n<p style=\"text-align: center\"><strong>13.-Al-Lal Mohamed Amar (a) \u00ab\u00c1LEX\u00bb:\u00a0 02.<\/strong><\/p>\n<p style=\"text-align: center\"><strong>14.-Antol\u00edn ORTEGA Garc\u00eda:\u00a0 02.<\/strong><\/p>\n<p style=\"text-align: center\"><strong>15.-Rafael GORDILLO V\u00e1zquez:\u00a0 02.<\/strong><\/p>\n<p style=\"text-align: center\"><strong>16.-BURGOS:\u00a0 02.<\/strong><\/p>\n<p style=\"text-align: center\"><strong>17.-<\/strong>DIEGO Rodr\u00edguez Fern\u00e1ndez:\u00a0 01.<\/p>\n<p style=\"text-align: center\"><strong>18.-Antonio CASADO Ruiz:\u00a0 01.<\/strong><\/p>\n<p style=\"text-align: center\"><strong>19.-SASIAIN:\u00a0 01.<\/strong><\/p>\n<p style=\"text-align: center\"><strong>20.-Antonio BIOSCA P\u00e9rez:\u00a0 01.<\/strong><\/p>\n<p style=\"text-align: center\"><strong>21.-Manuel PALOMINO Peralta:\u00a0 01.<\/strong><\/p>\n<p style=\"text-align: center\"><strong>22.-JULIO Garc\u00eda Fern\u00e1ndez:\u00a0 01.<\/strong><\/p>\n<p style=\"text-align: center\"><strong>23.-Antonio VERA Palomo:\u00a0 01.<\/strong><\/p>\n<p style=\"text-align: center\"><strong>24.-Eduardo RODR\u00cdGUEZ Fern\u00e1ndez: 01 Tanto.<\/strong><\/p>\n<figure id=\"attachment_37802\" aria-describedby=\"caption-attachment-37802\" style=\"width: 188px\" class=\"wp-caption aligncenter\"><a href=\"https:\/\/www.manquepierda.com\/historiarealbetis\/37798-1983-mayo-31-martes-actividad-deportiva-real-betis-balompie-mensual\/pedro-buenaventura-gil\/\" rel=\"attachment wp-att-37802\"><img data-recalc-dims=\"1\" loading=\"lazy\" decoding=\"async\" class=\"size-thumbnail wp-image-37802\" src=\"https:\/\/i0.wp.com\/www.manquepierda.com\/historiarealbetis\/files\/2014\/09\/Pedro-Buenaventura-Gil.png?resize=188%2C220&#038;ssl=1\" alt=\"mmmm\" width=\"188\" height=\"220\" srcset=\"https:\/\/i0.wp.com\/www.manquepierda.com\/historiarealbetis\/files\/2014\/09\/Pedro-Buenaventura-Gil.png?resize=188%2C220&amp;ssl=1 188w, https:\/\/i0.wp.com\/www.manquepierda.com\/historiarealbetis\/files\/2014\/09\/Pedro-Buenaventura-Gil.png?w=191&amp;ssl=1 191w\" sizes=\"auto, (max-width: 188px) 100vw, 188px\" \/><\/a><figcaption id=\"caption-attachment-37802\" class=\"wp-caption-text\"><strong>PEDRO BUENAVENTURA GIL-Secretario T\u00e9cnico-Firmado.-Sevilla, martes 31-Mayo-1983.<\/strong><\/figcaption><\/figure>\n<p>&nbsp;<\/p>\n","protected":false},"excerpt":{"rendered":"<p>*ENTRENAMIENTOS REALIZADOS DESDE EL LUNES 02 N\u00ba 243 HASTA EL MARTES 31-MAYO-1983 N\u00ba 261:\u00a0 ASISTENCIAS ANTERIORES 4.843+373 MAYO=5.216.-PROMEDIO POR ENTRENAMIENTOS 20 JUGADORES. *JUGADORES-PLANTILLA.-N\u00fameros de Entrenamientos+Partidos+Puntos+PROMEDIO. *PARTIDOS DISPUTADOS MES DE MAYO-1983: Domingo 01-Campeonato Nacional Liga Primera Divisi\u00f3n:\u00a0 Sevilla Cf-2 vs. Real Betis Balompi\u00e9-0. Jueves 05-Amistoso en Utrera (Sevilla):\u00a0 Club Deportivo Utrera-0 vs. Real Betis Balompi\u00e9-3. Domingo&#8230;<\/p>\n","protected":false},"author":48,"featured_media":37799,"comment_status":"open","ping_status":"open","sticky":false,"template":"","format":"standard","meta":{"_kad_post_transparent":"","_kad_post_title":"","_kad_post_layout":"","_kad_post_sidebar_id":"","_kad_post_content_style":"","_kad_post_vertical_padding":"","_kad_post_feature":"","_kad_post_feature_position":"","_kad_post_header":false,"_kad_post_footer":false,"_kad_post_classname":"","_jetpack_memberships_contains_paid_content":false,"footnotes":"","jetpack_publicize_message":"","jetpack_publicize_feature_enabled":true,"jetpack_social_post_already_shared":true,"jetpack_social_options":{"image_generator_settings":{"template":"highway","default_image_id":0,"font":"","enabled":false},"version":2}},"categories":[904,1],"tags":[2186,4327,11176],"class_list":["post-37798","post","type-post","status-publish","format-standard","has-post-thumbnail","hentry","category-1980-1989","category-portada","tag-1982-83","tag-4327","tag-actividad-deportiva-real-betis-balompie-mayo-1983"],"jetpack_publicize_connections":[],"jetpack_featured_media_url":"https:\/\/i0.wp.com\/www.manquepierda.com\/historiarealbetis\/files\/2014\/09\/RBB-1%C2%AAD-Mayo-1983.jpg?fit=2165%2C2857&ssl=1","jetpack_sharing_enabled":true,"jetpack_shortlink":"https:\/\/wp.me\/p1ij08-9PE","jetpack-related-posts":[],"_links":{"self":[{"href":"https:\/\/www.manquepierda.com\/historiarealbetis\/wp-json\/wp\/v2\/posts\/37798","targetHints":{"allow":["GET"]}}],"collection":[{"href":"https:\/\/www.manquepierda.com\/historiarealbetis\/wp-json\/wp\/v2\/posts"}],"about":[{"href":"https:\/\/www.manquepierda.com\/historiarealbetis\/wp-json\/wp\/v2\/types\/post"}],"author":[{"embeddable":true,"href":"https:\/\/www.manquepierda.com\/historiarealbetis\/wp-json\/wp\/v2\/users\/48"}],"replies":[{"embeddable":true,"href":"https:\/\/www.manquepierda.com\/historiarealbetis\/wp-json\/wp\/v2\/comments?post=37798"}],"version-history":[{"count":1,"href":"https:\/\/www.manquepierda.com\/historiarealbetis\/wp-json\/wp\/v2\/posts\/37798\/revisions"}],"predecessor-version":[{"id":97403,"href":"https:\/\/www.manquepierda.com\/historiarealbetis\/wp-json\/wp\/v2\/posts\/37798\/revisions\/97403"}],"wp:featuredmedia":[{"embeddable":true,"href":"https:\/\/www.manquepierda.com\/historiarealbetis\/wp-json\/wp\/v2\/media\/37799"}],"wp:attachment":[{"href":"https:\/\/www.manquepierda.com\/historiarealbetis\/wp-json\/wp\/v2\/media?parent=37798"}],"wp:term":[{"taxonomy":"category","embeddable":true,"href":"https:\/\/www.manquepierda.com\/historiarealbetis\/wp-json\/wp\/v2\/categories?post=37798"},{"taxonomy":"post_tag","embeddable":true,"href":"https:\/\/www.manquepierda.com\/historiarealbetis\/wp-json\/wp\/v2\/tags?post=37798"}],"curies":[{"name":"wp","href":"https:\/\/api.w.org\/{rel}","templated":true}]}}