{"id":37907,"date":"2014-10-03T07:41:16","date_gmt":"2014-10-03T05:41:16","guid":{"rendered":"http:\/\/www.manquepierda.com\/historiarealbetis\/?p=37907"},"modified":"2024-08-20T08:57:45","modified_gmt":"2024-08-20T06:57:45","slug":"valladolid-betis-liga-2007","status":"publish","type":"post","link":"https:\/\/www.manquepierda.com\/historiarealbetis\/valladolid-betis-liga-2007\/","title":{"rendered":"Valladolid-Betis Liga 2007"},"content":{"rendered":"<figure id=\"attachment_37908\" aria-describedby=\"caption-attachment-37908\" style=\"width: 323px\" class=\"wp-caption aligncenter\"><a href=\"https:\/\/www.manquepierda.com\/historiarealbetis\/37907-valladolid-betis-liga-2007\/valladolid-betis-liga-2007\/\" rel=\"attachment wp-att-37908\"><img data-recalc-dims=\"1\" loading=\"lazy\" decoding=\"async\" class=\"size-full wp-image-37908\" src=\"https:\/\/i0.wp.com\/www.manquepierda.com\/historiarealbetis\/files\/2014\/09\/Valladolid-Betis-Liga-2007.jpg?resize=323%2C468&#038;ssl=1\" alt=\"Fuente: Marca 24 de diciembre de 2007\" width=\"323\" height=\"468\" srcset=\"https:\/\/i0.wp.com\/www.manquepierda.com\/historiarealbetis\/files\/2014\/09\/Valladolid-Betis-Liga-2007.jpg?w=323&amp;ssl=1 323w, https:\/\/i0.wp.com\/www.manquepierda.com\/historiarealbetis\/files\/2014\/09\/Valladolid-Betis-Liga-2007.jpg?resize=151%2C220&amp;ssl=1 151w\" sizes=\"auto, (max-width: 323px) 100vw, 323px\" \/><\/a><figcaption id=\"caption-attachment-37908\" class=\"wp-caption-text\">Fuente: Marca 24 de diciembre de 2007<\/figcaption><\/figure>\n<p>&nbsp;<\/p>\n<p>23 de diciembre de 2007 en el Nuevo Zorrilla Valladolid 0 \u00a0Betis 0; jornada 17 del Campeonato de Liga de Primera Divisi\u00f3n.<\/p>\n<p>En la imagen el guardameta local Sergio Asenjo se hace con un bal\u00f3n por alto ante el b\u00e9tico David Rivas.<\/p>\n<p>Jos\u00e9 Luis Mendil\u00edbar entrenaba al Valladolid y Francisco Chaparro al Betis.<\/p>\n","protected":false},"excerpt":{"rendered":"<p>&nbsp; 23 de diciembre de 2007 en el Nuevo Zorrilla Valladolid 0 \u00a0Betis 0; jornada 17 del Campeonato de Liga de Primera Divisi\u00f3n. En la imagen el guardameta local Sergio Asenjo se hace con un bal\u00f3n por alto ante el b\u00e9tico David Rivas. Jos\u00e9 Luis Mendil\u00edbar entrenaba al Valladolid y Francisco Chaparro al Betis.<\/p>\n","protected":false},"author":5,"featured_media":37908,"comment_status":"open","ping_status":"open","sticky":false,"template":"","format":"standard","meta":{"_kad_post_transparent":"","_kad_post_title":"","_kad_post_layout":"","_kad_post_sidebar_id":"","_kad_post_content_style":"","_kad_post_vertical_padding":"","_kad_post_feature":"","_kad_post_feature_position":"","_kad_post_header":false,"_kad_post_footer":false,"_kad_post_classname":"","_jetpack_memberships_contains_paid_content":false,"footnotes":"","jetpack_publicize_message":"","jetpack_publicize_feature_enabled":true,"jetpack_social_post_already_shared":true,"jetpack_social_options":{"image_generator_settings":{"template":"highway","default_image_id":0,"font":"","enabled":false},"version":2}},"categories":[4823,1],"tags":[8674,6620,281,17817,1359],"class_list":["post-37907","post","type-post","status-publish","format-standard","has-post-thumbnail","hentry","category-2000-2009","category-portada","tag-8674","tag-2007-08","tag-david-rivas","tag-liga-primera-2007-08","tag-real-valladolid"],"jetpack_publicize_connections":[],"jetpack_featured_media_url":"https:\/\/i0.wp.com\/www.manquepierda.com\/historiarealbetis\/files\/2014\/09\/Valladolid-Betis-Liga-2007.jpg?fit=323%2C468&ssl=1","jetpack_sharing_enabled":true,"jetpack_shortlink":"https:\/\/wp.me\/p1ij08-9Rp","jetpack-related-posts":[],"_links":{"self":[{"href":"https:\/\/www.manquepierda.com\/historiarealbetis\/wp-json\/wp\/v2\/posts\/37907","targetHints":{"allow":["GET"]}}],"collection":[{"href":"https:\/\/www.manquepierda.com\/historiarealbetis\/wp-json\/wp\/v2\/posts"}],"about":[{"href":"https:\/\/www.manquepierda.com\/historiarealbetis\/wp-json\/wp\/v2\/types\/post"}],"author":[{"embeddable":true,"href":"https:\/\/www.manquepierda.com\/historiarealbetis\/wp-json\/wp\/v2\/users\/5"}],"replies":[{"embeddable":true,"href":"https:\/\/www.manquepierda.com\/historiarealbetis\/wp-json\/wp\/v2\/comments?post=37907"}],"version-history":[{"count":1,"href":"https:\/\/www.manquepierda.com\/historiarealbetis\/wp-json\/wp\/v2\/posts\/37907\/revisions"}],"predecessor-version":[{"id":97261,"href":"https:\/\/www.manquepierda.com\/historiarealbetis\/wp-json\/wp\/v2\/posts\/37907\/revisions\/97261"}],"wp:featuredmedia":[{"embeddable":true,"href":"https:\/\/www.manquepierda.com\/historiarealbetis\/wp-json\/wp\/v2\/media\/37908"}],"wp:attachment":[{"href":"https:\/\/www.manquepierda.com\/historiarealbetis\/wp-json\/wp\/v2\/media?parent=37907"}],"wp:term":[{"taxonomy":"category","embeddable":true,"href":"https:\/\/www.manquepierda.com\/historiarealbetis\/wp-json\/wp\/v2\/categories?post=37907"},{"taxonomy":"post_tag","embeddable":true,"href":"https:\/\/www.manquepierda.com\/historiarealbetis\/wp-json\/wp\/v2\/tags?post=37907"}],"curies":[{"name":"wp","href":"https:\/\/api.w.org\/{rel}","templated":true}]}}