{"id":37966,"date":"2014-10-10T07:31:07","date_gmt":"2014-10-10T05:31:07","guid":{"rendered":"http:\/\/www.manquepierda.com\/historiarealbetis\/?p=37966"},"modified":"2024-08-18T12:44:55","modified_gmt":"2024-08-18T10:44:55","slug":"betis-las-palmas-liga-1987","status":"publish","type":"post","link":"https:\/\/www.manquepierda.com\/historiarealbetis\/betis-las-palmas-liga-1987\/","title":{"rendered":"Betis-Las Palmas Liga 1987"},"content":{"rendered":"<figure id=\"attachment_37967\" aria-describedby=\"caption-attachment-37967\" style=\"width: 548px\" class=\"wp-caption aligncenter\"><a href=\"https:\/\/www.manquepierda.com\/historiarealbetis\/37966-betis-las-palmas-liga-1987\/betis-las-palmas-liga-1987-nmp-marca-2-2-1987\/\" rel=\"attachment wp-att-37967\"><img data-recalc-dims=\"1\" loading=\"lazy\" decoding=\"async\" class=\"wp-image-37967\" src=\"https:\/\/i0.wp.com\/www.manquepierda.com\/historiarealbetis\/files\/2014\/10\/Betis-Las-Palmas-Liga-1987-NMP-Marca-2-2-1987.jpg?resize=548%2C373&#038;ssl=1\" alt=\"Fuente: Marca 2 de febrero de 1987\" width=\"548\" height=\"373\" srcset=\"https:\/\/i0.wp.com\/www.manquepierda.com\/historiarealbetis\/files\/2014\/10\/Betis-Las-Palmas-Liga-1987-NMP-Marca-2-2-1987.jpg?w=588&amp;ssl=1 588w, https:\/\/i0.wp.com\/www.manquepierda.com\/historiarealbetis\/files\/2014\/10\/Betis-Las-Palmas-Liga-1987-NMP-Marca-2-2-1987.jpg?resize=220%2C149&amp;ssl=1 220w, https:\/\/i0.wp.com\/www.manquepierda.com\/historiarealbetis\/files\/2014\/10\/Betis-Las-Palmas-Liga-1987-NMP-Marca-2-2-1987.jpg?resize=75%2C52&amp;ssl=1 75w\" sizes=\"auto, (max-width: 548px) 100vw, 548px\" \/><\/a><figcaption id=\"caption-attachment-37967\" class=\"wp-caption-text\">Fuente: Marca 2 de febrero de 1987<\/figcaption><\/figure>\n<p>&nbsp;<\/p>\n<p>1 de febrero de 1987 \u00a0en el Villamar\u00edn \u00a0Betis \u00a03 \u00a0Las Palmas 1; jornada 25 del Campeonato de Liga de Primera Divisi\u00f3n.<\/p>\n<p>En la imagen Rinc\u00f3n celebra el 1-0 marcado de cabeza por Alex, entre una nube de jugadores en el interior de la porter\u00eda canaria, entre los que vemos al autor del tanto b\u00e9tico.<\/p>\n<p>Calder\u00f3n hizo el 1 a 0 en el minuto 42, empat\u00f3 en el 46 Javier para Las Palmas y Gail en el 66 y de nuevo Calder\u00f3n en el 89 hicieron el 3-1 definitivo.<\/p>\n<p>Luis Del Sol entrenaba al Betis y Ferenc Kovacs a la UD Las Palmas<\/p>\n","protected":false},"excerpt":{"rendered":"<p>&nbsp; 1 de febrero de 1987 \u00a0en el Villamar\u00edn \u00a0Betis \u00a03 \u00a0Las Palmas 1; jornada 25 del Campeonato de Liga de Primera Divisi\u00f3n. En la imagen Rinc\u00f3n celebra el 1-0 marcado de cabeza por Alex, entre una nube de jugadores en el interior de la porter\u00eda canaria, entre los que vemos al autor del tanto&#8230;<\/p>\n","protected":false},"author":5,"featured_media":37967,"comment_status":"open","ping_status":"open","sticky":false,"template":"","format":"standard","meta":{"_kad_post_transparent":"","_kad_post_title":"","_kad_post_layout":"","_kad_post_sidebar_id":"","_kad_post_content_style":"","_kad_post_vertical_padding":"","_kad_post_feature":"","_kad_post_feature_position":"","_kad_post_header":false,"_kad_post_footer":false,"_kad_post_classname":"","_jetpack_memberships_contains_paid_content":false,"footnotes":"","jetpack_publicize_message":"","jetpack_publicize_feature_enabled":true,"jetpack_social_post_already_shared":true,"jetpack_social_options":{"image_generator_settings":{"template":"highway","default_image_id":0,"font":"","enabled":false},"version":2}},"categories":[904,1],"tags":[3348,5586,13196,1428,17872,1327],"class_list":["post-37966","post","type-post","status-publish","format-standard","has-post-thumbnail","hentry","category-1980-1989","category-portada","tag-1986-87","tag-5586","tag-al-lal-mohand-alex","tag-hipolito-rincon","tag-liga-primera-1986-87","tag-ud-las-palmas"],"jetpack_publicize_connections":[],"jetpack_featured_media_url":"https:\/\/i0.wp.com\/www.manquepierda.com\/historiarealbetis\/files\/2014\/10\/Betis-Las-Palmas-Liga-1987-NMP-Marca-2-2-1987.jpg?fit=588%2C400&ssl=1","jetpack_sharing_enabled":true,"jetpack_shortlink":"https:\/\/wp.me\/p1ij08-9Sm","jetpack-related-posts":[],"_links":{"self":[{"href":"https:\/\/www.manquepierda.com\/historiarealbetis\/wp-json\/wp\/v2\/posts\/37966","targetHints":{"allow":["GET"]}}],"collection":[{"href":"https:\/\/www.manquepierda.com\/historiarealbetis\/wp-json\/wp\/v2\/posts"}],"about":[{"href":"https:\/\/www.manquepierda.com\/historiarealbetis\/wp-json\/wp\/v2\/types\/post"}],"author":[{"embeddable":true,"href":"https:\/\/www.manquepierda.com\/historiarealbetis\/wp-json\/wp\/v2\/users\/5"}],"replies":[{"embeddable":true,"href":"https:\/\/www.manquepierda.com\/historiarealbetis\/wp-json\/wp\/v2\/comments?post=37966"}],"version-history":[{"count":1,"href":"https:\/\/www.manquepierda.com\/historiarealbetis\/wp-json\/wp\/v2\/posts\/37966\/revisions"}],"predecessor-version":[{"id":97042,"href":"https:\/\/www.manquepierda.com\/historiarealbetis\/wp-json\/wp\/v2\/posts\/37966\/revisions\/97042"}],"wp:featuredmedia":[{"embeddable":true,"href":"https:\/\/www.manquepierda.com\/historiarealbetis\/wp-json\/wp\/v2\/media\/37967"}],"wp:attachment":[{"href":"https:\/\/www.manquepierda.com\/historiarealbetis\/wp-json\/wp\/v2\/media?parent=37966"}],"wp:term":[{"taxonomy":"category","embeddable":true,"href":"https:\/\/www.manquepierda.com\/historiarealbetis\/wp-json\/wp\/v2\/categories?post=37966"},{"taxonomy":"post_tag","embeddable":true,"href":"https:\/\/www.manquepierda.com\/historiarealbetis\/wp-json\/wp\/v2\/tags?post=37966"}],"curies":[{"name":"wp","href":"https:\/\/api.w.org\/{rel}","templated":true}]}}