{"id":38121,"date":"2014-10-13T07:48:11","date_gmt":"2014-10-13T05:48:11","guid":{"rendered":"http:\/\/www.manquepierda.com\/historiarealbetis\/?p=38121"},"modified":"2023-05-27T20:39:31","modified_gmt":"2023-05-27T18:39:31","slug":"entrevista-benito-villamarin-1964","status":"publish","type":"post","link":"https:\/\/www.manquepierda.com\/historiarealbetis\/entrevista-benito-villamarin-1964\/","title":{"rendered":"Entrevista Benito Villamar\u00edn 1964"},"content":{"rendered":"<p><a href=\"https:\/\/www.manquepierda.com\/historiarealbetis\/38121-entrevista-benito-villamarin-1964\/entrevista-benito-villamarin-1964-nmp\/\" rel=\"attachment wp-att-38122\"><img data-recalc-dims=\"1\" loading=\"lazy\" decoding=\"async\" class=\"alignleft wp-image-38122\" src=\"https:\/\/i0.wp.com\/www.manquepierda.com\/historiarealbetis\/files\/2014\/10\/Entrevista-Benito-Villamar%C3%ADn-1964-NMP.jpg?resize=279%2C314&#038;ssl=1\" alt=\"Entrevista Benito Villamar\u00edn 1964 (NMP)\" width=\"279\" height=\"314\" srcset=\"https:\/\/i0.wp.com\/www.manquepierda.com\/historiarealbetis\/files\/2014\/10\/Entrevista-Benito-Villamar%C3%ADn-1964-NMP.jpg?w=479&amp;ssl=1 479w, https:\/\/i0.wp.com\/www.manquepierda.com\/historiarealbetis\/files\/2014\/10\/Entrevista-Benito-Villamar%C3%ADn-1964-NMP.jpg?resize=195%2C220&amp;ssl=1 195w\" sizes=\"auto, (max-width: 279px) 100vw, 279px\" \/><\/a><\/p>\n<p>El a\u00f1o 1964 fue uno de los momentos \u00e1lgidos en la historia b\u00e9tica. El equipo alcanz\u00f3 la tercera posici\u00f3n en la Liga, lo que fue su m\u00e1s brillante clasificaci\u00f3n desde la Liga de 1935. \u00a0Se clasific\u00f3 por primera vez para una competici\u00f3n europea, la Copa de Ferias. El filial , el Triana Balompi\u00e9, ascendi\u00f3 por primera vez a categor\u00eda nacional, la Tercera Divisi\u00f3n. En el mes de agosto se gan\u00f3 brillantemente el Trofeo Carranza ante rivales poderosos y m\u00e1s que cualificados (Boca Junios y Benfica). Y los jugadores b\u00e9ticos con frecuencia acud\u00edan a las diversas selecciones nacionales.<\/p>\n<p>Parec\u00eda todo m\u00e1s que bien encaminado, pero en la temporada 1964-65 las cosas se torcieron. Esta entrevista fue publicada el 5 de diciembre de 1964, cuando iban 11 jornadas de Liga y el equipo se manten\u00eda en una c\u00f3moda sexta posici\u00f3n. Las cosas se complicar\u00edan en los meses de febrero y marzo, con el equipo en ca\u00edda libre y sucesivo paso por el banquillo de hasta 4 entrenadores, Al final de la Liga, y con un ag\u00f3nico empate a 0 en el Nou Camp, el Betis se salv\u00f3 de disputar la promoci\u00f3n.<\/p>\n<p>En la entrevista Benito Villamar\u00edn se muestra a\u00fan confiado en el devenir del club. Pero a los pocos meses de esta publicaci\u00f3n, \u00a0la cruel enfermedad, que desde unos a\u00f1os le persegu\u00eda, sali\u00f3 otra vez a la luz y tuvo que ausentarse para seguir un avanzado tratamiento en Boston. Un a\u00f1o despu\u00e9s de esta entrevista don Benito present\u00f3 su dimisi\u00f3n, como ya vimos <a href=\"https:\/\/www.manquepierda.com\/historiarealbetis\/dimision-de-benito-villamarin-1965\/\"><strong>aqu\u00ed.\u00a0<\/strong><\/a><\/p>\n<p><span style=\"color: #008000\"><em>La versi\u00f3n callejera de mayor actualidad deportiva en Sevilla en estos instantes es la que afirma que el presidente b\u00e9tico, se\u00f1or Villamar\u00edn Prieto, abandona definitivamente su cargo. Es aseveraci\u00f3n que incluso ha recogido buena parte de la Prensa local y regional. \u00a1Es el tema del d\u00eda\u00a1<\/em><\/span><\/p>\n<p><span style=\"color: #008000\"><em>\u00a0<\/em><\/span><\/p>\n<p><span style=\"color: #008000\"><em>Ante la duda, asegurar o desmentir, optamos por el medio m\u00e1s corto y efectivo: \u00a1entrevistar al interesado\u00a1. Y fuimos a abordarle a sus oficinas privadas, donde le encontramos. <\/em><\/span><\/p>\n<p><span style=\"color: #008000\"><em>\u00a0<\/em><\/span><\/p>\n<p><span style=\"color: #008000\"><em>Expusimos sin rodeos el \u201cporqu\u00e9\u201d de nuestra visita y lo que dese\u00e1bamos de \u00e9l. El se\u00f1or Villamar\u00edn Prieto, mir\u00e1ndonos con ojos inquisidores, nos pregunt\u00f3 a su vez: <\/em><\/span><\/p>\n<p><span style=\"color: #008000\"><em>\u00a0<\/em><\/span><\/p>\n<ul>\n<li><span style=\"color: #008000\"><em>Y usted, \u00bfqu\u00e9 opina?&#8230;<\/em><\/span><\/li>\n<\/ul>\n<p><span style=\"color: #008000\"><em>\u00a0<\/em><\/span><\/p>\n<p><span style=\"color: #008000\"><em>La respuesta fue inmediata:<\/em><\/span><\/p>\n<p><span style=\"color: #008000\"><em>\u00a0<\/em><\/span><\/p>\n<ul>\n<li><span style=\"color: #008000\"><em>\u00a1Nada\u00a1\u2026 porque no sabemos nada de verdad<\/em><\/span><\/li>\n<\/ul>\n<p><span style=\"color: #008000\"><em>\u00a0<\/em><\/span><\/p>\n<p><span style=\"color: #008000\"><em>Y lleg\u00f3 la r\u00e9plica:<\/em><\/span><\/p>\n<p><span style=\"color: #008000\"><em>\u00a0<\/em><\/span><\/p>\n<ul>\n<li><span style=\"color: #008000\"><em>\u00a1Pues ya lo ha dicho\u00a1 \u00a1Que no hay nada\u00a1<\/em><\/span><\/li>\n<\/ul>\n<p><span style=\"color: #008000\"><em>\u00a0<\/em><\/span><\/p>\n<p><span style=\"color: #008000\"><em>Y prosigue:<\/em><\/span><\/p>\n<p><span style=\"color: #008000\"><em>\u00a0<\/em><\/span><\/p>\n<ul>\n<li><span style=\"color: #008000\"><em>Abandonar\u00e9 la presidencia del Betis cuando consiga las ilusiones que me llevaron al puesto\u2026 \u00a1Tan pronto vea convertido en campe\u00f3n de la Primera Divisi\u00f3n de Liga al Betis\u00a1 Esa es mi ilusi\u00f3n como presidente. Una vez lograda, como entonces creer\u00e9 que he cumplido con mis aspiraciones deportivas, dejar\u00e1 de ser presidente. Aunque, por lo observado, ha de ser pronto. \u00a1Son tantos los aseguran que voy a abandonar esta temporada\u00a1\u2026<\/em><\/span><\/li>\n<\/ul>\n<p><span style=\"color: #008000\"><em>\u00a0<\/em><\/span><\/p>\n<p><span style=\"color: #008000\"><em>Argumentamos:<\/em><\/span><\/p>\n<p><span style=\"color: #008000\"><em>\u00a0<\/em><\/span><\/p>\n<p><span style=\"color: #008000\"><em>-El rumor se fundamenta en el hecho de que usted necesita el tiempo, pues proyecta establecer una central de su negocio en Madrid y la mayor parte del a\u00f1o la va a pasar en la capital\u2026<\/em><\/span><\/p>\n<p><span style=\"color: #008000\"><em>\u00a0<\/em><\/span><\/p>\n<ul>\n<li><span style=\"color: #008000\"><em>\u00a1Otra\u00a1\u2026 Ni yo he proyectado nada ni voy a estar ausente de Sevilla, ni espero realizar por el momento largo viaje a ning\u00fan sitio<\/em><\/span><\/li>\n<li><span style=\"color: #008000\"><em>\u00bfQuiere significar esto que est\u00e1 usted satisfecho con todo y que cuanto se dice no pasa de ser un bulo?<\/em><\/span><\/li>\n<li><span style=\"color: #008000\"><em>Por lo que respecta al club lo estoy\u2026 En la historia del Betis, que yo conozco, nunca ha contado el equipo con cinco jugadores internacionales en la misma campa\u00f1a, y por si fuera poco d\u00edas atr\u00e1s Pepe Villalonga, el seleccionador, me confes\u00f3 que \u00e9l no hab\u00eda llamado a los jugadores b\u00e9ticos por puro capricho, sino por todo lo contrario\u2026 Por lo tanto, cuanto se dice sobre el factor hombre-entrenador de que no est\u00e1 capacitado para las necesidades del equipo, no concuerda con la realidad, ya que los hechos determinan otra cosa muy distinta. Respecto a la plantilla que poseemos, puedo asegurar que es una de las mejores de Espa\u00f1a y que por esta raz\u00f3n muchos son los equipos que nos envidian. Plantilla que en la presente temporada est\u00e1 rindiendo a un mejor nivel por encontrarse m\u00e1s \u201checha\u201d. \u00bfO cree que exista ahora otro equipo igual aqu\u00ed\u2026?<\/em><\/span><\/li>\n<li><span style=\"color: #008000\"><em>\u00bfTambi\u00e9n se muestra satisfecho por la evoluci\u00f3n econ\u00f3mica del Betis?<\/em><\/span><\/li>\n<li><span style=\"color: #008000\"><em>S\u00ed; el plan econ\u00f3mico que yo organic\u00e9 se va cumpliendo con firmeza y de manera evolutiva hacia el objetivo propuesto, y cuyas positivas conclusiones se apreciar\u00e1n en su d\u00eda. Por si fuera poco, en la temporada que vivimos acude m\u00e1s p\u00fablico al estadio en los d\u00edas de partido \u00a1Y es otro aliciente\u00a1\u2026 Por ello me pregunto, \u00bfqu\u00e9 fin pretender\u00e1n quienes airean mi abandono presidencial?&#8230; \u00a1A no ser que el Betis esta temporada sea campe\u00f3n de Liga\u00a1<\/em><\/span><\/li>\n<li><span style=\"color: #008000\"><em>\u00bfOpina que todav\u00eda hay posibilidades de que el Betis consiga el t\u00edtulo?<\/em><\/span><\/li>\n<li><span style=\"color: #008000\"><em>El Betis tiene las mismas posibilidades que pueda tener actualmente el equipo que se halla situado el primero de la clasificaci\u00f3n.<\/em><\/span><\/li>\n<\/ul>\n<p><span style=\"color: #008000\"><em>\u00a0<\/em><\/span><\/p>\n<p><em><span style=\"color: #008000\">En realidad el se\u00f1or Villamar\u00edn Prieto sigue siendo el presidente\u2026 de siempre.\u00a0\u00a0<\/span>\u00a0\u00a0 <\/em><\/p>\n<p>Fuente: Marca 5 de diciembre de 1964<\/p>\n","protected":false},"excerpt":{"rendered":"<p>El a\u00f1o 1964 fue uno de los momentos \u00e1lgidos en la historia b\u00e9tica. El equipo alcanz\u00f3 la tercera posici\u00f3n en la Liga, lo que fue su m\u00e1s brillante clasificaci\u00f3n desde la Liga de 1935. \u00a0Se clasific\u00f3 por primera vez para una competici\u00f3n europea, la Copa de Ferias. El filial , el Triana Balompi\u00e9, ascendi\u00f3 por&#8230;<\/p>\n","protected":false},"author":5,"featured_media":38122,"comment_status":"open","ping_status":"open","sticky":false,"template":"","format":"standard","meta":{"_kad_post_transparent":"","_kad_post_title":"","_kad_post_layout":"","_kad_post_sidebar_id":"","_kad_post_content_style":"","_kad_post_vertical_padding":"","_kad_post_feature":"","_kad_post_feature_position":"","_kad_post_header":false,"_kad_post_footer":false,"_kad_post_classname":"","_jetpack_memberships_contains_paid_content":false,"footnotes":"","jetpack_publicize_message":"","jetpack_publicize_feature_enabled":true,"jetpack_social_post_already_shared":true,"jetpack_social_options":{"image_generator_settings":{"template":"highway","default_image_id":0,"font":"","enabled":false},"version":2}},"categories":[902,891,1],"tags":[4033,2900,145],"class_list":["post-38121","post","type-post","status-publish","format-standard","has-post-thumbnail","hentry","category-1960-1969","category-directivos-temas","category-portada","tag-4033","tag-1964-65","tag-benito-villamarin"],"jetpack_publicize_connections":[],"jetpack_featured_media_url":"https:\/\/i0.wp.com\/www.manquepierda.com\/historiarealbetis\/files\/2014\/10\/Entrevista-Benito-Villamar%C3%ADn-1964-NMP.jpg?fit=479%2C539&ssl=1","jetpack_sharing_enabled":true,"jetpack_shortlink":"https:\/\/wp.me\/p1ij08-9UR","jetpack-related-posts":[],"_links":{"self":[{"href":"https:\/\/www.manquepierda.com\/historiarealbetis\/wp-json\/wp\/v2\/posts\/38121","targetHints":{"allow":["GET"]}}],"collection":[{"href":"https:\/\/www.manquepierda.com\/historiarealbetis\/wp-json\/wp\/v2\/posts"}],"about":[{"href":"https:\/\/www.manquepierda.com\/historiarealbetis\/wp-json\/wp\/v2\/types\/post"}],"author":[{"embeddable":true,"href":"https:\/\/www.manquepierda.com\/historiarealbetis\/wp-json\/wp\/v2\/users\/5"}],"replies":[{"embeddable":true,"href":"https:\/\/www.manquepierda.com\/historiarealbetis\/wp-json\/wp\/v2\/comments?post=38121"}],"version-history":[{"count":1,"href":"https:\/\/www.manquepierda.com\/historiarealbetis\/wp-json\/wp\/v2\/posts\/38121\/revisions"}],"predecessor-version":[{"id":89192,"href":"https:\/\/www.manquepierda.com\/historiarealbetis\/wp-json\/wp\/v2\/posts\/38121\/revisions\/89192"}],"wp:featuredmedia":[{"embeddable":true,"href":"https:\/\/www.manquepierda.com\/historiarealbetis\/wp-json\/wp\/v2\/media\/38122"}],"wp:attachment":[{"href":"https:\/\/www.manquepierda.com\/historiarealbetis\/wp-json\/wp\/v2\/media?parent=38121"}],"wp:term":[{"taxonomy":"category","embeddable":true,"href":"https:\/\/www.manquepierda.com\/historiarealbetis\/wp-json\/wp\/v2\/categories?post=38121"},{"taxonomy":"post_tag","embeddable":true,"href":"https:\/\/www.manquepierda.com\/historiarealbetis\/wp-json\/wp\/v2\/tags?post=38121"}],"curies":[{"name":"wp","href":"https:\/\/api.w.org\/{rel}","templated":true}]}}