{"id":38155,"date":"2014-10-11T12:48:41","date_gmt":"2014-10-11T10:48:41","guid":{"rendered":"http:\/\/www.manquepierda.com\/historiarealbetis\/?p=38155"},"modified":"2024-08-11T12:54:25","modified_gmt":"2024-08-11T10:54:25","slug":"1939-octubre-12-andalucia-betis-balompie-7-onuba-fc-1-75-aniversario","status":"publish","type":"post","link":"https:\/\/www.manquepierda.com\/historiarealbetis\/1939-octubre-12-andalucia-betis-balompie-7-onuba-fc-1-75-aniversario\/","title":{"rendered":"1939-Octubre 12-Andaluc\u00eda.-Betis Balompi\u00e9-7 Onuba Fc-1.-77 Aniversario."},"content":{"rendered":"<p style=\"text-align: justify\">1939-1940 CAMPEONATO REGIONAL ANDALUC\u00cdA.-OCHO CLUBES PARTICIPANTES: C\u00c1DIZ CF-RACING C\u00d3RDOBA-RECREATIVO GRANADA-ONUBA FC-JEREZ FC-MALACITANO FC-SEVILLA FC-BETIS BALOMPI\u00c9. \u00a0\u00a0\u00a0\u00a0\u00a0\u00a0\u00a0\u00a0\u00a0\u00a0\u00a0\u00a0 <img data-recalc-dims=\"1\" loading=\"lazy\" decoding=\"async\" class=\"aligncenter size-full wp-image-53253\" src=\"https:\/\/i0.wp.com\/www.manquepierda.com\/historiarealbetis\/files\/2014\/10\/Discobolo-3.jpg?resize=800%2C556&#038;ssl=1\" alt=\"discobolo-3\" width=\"800\" height=\"556\" srcset=\"https:\/\/i0.wp.com\/www.manquepierda.com\/historiarealbetis\/files\/2014\/10\/Discobolo-3.jpg?w=800&amp;ssl=1 800w, https:\/\/i0.wp.com\/www.manquepierda.com\/historiarealbetis\/files\/2014\/10\/Discobolo-3.jpg?resize=220%2C153&amp;ssl=1 220w, https:\/\/i0.wp.com\/www.manquepierda.com\/historiarealbetis\/files\/2014\/10\/Discobolo-3.jpg?resize=680%2C473&amp;ssl=1 680w, https:\/\/i0.wp.com\/www.manquepierda.com\/historiarealbetis\/files\/2014\/10\/Discobolo-3.jpg?resize=768%2C534&amp;ssl=1 768w\" sizes=\"auto, (max-width: 800px) 100vw, 800px\" \/><strong>1939-OCTUBRE 12-JUEVES-D\u00cdA DE LA HISPANIDAD EN SEVILLA-15&#8217;30 HORAS.-ESTADIO MUNICIPAL \u00abHELI\u00d3POLIS\u00bb-QUINTA JORNADA.-BUENA ENTRADA.<\/strong><\/p>\n<p style=\"text-align: justify\"><em>\u00ab\u00c1 las tres y media de esta tarde, en el campo de \u00abHeli\u00f3polis\u00bb contendr\u00e1n el flamante Onuba, reci\u00e9n vencedor en campo contrario, de C\u00f3rdoba, y el Betis Balompi\u00e9.<\/em><strong><br \/>\n<\/strong><\/p>\n<p style=\"text-align: justify\"><em>Entre las figuras del equipo que hoy nos visita, figura el guardameta Allosa, muchacho de gran porvenir y base de su equipo, Allosa tuvo en\u00a0 el partido R\u00e1cing C\u00f3rdoba-0 vs. Onuba Fc-1, una tarde magn\u00edfica, que coron\u00f3 parando un penalti.<\/em><\/p>\n<p style=\"text-align: center\"><em>El p\u00fablico sevillano espera con extraordinario inter\u00e9s la actuaci\u00f3n de los jugadores de Huelva. <\/em><\/p>\n<p style=\"text-align: justify\"><em>Frente a ellos, el Betis opondr\u00e1 el siguiente equipo: Su\u00e1rez; \u00abPeral\u00bb-\u00abAngelito\u00bb; Aurelio-Fern\u00e1ndez-\u00abTomas\u00edn\u00bb; \u00abSaro\u00bb-Caballero-\u00abPaquirri\u00bb-Prieto-Valera.<\/em><\/p>\n<p style=\"text-align: center\"><em>Antes, el equipo de aficionados del Betis Balompi\u00e9 jugar\u00e1 un partido amistoso con el \u00abDeportivo de Gines\u00bb.<\/em><\/p>\n<p style=\"text-align: justify\"><em><strong>\u00abGarc\u00eda de la Puerta (a) \u00abMaravilla\u00bb, el d\u00edscolo y genial jugador del Murcia, del Madrid, del Betis y de tantos otros clubes, parece que por fin ha entrado en carril. Est\u00e1 jugando en la Ferroviaria&#8230;\u00bb<\/strong><\/em>.<\/p>\n<p style=\"text-align: center\">Fuente ABC-SE-19391012-Jueves: \u00abF\u00fatbol.-Esta tarde Betis-Onuba\u00bb.-\u00abNoticias y trasiego de jugadores\u00bb.<\/p>\n<p style=\"text-align: center\"><img data-recalc-dims=\"1\" loading=\"lazy\" decoding=\"async\" class=\"aligncenter size-thumbnail wp-image-53254\" src=\"https:\/\/i0.wp.com\/www.manquepierda.com\/historiarealbetis\/files\/2014\/10\/JMI.jpg?resize=137%2C220&#038;ssl=1\" alt=\"jmi\" width=\"137\" height=\"220\" srcset=\"https:\/\/i0.wp.com\/www.manquepierda.com\/historiarealbetis\/files\/2014\/10\/JMI.jpg?resize=137%2C220&amp;ssl=1 137w, https:\/\/i0.wp.com\/www.manquepierda.com\/historiarealbetis\/files\/2014\/10\/JMI.jpg?w=183&amp;ssl=1 183w\" sizes=\"auto, (max-width: 137px) 100vw, 137px\" \/><\/p>\n<p style=\"text-align: justify\">Arbitr\u00f3 el colegiado andaluz Jos\u00e9 Mart\u00ednez \u00cd\u00f1iguez (Sevilla), su labor fue buena, con el lunar de detener los avances para pitar falta al equipo que retroced\u00eda.<\/p>\n<p style=\"text-align: center\">ALINEACIONES:<\/p>\n<p style=\"text-align: justify\"><span style=\"color: #008000\"><em><strong>Desde el lunes 26 de Junio de 1933: Presidente del BETIS BALOMPI\u00c9, don Antonio MORENO SEVILLANO-<img data-recalc-dims=\"1\" loading=\"lazy\" decoding=\"async\" class=\"alignright size-thumbnail wp-image-53255\" src=\"https:\/\/i0.wp.com\/www.manquepierda.com\/historiarealbetis\/files\/2014\/10\/AntonioMORENOSevillano.jpg?resize=138%2C220&#038;ssl=1\" alt=\"antoniomorenosevillano\" width=\"138\" height=\"220\" srcset=\"https:\/\/i0.wp.com\/www.manquepierda.com\/historiarealbetis\/files\/2014\/10\/AntonioMORENOSevillano.jpg?resize=138%2C220&amp;ssl=1 138w, https:\/\/i0.wp.com\/www.manquepierda.com\/historiarealbetis\/files\/2014\/10\/AntonioMORENOSevillano.jpg?resize=376%2C600&amp;ssl=1 376w, https:\/\/i0.wp.com\/www.manquepierda.com\/historiarealbetis\/files\/2014\/10\/AntonioMORENOSevillano.jpg?resize=438%2C700&amp;ssl=1 438w, https:\/\/i0.wp.com\/www.manquepierda.com\/historiarealbetis\/files\/2014\/10\/AntonioMORENOSevillano.jpg?w=477&amp;ssl=1 477w\" sizes=\"auto, (max-width: 138px) 100vw, 138px\" \/>ilustre letrado (38 a\u00f1os+2 meses+3 d\u00edas)-Natural de Osuna (Sevilla), viernes 9 de Agosto de 1901.-Obituario en Sevilla, viernes 28 de Abril de 1978 (77 A\u00f1os+8 meses+19 d\u00edas) D. E. P.<\/strong><\/em><\/span><\/p>\n<p style=\"text-align: justify\"><span style=\"color: #008000\"><strong><img data-recalc-dims=\"1\" loading=\"lazy\" decoding=\"async\" class=\"alignleft size-thumbnail wp-image-53256\" src=\"https:\/\/i0.wp.com\/www.manquepierda.com\/historiarealbetis\/files\/2014\/10\/Andr%C3%A9s-ARANDA-Guti%C3%A9rrez-01.jpg?resize=220%2C153&#038;ssl=1\" alt=\"andres-aranda-gutierrez-01\" width=\"220\" height=\"153\" srcset=\"https:\/\/i0.wp.com\/www.manquepierda.com\/historiarealbetis\/files\/2014\/10\/Andr%C3%A9s-ARANDA-Guti%C3%A9rrez-01.jpg?resize=220%2C153&amp;ssl=1 220w, https:\/\/i0.wp.com\/www.manquepierda.com\/historiarealbetis\/files\/2014\/10\/Andr%C3%A9s-ARANDA-Guti%C3%A9rrez-01.jpg?w=300&amp;ssl=1 300w\" sizes=\"auto, (max-width: 220px) 100vw, 220px\" \/>Entrenador Andr\u00e9s ARANDA Guti\u00e9rrez (34 a\u00f1os+2 meses menos 15 d\u00edas)-Natural de Lora del R\u00edo (Sevilla), domingo 27 de Agosto de 1905.-Obituario en Aracena (Huelva)-concentraci\u00f3n primera plantilla-mi\u00e9rcoles 10 de Marzo de 1965 (59 A\u00f1os+7 meses menos 17 d\u00edas) D. E. P.<\/strong><\/span><\/p>\n<p style=\"text-align: justify\"><strong>1\u00aaJda.-Domingo 17-IX-1939.-Betis Balompi\u00e9-4 (2-\u00abPaquirri\u00bb+\u00bbSARO\u00bb+CABALLERO) vs. Club Deportivo Malacitano-1.<\/strong><\/p>\n<p style=\"text-align: justify\"><strong>2\u00aaJda.-Domingo 24-IX-1939.-Xerez Fc-1 vs. Betis Balompi\u00e9-2 (Prieto+Valera).<\/strong><\/p>\n<p style=\"text-align: justify\"><strong>3\u00aaJda.-Domingo 01-X-1939.-Betis Balompi\u00e9-4 (2-Caballero+\u00bbSARO\u00bb+Retamar) vs. Club Recreativo Granada-0.<\/strong><\/p>\n<p style=\"text-align: justify\"><strong>4\u00aaJornada.-Domingo 08-X-1939.-C\u00e1diz Club F\u00fatbol-1 vs. Betis Balompi\u00e9-1 (\u00abPAQUIRRI\u00bb).<\/strong><\/p>\n<p style=\"text-align: justify\"><strong>5\u00aaJornada.-Jueves 12-X-1939.-Betis Balompi\u00e9-7 Goles vs. Onuba Fc-1.<\/strong><\/p>\n<p style=\"text-align: justify\"><span style=\"color: #008000\"><strong>2\u00ba CLASIFICADO CON 8 PUNTOS (3-Ganados+1-Empatado+1-Perdido) 18-GOLES A FAVOR Y 4-TANTOS EN CONTRA.<\/strong><\/span><\/p>\n<p style=\"text-align: center\"><span style=\"color: #008000\"><strong>1939-1940 Primera Divisi\u00f3n.-BETIS BALOMPI\u00c9-7 Goles.<\/strong><\/span><\/p>\n<p><a href=\"https:\/\/www.manquepierda.com\/historiarealbetis\/37621-1934-septiembre-16-cpto-superregional-valencia-cf-1-betis-balompie-1-lxxx-aniversario\/1931-32bb-15\/\" rel=\"attachment wp-att-37629\"><img data-recalc-dims=\"1\" loading=\"lazy\" decoding=\"async\" class=\"size-full wp-image-37629 aligncenter\" src=\"https:\/\/i0.wp.com\/www.manquepierda.com\/historiarealbetis\/files\/2014\/09\/1931-32BB.jpg?resize=154%2C154&#038;ssl=1\" alt=\"MMMM\" width=\"154\" height=\"154\" \/><\/a><\/p>\n<p style=\"text-align: center\">Guardameta:<\/p>\n<p style=\"text-align: center\"><img data-recalc-dims=\"1\" loading=\"lazy\" decoding=\"async\" class=\"aligncenter size-thumbnail wp-image-53257\" src=\"https:\/\/i0.wp.com\/www.manquepierda.com\/historiarealbetis\/files\/2014\/10\/Francisco-SU%C3%81REZ-Ant%C3%BAnez-1.jpg?resize=105%2C220&#038;ssl=1\" alt=\"francisco-suarez-antunez-1\" width=\"105\" height=\"220\" srcset=\"https:\/\/i0.wp.com\/www.manquepierda.com\/historiarealbetis\/files\/2014\/10\/Francisco-SU%C3%81REZ-Ant%C3%BAnez-1.jpg?resize=105%2C220&amp;ssl=1 105w, https:\/\/i0.wp.com\/www.manquepierda.com\/historiarealbetis\/files\/2014\/10\/Francisco-SU%C3%81REZ-Ant%C3%BAnez-1.jpg?resize=287%2C600&amp;ssl=1 287w, https:\/\/i0.wp.com\/www.manquepierda.com\/historiarealbetis\/files\/2014\/10\/Francisco-SU%C3%81REZ-Ant%C3%BAnez-1.jpg?w=315&amp;ssl=1 315w\" sizes=\"auto, (max-width: 105px) 100vw, 105px\" \/><\/p>\n<p style=\"text-align: justify\"><strong>1-(1 tanto encajado).-Francisco SU\u00c1REZ Ant\u00fanez (22 a\u00f1os+4 meses menos 5 d\u00edas)-Natural de Coria del R\u00edo (Sevilla), domingo 17 de Junio de 1917.-Obituario en San Fernando (C\u00e1diz), s\u00e1bado 23 de Enero de 1988 (70 A\u00f1os+7 meses+6 d\u00edas) D. E. P.<\/strong><\/p>\n<p style=\"text-align: center\">Zagueros:<\/p>\n<p style=\"text-align: center\"><img data-recalc-dims=\"1\" loading=\"lazy\" decoding=\"async\" class=\"aligncenter size-thumbnail wp-image-53258\" src=\"https:\/\/i0.wp.com\/www.manquepierda.com\/historiarealbetis\/files\/2014\/10\/PERAL-Jos%C3%A9-Su%C3%A1rez-Gonz%C3%A1lez1929.jpg?resize=167%2C220&#038;ssl=1\" alt=\"peral-jose-suarez-gonzalez1929\" width=\"167\" height=\"220\" srcset=\"https:\/\/i0.wp.com\/www.manquepierda.com\/historiarealbetis\/files\/2014\/10\/PERAL-Jos%C3%A9-Su%C3%A1rez-Gonz%C3%A1lez1929.jpg?resize=167%2C220&amp;ssl=1 167w, https:\/\/i0.wp.com\/www.manquepierda.com\/historiarealbetis\/files\/2014\/10\/PERAL-Jos%C3%A9-Su%C3%A1rez-Gonz%C3%A1lez1929.jpg?resize=457%2C600&amp;ssl=1 457w, https:\/\/i0.wp.com\/www.manquepierda.com\/historiarealbetis\/files\/2014\/10\/PERAL-Jos%C3%A9-Su%C3%A1rez-Gonz%C3%A1lez1929.jpg?w=472&amp;ssl=1 472w\" sizes=\"auto, (max-width: 167px) 100vw, 167px\" \/><\/p>\n<p style=\"text-align: center\"><strong>2-Lateral Diestro.-Jos\u00e9 Su\u00e1rez Gonz\u00e1lez (a) \u00abPERAL\u00bb.<\/strong><\/p>\n<p style=\"text-align: center\"><img data-recalc-dims=\"1\" loading=\"lazy\" decoding=\"async\" class=\"aligncenter size-thumbnail wp-image-53259\" src=\"https:\/\/i0.wp.com\/www.manquepierda.com\/historiarealbetis\/files\/2014\/10\/Antonio-CORNEJO-Soria.jpg?resize=167%2C220&#038;ssl=1\" alt=\"antonio-cornejo-soria\" width=\"167\" height=\"220\" srcset=\"https:\/\/i0.wp.com\/www.manquepierda.com\/historiarealbetis\/files\/2014\/10\/Antonio-CORNEJO-Soria.jpg?resize=167%2C220&amp;ssl=1 167w, https:\/\/i0.wp.com\/www.manquepierda.com\/historiarealbetis\/files\/2014\/10\/Antonio-CORNEJO-Soria.jpg?w=199&amp;ssl=1 199w\" sizes=\"auto, (max-width: 167px) 100vw, 167px\" \/><\/p>\n<p style=\"text-align: center\"><strong>3-Lateral Zurdo.-Antonio CORNEJO Soria.<\/strong><\/p>\n<p style=\"text-align: center\">Medios:<\/p>\n<p style=\"text-align: center\"><img data-recalc-dims=\"1\" loading=\"lazy\" decoding=\"async\" class=\"aligncenter size-thumbnail wp-image-53260\" src=\"https:\/\/i0.wp.com\/www.manquepierda.com\/historiarealbetis\/files\/2014\/10\/TOMAS%C3%8DN-Rafael-Holgu%C3%ADn-Guill%C3%A9n-01.png?resize=188%2C220&#038;ssl=1\" alt=\"tomasin-rafael-holguin-guillen-01\" width=\"188\" height=\"220\" \/><\/p>\n<p style=\"text-align: center\"><strong>4-Diestro.-DESTAC\u00d3.-Rafael Holgu\u00edn Guill\u00e9n (a) \u00abTOMAS\u00cdN\u00bb.<\/strong><\/p>\n<p style=\"text-align: center\"><img data-recalc-dims=\"1\" loading=\"lazy\" decoding=\"async\" class=\"aligncenter size-thumbnail wp-image-53261\" src=\"https:\/\/i0.wp.com\/www.manquepierda.com\/historiarealbetis\/files\/2014\/10\/Antonio-FERN%C3%81NDEZ-Jim%C3%A9nez.jpg?resize=163%2C220&#038;ssl=1\" alt=\"antonio-fernandez-jimenez\" width=\"163\" height=\"220\" \/><\/p>\n<p style=\"text-align: center\"><strong>5-Central.-Antonio FERN\u00c1NDEZ Jim\u00e9nez.<\/strong><\/p>\n<p style=\"text-align: center\"><img data-recalc-dims=\"1\" loading=\"lazy\" decoding=\"async\" class=\"aligncenter size-thumbnail wp-image-53262\" src=\"https:\/\/i0.wp.com\/www.manquepierda.com\/historiarealbetis\/files\/2014\/10\/AURELIO-Navarro-Salguero.jpg?resize=159%2C220&#038;ssl=1\" alt=\"aurelio-navarro-salguero\" width=\"159\" height=\"220\" srcset=\"https:\/\/i0.wp.com\/www.manquepierda.com\/historiarealbetis\/files\/2014\/10\/AURELIO-Navarro-Salguero.jpg?resize=159%2C220&amp;ssl=1 159w, https:\/\/i0.wp.com\/www.manquepierda.com\/historiarealbetis\/files\/2014\/10\/AURELIO-Navarro-Salguero.jpg?w=386&amp;ssl=1 386w\" sizes=\"auto, (max-width: 159px) 100vw, 159px\" \/><\/p>\n<p style=\"text-align: center\"><strong>6-Zurdo.-AURELIO Navarro Salguero.<\/strong><\/p>\n<p style=\"text-align: center\">Delanteros:<\/p>\n<p style=\"text-align: center\"><img data-recalc-dims=\"1\" loading=\"lazy\" decoding=\"async\" class=\"aligncenter size-thumbnail wp-image-53263\" src=\"https:\/\/i0.wp.com\/www.manquepierda.com\/historiarealbetis\/files\/2014\/10\/SARO-%C3%81ngel-Mart%C3%ADn-Rodr%C3%ADguez-02.jpg?resize=149%2C220&#038;ssl=1\" alt=\"saro-angel-martin-rodriguez-02\" width=\"149\" height=\"220\" srcset=\"https:\/\/i0.wp.com\/www.manquepierda.com\/historiarealbetis\/files\/2014\/10\/SARO-%C3%81ngel-Mart%C3%ADn-Rodr%C3%ADguez-02.jpg?resize=149%2C220&amp;ssl=1 149w, https:\/\/i0.wp.com\/www.manquepierda.com\/historiarealbetis\/files\/2014\/10\/SARO-%C3%81ngel-Mart%C3%ADn-Rodr%C3%ADguez-02.jpg?resize=408%2C600&amp;ssl=1 408w, https:\/\/i0.wp.com\/www.manquepierda.com\/historiarealbetis\/files\/2014\/10\/SARO-%C3%81ngel-Mart%C3%ADn-Rodr%C3%ADguez-02.jpg?w=468&amp;ssl=1 468w\" sizes=\"auto, (max-width: 149px) 100vw, 149px\" \/><\/p>\n<p style=\"text-align: center\"><span style=\"color: #008000\"><em><strong>*1-0.-1erTpo+2-0.-2\u00baTpo*<\/strong><\/em><\/span><\/p>\n<p style=\"text-align: justify\"><strong><span style=\"color: #333333\">7-(DESTAC\u00d3).-Extremo Diestro.-\u00c1ngel Mart\u00edn Rodr\u00edguez (a) \u00abSARO\u00bb (30 a\u00f1os+7 meses+11 d\u00edas)-Natural de Valladolid, lunes 1\u00ba de Marzo de 1909.-Obituario, lunes 13 de Enero de 1975 (65 A\u00f1os+10 meses+12 d\u00edas) D. E. P.<\/span><br \/>\n<\/strong><\/p>\n<p style=\"text-align: center\"><img data-recalc-dims=\"1\" loading=\"lazy\" decoding=\"async\" class=\"aligncenter size-thumbnail wp-image-53264\" src=\"https:\/\/i0.wp.com\/www.manquepierda.com\/historiarealbetis\/files\/2014\/10\/Jos%C3%A9-Gonz%C3%A1lez-CABALLERO.jpg?resize=124%2C220&#038;ssl=1\" alt=\"jose-gonzalez-caballero\" width=\"124\" height=\"220\" srcset=\"https:\/\/i0.wp.com\/www.manquepierda.com\/historiarealbetis\/files\/2014\/10\/Jos%C3%A9-Gonz%C3%A1lez-CABALLERO.jpg?resize=124%2C220&amp;ssl=1 124w, https:\/\/i0.wp.com\/www.manquepierda.com\/historiarealbetis\/files\/2014\/10\/Jos%C3%A9-Gonz%C3%A1lez-CABALLERO.jpg?w=228&amp;ssl=1 228w\" sizes=\"auto, (max-width: 124px) 100vw, 124px\" \/><\/p>\n<p style=\"text-align: center\"><span style=\"color: #008000\"><strong>*5-0.-Primer Tiempo*<\/strong><\/span><\/p>\n<p style=\"text-align: justify\"><strong>8-(DESTAC\u00d3).-Interior Diestro.-Jos\u00e9 Gonz\u00e1lez CABALLERO (23 a\u00f1os+9 meses menos 3 d\u00edas)-Natural de Alcal\u00e1 de Guadaira (Sevilla), s\u00e1bado 15 de Enero de 1916.-\u00cddem, domingo 8 de Enero de 1967 (51 A\u00f1os menos 7 d\u00edas) D. E. P.<\/strong><\/p>\n<p style=\"text-align: center\"><img data-recalc-dims=\"1\" loading=\"lazy\" decoding=\"async\" class=\"aligncenter size-thumbnail wp-image-53265\" src=\"https:\/\/i0.wp.com\/www.manquepierda.com\/historiarealbetis\/files\/2014\/10\/PAQUIRRI-Francisco-Gonz%C3%A1lez-Rodr%C3%ADguez-01.jpg?resize=120%2C220&#038;ssl=1\" alt=\"paquirri-francisco-gonzalez-rodriguez-01\" width=\"120\" height=\"220\" \/><\/p>\n<p style=\"text-align: center\"><span style=\"color: #008000\"><strong>*Primer Tiempo: 2-0+3-0.-2\u00baTpo: 6-0*<\/strong><\/span><\/p>\n<p><strong>9-(DESTAC\u00d3)-Centro delantero-Ariete.-Francisco Gonz\u00e1lez Rodr\u00edguez (a) \u00abPAQUIRRI\u00bb (26 a\u00f1os+2 meses menos 1 d\u00eda)-Natural de Sevilla, mi\u00e9rcoles 13 de Agosto de 1913.-\u00cddem, jueves 11 de Noviembre de 1982 (69 A\u00f1os+3 meses menos 2 d\u00edas) D. E. P.<br \/>\n<\/strong><\/p>\n<p style=\"text-align: center\"><img data-recalc-dims=\"1\" loading=\"lazy\" decoding=\"async\" class=\"aligncenter size-thumbnail wp-image-53266\" src=\"https:\/\/i0.wp.com\/www.manquepierda.com\/historiarealbetis\/files\/2014\/10\/Lutgardo-PRIETO-Oliver-1.jpg?resize=128%2C220&#038;ssl=1\" alt=\"lutgardo-prieto-oliver\" width=\"128\" height=\"220\" srcset=\"https:\/\/i0.wp.com\/www.manquepierda.com\/historiarealbetis\/files\/2014\/10\/Lutgardo-PRIETO-Oliver-1.jpg?resize=128%2C220&amp;ssl=1 128w, https:\/\/i0.wp.com\/www.manquepierda.com\/historiarealbetis\/files\/2014\/10\/Lutgardo-PRIETO-Oliver-1.jpg?resize=349%2C600&amp;ssl=1 349w, https:\/\/i0.wp.com\/www.manquepierda.com\/historiarealbetis\/files\/2014\/10\/Lutgardo-PRIETO-Oliver-1.jpg?w=393&amp;ssl=1 393w\" sizes=\"auto, (max-width: 128px) 100vw, 128px\" \/><\/p>\n<p style=\"text-align: justify\"><strong>10-(<span style=\"color: #008000\">4-0.-Primer Tiempo*<\/span>)-Interior Zurdo.-Lutgardo PRIETO Oliver (25 a\u00f1os)-Natural de Sevilla-1914.<\/strong><\/p>\n<p style=\"text-align: center\"><img data-recalc-dims=\"1\" loading=\"lazy\" decoding=\"async\" class=\"aligncenter size-thumbnail wp-image-53267\" src=\"https:\/\/i0.wp.com\/www.manquepierda.com\/historiarealbetis\/files\/2014\/10\/Jos%C3%A9-VALERA-Nocera-01.jpg?resize=140%2C220&#038;ssl=1\" alt=\"jose-valera-nocera-01\" width=\"140\" height=\"220\" \/><\/p>\n<p style=\"text-align: center\"><strong>11-Extremo Zurdo.-Jos\u00e9 VALERA Nocera.<\/strong><\/p>\n<p style=\"text-align: center\">VS.<\/p>\n<p style=\"text-align: center\"><strong>8\u00ba Clasificado con 2 (1ganado+0empatado+4perdidos) 4-14 Tantos Favor-Contra.<\/strong><\/p>\n<p><a href=\"https:\/\/www.manquepierda.com\/historiarealbetis\/38155-1939-octubre-12-andalucia-betis-balompie-7-onuba-fc-1-75-aniversario\/onubafc-225x300\/\" rel=\"attachment wp-att-38177\"><img data-recalc-dims=\"1\" loading=\"lazy\" decoding=\"async\" class=\"size-thumbnail wp-image-38177 aligncenter\" src=\"https:\/\/i0.wp.com\/www.manquepierda.com\/historiarealbetis\/files\/2014\/10\/onubafc-225x300.jpg?resize=165%2C220&#038;ssl=1\" alt=\"MMMM\" width=\"165\" height=\"220\" srcset=\"https:\/\/i0.wp.com\/www.manquepierda.com\/historiarealbetis\/files\/2014\/10\/onubafc-225x300.jpg?resize=165%2C220&amp;ssl=1 165w, https:\/\/i0.wp.com\/www.manquepierda.com\/historiarealbetis\/files\/2014\/10\/onubafc-225x300.jpg?resize=225%2C300&amp;ssl=1 225w\" sizes=\"auto, (max-width: 165px) 100vw, 165px\" \/><\/a><\/p>\n<p style=\"text-align: justify\">SEGUNDA DIVISI\u00d3N-GRUPO V-TEMPORADA 1939-1940.-(1932-1941)-ONUBA CLUB F\u00daTBOL-1 Tanto.<\/p>\n<p style=\"text-align: justify\">1-ALLOSA <strong>(7 goles encajados); <\/strong>2-ZABALA.-3-SANTOS; 4-BEAS.-5-TASERO.-6-Mart\u00edn MARCULETA Barber\u00eda; 7-PALMI.-8-CHELE.-9-GALLEGO.-10-MORA <strong>(7-1.-2\u00baTpo)<\/strong>.-11-GARC\u00cdA.<\/p>\n<p>&nbsp;<\/p>\n","protected":false},"excerpt":{"rendered":"<p>1939-1940 CAMPEONATO REGIONAL ANDALUC\u00cdA.-OCHO CLUBES PARTICIPANTES: C\u00c1DIZ CF-RACING C\u00d3RDOBA-RECREATIVO GRANADA-ONUBA FC-JEREZ FC-MALACITANO FC-SEVILLA FC-BETIS BALOMPI\u00c9. \u00a0\u00a0\u00a0\u00a0\u00a0\u00a0\u00a0\u00a0\u00a0\u00a0\u00a0\u00a0 1939-OCTUBRE 12-JUEVES-D\u00cdA DE LA HISPANIDAD EN SEVILLA-15&#8217;30 HORAS.-ESTADIO MUNICIPAL \u00abHELI\u00d3POLIS\u00bb-QUINTA JORNADA.-BUENA ENTRADA. \u00ab\u00c1 las tres y media de esta tarde, en el campo de \u00abHeli\u00f3polis\u00bb contendr\u00e1n el flamante Onuba, reci\u00e9n vencedor en campo contrario, de C\u00f3rdoba, y el Betis&#8230;<\/p>\n","protected":false},"author":48,"featured_media":53253,"comment_status":"open","ping_status":"open","sticky":false,"template":"","format":"standard","meta":{"_kad_post_transparent":"","_kad_post_title":"","_kad_post_layout":"","_kad_post_sidebar_id":"","_kad_post_content_style":"","_kad_post_vertical_padding":"","_kad_post_feature":"","_kad_post_feature_position":"","_kad_post_header":false,"_kad_post_footer":false,"_kad_post_classname":"","_jetpack_memberships_contains_paid_content":false,"footnotes":"","jetpack_publicize_message":"","jetpack_publicize_feature_enabled":true,"jetpack_social_post_already_shared":true,"jetpack_social_options":{"image_generator_settings":{"template":"highway","default_image_id":0,"font":"","enabled":false},"version":2}},"categories":[899,906,1],"tags":[47,2476,17875,16980,2038],"class_list":["post-38155","post","type-post","status-publish","format-standard","has-post-thumbnail","hentry","category-1930-1939","category-investigacion-temas","category-portada","tag-47","tag-1939-40","tag-campeonato-de-andalucia-1939-40","tag-onuba","tag-real-club-recreativo-de-huelva"],"jetpack_publicize_connections":[],"jetpack_featured_media_url":"https:\/\/i0.wp.com\/www.manquepierda.com\/historiarealbetis\/files\/2014\/10\/Discobolo-3.jpg?fit=800%2C556&ssl=1","jetpack_sharing_enabled":true,"jetpack_shortlink":"https:\/\/wp.me\/p1ij08-9Vp","jetpack-related-posts":[],"_links":{"self":[{"href":"https:\/\/www.manquepierda.com\/historiarealbetis\/wp-json\/wp\/v2\/posts\/38155","targetHints":{"allow":["GET"]}}],"collection":[{"href":"https:\/\/www.manquepierda.com\/historiarealbetis\/wp-json\/wp\/v2\/posts"}],"about":[{"href":"https:\/\/www.manquepierda.com\/historiarealbetis\/wp-json\/wp\/v2\/types\/post"}],"author":[{"embeddable":true,"href":"https:\/\/www.manquepierda.com\/historiarealbetis\/wp-json\/wp\/v2\/users\/48"}],"replies":[{"embeddable":true,"href":"https:\/\/www.manquepierda.com\/historiarealbetis\/wp-json\/wp\/v2\/comments?post=38155"}],"version-history":[{"count":1,"href":"https:\/\/www.manquepierda.com\/historiarealbetis\/wp-json\/wp\/v2\/posts\/38155\/revisions"}],"predecessor-version":[{"id":96076,"href":"https:\/\/www.manquepierda.com\/historiarealbetis\/wp-json\/wp\/v2\/posts\/38155\/revisions\/96076"}],"wp:featuredmedia":[{"embeddable":true,"href":"https:\/\/www.manquepierda.com\/historiarealbetis\/wp-json\/wp\/v2\/media\/53253"}],"wp:attachment":[{"href":"https:\/\/www.manquepierda.com\/historiarealbetis\/wp-json\/wp\/v2\/media?parent=38155"}],"wp:term":[{"taxonomy":"category","embeddable":true,"href":"https:\/\/www.manquepierda.com\/historiarealbetis\/wp-json\/wp\/v2\/categories?post=38155"},{"taxonomy":"post_tag","embeddable":true,"href":"https:\/\/www.manquepierda.com\/historiarealbetis\/wp-json\/wp\/v2\/tags?post=38155"}],"curies":[{"name":"wp","href":"https:\/\/api.w.org\/{rel}","templated":true}]}}