{"id":38164,"date":"2014-10-15T07:05:39","date_gmt":"2014-10-15T05:05:39","guid":{"rendered":"http:\/\/www.manquepierda.com\/historiarealbetis\/?p=38164"},"modified":"2020-11-08T13:28:02","modified_gmt":"2020-11-08T12:28:02","slug":"antonio-martinez-anton","status":"publish","type":"post","link":"https:\/\/www.manquepierda.com\/historiarealbetis\/antonio-martinez-anton\/","title":{"rendered":"Antonio Mart\u00ednez \u00abAnt\u00f3n\u00bb"},"content":{"rendered":"<p><strong><a href=\"https:\/\/www.manquepierda.com\/historiarealbetis\/38164-antonio-martinez-anton\/anton-4\/\" rel=\"attachment wp-att-38167\"><img data-recalc-dims=\"1\" loading=\"lazy\" decoding=\"async\" class=\"aligncenter size-full wp-image-38167\" src=\"https:\/\/i0.wp.com\/www.manquepierda.com\/historiarealbetis\/files\/2014\/10\/Ant%C3%B3n1.jpg?resize=376%2C583&#038;ssl=1\" alt=\"Ant\u00f3n\" width=\"376\" height=\"583\" srcset=\"https:\/\/i0.wp.com\/www.manquepierda.com\/historiarealbetis\/files\/2014\/10\/Ant%C3%B3n1.jpg?w=376&amp;ssl=1 376w, https:\/\/i0.wp.com\/www.manquepierda.com\/historiarealbetis\/files\/2014\/10\/Ant%C3%B3n1.jpg?resize=141%2C220&amp;ssl=1 141w\" sizes=\"auto, (max-width: 376px) 100vw, 376px\" \/><\/a><\/strong><\/p>\n<p><strong>Antonio Mart\u00ednez Morales \u00abAnt\u00f3n\u00bb,\u00a0<\/strong>nacido en Bilbao el 19 de octubre de 1944.<\/p>\n<p>Defensa.<\/p>\n<p>Procedente del Barbate lleg\u00f3 al Betis de la mano de Santiago Tejera, pasando a formar parte del filial b\u00e9tico, el Triana Balompi\u00e9.<\/p>\n<p>Su primer partido con el Betis fue un amistoso jugado en San Juan Bosco el 10 de septiembre de 1963, y en el que una mezcla de jugadores del primer equipo Betis con jugadores del Triana se impuso 1-2 al Kimber Utrera.<\/p>\n<p>El 3 de enero de 1965 hizo su debut en partido oficial con el Betis. Fue en el Villamar\u00edn contra el Atl\u00e9tico de Madrid. Esa temporada 1964-65 jug\u00f3 en el Triana y 10 partidos de Liga y 1 de Copa ya con el Betis.<\/p>\n<p>A partir de la temporada siguiente, y hasta 1969, Ant\u00f3n \u00a0se convirti\u00f3 en \u00a0jugador titular del equipo b\u00e9tico, en el puesto izquierdo de la defensa. Su cotizaci\u00f3n en el f\u00fatbol nacional fue subiendo, y durante todas las pretemporadas los rumores sobre su traspaso eran continuos.<\/p>\n<p>Rumores que se convirtieron en realidad en febrero de 1969, cuando el presidente Jos\u00e9 Le\u00f3n accedi\u00f3 a traspasarlo al Valencia a cambio de 5 millones de pesetas. En el Valencia cuajar\u00eda grandes campa\u00f1as, alcanzando la internacionalidad y el t\u00edtulo de Liga en 1971.<\/p>\n<p>Historial<\/p>\n<table style=\"border-collapse: collapse;width: 180pt\" border=\"0\" width=\"240\" cellspacing=\"0\" cellpadding=\"0\">\n<tbody>\n<tr style=\"height: 12.75pt\">\n<td class=\"xl70\" style=\"height: 12.75pt;width: 60pt\" width=\"80\" height=\"17\">1962-63<\/td>\n<td class=\"xl70\" style=\"border-left: none;width: 60pt\" width=\"80\">Barbate<\/td>\n<td class=\"xl66\" style=\"border-left: none;width: 60pt\" width=\"80\">Tercera<\/td>\n<\/tr>\n<tr style=\"height: 12.75pt\">\n<td class=\"xl66\" style=\"height: 12.75pt;border-top: none\" height=\"17\">1963-64<\/td>\n<td class=\"xl66\" style=\"border-top: none;border-left: none\">Triana<\/td>\n<td class=\"xl66\" style=\"border-top: none;border-left: none\">Regional<\/td>\n<\/tr>\n<tr style=\"height: 12.75pt\">\n<td class=\"xl70\" style=\"height: 12.75pt;border-top: none\" height=\"17\">1964-65<\/td>\n<td class=\"xl70\" style=\"border-top: none;border-left: none\">Triana<\/td>\n<td class=\"xl66\" style=\"border-top: none;border-left: none\">Tercera<\/td>\n<\/tr>\n<tr style=\"height: 12.75pt\">\n<td class=\"xl69\" style=\"height: 12.75pt;border-top: none\" height=\"17\">1964-65<\/td>\n<td class=\"xl69\" style=\"border-top: none;border-left: none\">Betis<\/td>\n<td class=\"xl66\" style=\"border-top: none;border-left: none\">Primera<\/td>\n<\/tr>\n<tr style=\"height: 12.75pt\">\n<td class=\"xl69\" style=\"height: 12.75pt;border-top: none\" height=\"17\">1965-66<\/td>\n<td class=\"xl69\" style=\"border-top: none;border-left: none\">Betis<\/td>\n<td class=\"xl66\" style=\"border-top: none;border-left: none\">Primera<\/td>\n<\/tr>\n<tr style=\"height: 12.75pt\">\n<td class=\"xl68\" style=\"height: 12.75pt;border-top: none\" height=\"17\">1966-67<\/td>\n<td class=\"xl68\" style=\"border-top: none;border-left: none\">Betis<\/td>\n<td class=\"xl66\" style=\"border-top: none;border-left: none\">Segunda<\/td>\n<\/tr>\n<tr style=\"height: 12.75pt\">\n<td class=\"xl69\" style=\"height: 12.75pt;border-top: none\" height=\"17\">1967-68<\/td>\n<td class=\"xl69\" style=\"border-top: none;border-left: none\">Betis<\/td>\n<td class=\"xl66\" style=\"border-top: none;border-left: none\">Primera<\/td>\n<\/tr>\n<tr style=\"height: 12.75pt\">\n<td class=\"xl68\" style=\"height: 12.75pt;border-top: none\" height=\"17\">1968-69<\/td>\n<td class=\"xl68\" style=\"border-top: none;border-left: none\">Betis<\/td>\n<td class=\"xl66\" style=\"border-top: none;border-left: none\">Segunda<\/td>\n<\/tr>\n<tr style=\"height: 12.75pt\">\n<td class=\"xl69\" style=\"height: 12.75pt;border-top: none\" height=\"17\">1968-69<\/td>\n<td class=\"xl69\" style=\"border-top: none;border-left: none\">Valencia<\/td>\n<td class=\"xl66\" style=\"border-top: none;border-left: none\">Primera<\/td>\n<\/tr>\n<tr style=\"height: 12.75pt\">\n<td class=\"xl69\" style=\"height: 12.75pt;border-top: none\" height=\"17\">1969-70<\/td>\n<td class=\"xl69\" style=\"border-top: none;border-left: none\">Valencia<\/td>\n<td class=\"xl66\" style=\"border-top: none;border-left: none\">Primera<\/td>\n<\/tr>\n<tr style=\"height: 12.75pt\">\n<td class=\"xl69\" style=\"height: 12.75pt;border-top: none\" height=\"17\">1970-71<\/td>\n<td class=\"xl69\" style=\"border-top: none;border-left: none\">Valencia<\/td>\n<td class=\"xl66\" style=\"border-top: none;border-left: none\">Primera<\/td>\n<\/tr>\n<tr style=\"height: 12.75pt\">\n<td class=\"xl69\" style=\"height: 12.75pt;border-top: none\" height=\"17\">1971-72<\/td>\n<td class=\"xl69\" style=\"border-top: none;border-left: none\">Valencia<\/td>\n<td class=\"xl66\" style=\"border-top: none;border-left: none\">Primera<\/td>\n<\/tr>\n<tr style=\"height: 12.75pt\">\n<td class=\"xl69\" style=\"height: 12.75pt;border-top: none\" height=\"17\">1972-73<\/td>\n<td class=\"xl69\" style=\"border-top: none;border-left: none\">Valencia<\/td>\n<td class=\"xl66\" style=\"border-top: none;border-left: none\">Primera<\/td>\n<\/tr>\n<tr style=\"height: 12.75pt\">\n<td class=\"xl69\" style=\"height: 12.75pt;border-top: none\" height=\"17\">1973-74<\/td>\n<td class=\"xl69\" style=\"border-top: none;border-left: none\">Valencia<\/td>\n<td class=\"xl66\" style=\"border-top: none;border-left: none\">Primera<\/td>\n<\/tr>\n<tr style=\"height: 12.75pt\">\n<td class=\"xl69\" style=\"height: 12.75pt;border-top: none\" height=\"17\">1974-75<\/td>\n<td class=\"xl69\" style=\"border-top: none;border-left: none\">Valencia<\/td>\n<td class=\"xl66\" style=\"border-top: none;border-left: none\">Primera<\/td>\n<\/tr>\n<tr style=\"height: 12.75pt\">\n<td class=\"xl68\" style=\"height: 12.75pt;border-top: none\" height=\"17\">1975-76<\/td>\n<td class=\"xl68\" style=\"border-top: none;border-left: none\">Valladolid<\/td>\n<td class=\"xl66\" style=\"border-top: none;border-left: none\">Segunda<\/td>\n<\/tr>\n<tr style=\"height: 12.75pt\">\n<td class=\"xl68\" style=\"height: 12.75pt;border-top: none\" height=\"17\">1976-77<\/td>\n<td class=\"xl68\" style=\"border-top: none;border-left: none\">Valladolid<\/td>\n<td class=\"xl66\" style=\"border-top: none;border-left: none\">Segunda<\/td>\n<\/tr>\n<\/tbody>\n<\/table>\n<p>En sus 5 temporadas en el Betis Ant\u00f3n jug\u00f3 111 partidos de Liga, marcando 2 goles, 19 de Copa, consiguiendo un gol, y \u00a036 amistosos, en los que obtuvo 2 goles.<\/p>\n<p>Internacional en 5 partidos con la selecci\u00f3n espa\u00f1ola absoluta.<\/p>\n","protected":false},"excerpt":{"rendered":"<p>Antonio Mart\u00ednez Morales \u00abAnt\u00f3n\u00bb,\u00a0nacido en Bilbao el 19 de octubre de 1944. Defensa. Procedente del Barbate lleg\u00f3 al Betis de la mano de Santiago Tejera, pasando a formar parte del filial b\u00e9tico, el Triana Balompi\u00e9. Su primer partido con el Betis fue un amistoso jugado en San Juan Bosco el 10 de septiembre de 1963,&#8230;<\/p>\n","protected":false},"author":5,"featured_media":38167,"comment_status":"open","ping_status":"open","sticky":false,"template":"","format":"standard","meta":{"_kad_post_transparent":"","_kad_post_title":"","_kad_post_layout":"","_kad_post_sidebar_id":"","_kad_post_content_style":"","_kad_post_vertical_padding":"","_kad_post_feature":"","_kad_post_feature_position":"","_kad_post_header":false,"_kad_post_footer":false,"_kad_post_classname":"","_jetpack_memberships_contains_paid_content":false,"footnotes":"","jetpack_publicize_message":"","jetpack_publicize_feature_enabled":true,"jetpack_social_post_already_shared":true,"jetpack_social_options":{"image_generator_settings":{"template":"highway","default_image_id":0,"font":"","enabled":false},"version":2}},"categories":[893,1],"tags":[1617],"class_list":["post-38164","post","type-post","status-publish","format-standard","has-post-thumbnail","hentry","category-jugadores-temas","category-portada","tag-antonio-martinez-anton"],"jetpack_publicize_connections":[],"jetpack_featured_media_url":"https:\/\/i0.wp.com\/www.manquepierda.com\/historiarealbetis\/files\/2014\/10\/Ant%C3%B3n1.jpg?fit=376%2C583&ssl=1","jetpack_sharing_enabled":true,"jetpack_shortlink":"https:\/\/wp.me\/p1ij08-9Vy","jetpack-related-posts":[],"_links":{"self":[{"href":"https:\/\/www.manquepierda.com\/historiarealbetis\/wp-json\/wp\/v2\/posts\/38164","targetHints":{"allow":["GET"]}}],"collection":[{"href":"https:\/\/www.manquepierda.com\/historiarealbetis\/wp-json\/wp\/v2\/posts"}],"about":[{"href":"https:\/\/www.manquepierda.com\/historiarealbetis\/wp-json\/wp\/v2\/types\/post"}],"author":[{"embeddable":true,"href":"https:\/\/www.manquepierda.com\/historiarealbetis\/wp-json\/wp\/v2\/users\/5"}],"replies":[{"embeddable":true,"href":"https:\/\/www.manquepierda.com\/historiarealbetis\/wp-json\/wp\/v2\/comments?post=38164"}],"version-history":[{"count":0,"href":"https:\/\/www.manquepierda.com\/historiarealbetis\/wp-json\/wp\/v2\/posts\/38164\/revisions"}],"wp:featuredmedia":[{"embeddable":true,"href":"https:\/\/www.manquepierda.com\/historiarealbetis\/wp-json\/wp\/v2\/media\/38167"}],"wp:attachment":[{"href":"https:\/\/www.manquepierda.com\/historiarealbetis\/wp-json\/wp\/v2\/media?parent=38164"}],"wp:term":[{"taxonomy":"category","embeddable":true,"href":"https:\/\/www.manquepierda.com\/historiarealbetis\/wp-json\/wp\/v2\/categories?post=38164"},{"taxonomy":"post_tag","embeddable":true,"href":"https:\/\/www.manquepierda.com\/historiarealbetis\/wp-json\/wp\/v2\/tags?post=38164"}],"curies":[{"name":"wp","href":"https:\/\/api.w.org\/{rel}","templated":true}]}}