{"id":38197,"date":"2014-10-16T07:46:23","date_gmt":"2014-10-16T05:46:23","guid":{"rendered":"http:\/\/www.manquepierda.com\/historiarealbetis\/?p=38197"},"modified":"2024-10-26T17:22:05","modified_gmt":"2024-10-26T15:22:05","slug":"el-ascenso-de-1954","status":"publish","type":"post","link":"https:\/\/www.manquepierda.com\/historiarealbetis\/el-ascenso-de-1954\/","title":{"rendered":"Cuadro conmemorativo del ascenso de 1954"},"content":{"rendered":"<p><a href=\"https:\/\/www.manquepierda.com\/historiarealbetis\/38197-el-ascenso-de-1954\/cuadro-1953-54\/\" rel=\"attachment wp-att-38198\"><img data-recalc-dims=\"1\" loading=\"lazy\" decoding=\"async\" class=\"aligncenter size-full wp-image-38198\" src=\"https:\/\/i0.wp.com\/www.manquepierda.com\/historiarealbetis\/files\/2014\/10\/Cuadro-1953-54.jpg?resize=591%2C454&#038;ssl=1\" alt=\"Cuadro 1953-54\" width=\"591\" height=\"454\" srcset=\"https:\/\/i0.wp.com\/www.manquepierda.com\/historiarealbetis\/files\/2014\/10\/Cuadro-1953-54.jpg?w=591&amp;ssl=1 591w, https:\/\/i0.wp.com\/www.manquepierda.com\/historiarealbetis\/files\/2014\/10\/Cuadro-1953-54.jpg?resize=220%2C169&amp;ssl=1 220w\" sizes=\"auto, (max-width: 591px) 100vw, 591px\" \/><\/a><\/p>\n<p>&nbsp;<\/p>\n<p>Cuadro conmemorativo del ascenso del Betis a Segunda Divisi\u00f3n. Temporada 1953-54<\/p>\n<p>En la parte de arriba: Portu, Gonz\u00e1lez, El\u00edces y Enrique<\/p>\n<p>En la fila intermedia: Gabilondo, Cifuentes, Francisco G\u00f3mez (entrenador), Manuel Ruiz (presidente), Del Val y Marcos Mart\u00edn.<\/p>\n<p>En la fila de abajo: Orive, Coto, Oscar, Aumesquet, Barinaga, Pe\u00f1afuerte, Moruca y Fausto<\/p>\n","protected":false},"excerpt":{"rendered":"<p>&nbsp; Cuadro conmemorativo del ascenso del Betis a Segunda Divisi\u00f3n. Temporada 1953-54 En la parte de arriba: Portu, Gonz\u00e1lez, El\u00edces y Enrique En la fila intermedia: Gabilondo, Cifuentes, Francisco G\u00f3mez (entrenador), Manuel Ruiz (presidente), Del Val y Marcos Mart\u00edn. En la fila de abajo: Orive, Coto, Oscar, Aumesquet, Barinaga, Pe\u00f1afuerte, Moruca y Fausto<\/p>\n","protected":false},"author":5,"featured_media":38198,"comment_status":"open","ping_status":"open","sticky":false,"template":"","format":"standard","meta":{"_kad_post_transparent":"","_kad_post_title":"","_kad_post_layout":"","_kad_post_sidebar_id":"","_kad_post_content_style":"","_kad_post_vertical_padding":"","_kad_post_feature":"","_kad_post_feature_position":"","_kad_post_header":false,"_kad_post_footer":false,"_kad_post_classname":"","_jetpack_memberships_contains_paid_content":false,"footnotes":"","jetpack_publicize_message":"","jetpack_publicize_feature_enabled":true,"jetpack_social_post_already_shared":true,"jetpack_social_options":{"image_generator_settings":{"template":"highway","default_image_id":0,"font":"","enabled":false},"version":2}},"categories":[901,1],"tags":[2438,54,2582,1574,2585,4656,1170,5560,2579,2583,2581,2584,17791,2580,2586,3868,1206,1198,5561,1345,1128,1110],"class_list":["post-38197","post","type-post","status-publish","format-standard","has-post-thumbnail","hentry","category-1950-1959","category-portada","tag-1953-54","tag-54","tag-antonio-aumesquet","tag-ascenso-1954","tag-enrique-malo","tag-fausto-vals","tag-francisco-gomez","tag-jesus-orive","tag-jose-besteiro-portu","tag-jose-coto","tag-jose-penafuerte","tag-juan-de-la-cruz-gabilondo","tag-liga-tercera-1953-54","tag-luis-cifuentes","tag-luis-elices","tag-manuel-fernandez-moruca","tag-manuel-ruiz","tag-marcos-martin","tag-oscar-rodriguez","tag-pablo-del-val","tag-pedro-gonzalez","tag-sabino-barinaga"],"jetpack_publicize_connections":[],"jetpack_featured_media_url":"https:\/\/i0.wp.com\/www.manquepierda.com\/historiarealbetis\/files\/2014\/10\/Cuadro-1953-54.jpg?fit=591%2C454&ssl=1","jetpack_sharing_enabled":true,"jetpack_shortlink":"https:\/\/wp.me\/p1ij08-9W5","jetpack-related-posts":[],"_links":{"self":[{"href":"https:\/\/www.manquepierda.com\/historiarealbetis\/wp-json\/wp\/v2\/posts\/38197","targetHints":{"allow":["GET"]}}],"collection":[{"href":"https:\/\/www.manquepierda.com\/historiarealbetis\/wp-json\/wp\/v2\/posts"}],"about":[{"href":"https:\/\/www.manquepierda.com\/historiarealbetis\/wp-json\/wp\/v2\/types\/post"}],"author":[{"embeddable":true,"href":"https:\/\/www.manquepierda.com\/historiarealbetis\/wp-json\/wp\/v2\/users\/5"}],"replies":[{"embeddable":true,"href":"https:\/\/www.manquepierda.com\/historiarealbetis\/wp-json\/wp\/v2\/comments?post=38197"}],"version-history":[{"count":2,"href":"https:\/\/www.manquepierda.com\/historiarealbetis\/wp-json\/wp\/v2\/posts\/38197\/revisions"}],"predecessor-version":[{"id":100618,"href":"https:\/\/www.manquepierda.com\/historiarealbetis\/wp-json\/wp\/v2\/posts\/38197\/revisions\/100618"}],"wp:featuredmedia":[{"embeddable":true,"href":"https:\/\/www.manquepierda.com\/historiarealbetis\/wp-json\/wp\/v2\/media\/38198"}],"wp:attachment":[{"href":"https:\/\/www.manquepierda.com\/historiarealbetis\/wp-json\/wp\/v2\/media?parent=38197"}],"wp:term":[{"taxonomy":"category","embeddable":true,"href":"https:\/\/www.manquepierda.com\/historiarealbetis\/wp-json\/wp\/v2\/categories?post=38197"},{"taxonomy":"post_tag","embeddable":true,"href":"https:\/\/www.manquepierda.com\/historiarealbetis\/wp-json\/wp\/v2\/tags?post=38197"}],"curies":[{"name":"wp","href":"https:\/\/api.w.org\/{rel}","templated":true}]}}