{"id":38343,"date":"2023-08-22T09:40:00","date_gmt":"2023-08-22T07:40:00","guid":{"rendered":"http:\/\/www.manquepierda.com\/historiarealbetis\/?p=38343"},"modified":"2026-01-18T10:09:36","modified_gmt":"2026-01-18T09:09:36","slug":"antolin-ortega","status":"publish","type":"post","link":"https:\/\/www.manquepierda.com\/historiarealbetis\/antolin-ortega\/","title":{"rendered":"Antol\u00edn Ortega"},"content":{"rendered":"<p><a href=\"https:\/\/www.manquepierda.com\/historiarealbetis\/38343-antolin-ortega\/ortega-1\/\" rel=\"attachment wp-att-38344\"><img data-recalc-dims=\"1\" loading=\"lazy\" decoding=\"async\" class=\"aligncenter size-full wp-image-38344\" src=\"https:\/\/i0.wp.com\/www.manquepierda.com\/historiarealbetis\/files\/2014\/10\/Ortega-1.jpg?resize=379%2C483&#038;ssl=1\" alt=\"Ortega-1\" width=\"379\" height=\"483\" srcset=\"https:\/\/i0.wp.com\/www.manquepierda.com\/historiarealbetis\/files\/2014\/10\/Ortega-1.jpg?w=379&amp;ssl=1 379w, https:\/\/i0.wp.com\/www.manquepierda.com\/historiarealbetis\/files\/2014\/10\/Ortega-1.jpg?resize=172%2C220&amp;ssl=1 172w\" sizes=\"auto, (max-width: 379px) 100vw, 379px\" \/><\/a><\/p>\n<p><strong>Antol\u00edn Ortega Garc\u00eda,\u00a0<\/strong>nacido en Madrid el 5 de noviembre de 1951.<\/p>\n<p>Centrocampista.<\/p>\n<p>Se inici\u00f3 en la cantera madridista, y luego fue cedido durante un a\u00f1o al Osasuna. De regreso a casa jug\u00f3 en el filial madridista, el Castilla, siendo de nuevo cedido al Castell\u00f3n. Ante su falta de oportunidades para acceder al primer equipo blanco emprendi\u00f3 un nuevo camino en el C\u00e1diz donde estuvo 3 temporadas.<\/p>\n<p>En el verano de 1978 el Betis se hace con sus servicios junto a Villalba, el extremo gaditano del conjunto amarillo. El 29 de julio de 1978 en La Rinconada debuta con el Betis en un partido amistoso.\u00a0 El 3 de septiembre de 1978 debuta oficialmente con la camiseta verdiblanca, en el primer partido de Liga en el Villamar\u00edn contra el Baracaldo.<\/p>\n<p>Durante las 9 temporadas en que Antol\u00edn jug\u00f3 en el Betis se convirti\u00f3 en el ejemplo de futbolista de garra y pundonor. Su lucha en el eje del dentro del campo b\u00e9tico fue todo un referente de entrega absoluta en defensa de los colores verdiblancos.<\/p>\n<p>Para finalizar su carrera futbol\u00edstica Ortega jug\u00f3 una temporada en el Recreativo de Huelva.<\/p>\n<p>Historial<\/p>\n<table width=\"286\">\n<tbody>\n<tr>\n<td width=\"80\">1971-72<\/td>\n<td width=\"108\">Osasuna<\/td>\n<td width=\"98\">Tercera<\/td>\n<\/tr>\n<tr>\n<td>1972-73<\/td>\n<td>Castilla<\/td>\n<td>Tercera<\/td>\n<\/tr>\n<tr>\n<td>1973-74<\/td>\n<td>Castell\u00f3n<\/td>\n<td>Primera<\/td>\n<\/tr>\n<tr>\n<td>1974-75<\/td>\n<td>Castell\u00f3n<\/td>\n<td>Segunda<\/td>\n<\/tr>\n<tr>\n<td>1975-76<\/td>\n<td>C\u00e1diz<\/td>\n<td>Segunda<\/td>\n<\/tr>\n<tr>\n<td>1976-77<\/td>\n<td>C\u00e1diz<\/td>\n<td>Segunda<\/td>\n<\/tr>\n<tr>\n<td>1977-78<\/td>\n<td>C\u00e1diz<\/td>\n<td>Primera<\/td>\n<\/tr>\n<tr>\n<td>1978-79<\/td>\n<td>Betis<\/td>\n<td>Segunda<\/td>\n<\/tr>\n<tr>\n<td>1979-80<\/td>\n<td>Betis<\/td>\n<td>Primera<\/td>\n<\/tr>\n<tr>\n<td>1980-81<\/td>\n<td>Betis<\/td>\n<td>Primera<\/td>\n<\/tr>\n<tr>\n<td>1981-82<\/td>\n<td>Betis<\/td>\n<td>Primera<\/td>\n<\/tr>\n<tr>\n<td>1982-83<\/td>\n<td>Betis<\/td>\n<td>Primera<\/td>\n<\/tr>\n<tr>\n<td>1983-84<\/td>\n<td>Betis<\/td>\n<td>Primera<\/td>\n<\/tr>\n<tr>\n<td>1984-85<\/td>\n<td>Betis<\/td>\n<td>Primera<\/td>\n<\/tr>\n<tr>\n<td>1985-86<\/td>\n<td>Betis<\/td>\n<td>Primera<\/td>\n<\/tr>\n<tr>\n<td>1986-87<\/td>\n<td>Betis<\/td>\n<td>Primera<\/td>\n<\/tr>\n<tr>\n<td>1987-88<\/td>\n<td>Recreativo<\/td>\n<td>Segunda<\/td>\n<\/tr>\n<\/tbody>\n<\/table>\n<p>En sus 9 temporadas en el Betis Ortega jug\u00f3 251 partidos de Liga, marcando 5 goles, 46 de Copa, consiguiendo 3 tantos, 18 de la Copa de la Liga, 4 de competiciones europeas y 103 amistosos, en los que obtuvo 4 goles.<\/p>\n\n\n<p><\/p>\n","protected":false},"excerpt":{"rendered":"<p>Antol\u00edn Ortega Garc\u00eda,\u00a0nacido en Madrid el 5 de noviembre de 1951. Centrocampista. Se inici\u00f3 en la cantera madridista, y luego fue cedido durante un a\u00f1o al Osasuna. De regreso a casa jug\u00f3 en el filial madridista, el Castilla, siendo de nuevo cedido al Castell\u00f3n. Ante su falta de oportunidades para acceder al primer equipo blanco&#8230;<\/p>\n","protected":false},"author":5,"featured_media":38344,"comment_status":"open","ping_status":"open","sticky":false,"template":"","format":"standard","meta":{"_kad_post_transparent":"","_kad_post_title":"","_kad_post_layout":"","_kad_post_sidebar_id":"","_kad_post_content_style":"","_kad_post_vertical_padding":"","_kad_post_feature":"","_kad_post_feature_position":"","_kad_post_header":false,"_kad_post_footer":false,"_kad_post_classname":"","_jetpack_memberships_contains_paid_content":false,"footnotes":"","jetpack_publicize_message":"","jetpack_publicize_feature_enabled":true,"jetpack_social_post_already_shared":true,"jetpack_social_options":{"image_generator_settings":{"template":"highway","default_image_id":0,"font":"","enabled":false},"version":2}},"categories":[893,1],"tags":[1422],"class_list":["post-38343","post","type-post","status-publish","format-standard","has-post-thumbnail","hentry","category-jugadores-temas","category-portada","tag-antolin-ortega"],"jetpack_publicize_connections":[],"jetpack_featured_media_url":"https:\/\/i0.wp.com\/www.manquepierda.com\/historiarealbetis\/files\/2014\/10\/Ortega-1.jpg?fit=379%2C483&ssl=1","jetpack_sharing_enabled":true,"jetpack_shortlink":"https:\/\/wp.me\/p1ij08-9Yr","jetpack-related-posts":[],"_links":{"self":[{"href":"https:\/\/www.manquepierda.com\/historiarealbetis\/wp-json\/wp\/v2\/posts\/38343","targetHints":{"allow":["GET"]}}],"collection":[{"href":"https:\/\/www.manquepierda.com\/historiarealbetis\/wp-json\/wp\/v2\/posts"}],"about":[{"href":"https:\/\/www.manquepierda.com\/historiarealbetis\/wp-json\/wp\/v2\/types\/post"}],"author":[{"embeddable":true,"href":"https:\/\/www.manquepierda.com\/historiarealbetis\/wp-json\/wp\/v2\/users\/5"}],"replies":[{"embeddable":true,"href":"https:\/\/www.manquepierda.com\/historiarealbetis\/wp-json\/wp\/v2\/comments?post=38343"}],"version-history":[{"count":4,"href":"https:\/\/www.manquepierda.com\/historiarealbetis\/wp-json\/wp\/v2\/posts\/38343\/revisions"}],"predecessor-version":[{"id":106505,"href":"https:\/\/www.manquepierda.com\/historiarealbetis\/wp-json\/wp\/v2\/posts\/38343\/revisions\/106505"}],"wp:featuredmedia":[{"embeddable":true,"href":"https:\/\/www.manquepierda.com\/historiarealbetis\/wp-json\/wp\/v2\/media\/38344"}],"wp:attachment":[{"href":"https:\/\/www.manquepierda.com\/historiarealbetis\/wp-json\/wp\/v2\/media?parent=38343"}],"wp:term":[{"taxonomy":"category","embeddable":true,"href":"https:\/\/www.manquepierda.com\/historiarealbetis\/wp-json\/wp\/v2\/categories?post=38343"},{"taxonomy":"post_tag","embeddable":true,"href":"https:\/\/www.manquepierda.com\/historiarealbetis\/wp-json\/wp\/v2\/tags?post=38343"}],"curies":[{"name":"wp","href":"https:\/\/api.w.org\/{rel}","templated":true}]}}