{"id":38475,"date":"2014-10-26T08:01:37","date_gmt":"2014-10-26T07:01:37","guid":{"rendered":"http:\/\/www.manquepierda.com\/historiarealbetis\/?p=38475"},"modified":"2025-05-23T08:49:03","modified_gmt":"2025-05-23T06:49:03","slug":"nuestros-filiales-de-antonio-quijano","status":"publish","type":"post","link":"https:\/\/www.manquepierda.com\/historiarealbetis\/nuestros-filiales-de-antonio-quijano\/","title":{"rendered":"Nuestros filiales, de Antonio Quijano"},"content":{"rendered":"<figure id=\"attachment_38476\" aria-describedby=\"caption-attachment-38476\" style=\"width: 400px\" class=\"wp-caption aligncenter\"><a href=\"https:\/\/www.manquepierda.com\/historiarealbetis\/38475-nuestros-filiales-de-antonio-quijano\/triana-en-los-anos-60\/\" rel=\"attachment wp-att-38476\"><img data-recalc-dims=\"1\" loading=\"lazy\" decoding=\"async\" class=\"size-full wp-image-38476\" src=\"https:\/\/i0.wp.com\/www.manquepierda.com\/historiarealbetis\/files\/2014\/10\/Triana-en-los-a%C3%B1os-60.jpg?resize=400%2C266&#038;ssl=1\" alt=\"El Triana Balompi\u00e9 en los a\u00f1os 60\" width=\"400\" height=\"266\" srcset=\"https:\/\/i0.wp.com\/www.manquepierda.com\/historiarealbetis\/files\/2014\/10\/Triana-en-los-a%C3%B1os-60.jpg?w=400&amp;ssl=1 400w, https:\/\/i0.wp.com\/www.manquepierda.com\/historiarealbetis\/files\/2014\/10\/Triana-en-los-a%C3%B1os-60.jpg?resize=220%2C146&amp;ssl=1 220w\" sizes=\"auto, (max-width: 400px) 100vw, 400px\" \/><\/a><figcaption id=\"caption-attachment-38476\" class=\"wp-caption-text\">El Triana Balompi\u00e9 en los a\u00f1os 60<\/figcaption><\/figure>\n<p>Uno de los hombres clave en la cantera verdiblanca a lo largo de la historia fue Antonio Quijano Florido, quien desde 1952 y hasta su fallecimiento en 2001 estuvo casi medio siglo dedicado a la f\u00e1brica de jugadores b\u00e9ticos, desde su puesto de coordinador de los diversos escalafones inferiores.<\/p>\n<p>Sin lugar a dudas Antonio Quijano fue uno de las personas que m\u00e1s hizo por esta labor de cantera y que, con raz\u00f3n, pod\u00eda mostrar todo su orgullo por ella.<\/p>\n<p>Esto es lo que hizo en este art\u00edculo que apareci\u00f3 en 1982 con motivo de las Bodas de Platino del Real Betis Balompi\u00e9, en el que repas\u00f3 toda la historia que conoci\u00f3 de la cantera verdiblanca en sus muchos a\u00f1os de dedicaci\u00f3n.<\/p>\n<p>&nbsp;<\/p>\n<p><span style=\"color: #008000\">De siempre nuestro Real Betis ha cuidado mucho su Cantera y de ello tambi\u00e9n se han recogido buenos frutos; lo demuestra los Peral, Adolfito, Tenorio, Valera y muchos m\u00e1s despu\u00e9s de la \u00e9poca inicial de nuestro Club. Ya despu\u00e9s del a\u00f1o 40 es cuando se hace una reestructuraci\u00f3n de la Cantera del Real Betis Balompi\u00e9 y sus filiales, empezando por tener al Juventud. Al frente de este equipo siempre estuvo Pepe Valera, un hombre enamorado del f\u00fatbol de Cantera y que todav\u00eda por estas fechas contin\u00faa ligado en este menester al Jerez Deportivo. El Juventud ten\u00eda como presidente a don Juan Nadal Vigil, que a la vez era directivo del Real Betis, y de este equipo pasaron al Real Betis Balompi\u00e9 varios jugadores como Pe\u00f1afuerte, P\u00e9rez, Gandul, Valiente II, Portu, Casero, Eugenio y Espina entre otros.<\/span><\/p>\n<p><span style=\"color: #008000\">\u00a0<\/span><\/p>\n<p><span style=\"color: #008000\">Al desparecer el Juventud Balompi\u00e9, se crea el Triana Balompi\u00e9 en la \u00e9poca de don Benito Villamar\u00edn, siendo su primer presidente don Alfonso Jaramillo. Este equipo empez\u00f3 como reglamentariamente le correspond\u00eda, en Segunda Regional, ascendiendo continuamente en cada temporada a la categor\u00eda superior, hasta logran en la temporada 1963-64 el ansiado ascenso a Tercera Divisi\u00f3n. De este Triana de grato recuerdo tambi\u00e9n pasaron al Betis excelentes jugadores, como Carmet, Quino, D\u00edaz, Cruz, Dioni, Isidoro, Telech\u00eda, Ant\u00f3n, Demetrio, Cristo, Gonz\u00e1lez, Bizcocho, Alabanda y Campos entre otros. Sus entrenadores en estos a\u00f1os fueron Ernesto Pons, Pe\u00f1afuerte, Areta en cinco ocasiones y Pallar\u00e9s.<\/span><\/p>\n<p><span style=\"color: #008000\">\u00a0<\/span><\/p>\n<p><span style=\"color: #008000\">En el equipo de aficionados, con el correr del tiempo, la junta directiva acuerda cambiar el nombre del Triana por el de Betis Deportivo. Esto acaec\u00eda en la temporada 1975-76, continuando hasta el momento con el citado nombre. Tambi\u00e9n en la \u00e9poca del Betis Deportivo, la Cantera ha dado sus frutos al Real Betis, y los m\u00e1s recientes son los Gordillo, Alex, Parra, Casado, Romo, Carre\u00f1o, Adolfo, Salva, Medina, Quico y algunas m\u00e1s que esperan dar pronto el salto al primer equipo.<\/span><\/p>\n<p><span style=\"color: #008000\">Los entrenadores en esta \u00faltima \u00e9poca han sido el mismo Areta y Frasco, que lleva con \u00e9sta tres temporadas.<\/span><\/p>\n<p><span style=\"color: #008000\">\u00a0<\/span><\/p>\n<p><span style=\"color: #008000\">El mayor \u00e9xito ha sido un subcampeonato de Espa\u00f1a de Aficionados en la temporada 1975-76, cuando perdimos la final de la competici\u00f3n ante el Reus por cuatro a tres.<\/span><\/p>\n<p><span style=\"color: #008000\">\u00a0<\/span><\/p>\n<p><span style=\"color: #008000\">En Juveniles tambi\u00e9n fue Pepe Valera el impulsor de esta categor\u00eda en el Club, acompa\u00f1ado por el entonces secretario t\u00e9cnico Jos\u00e9 Mar\u00eda De la Concha. Se hicieron varios equipos, entre ellos el Real Betis A y el Real Betis Z. Sigue la proyecci\u00f3n de Juveniles y se crea el Triana Juvenil y el Estrella Balompi\u00e9. Este \u00faltimo a\u00fan contin\u00faa en vigor y el Real Betis Balompi\u00e9 es el primer equipo en Espa\u00f1a que cuenta con tres equipos en la Liga Nacional Juvenil.<\/span><\/p>\n<p><span style=\"color: #008000\">Contin\u00faan los juveniles surtiendo todas la temporadas de jugadores al Betis Deportivo de Tercera Divisi\u00f3n, y hay fundadas esperanzas de que este a\u00f1o nuestro primer equipo juvenil logre una excelente clasificaci\u00f3n, siendo tambi\u00e9n un \u00e9xito el poder mantener en la Liga Nacional a los tres equipos.<\/span><\/p>\n<p><span style=\"color: #008000\">\u00a0<\/span><\/p>\n<p><span style=\"color: #008000\">El mayor \u00e9xito de nuestros juveniles fue el haber llegado en la temporada 1968-69 a la final del Campeonato de Espa\u00f1a, que perdimos por el tanteo de 1 a 0 ante el Real Madrid, en el propio Santiago Bernab\u00e9u.\u00a0 Aquella final la jugaron los siguientes jugadores: por el Real Madrid: Dom\u00ednguez; Alvarez, Heredia, Uceda; Robi, Corell; Vellisco, Del Bosque, Planelles, Royo y De Diego. Por el Real Betis fueron alineados los siguientes jugadores: Campos; Rubio, Portillo, Chico; Vilches, Bizcocho; Molina, Cristino, Calero, Puertas y Carlitos, siendo Del Bosque el autor del \u00fanico tanto del partido.\u00a0<\/span><\/p>\n<p><span style=\"color: #008000\">\u00a0<\/span><\/p>\n<p><span style=\"color: #008000\">Despu\u00e9s los juveniles han conseguido \u00e9xitos en torneos internacionales como el de Rehilfendem en Alemania, en Mallorca, en C\u00f3rdoba, en Elche y otros muchos.<\/span><\/p>\n<p><span style=\"color: #008000\">\u00a0<\/span><\/p>\n<p><span style=\"color: #008000\">En Infantiles hemos conseguido muchas clasificaciones para la fase nacional, y tambi\u00e9n el ser subcampeones de Espa\u00f1a al igualar en la final con el Barcelona, siendo despose\u00eddos del t\u00edtulo por el n\u00famero de corners lanzados, siendo nuestro equipo que empat\u00f3 a dos con el Barcelona: Fern\u00e1ndez; Amador, Carrasco, Roales; Parra, Petit; Rosado, Cano, Carre\u00f1o, Segovia y Pedrito.<\/span><\/p>\n<p><span style=\"color: #008000\">\u00a0<\/span><\/p>\n<p><span style=\"color: #008000\">En Alevines todos los a\u00f1os que nuestro club ha participado en este torneo, que son cuatro, hemos quedado Campeones Regionales, no pudiendo lograr m\u00e1s \u00e9xitos deportivos porque el Campeonato termina en la fase regional.<\/span><\/p>\n<p><span style=\"color: #008000\">\u00a0<\/span><\/p>\n<p><span style=\"color: #008000\">Son numerosos los jugadores de escalafones inferiores que han vestido la camiseta internacional. Como prueba diremos los siguientes: Gordillo, Alabanda, Cristo, Bizcocho, Rogelio, D\u00edaz, Quino, Dioni, Ant\u00f3n, Cruz, Alex, Parra, Julio, Patino, Vera, Piriz, Dom\u00ednguez, Mar\u00edn, Reyes y Orozco.<\/span><\/p>\n<p><span style=\"color: #008000\">\u00a0<\/span><\/p>\n<p><span style=\"color: #008000\">Los presidentes que estos \u00faltimos a\u00f1os ha tenido la cantera son: Ventura Castell\u00f3, Ram\u00f3n Bordas, Juan del Nido, Jos\u00e9 Le\u00f3n, Pablo Belloso y Urbano Blanes.<\/span><\/p>\n<p><span style=\"color: #008000\">\u00a0<\/span><\/p>\n<p><span style=\"color: #008000\">Igualmente los entrenadores que han ayudado a conseguir los \u00e9xitos de los escalafones inferiores han sido: Paco Franco, Pedro Buenaventura, Eduardo Manso, Antonio Pallar\u00e9s, Esteban Areta, Jos\u00e9 Pe\u00f1afuerte, Frasco, Mani, Alberto L\u00f3pez, Luis del Sol, Joaqu\u00edn Gonz\u00e1lez, Jos\u00e9 Angel Moreno, Francisco Ben\u00edtez, Francisco Peralta, Lorenzo Buenaventura, Jos\u00e9 Luis Alvarez, Ignacio Odriozola, entre los m\u00e1s recientes. \u00a0<\/span><\/p>\n","protected":false},"excerpt":{"rendered":"<p>Uno de los hombres clave en la cantera verdiblanca a lo largo de la historia fue Antonio Quijano Florido, quien desde 1952 y hasta su fallecimiento en 2001 estuvo casi medio siglo dedicado a la f\u00e1brica de jugadores b\u00e9ticos, desde su puesto de coordinador de los diversos escalafones inferiores. Sin lugar a dudas Antonio Quijano&#8230;<\/p>\n","protected":false},"author":5,"featured_media":38476,"comment_status":"open","ping_status":"open","sticky":false,"template":"","format":"standard","meta":{"_kad_post_transparent":"","_kad_post_title":"","_kad_post_layout":"","_kad_post_sidebar_id":"","_kad_post_content_style":"","_kad_post_vertical_padding":"","_kad_post_feature":"","_kad_post_feature_position":"","_kad_post_header":false,"_kad_post_footer":false,"_kad_post_classname":"","_jetpack_memberships_contains_paid_content":false,"footnotes":"","jetpack_publicize_message":"","jetpack_publicize_feature_enabled":true,"jetpack_social_post_already_shared":true,"jetpack_social_options":{"image_generator_settings":{"template":"highway","default_image_id":0,"font":"","enabled":false},"version":2}},"categories":[1,1176],"tags":[1218,4938,5122],"class_list":["post-38475","post","type-post","status-publish","format-standard","has-post-thumbnail","hentry","category-portada","category-relatos-de-futbol","tag-1218","tag-antonio-quijano","tag-bodas-de-platino"],"jetpack_publicize_connections":[],"jetpack_featured_media_url":"https:\/\/i0.wp.com\/www.manquepierda.com\/historiarealbetis\/files\/2014\/10\/Triana-en-los-a%C3%B1os-60.jpg?fit=400%2C266&ssl=1","jetpack_sharing_enabled":true,"jetpack_shortlink":"https:\/\/wp.me\/p1ij08-a0z","jetpack-related-posts":[],"_links":{"self":[{"href":"https:\/\/www.manquepierda.com\/historiarealbetis\/wp-json\/wp\/v2\/posts\/38475","targetHints":{"allow":["GET"]}}],"collection":[{"href":"https:\/\/www.manquepierda.com\/historiarealbetis\/wp-json\/wp\/v2\/posts"}],"about":[{"href":"https:\/\/www.manquepierda.com\/historiarealbetis\/wp-json\/wp\/v2\/types\/post"}],"author":[{"embeddable":true,"href":"https:\/\/www.manquepierda.com\/historiarealbetis\/wp-json\/wp\/v2\/users\/5"}],"replies":[{"embeddable":true,"href":"https:\/\/www.manquepierda.com\/historiarealbetis\/wp-json\/wp\/v2\/comments?post=38475"}],"version-history":[{"count":1,"href":"https:\/\/www.manquepierda.com\/historiarealbetis\/wp-json\/wp\/v2\/posts\/38475\/revisions"}],"predecessor-version":[{"id":103202,"href":"https:\/\/www.manquepierda.com\/historiarealbetis\/wp-json\/wp\/v2\/posts\/38475\/revisions\/103202"}],"wp:featuredmedia":[{"embeddable":true,"href":"https:\/\/www.manquepierda.com\/historiarealbetis\/wp-json\/wp\/v2\/media\/38476"}],"wp:attachment":[{"href":"https:\/\/www.manquepierda.com\/historiarealbetis\/wp-json\/wp\/v2\/media?parent=38475"}],"wp:term":[{"taxonomy":"category","embeddable":true,"href":"https:\/\/www.manquepierda.com\/historiarealbetis\/wp-json\/wp\/v2\/categories?post=38475"},{"taxonomy":"post_tag","embeddable":true,"href":"https:\/\/www.manquepierda.com\/historiarealbetis\/wp-json\/wp\/v2\/tags?post=38475"}],"curies":[{"name":"wp","href":"https:\/\/api.w.org\/{rel}","templated":true}]}}