{"id":38707,"date":"2014-11-09T07:52:10","date_gmt":"2014-11-09T06:52:10","guid":{"rendered":"http:\/\/www.manquepierda.com\/historiarealbetis\/?p=38707"},"modified":"2024-09-17T00:09:47","modified_gmt":"2024-09-16T22:09:47","slug":"betico-hasta-el-aire-ii","status":"publish","type":"post","link":"https:\/\/www.manquepierda.com\/historiarealbetis\/betico-hasta-el-aire-ii\/","title":{"rendered":"B\u00e9tico hasta el aire (II), de Francisco Montero Galvache"},"content":{"rendered":"<p><a href=\"https:\/\/www.manquepierda.com\/historiarealbetis\/38707-betico-hasta-el-aire-ii\/betico-hasta-el-aire-2\/\" rel=\"attachment wp-att-38711\"><img data-recalc-dims=\"1\" loading=\"lazy\" decoding=\"async\" class=\"aligncenter wp-image-38711\" src=\"https:\/\/i0.wp.com\/www.manquepierda.com\/historiarealbetis\/files\/2014\/11\/B%C3%A9tico-hasta-el-aire.jpg?resize=577%2C121&#038;ssl=1\" alt=\"B\u00e9tico hasta el aire\" width=\"577\" height=\"121\" srcset=\"https:\/\/i0.wp.com\/www.manquepierda.com\/historiarealbetis\/files\/2014\/11\/B%C3%A9tico-hasta-el-aire.jpg?w=437&amp;ssl=1 437w, https:\/\/i0.wp.com\/www.manquepierda.com\/historiarealbetis\/files\/2014\/11\/B%C3%A9tico-hasta-el-aire.jpg?resize=220%2C46&amp;ssl=1 220w\" sizes=\"auto, (max-width: 577px) 100vw, 577px\" \/><\/a><\/p>\n<p>Con este t\u00edtulo ya publicamos un art\u00edculo \u00a0del escritor y periodista Francisco Montero Galvache, como <a title=\"B\u00e9tico hasta el aire, de Francisco Montero Galvache\" href=\"https:\/\/www.manquepierda.com\/historiarealbetis\/12004-betico-hasta-el-aire\/\">podemos leer aqu\u00ed.<\/a><\/p>\n<p>En aquella ocasi\u00f3n se publicaba el 22 de mayo de 1954, la v\u00edspera del enfrentamiento en Heli\u00f3polis \u00a0contra el \u00a0Ubeda, \u00faltimo partido como local de la temporada en la que el Betis abandonaba la Tercera Divisi\u00f3n. Un d\u00eda de j\u00fabilo y gozo para la sufrida afici\u00f3n verdiblanca como el art\u00edculo se encargaba de recordarr.<\/p>\n<p>En esta ocasi\u00f3n, 11 de septiembre de 1954, es la v\u00edspera del primer partido de la siguiente campa\u00f1a, y el debut es en Heli\u00f3polis contra el Jerez. El art\u00edculo de Francisco Montero Galvache vuelve a titularse de la misma forma, y en \u00e9l se vuelve a loar a la parroquia verdiblanca con la maestr\u00eda de uno de los grandes cronistas del periodismo sevillano de la \u00e9poca.<\/p>\n<p>&nbsp;<\/p>\n<p><span style=\"color: #339966\"><em>Alg\u00fan piadoso lector, de los que buscan el fallo al pr\u00f3jimo, se habr\u00e1 dicho: bueno, esto de b\u00e9tico hasta el aire, ya lo he le\u00eddo yo cuando el equipo vino campeon\u00edsimo, y a este hombre se le ha olvidado y se repite. Que se lo ha cre\u00eddo; menuda pericia nos entra a quienes hacemos uso, casi diario, de la m\u00e1quina, que los tiempos cr\u00edticos futuros nos indulgencien nuestro olvido de la pluma, trabajo m\u00e1s que superado, y estamos en la brecha con m\u00e1s br\u00edos que pueda haber tenido Bahamontes en subirse eso tan grande de Francia, \u00a0que dicen que se ha subido sin decir esta fatiga es m\u00eda. <\/em><\/span><\/p>\n<p><span style=\"color: #339966\"><em>\u00a0<\/em><\/span><\/p>\n<p><span style=\"color: #339966\"><em>Pero esa pericia se nos niega a utilizar, para escribir sobre el Betis, otro t\u00edtulo distinto al que ya han le\u00eddo ustedes arriba, que da gloria mirarlo por lo que encierra, lo que anuncia y lo mucho que dar\u00e1 que hacer en este nuevo curso futbol\u00edstico que se abre.<\/em><\/span><\/p>\n<p><span style=\"color: #339966\"><em>\u00a0<\/em><\/span><\/p>\n<p><span style=\"color: #339966\"><em>\u00a1B\u00e9tico hasta el aire\u00a1 \u00bfNo es alegre? \u00bfNo dice lo que Sevilla siente, quiere y aclama a nuestro Betis? Claro est\u00e1 que s\u00ed, que lo dice, porque si el aire es a la vida lo que el coraz\u00f3n al corpacho de cada pr\u00f3jimo, querr\u00e1 decir que el aire es la sustancia m\u00e1s urgente y entera de las que necesitamos para vivir; y la cantidad de beticismo que tiene ya Sevilla puede expresarse s\u00f3lo diciendo que hasta ese aire se ha hecho ya b\u00e9tico de tu\u00e9tano, que s\u00ed que lo tiene, cuando se trata de un aire alimenticio y poderoso como el que nosotros disfrutamos en Sevilla.<\/em><\/span><\/p>\n<p><span style=\"color: #339966\"><em>\u00a0<\/em><\/span><\/p>\n<p><span style=\"color: #339966\"><em>Ma\u00f1ana, domingo, ser\u00e1 el d\u00eda grande del beticismo nuevo, del que se dispone a cruzar la \u00faltima cuesta, a modo de tr\u00e1mite, para erguirse en la categor\u00eda primer\u00edsima de la divisi\u00f3n de los grandes, de los genios, de los banqueros del f\u00fatbol. Eso ya est\u00e1 hecho, dicen los garbosos, cuando se les pide alguna d\u00e1diva o favor; y eso ya est\u00e1 hecho, empezaremos a decir nosotros cuando ma\u00f1ana salten al c\u00e9sped, \u00bfnos permiten el uso de la blandura vegetal?, los infantes o artilleros, que pies y tiros de los buenos tiene el equipo saleroso de Sevilla, del sagaz y veterano G\u00f3mez, nuestro creador de ascensos y de encaramamientos de los de a\u00fapa.<\/em><\/span><\/p>\n<p><span style=\"color: #339966\"><em> Nadie piense que lo de ma\u00f1ana va a ser un d\u00eda m\u00e1s en la historia del f\u00fatbol sevillano, sino que ser\u00e1 el comienzo de la reconquista de todos los viejos, gloriosos y rotundos laureles de la fama. Si larga fue la prueba, largo ser\u00e1 el gozo de la victoria ya venidera. Si hondo ha sido el laberinto, alta ser\u00e1 la cima de la feliz contemplaci\u00f3n.\u00a0 Desde ma\u00f1ana, vamos a tener un Betis con metabolismo de campe\u00f3n fragante, de se\u00f1ores de los terrenos, de maestro de los embates \u00faltimos y decisivos.<\/em><\/span><\/p>\n<p><span style=\"color: #339966\"><em>\u00a0<\/em><\/span><\/p>\n<p><span style=\"color: #339966\"><em>\u00bfQu\u00e9 es mucho escribir?, se habr\u00e1 pensado alguno. Puede que a los escasos de pituitaria se les aparezca as\u00ed el panorama; pero nosotros lo vemos con la conmovida claridad de los videntes.\u00a0 <\/em><\/span><\/p>\n<p><span style=\"color: #339966\"><em>\u00a0<\/em><\/span><\/p>\n<p><span style=\"color: #339966\"><em>B\u00e9tico hasta el aire; es decir, b\u00e9tica hasta la respiraci\u00f3n\u00a0 y las entra\u00f1as, ser\u00e1 la alegr\u00eda con que sus seguidores sigan, de la primera hora a la \u00faltima, la marcha, ascendente, agresiva, realizadora, del viejo y ca\u00f1onero equipo de Heli\u00f3polis. Bien sabemos que nos jugamos mucho dici\u00e9ndolo, porque desde que nos dio por denunciar nuestro beticismo hasta tenemos amigos que nos retiraron el cr\u00e9dito literario con que nos ten\u00edan enaltecido. <\/em><\/span><\/p>\n<p><span style=\"color: #339966\"><em>\u00a0<\/em><\/span><\/p>\n<p><span style=\"color: #339966\"><em>Esta vez, ma\u00f1ana domingo, hasta ponemos en juego amistades y afectos, porque el choque ser\u00e1 con el Jerez, que es un vino de buena bota, y Jerez est\u00e1 y circula en nosotros con mucha presencia familiar. Pero, \u00a1qu\u00e9 vamos a hacerle, amigos, si las cosas son as\u00ed\u00a1. Tanto se merece el Betis que el ascenso corone sus \u00edmpetus, que toda Sevilla lo desea, como sue\u00f1o antiguo y goloso, y a nadie como al Sevilla le conviene que el a\u00f1o futuro traiga a la ciudad contiendas de la herc\u00falea y poderosa hermosura, \u00a0que tendr\u00e1n las de los dos equipos recampeones.\u00a0\u00a0 <\/em><\/span><\/p>\n<p><span style=\"color: #339966\"><em>\u00a0<\/em><\/span><\/p>\n<p><span style=\"color: #339966\"><em>De gala ser\u00e1 el d\u00eda de ma\u00f1ana en el Betis. Los preparativos cesaron ya, y la ciudad, a la hora en que esta cr\u00f3nica est\u00e1 ley\u00e9ndose, tiene dentro de s\u00ed una alegr\u00eda de fiesta mayor.<\/em><\/span><\/p>\n<p><span style=\"color: #339966\"><em>\u00a0<\/em><\/span><\/p>\n<p><span style=\"color: #339966\"><em>Pero, \u00bfqu\u00e9 pasa en Sevilla? Esta noche, todas las esquinas y los bares est\u00e1n de j\u00fabilo; y no digamos que una gran pascua de satisfacci\u00f3n se clarea y desborda en los ojos b\u00e9ticos de Manolo, ah\u00ed en los Candiles, donde ejerce capitan\u00eda de enardecimiento y c\u00e1tedra de fervor, que las quisieran para s\u00ed muchos de los que no son b\u00e9ticos, porque sabr\u00edan a qu\u00e9 clase de gloria sabe el coraje y la suerte de ser del Betis. <\/em><\/span><\/p>\n<p><span style=\"color: #339966\"><em>\u00a0<\/em><\/span><\/p>\n<p><span style=\"color: #339966\"><em>Pero, \u00bfqu\u00e9 pasa en la ciudad? Desde las almendras de Gavira, en el Prado, a los sabrosos vinos de Manolo, el del Bar Rositas; desde la prosa de Santiago Montoto al ilustre generalato de S\u00e1enz de Buruaga; desde la jurisprudencia de Pepe Domenech a la medicina del doctor Tirado; desde los jabones de Cabadas a la ciencia contabilizadora de Joaqu\u00edn Su\u00e1rez, nuestro administrador; desde Heli\u00f3polis al Cerro del Aguila; de los ol\u00e9s del r\u00edo maestrante y torero al Giraldillo catedralicio, toda Sevilla, erigida, hirviente de felicidad, se dispone a entrar, desde esta v\u00edspera de hoy, en la gran jornada que ser\u00e1 ma\u00f1ana para los destinos, ya inmediatos, de nuestro club. No decimos que la suerte le sople, porque la suerte ya est\u00e1 con ellos; no decimos \u00a1 A\u00fapa, Betis\u00a1, porque el a\u00fapa constituye fundamento de su \u00e1nimo diligente. <\/em><\/span><\/p>\n<p><span style=\"color: #339966\"><em>\u00a0<\/em><\/span><\/p>\n<p><span style=\"color: #339966\"><em>Cerramos esta cr\u00f3nica, aunque usemos el mismo t\u00edtulo de la primera que le ofrendamos, proclamando, con el \u00e9nfasis de las grandes certidumbres, que el beticismo ha irrumpido ya en Sevilla como una gran riada, y no de agua, sino de fuego, que esa no engendra muerte, sino vida y gozo. <\/em><\/span><\/p>\n<p><span style=\"color: #339966\"><em>B\u00e9tico hasta el aire, amigos; y si alguien sufre porque est\u00e1 con nosotros la palma graciosa de la simpat\u00eda, qu\u00e9 m\u00e1s quisi\u00e9ramos sino poderles ofrecer alg\u00fan que otro fracaso. Pero ser\u00eda tanto como pedir que la luna bajase a la Tierra. As\u00ed es de duro y dif\u00edcil que el fracaso est\u00e9 con nosotros \u00bfQui\u00e9n se opone a la verdad de los acontecimientos?\u00a0 <\/em><\/span><\/p>\n<p><span style=\"color: #339966\"><em>\u00a0<\/em><\/span><\/p>\n<p><span style=\"color: #339966\"><em>Con que, a respirar, sevillanos; a respirar desde ahora mismo la alegr\u00eda de caramelo y mieles con que el aire b\u00e9tico se nos ha venido hasta el coraz\u00f3n. Porque, manque se pierda, eso\u2026ya est\u00e1 hecho<\/em><\/span><\/p>\n<p><span style=\"color: #339966\"><em>\u00a0<\/em><\/span><\/p>\n<p>Fuente: Francisco Montero Galvache en Sevilla 11 de septiembre de 1954<\/p>\n<p><em>\u00a0<\/em><\/p>\n<p><em>\u00a0\u00a0 \u00a0\u00a0\u00a0<\/em><\/p>\n<p>&nbsp;<\/p>\n<p>&nbsp;<\/p>\n<p>&nbsp;<\/p>\n","protected":false},"excerpt":{"rendered":"<p>Con este t\u00edtulo ya publicamos un art\u00edculo \u00a0del escritor y periodista Francisco Montero Galvache, como podemos leer aqu\u00ed. En aquella ocasi\u00f3n se publicaba el 22 de mayo de 1954, la v\u00edspera del enfrentamiento en Heli\u00f3polis \u00a0contra el \u00a0Ubeda, \u00faltimo partido como local de la temporada en la que el Betis abandonaba la Tercera Divisi\u00f3n. Un&#8230;<\/p>\n","protected":false},"author":5,"featured_media":38711,"comment_status":"open","ping_status":"open","sticky":false,"template":"","format":"standard","meta":{"_kad_post_transparent":"","_kad_post_title":"","_kad_post_layout":"","_kad_post_sidebar_id":"","_kad_post_content_style":"","_kad_post_vertical_padding":"","_kad_post_feature":"","_kad_post_feature_position":"","_kad_post_header":false,"_kad_post_footer":false,"_kad_post_classname":"","_jetpack_memberships_contains_paid_content":false,"footnotes":"","jetpack_publicize_message":"","jetpack_publicize_feature_enabled":true,"jetpack_social_post_already_shared":true,"jetpack_social_options":{"image_generator_settings":{"template":"highway","default_image_id":0,"font":"","enabled":false},"version":2}},"categories":[1,1176],"tags":[54,2561,2477],"class_list":["post-38707","post","type-post","status-publish","format-standard","has-post-thumbnail","hentry","category-portada","category-relatos-de-futbol","tag-54","tag-1954-55","tag-francisco-montero-galvache"],"jetpack_publicize_connections":[],"jetpack_featured_media_url":"https:\/\/i0.wp.com\/www.manquepierda.com\/historiarealbetis\/files\/2014\/11\/B%C3%A9tico-hasta-el-aire.jpg?fit=437%2C92&ssl=1","jetpack_sharing_enabled":true,"jetpack_shortlink":"https:\/\/wp.me\/p1ij08-a4j","jetpack-related-posts":[],"_links":{"self":[{"href":"https:\/\/www.manquepierda.com\/historiarealbetis\/wp-json\/wp\/v2\/posts\/38707","targetHints":{"allow":["GET"]}}],"collection":[{"href":"https:\/\/www.manquepierda.com\/historiarealbetis\/wp-json\/wp\/v2\/posts"}],"about":[{"href":"https:\/\/www.manquepierda.com\/historiarealbetis\/wp-json\/wp\/v2\/types\/post"}],"author":[{"embeddable":true,"href":"https:\/\/www.manquepierda.com\/historiarealbetis\/wp-json\/wp\/v2\/users\/5"}],"replies":[{"embeddable":true,"href":"https:\/\/www.manquepierda.com\/historiarealbetis\/wp-json\/wp\/v2\/comments?post=38707"}],"version-history":[{"count":1,"href":"https:\/\/www.manquepierda.com\/historiarealbetis\/wp-json\/wp\/v2\/posts\/38707\/revisions"}],"predecessor-version":[{"id":99379,"href":"https:\/\/www.manquepierda.com\/historiarealbetis\/wp-json\/wp\/v2\/posts\/38707\/revisions\/99379"}],"wp:featuredmedia":[{"embeddable":true,"href":"https:\/\/www.manquepierda.com\/historiarealbetis\/wp-json\/wp\/v2\/media\/38711"}],"wp:attachment":[{"href":"https:\/\/www.manquepierda.com\/historiarealbetis\/wp-json\/wp\/v2\/media?parent=38707"}],"wp:term":[{"taxonomy":"category","embeddable":true,"href":"https:\/\/www.manquepierda.com\/historiarealbetis\/wp-json\/wp\/v2\/categories?post=38707"},{"taxonomy":"post_tag","embeddable":true,"href":"https:\/\/www.manquepierda.com\/historiarealbetis\/wp-json\/wp\/v2\/tags?post=38707"}],"curies":[{"name":"wp","href":"https:\/\/api.w.org\/{rel}","templated":true}]}}