{"id":38757,"date":"2018-07-23T09:30:32","date_gmt":"2018-07-23T07:30:32","guid":{"rendered":"http:\/\/www.manquepierda.com\/historiarealbetis\/?p=38757"},"modified":"2024-09-24T00:35:32","modified_gmt":"2024-09-23T22:35:32","slug":"julio-cardenosa","status":"publish","type":"post","link":"https:\/\/www.manquepierda.com\/historiarealbetis\/julio-cardenosa\/","title":{"rendered":"Julio Carde\u00f1osa"},"content":{"rendered":"\n<p><\/p>\n\n\n<div class=\"wp-block-image\">\n<figure class=\"aligncenter size-full is-resized\"><img data-recalc-dims=\"1\" loading=\"lazy\" decoding=\"async\" width=\"132\" height=\"162\" src=\"https:\/\/i0.wp.com\/www.manquepierda.com\/historiarealbetis\/files\/2018\/07\/Cardenosa-1.png?resize=132%2C162&#038;ssl=1\" alt=\"\" class=\"wp-image-99640\" style=\"width:356px;height:auto\" \/><\/figure>\n<\/div>\n\n<p>\u00a0<\/p>\n<p><strong>Julio Carde\u00f1osa Rodr\u00edguez<\/strong>, nacido en Valladolid el 27 de octubre de 1949.<\/p>\n<p>Centrocampista.<\/p>\n<p style=\"text-align: justify\">Sus primeros pasos futbol\u00edsticos los di\u00f3 en su ciudad natal, Valladolid, para pasar por la Gimn\u00e1stica Arandina y el Europa Delicias, filial del equipo vallisoletano, al que lleg\u00f3 en 1970 con 21 a\u00f1os. Cuatro fueron las temporadas que jug\u00f3 con el equipo pucelano, antes de que en junio de 1974 suscribiera contrato con el Betis quien se hizo con sus servicios tras desembolsar doce millones de pesetas, en pugna con el Sevilla FC.<\/p>\n<p style=\"text-align: justify\">El 4 de agosto de 1974 hizo su debut con el Betis en la final del V Trofeo Ciudad de La L\u00ednea, frente al Hajduk Split. Un mes despu\u00e9s, el 7 de septiembre de 1974 en el Insular canario hac\u00eda su debut en partido oficial, en partido de Liga frente a la UD Las Palmas.<\/p>\n<p style=\"text-align: justify\">Comenzaba as\u00ed una fruct\u00edfera carrera en las filas del Betis, que se extendi\u00f3 durante 11 temporadas. En su palmar\u00e9s con el equipo b\u00e9tico destaca la consecuci\u00f3n de la Copa en 1977.<\/p>\n<p style=\"text-align: justify\">Fue uno de los internacionales b\u00e9tico de mitades de los 70, debutando el 30 de noviembre de 1978 frente a Yugoslavia en la llamada \u00abbatalla de Belgrado\u00bb. Precisamente un centro suyo rematado por Rub\u00e9n Cano asegur\u00f3 la clasificaci\u00f3n espa\u00f1ola para el Mundial de Argentina en 1978, en el que tambi\u00e9n intervino. Si bien es recordado por el fallo del gol ante Brasil, es menos conocido que fue elegido el mejor jugador de la selecci\u00f3n en el Campeonato Mundial.<\/p>\n<p style=\"text-align: justify\">A la vuelta de ese Mundial, y tras el descenso del Betis de esa temporada, fue el FC Barcelona quien anduvo tras su fichaje de forma insistente, pero la negativa rotunda de Jos\u00e9 N\u00fa\u00f1ez Naranjo impidi\u00f3 el traspaso.<\/p>\n<p>En 1980 con la selecci\u00f3n intervino en la fase final de la Eurocopa disputada en Italia.<\/p>\n<p style=\"text-align: justify\">El 5 de agosto de 1981, en partido contra el Puebla mexicano, fue homenajeado por la afici\u00f3n verdiblanca. \u00a0Al final de la temporada 1984-85, ya camino de los 36 a\u00f1os decidi\u00f3 retirarse de los terrenos de juego, aunque no de la actividad futbol\u00edstica, pues emprendi\u00f3 la carrera t\u00e9cnica en la cantera verdiblanca, haci\u00e9ndose cargo del equipo juvenil, Betis Deportivo e incluso del primer equipo b\u00e9tico en la temporada 1989-90 y 1990-91.<\/p>\n<p>Historial<\/p>\n<table width=\"276\">\n<tbody>\n<tr>\n<td width=\"80\">1967-68<\/td>\n<td width=\"98\">Gimn.Arandina<\/td>\n<td width=\"98\">Tercera<\/td>\n<\/tr>\n<tr>\n<td>1968-69<\/td>\n<td>Europa Delicias<\/td>\n<td>Tercera<\/td>\n<\/tr>\n<tr>\n<td>1969-70<\/td>\n<td>Europa Delicias<\/td>\n<td>Tercera<\/td>\n<\/tr>\n<tr>\n<td>1970-71<\/td>\n<td>Valladolid<\/td>\n<td>Tercera<\/td>\n<\/tr>\n<tr>\n<td>1971-72<\/td>\n<td>Valladolid<\/td>\n<td>Segunda<\/td>\n<\/tr>\n<tr>\n<td>1972-73<\/td>\n<td>Valladolid<\/td>\n<td>Segunda<\/td>\n<\/tr>\n<tr>\n<td>1973-74<\/td>\n<td>Valladolid<\/td>\n<td>Segunda<\/td>\n<\/tr>\n<tr>\n<td>1974-75<\/td>\n<td>Betis<\/td>\n<td>Primera<\/td>\n<\/tr>\n<tr>\n<td>1975-76<\/td>\n<td>Betis<\/td>\n<td>Primera<\/td>\n<\/tr>\n<tr>\n<td>1976-77<\/td>\n<td>Betis<\/td>\n<td>Primera<\/td>\n<\/tr>\n<tr>\n<td>1977-78<\/td>\n<td>Betis<\/td>\n<td>Primera<\/td>\n<\/tr>\n<tr>\n<td>1978-79<\/td>\n<td>Betis<\/td>\n<td>Segunda<\/td>\n<\/tr>\n<tr>\n<td>1979-80<\/td>\n<td>Betis<\/td>\n<td>Primera<\/td>\n<\/tr>\n<tr>\n<td>1980-81<\/td>\n<td>Betis<\/td>\n<td>Primera<\/td>\n<\/tr>\n<tr>\n<td>1981-82<\/td>\n<td>Betis<\/td>\n<td>Primera<\/td>\n<\/tr>\n<tr>\n<td>1982-83<\/td>\n<td>Betis<\/td>\n<td>Primera<\/td>\n<\/tr>\n<tr>\n<td>1983-84<\/td>\n<td>Betis<\/td>\n<td>Primera<\/td>\n<\/tr>\n<tr>\n<td>1984-85<\/td>\n<td>Betis<\/td>\n<td>Primera<\/td>\n<\/tr>\n<\/tbody>\n<\/table>\n<p style=\"text-align: justify\">En sus 11 temporadas en el Betis Julio Carde\u00f1osa jug\u00f3 338 partidos de Liga, marcando 42 goles, 57 de Copa, en los que obtuvo 15 goles, 1 del Campeonato Andaluz de Reservas,\u00a0\u00a08 de Copa de la Liga, obteniendo 1 tanto, 10 de competiciones europeas \u00a0y 118 amistosos, en los que hizo 30 goles.<\/p>\n<p>8 veces internacional con la selecci\u00f3n espa\u00f1ola, siendo en todas ellas jugador del Real Betis Balompi\u00e9.<\/p>","protected":false},"excerpt":{"rendered":"<p>\u00a0 Julio Carde\u00f1osa Rodr\u00edguez, nacido en Valladolid el 27 de octubre de 1949. Centrocampista. Sus primeros pasos futbol\u00edsticos los di\u00f3 en su ciudad natal, Valladolid, para pasar por la Gimn\u00e1stica Arandina y el Europa Delicias, filial del equipo vallisoletano, al que lleg\u00f3 en 1970 con 21 a\u00f1os. Cuatro fueron las temporadas que jug\u00f3 con el&#8230;<\/p>\n","protected":false},"author":5,"featured_media":99638,"comment_status":"open","ping_status":"open","sticky":false,"template":"","format":"standard","meta":{"_kad_post_transparent":"","_kad_post_title":"","_kad_post_layout":"","_kad_post_sidebar_id":"","_kad_post_content_style":"","_kad_post_vertical_padding":"","_kad_post_feature":"","_kad_post_feature_position":"","_kad_post_header":false,"_kad_post_footer":false,"_kad_post_classname":"","_jetpack_memberships_contains_paid_content":false,"footnotes":"","jetpack_publicize_message":"","jetpack_publicize_feature_enabled":true,"jetpack_social_post_already_shared":true,"jetpack_social_options":{"image_generator_settings":{"template":"highway","default_image_id":0,"font":"","enabled":false},"version":2}},"categories":[893,1],"tags":[1155],"class_list":["post-38757","post","type-post","status-publish","format-standard","has-post-thumbnail","hentry","category-jugadores-temas","category-portada","tag-julio-cardenosa"],"jetpack_publicize_connections":[],"jetpack_featured_media_url":"https:\/\/i0.wp.com\/www.manquepierda.com\/historiarealbetis\/files\/2018\/07\/Cardenosa.png?fit=132%2C162&ssl=1","jetpack_sharing_enabled":true,"jetpack_shortlink":"https:\/\/wp.me\/p1ij08-a57","jetpack-related-posts":[],"_links":{"self":[{"href":"https:\/\/www.manquepierda.com\/historiarealbetis\/wp-json\/wp\/v2\/posts\/38757","targetHints":{"allow":["GET"]}}],"collection":[{"href":"https:\/\/www.manquepierda.com\/historiarealbetis\/wp-json\/wp\/v2\/posts"}],"about":[{"href":"https:\/\/www.manquepierda.com\/historiarealbetis\/wp-json\/wp\/v2\/types\/post"}],"author":[{"embeddable":true,"href":"https:\/\/www.manquepierda.com\/historiarealbetis\/wp-json\/wp\/v2\/users\/5"}],"replies":[{"embeddable":true,"href":"https:\/\/www.manquepierda.com\/historiarealbetis\/wp-json\/wp\/v2\/comments?post=38757"}],"version-history":[{"count":3,"href":"https:\/\/www.manquepierda.com\/historiarealbetis\/wp-json\/wp\/v2\/posts\/38757\/revisions"}],"predecessor-version":[{"id":99641,"href":"https:\/\/www.manquepierda.com\/historiarealbetis\/wp-json\/wp\/v2\/posts\/38757\/revisions\/99641"}],"wp:featuredmedia":[{"embeddable":true,"href":"https:\/\/www.manquepierda.com\/historiarealbetis\/wp-json\/wp\/v2\/media\/99638"}],"wp:attachment":[{"href":"https:\/\/www.manquepierda.com\/historiarealbetis\/wp-json\/wp\/v2\/media?parent=38757"}],"wp:term":[{"taxonomy":"category","embeddable":true,"href":"https:\/\/www.manquepierda.com\/historiarealbetis\/wp-json\/wp\/v2\/categories?post=38757"},{"taxonomy":"post_tag","embeddable":true,"href":"https:\/\/www.manquepierda.com\/historiarealbetis\/wp-json\/wp\/v2\/tags?post=38757"}],"curies":[{"name":"wp","href":"https:\/\/api.w.org\/{rel}","templated":true}]}}